{"id":2182,"date":"2020-03-25T10:24:57","date_gmt":"2020-03-25T13:24:57","guid":{"rendered":"http:\/\/cfcontabil.com\/cf\/?p=2182"},"modified":"2020-03-25T10:24:57","modified_gmt":"2020-03-25T13:24:57","slug":"receita-federal-prorroga-prazo-de-validade-de-certidoes-negativas-de-debitos","status":"publish","type":"post","link":"https:\/\/cfcontabil.com\/cf\/receita-federal-prorroga-prazo-de-validade-de-certidoes-negativas-de-debitos\/","title":{"rendered":"Receita Federal prorroga prazo de validade de Certid\u00f5es Negativas de D\u00e9bitos"},"content":{"rendered":"<div class=\"documentDescription\">Decis\u00e3o foi em conjunto com a Procuradoria-Geral da Fazenda Nacional<\/div>\n<div><a href=\"https:\/\/i0.wp.com\/cfcontabil.com\/cf\/wp-content\/uploads\/2017\/02\/receita-federal-1-1.png\"><img data-recalc-dims=\"1\" fetchpriority=\"high\" decoding=\"async\" data-attachment-id=\"1495\" data-permalink=\"https:\/\/cfcontabil.com\/cf\/?attachment_id=1495\" data-orig-file=\"https:\/\/i0.wp.com\/cfcontabil.com\/cf\/wp-content\/uploads\/2017\/02\/receita-federal-1-1.png?fit=702%2C325&amp;ssl=1\" data-orig-size=\"702,325\" data-comments-opened=\"1\" data-image-meta=\"{&quot;aperture&quot;:&quot;0&quot;,&quot;credit&quot;:&quot;&quot;,&quot;camera&quot;:&quot;&quot;,&quot;caption&quot;:&quot;&quot;,&quot;created_timestamp&quot;:&quot;0&quot;,&quot;copyright&quot;:&quot;&quot;,&quot;focal_length&quot;:&quot;0&quot;,&quot;iso&quot;:&quot;0&quot;,&quot;shutter_speed&quot;:&quot;0&quot;,&quot;title&quot;:&quot;&quot;,&quot;orientation&quot;:&quot;0&quot;}\" data-image-title=\"receita-federal-1\" data-image-description=\"\" data-image-caption=\"\" data-large-file=\"https:\/\/i0.wp.com\/cfcontabil.com\/cf\/wp-content\/uploads\/2017\/02\/receita-federal-1-1.png?fit=702%2C325&amp;ssl=1\" class=\"aligncenter size-full wp-image-1495\" src=\"https:\/\/i0.wp.com\/cfcontabil.com\/cf\/wp-content\/uploads\/2017\/02\/receita-federal-1-1.png?resize=702%2C325\" alt=\"\" width=\"702\" height=\"325\" srcset=\"https:\/\/i0.wp.com\/cfcontabil.com\/cf\/wp-content\/uploads\/2017\/02\/receita-federal-1-1.png?w=702&amp;ssl=1 702w, https:\/\/i0.wp.com\/cfcontabil.com\/cf\/wp-content\/uploads\/2017\/02\/receita-federal-1-1.png?resize=300%2C139&amp;ssl=1 300w, https:\/\/i0.wp.com\/cfcontabil.com\/cf\/wp-content\/uploads\/2017\/02\/receita-federal-1-1.png?resize=370%2C171&amp;ssl=1 370w\" sizes=\"(max-width: 702px) 100vw, 702px\" \/><\/a><\/div>\n<div>\n<p dir=\"ltr\">Secretaria da Receita Federal do Brasil, em decorr\u00eancia da Emerg\u00eancia de Sa\u00fade P\u00fablica de Import\u00e2ncia Internacional em decorr\u00eancia do coronav\u00edrus (Covid-19), publicou Portaria Conjunta (555\/20) com a Procuradoria-Geral da Fazenda Nacional, que prorroga o prazo de validade das Certid\u00f5es Negativas de D\u00e9bitos relativos a Cr\u00e9ditos Tribut\u00e1rios Federais e \u00e0 D\u00edvida Ativa da Uni\u00e3o (CND) e Certid\u00f5es Positivas com Efeitos de Negativas de D\u00e9bitos relativos a Cr\u00e9ditos Tribut\u00e1rios Federais e \u00e0 D\u00edvida Ativa da Uni\u00e3o (CPEND).<\/p>\n<p dir=\"ltr\">A validade dos documentos foi prorrogada por 90 dias a partir da data de publica\u00e7\u00e3o da portaria. A medida mant\u00e9m as demais disposi\u00e7\u00f5es da Portaria Conjunta RFB\/PGFN 1.751\/2014. A prorroga\u00e7\u00e3o s\u00f3 \u00e9 validada para a Certid\u00f5es que ainda estavam v\u00e1lidas quando a portaria foi publicada.<\/p>\n<p dir=\"ltr\">A CND \u00e9 emitida quando n\u00e3o h\u00e1 pend\u00eancias em nome do sujeito passivo relativas a d\u00e9bitos, dados cadastrais e apresenta\u00e7\u00e3o de declara\u00e7\u00f5es administrados pela Receita Federal, ou inscri\u00e7\u00e3o na D\u00edvida Ativa da Uni\u00e3o. J\u00e1 a CPEND \u00e9 emitida quando existe uma pend\u00eancia, por\u00e9m ela est\u00e1 com seus efeitos suspensos (por exemplo, em virtude de decis\u00e3o judicial). As duas certid\u00f5es s\u00e3o necess\u00e1rias para que as pessoas jur\u00eddicas exer\u00e7am uma s\u00e9rie de atividades, como, por exemplo, participar de licita\u00e7\u00f5es ou obter financiamento<\/p>\n<p dir=\"ltr\"><span class=\"discreet\">Com informa\u00e7\u00f5es do\u00a0<a class=\"external-link\" title=\"\" href=\"http:\/\/www.in.gov.br\/\" target=\"_blank\" rel=\"noopener noreferrer\" data-tippreview-enabled=\"false\" data-tippreview-image=\"\" data-tippreview-title=\"\">DOU<\/a>\u00a0e do\u00a0<a class=\"external-link\" title=\"\" href=\"http:\/\/www.economia.gov.br\/\" target=\"_blank\" rel=\"noopener noreferrer\" data-tippreview-enabled=\"false\" data-tippreview-image=\"\" data-tippreview-title=\"\">Minist\u00e9rio da Economia<\/a><\/span><\/p>\n<p dir=\"ltr\">Para mais not\u00edcias e informa\u00e7\u00f5es sobre empreendedorismo, trabalhista e tribut\u00e1rio, entre em nosso canal do Telegram pelo QRCODE abaixo:<br \/>\n<a href=\"https:\/\/i0.wp.com\/cfcontabil.com\/cf\/wp-content\/uploads\/2020\/03\/CF_QRCODE_TELEGRAM.png\"><img data-recalc-dims=\"1\" decoding=\"async\" data-attachment-id=\"2184\" data-permalink=\"https:\/\/cfcontabil.com\/cf\/receita-federal-prorroga-prazo-de-validade-de-certidoes-negativas-de-debitos\/cf_qrcode_telegram\/\" data-orig-file=\"https:\/\/i0.wp.com\/cfcontabil.com\/cf\/wp-content\/uploads\/2020\/03\/CF_QRCODE_TELEGRAM.png?fit=3000%2C3000&amp;ssl=1\" data-orig-size=\"3000,3000\" data-comments-opened=\"1\" data-image-meta=\"{&quot;aperture&quot;:&quot;0&quot;,&quot;credit&quot;:&quot;&quot;,&quot;camera&quot;:&quot;&quot;,&quot;caption&quot;:&quot;&quot;,&quot;created_timestamp&quot;:&quot;0&quot;,&quot;copyright&quot;:&quot;&quot;,&quot;focal_length&quot;:&quot;0&quot;,&quot;iso&quot;:&quot;0&quot;,&quot;shutter_speed&quot;:&quot;0&quot;,&quot;title&quot;:&quot;&quot;,&quot;orientation&quot;:&quot;0&quot;}\" data-image-title=\"CF_QRCODE_TELEGRAM\" data-image-description=\"\" data-image-caption=\"\" data-large-file=\"https:\/\/i0.wp.com\/cfcontabil.com\/cf\/wp-content\/uploads\/2020\/03\/CF_QRCODE_TELEGRAM.png?fit=1024%2C1024&amp;ssl=1\" class=\"aligncenter  wp-image-2184\" src=\"https:\/\/i0.wp.com\/cfcontabil.com\/cf\/wp-content\/uploads\/2020\/03\/CF_QRCODE_TELEGRAM.png?resize=242%2C242\" alt=\"\" width=\"242\" height=\"242\" srcset=\"https:\/\/i0.wp.com\/cfcontabil.com\/cf\/wp-content\/uploads\/2020\/03\/CF_QRCODE_TELEGRAM.png?w=3000&amp;ssl=1 3000w, https:\/\/i0.wp.com\/cfcontabil.com\/cf\/wp-content\/uploads\/2020\/03\/CF_QRCODE_TELEGRAM.png?resize=300%2C300&amp;ssl=1 300w, https:\/\/i0.wp.com\/cfcontabil.com\/cf\/wp-content\/uploads\/2020\/03\/CF_QRCODE_TELEGRAM.png?resize=1024%2C1024&amp;ssl=1 1024w, https:\/\/i0.wp.com\/cfcontabil.com\/cf\/wp-content\/uploads\/2020\/03\/CF_QRCODE_TELEGRAM.png?resize=150%2C150&amp;ssl=1 150w, https:\/\/i0.wp.com\/cfcontabil.com\/cf\/wp-content\/uploads\/2020\/03\/CF_QRCODE_TELEGRAM.png?resize=768%2C768&amp;ssl=1 768w, https:\/\/i0.wp.com\/cfcontabil.com\/cf\/wp-content\/uploads\/2020\/03\/CF_QRCODE_TELEGRAM.png?resize=1536%2C1536&amp;ssl=1 1536w, https:\/\/i0.wp.com\/cfcontabil.com\/cf\/wp-content\/uploads\/2020\/03\/CF_QRCODE_TELEGRAM.png?resize=2048%2C2048&amp;ssl=1 2048w, https:\/\/i0.wp.com\/cfcontabil.com\/cf\/wp-content\/uploads\/2020\/03\/CF_QRCODE_TELEGRAM.png?resize=370%2C370&amp;ssl=1 370w, https:\/\/i0.wp.com\/cfcontabil.com\/cf\/wp-content\/uploads\/2020\/03\/CF_QRCODE_TELEGRAM.png?resize=75%2C75&amp;ssl=1 75w, https:\/\/i0.wp.com\/cfcontabil.com\/cf\/wp-content\/uploads\/2020\/03\/CF_QRCODE_TELEGRAM.png?resize=770%2C770&amp;ssl=1 770w, https:\/\/i0.wp.com\/cfcontabil.com\/cf\/wp-content\/uploads\/2020\/03\/CF_QRCODE_TELEGRAM.png?w=2340 2340w\" sizes=\"(max-width: 242px) 100vw, 242px\" \/><\/a><\/p>\n<\/div>\n","protected":false},"excerpt":{"rendered":"<p>Decis\u00e3o foi em conjunto com a Procuradoria-Geral da Fazenda Nacional Secretaria da Receita Federal do Brasil, em decorr\u00eancia da Emerg\u00eancia de Sa\u00fade P\u00fablica de Import\u00e2ncia Internacional em decorr\u00eancia do coronav\u00edrus (Covid-19), publicou Portaria Conjunta (555\/20) com a Procuradoria-Geral da Fazenda Nacional, que prorroga o prazo de validade das Certid\u00f5es Negativas de D\u00e9bitos relativos a Cr\u00e9ditos [&hellip;]<\/p>\n","protected":false},"author":1,"featured_media":2183,"comment_status":"open","ping_status":"open","sticky":false,"template":"","format":"standard","meta":{"jetpack_post_was_ever_published":false,"_jetpack_newsletter_access":"","_jetpack_dont_email_post_to_subs":false,"_jetpack_newsletter_tier_id":0,"_jetpack_memberships_contains_paywalled_content":false,"_jetpack_memberships_contains_paid_content":false,"footnotes":"","jetpack_publicize_message":"","jetpack_publicize_feature_enabled":true,"jetpack_social_post_already_shared":true,"jetpack_social_options":{"image_generator_settings":{"template":"highway","default_image_id":0,"font":"","enabled":false},"version":2}},"categories":[22],"tags":[397,71,332,760,503,74],"class_list":["post-2182","post","type-post","status-publish","format-standard","has-post-thumbnail","hentry","category-geral","tag-certidao","tag-federal","tag-negativa","tag-positiva","tag-prorrogacao","tag-receita"],"jetpack_publicize_connections":[],"jetpack_featured_media_url":"https:\/\/i0.wp.com\/cfcontabil.com\/cf\/wp-content\/uploads\/2020\/03\/RECEITA_FEDERAL.jpeg?fit=768%2C512&ssl=1","jetpack_sharing_enabled":true,"jetpack_shortlink":"https:\/\/wp.me\/p2wklX-zc","jetpack-related-posts":[{"id":1230,"url":"https:\/\/cfcontabil.com\/cf\/programa-de-regularizacao-tributaria-prt-e-oportunidade-para-retomada-de-negocios\/","url_meta":{"origin":2182,"position":0},"title":"Programa de Regulariza\u00e7\u00e3o Tribut\u00e1ria (PRT) \u00e9 oportunidade para retomada de neg\u00f3cios","author":"Ab\u00edlio Gon\u00e7alves","date":"6 de mar\u00e7o de 2017","format":false,"excerpt":"O PRT estabeleceu condi\u00e7\u00f5es especiais para pagamento de d\u00edvidas de empresas e pessoas f\u00edsicas Com os objetivos de reduzir lit\u00edgios tribut\u00e1rios e promover a regulariza\u00e7\u00e3o fiscal, o Governo Federal lan\u00e7ou, por meio da Medida Provis\u00f3ria 766, de 2017, o Programa de Regulariza\u00e7\u00e3o Tribut\u00e1ria (PRT), por meio do qual poder\u00e3o ser\u2026","rel":"","context":"Em &quot;Departamento Fiscal&quot;","block_context":{"text":"Departamento Fiscal","link":"https:\/\/cfcontabil.com\/cf\/category\/df\/"},"img":{"alt_text":"","src":"https:\/\/i0.wp.com\/cfcontabil.com\/cf\/wp-content\/uploads\/2017\/02\/receita-federal-1-1.png?fit=702%2C325&ssl=1&resize=350%2C200","width":350,"height":200,"srcset":"https:\/\/i0.wp.com\/cfcontabil.com\/cf\/wp-content\/uploads\/2017\/02\/receita-federal-1-1.png?fit=702%2C325&ssl=1&resize=350%2C200 1x, https:\/\/i0.wp.com\/cfcontabil.com\/cf\/wp-content\/uploads\/2017\/02\/receita-federal-1-1.png?fit=702%2C325&ssl=1&resize=525%2C300 1.5x, https:\/\/i0.wp.com\/cfcontabil.com\/cf\/wp-content\/uploads\/2017\/02\/receita-federal-1-1.png?fit=702%2C325&ssl=1&resize=700%2C400 2x"},"classes":[]},{"id":1033,"url":"https:\/\/cfcontabil.com\/cf\/dctf-inativa-prorrogacao-do-prazo-de-entrega\/","url_meta":{"origin":2182,"position":1},"title":"DCTF Inativa &#8211; Prorroga\u00e7\u00e3o do prazo de entrega","author":"Ab\u00edlio Gon\u00e7alves","date":"6 de mar\u00e7o de 2017","format":false,"excerpt":"Entrega das inativas e sem movimento de janeiro e fevereiro de 2017 poder\u00e1 ser transmitida at\u00e9 22 de maio. A altera\u00e7\u00e3o do prazo de entrega ocorreu com a publica\u00e7\u00e3o (DOU de 06\/03) da\u00a0Instru\u00e7\u00e3o Normativa n\u00ba 1.697\/2017. O prazo de entrega DCTF da compet\u00eancia janeiro de 2017 tinha como vencimento dia\u2026","rel":"","context":"Em &quot;Departamento Fiscal&quot;","block_context":{"text":"Departamento Fiscal","link":"https:\/\/cfcontabil.com\/cf\/category\/df\/"},"img":{"alt_text":"","src":"https:\/\/i0.wp.com\/cfcontabil.com\/cf\/wp-content\/uploads\/2017\/03\/dctf-inativa-1.png?fit=1024%2C768&ssl=1&resize=350%2C200","width":350,"height":200,"srcset":"https:\/\/i0.wp.com\/cfcontabil.com\/cf\/wp-content\/uploads\/2017\/03\/dctf-inativa-1.png?fit=1024%2C768&ssl=1&resize=350%2C200 1x, https:\/\/i0.wp.com\/cfcontabil.com\/cf\/wp-content\/uploads\/2017\/03\/dctf-inativa-1.png?fit=1024%2C768&ssl=1&resize=525%2C300 1.5x, https:\/\/i0.wp.com\/cfcontabil.com\/cf\/wp-content\/uploads\/2017\/03\/dctf-inativa-1.png?fit=1024%2C768&ssl=1&resize=700%2C400 2x"},"classes":[]},{"id":1171,"url":"https:\/\/cfcontabil.com\/cf\/entrega-da-dctf-inativa-prorrogada-para-julho-de-2017\/","url_meta":{"origin":2182,"position":2},"title":"Entrega da DCTF Inativa prorrogada para Julho de 2017","author":"Ab\u00edlio Gon\u00e7alves","date":"24 de maio de 2017","format":false,"excerpt":"Confirmado a data de prorroga\u00e7\u00e3o da entrega da DCTF Inativa para dia 21 de Julho de 2017. Veja na \u00edntegra: SECRETARIA DA RECEITA FEDERAL DO BRASIL INSTRU\u00c7\u00c3O NORMATIVA N\u00ba 1.708, DE 22 DE MAIO DE 2017 D.O.U EM 23\/05\/2017 Altera a Instru\u00e7\u00e3o Normativa RFB n\u00ba 1.599, de 11 de dezembro\u2026","rel":"","context":"Em &quot;Departamento Fiscal&quot;","block_context":{"text":"Departamento Fiscal","link":"https:\/\/cfcontabil.com\/cf\/category\/df\/"},"img":{"alt_text":"","src":"https:\/\/i0.wp.com\/cfcontabil.com\/cf\/wp-content\/uploads\/2017\/02\/dctf-1.png?fit=800%2C500&ssl=1&resize=350%2C200","width":350,"height":200,"srcset":"https:\/\/i0.wp.com\/cfcontabil.com\/cf\/wp-content\/uploads\/2017\/02\/dctf-1.png?fit=800%2C500&ssl=1&resize=350%2C200 1x, https:\/\/i0.wp.com\/cfcontabil.com\/cf\/wp-content\/uploads\/2017\/02\/dctf-1.png?fit=800%2C500&ssl=1&resize=525%2C300 1.5x, https:\/\/i0.wp.com\/cfcontabil.com\/cf\/wp-content\/uploads\/2017\/02\/dctf-1.png?fit=800%2C500&ssl=1&resize=700%2C400 2x"},"classes":[]},{"id":1240,"url":"https:\/\/cfcontabil.com\/cf\/novas-regras-para-aderir-ao-pert\/","url_meta":{"origin":2182,"position":3},"title":"Novas regras para aderir ao PERT","author":"Ab\u00edlio Gon\u00e7alves","date":"28 de junho de 2017","format":false,"excerpt":"A\u00a0Receita Federal do Brasil e a Procuradoria Geral da Fazenda Nacional\u00a0publicaram na \u00faltima semana as regras para ades\u00e3o ao seu\u00a0Programa de Parcelamento de D\u00edvidas Tribut\u00e1rias, conhecido como\u00a0PERT. O intuito destes \u00f3rg\u00e3os \u00e9\u00a0aumentar a arrecada\u00e7\u00e3o\u00a0ao\u00a0facilitar o pagamento\u00a0de d\u00e9bitos dos contribuintes. Sendo assim, o papel do Contador nesta hist\u00f3ria \u00e9 ajudar o\u2026","rel":"","context":"Em &quot;Departamento Fiscal&quot;","block_context":{"text":"Departamento Fiscal","link":"https:\/\/cfcontabil.com\/cf\/category\/df\/"},"img":{"alt_text":"","src":"","width":0,"height":0},"classes":[]},{"id":1055,"url":"https:\/\/cfcontabil.com\/cf\/dctf-de-janeiro-e-de-fevereiro-de-2017-inativas\/","url_meta":{"origin":2182,"position":4},"title":"DCTF DE JANEIRO E DE FEVEREIRO DE 2017 (Inativas)","author":"Ab\u00edlio Gon\u00e7alves","date":"10 de mar\u00e7o de 2017","format":false,"excerpt":"Muitas d\u00favidas surgiram ap\u00f3s a publica\u00e7\u00e3o no Di\u00e1rio Oficial da Uni\u00e3o (dia 06.03.2017), da\u00a0Instru\u00e7\u00e3o Normativa RFB n\u00b0 1.697\/2017, que disp\u00f5e de altera\u00e7\u00f5es na Instru\u00e7\u00e3o Normativa RFB n\u00b0 1.599\/2015, referente a Declara\u00e7\u00e3o de D\u00e9bitos e Cr\u00e9ditos Tribut\u00e1rios Federais (DCTF). Para auxiliar, destacamos resumidamente as altera\u00e7\u00f5es que ocorreram a seguir: a) fica\u2026","rel":"","context":"Em &quot;Departamento Fiscal&quot;","block_context":{"text":"Departamento Fiscal","link":"https:\/\/cfcontabil.com\/cf\/category\/df\/"},"img":{"alt_text":"","src":"https:\/\/i0.wp.com\/cfcontabil.com\/cf\/wp-content\/uploads\/2017\/03\/dctf-inativa-1.png?fit=1024%2C768&ssl=1&resize=350%2C200","width":350,"height":200,"srcset":"https:\/\/i0.wp.com\/cfcontabil.com\/cf\/wp-content\/uploads\/2017\/03\/dctf-inativa-1.png?fit=1024%2C768&ssl=1&resize=350%2C200 1x, https:\/\/i0.wp.com\/cfcontabil.com\/cf\/wp-content\/uploads\/2017\/03\/dctf-inativa-1.png?fit=1024%2C768&ssl=1&resize=525%2C300 1.5x, https:\/\/i0.wp.com\/cfcontabil.com\/cf\/wp-content\/uploads\/2017\/03\/dctf-inativa-1.png?fit=1024%2C768&ssl=1&resize=700%2C400 2x"},"classes":[]},{"id":1192,"url":"https:\/\/cfcontabil.com\/cf\/dctf-inativa-e-sem-debitos-2017-receita-promete-liberar-transmissao-a-partir-do-dia-2606\/","url_meta":{"origin":2182,"position":5},"title":"DCTF Inativa e Sem D\u00e9bitos 2017 &#8211; Receita promete liberar transmiss\u00e3o a partir do dia 26\/06","author":"Ab\u00edlio Gon\u00e7alves","date":"21 de junho de 2017","format":false,"excerpt":"Precisa entregar a DCTF Inativa 2017 e Sem D\u00e9bitos a declarar de janeiro at\u00e9 abril de 2017? Receita Federal promete liberar a transmiss\u00e3o a partir do dia 26 de junho. Depois de muita espera a Receita Federal liberou dia 16\/06 a vers\u00e3o 3.4 do Programa Gerador da\u00a0DCTF\u00a0que servir\u00e1 para preencher\u2026","rel":"","context":"Em &quot;Departamento Fiscal&quot;","block_context":{"text":"Departamento Fiscal","link":"https:\/\/cfcontabil.com\/cf\/category\/df\/"},"img":{"alt_text":"","src":"https:\/\/i0.wp.com\/cfcontabil.com\/cf\/wp-content\/uploads\/2017\/06\/site-receita-federal-dctf-1.jpeg?fit=1200%2C675&ssl=1&resize=350%2C200","width":350,"height":200,"srcset":"https:\/\/i0.wp.com\/cfcontabil.com\/cf\/wp-content\/uploads\/2017\/06\/site-receita-federal-dctf-1.jpeg?fit=1200%2C675&ssl=1&resize=350%2C200 1x, https:\/\/i0.wp.com\/cfcontabil.com\/cf\/wp-content\/uploads\/2017\/06\/site-receita-federal-dctf-1.jpeg?fit=1200%2C675&ssl=1&resize=525%2C300 1.5x, https:\/\/i0.wp.com\/cfcontabil.com\/cf\/wp-content\/uploads\/2017\/06\/site-receita-federal-dctf-1.jpeg?fit=1200%2C675&ssl=1&resize=700%2C400 2x, https:\/\/i0.wp.com\/cfcontabil.com\/cf\/wp-content\/uploads\/2017\/06\/site-receita-federal-dctf-1.jpeg?fit=1200%2C675&ssl=1&resize=1050%2C600 3x"},"classes":[]}],"jetpack_likes_enabled":true,"_links":{"self":[{"href":"https:\/\/cfcontabil.com\/cf\/wp-json\/wp\/v2\/posts\/2182","targetHints":{"allow":["GET"]}}],"collection":[{"href":"https:\/\/cfcontabil.com\/cf\/wp-json\/wp\/v2\/posts"}],"about":[{"href":"https:\/\/cfcontabil.com\/cf\/wp-json\/wp\/v2\/types\/post"}],"author":[{"embeddable":true,"href":"https:\/\/cfcontabil.com\/cf\/wp-json\/wp\/v2\/users\/1"}],"replies":[{"embeddable":true,"href":"https:\/\/cfcontabil.com\/cf\/wp-json\/wp\/v2\/comments?post=2182"}],"version-history":[{"count":1,"href":"https:\/\/cfcontabil.com\/cf\/wp-json\/wp\/v2\/posts\/2182\/revisions"}],"predecessor-version":[{"id":2185,"href":"https:\/\/cfcontabil.com\/cf\/wp-json\/wp\/v2\/posts\/2182\/revisions\/2185"}],"wp:featuredmedia":[{"embeddable":true,"href":"https:\/\/cfcontabil.com\/cf\/wp-json\/wp\/v2\/media\/2183"}],"wp:attachment":[{"href":"https:\/\/cfcontabil.com\/cf\/wp-json\/wp\/v2\/media?parent=2182"}],"wp:term":[{"taxonomy":"category","embeddable":true,"href":"https:\/\/cfcontabil.com\/cf\/wp-json\/wp\/v2\/categories?post=2182"},{"taxonomy":"post_tag","embeddable":true,"href":"https:\/\/cfcontabil.com\/cf\/wp-json\/wp\/v2\/tags?post=2182"}],"curies":[{"name":"wp","href":"https:\/\/api.w.org\/{rel}","templated":true}]}}