{"id":2189,"date":"2020-03-25T11:39:11","date_gmt":"2020-03-25T14:39:11","guid":{"rendered":"http:\/\/cfcontabil.com\/cf\/?p=2189"},"modified":"2020-03-25T11:39:11","modified_gmt":"2020-03-25T14:39:11","slug":"bancos-anunciam-novos-horarios-de-funcionamento-das-agencias","status":"publish","type":"post","link":"https:\/\/cfcontabil.com\/cf\/bancos-anunciam-novos-horarios-de-funcionamento-das-agencias\/","title":{"rendered":"Bancos anunciam novos hor\u00e1rios de funcionamento das ag\u00eancias"},"content":{"rendered":"<p>Alguns oferecer\u00e3o atendimento exclusivo para grupos de risco<\/p>\n<figure class=\"mb-5\"><img data-recalc-dims=\"1\" fetchpriority=\"high\" decoding=\"async\" class=\"attachment-large size-large wp-post-image jetpack-lazy-image jetpack-lazy-image--handled\" src=\"https:\/\/i0.wp.com\/www.infomoney.com.br\/wp-content\/uploads\/2019\/06\/caixa-eletronico-3.jpg?resize=900%2C600&#038;ssl=1\" sizes=\"(max-width:320px) 145px, (max-width:425px) 220px, 500px\" srcset=\"https:\/\/www.infomoney.com.br\/wp-content\/uploads\/2019\/06\/caixa-eletronico-3.jpg?w=900&amp;quality=75&amp;strip=all 900w, https:\/\/www.infomoney.com.br\/wp-content\/uploads\/2019\/06\/caixa-eletronico-3.jpg?w=300&amp;quality=75&amp;strip=all 300w, https:\/\/www.infomoney.com.br\/wp-content\/uploads\/2019\/06\/caixa-eletronico-3.jpg?w=768&amp;quality=75&amp;strip=all 768w\" alt=\"\" width=\"900\" height=\"600\" data-lazy-loaded=\"1\" \/><figcaption class=\"small text-muted\"><\/figcaption><\/figure>\n<p>Diante do avan\u00e7o da pandemia do novo coronav\u00edrus (Covid-2019) no pa\u00eds, Banco do Brasil, Caixa Econ\u00f4mica Federal, Santander e Bradesco est\u00e3o anunciando novos hor\u00e1rios de funcionamento tempor\u00e1rios para suas ag\u00eancias banc\u00e1rias de todo pa\u00eds.<\/p>\n<p>A partir dessa ter\u00e7a-feira (24), as ag\u00eancias do Banco do Brasil passam a operar das 10h \u00e0s 14h. Segundo o banco, tal iniciativa visa proteger os funcion\u00e1rios, clientes e a sociedade de modo geral. Al\u00e9m disso, a institui\u00e7\u00e3o promete ampliar e melhorar o funcionamento dos seus canais de autoatendimento.<\/p>\n<p>\u201cO atendimento presencial ser\u00e1 prestado somente em casos essenciais e de forma excepcional, como nas situa\u00e7\u00f5es de desbloqueio de senha, desbloqueio de cart\u00e3o, saques de benef\u00edcios sociais sem cart\u00e3o, atendimento referente aos programas sociais destinados a aliviar as consequ\u00eancias econ\u00f4micas do novo coronav\u00edrus\u201d, informou o Banco do Brasil em nota.<\/p>\n<p>Come\u00e7ando na quinta-feira (25), o banco inicia o pagamento dos aposentados e pensionistas do INSS. Visando minimizar as aglomera\u00e7\u00f5es desse grupo de risco, foram selecionadas ag\u00eancias que concentram o maior volume de pagamentos, com hor\u00e1rio diferenciado, das 09h \u00e0s 10h, exclusivamente para os atendimentos essenciais a esse p\u00fablico.<\/p>\n<p>J\u00e1 a Caixa informou que, tamb\u00e9m a partir desta ter\u00e7a, as ag\u00eancias da institui\u00e7\u00e3o passar\u00e3o a funcionar em hor\u00e1rio diferenciado, das 10h \u00e0s 14h, e restrito apenas aos casos que n\u00e3o podem ser tratados pelo atendimento telef\u00f4nico ou pelos aplicativos do banco para celular e demais servi\u00e7os digitais.<\/p>\n<p>Entre essas opera\u00e7\u00f5es est\u00e3o o saque imediato do FGTS e o recebimento de benef\u00edcios sociais, como o Bolsa Fam\u00edlia.<\/p>\n<p>Ainda, o banco manter\u00e1 a abertura antecipada em uma hora de 1.619 ag\u00eancias, exclusivamente para os atendimentos de clientes de grupo de risco. A lista dessas unidades podem ser conferidas no\u00a0<a href=\"https:\/\/urldefense.com\/v3\/__http:\/\/www.caixa.gov.br\/caixacomvoce\/Paginas\/default.aspx__;!!PnTax73cffqfJow!gkVpCxOShy3-FZ0ULTcx8Xq5oZTHuyRWQZKXE87KwKAn9MZKDuLOna8WTIBoRe5WR-EU$\">site oficial da institui\u00e7\u00e3o<\/a>.<\/p>\n<p>Na \u00faltima quinta-feira (19), o banco Santander j\u00e1 havia suspendido as atividades de algumas de suas ag\u00eancias nas regi\u00f5es metropolitanas de S\u00e3o Paulo e Rio de Janeiro.<\/p>\n<p>No restante do pa\u00eds, assim como ir\u00e1 ocorrer nos outros bancos, o hor\u00e1rio de funcionamento das ag\u00eancias ser\u00e1 reduzido em duas horas, das 10h \u00e0s 14h.<\/p>\n<p>O Bradesco tamb\u00e9m anunciou que sua rede de ag\u00eancias, a partir dessa ter\u00e7a-feira (24), passa a funcionar em hor\u00e1rio diferenciado, das 10h \u00e0s 14h para o p\u00fablico em geral.<\/p>\n<p>Para aposentados e pensionistas do INSS, o atendimento come\u00e7a uma hora antes e, nos dias de pagamento desse p\u00fablico, a abertura acontecer\u00e1 com duas horas de anteced\u00eancia, \u00e0s 8h.<\/p>\n<p>J\u00e1 no Ita\u00fa Unibanco, o p\u00fablico ter\u00e1 atendimento e acesso \u00e0s ag\u00eancias da rede para realizar suas transa\u00e7\u00f5es banc\u00e1rias das 9h \u00e0s 10h.<\/p>\n<p>As ag\u00eancias iniciam o atendimento aos demais clientes \u00e0s 10h e encerram suas opera\u00e7\u00f5es \u00e0s 14h. Al\u00e9m disso, o banco tem limitado o fluxo de clientes nos locais e instruindo a manter entre si a dist\u00e2ncia m\u00ednima de um metro.<\/p>\n<p><em>(Com Ag\u00eancia Estado)<\/em><\/p>\n","protected":false},"excerpt":{"rendered":"<p>Alguns oferecer\u00e3o atendimento exclusivo para grupos de risco Diante do avan\u00e7o da pandemia do novo coronav\u00edrus (Covid-2019) no pa\u00eds, Banco do Brasil, Caixa Econ\u00f4mica Federal, Santander e Bradesco est\u00e3o anunciando novos hor\u00e1rios de funcionamento tempor\u00e1rios para suas ag\u00eancias banc\u00e1rias de todo pa\u00eds. A partir dessa ter\u00e7a-feira (24), as ag\u00eancias do Banco do Brasil passam a [&hellip;]<\/p>\n","protected":false},"author":1,"featured_media":2190,"comment_status":"open","ping_status":"open","sticky":false,"template":"","format":"standard","meta":{"jetpack_post_was_ever_published":false,"_jetpack_newsletter_access":"","_jetpack_dont_email_post_to_subs":false,"_jetpack_newsletter_tier_id":0,"_jetpack_memberships_contains_paywalled_content":false,"_jetpack_memberships_contains_paid_content":false,"footnotes":"","jetpack_publicize_message":"","jetpack_publicize_feature_enabled":true,"jetpack_social_post_already_shared":true,"jetpack_social_options":{"image_generator_settings":{"template":"highway","default_image_id":0,"font":"","enabled":false},"version":2}},"categories":[22],"tags":[764,246,440,762,754,758,763],"class_list":["post-2189","post","type-post","status-publish","format-standard","has-post-thumbnail","hentry","category-geral","tag-agencia","tag-atendimento","tag-banco","tag-corona","tag-coronavirus","tag-covid19","tag-horario"],"jetpack_publicize_connections":[],"jetpack_featured_media_url":"https:\/\/i0.wp.com\/cfcontabil.com\/cf\/wp-content\/uploads\/2020\/03\/horariodefuncionamento.jpeg?fit=783%2C391&ssl=1","jetpack_sharing_enabled":true,"jetpack_shortlink":"https:\/\/wp.me\/p2wklX-zj","jetpack-related-posts":[{"id":2158,"url":"https:\/\/cfcontabil.com\/cf\/coronavirus-sebrae-lanca-guia-de-gestao-financeira-para-orientar-pequenos-negocios\/","url_meta":{"origin":2189,"position":0},"title":"Coronav\u00edrus: Sebrae lan\u00e7a Guia de Gest\u00e3o Financeira para orientar pequenos neg\u00f3cios","author":"Ab\u00edlio Gon\u00e7alves","date":"18 de mar\u00e7o de 2020","format":false,"excerpt":"Documento orienta donos de pequenos neg\u00f3cios com recomenda\u00e7\u00f5es preparadas por especialistas. Medidas est\u00e3o alinhadas \u00e0s do Banco Central e Febraban O Guia de Gest\u00e3o Financeira do Sebrae busca apoiar os donos de pequenos neg\u00f3cios nesse momento de instabilidade econ\u00f4mica causada pelos efeitos do novo Coronav\u00edrus. O documento traz orienta\u00e7\u00f5es sobre\u2026","rel":"","context":"Em &quot;Geral&quot;","block_context":{"text":"Geral","link":"https:\/\/cfcontabil.com\/cf\/category\/geral\/"},"img":{"alt_text":"","src":"https:\/\/i0.wp.com\/cfcontabil.com\/cf\/wp-content\/uploads\/2020\/03\/coronavirus_1280x720_00124C00.jpg?fit=810%2C455&ssl=1&resize=350%2C200","width":350,"height":200,"srcset":"https:\/\/i0.wp.com\/cfcontabil.com\/cf\/wp-content\/uploads\/2020\/03\/coronavirus_1280x720_00124C00.jpg?fit=810%2C455&ssl=1&resize=350%2C200 1x, https:\/\/i0.wp.com\/cfcontabil.com\/cf\/wp-content\/uploads\/2020\/03\/coronavirus_1280x720_00124C00.jpg?fit=810%2C455&ssl=1&resize=525%2C300 1.5x, https:\/\/i0.wp.com\/cfcontabil.com\/cf\/wp-content\/uploads\/2020\/03\/coronavirus_1280x720_00124C00.jpg?fit=810%2C455&ssl=1&resize=700%2C400 2x"},"classes":[]},{"id":2316,"url":"https:\/\/cfcontabil.com\/cf\/so-14-dos-pequenos-negocios-ja-conseguiram-credito-na-pandemia-diz-sebrae\/","url_meta":{"origin":2189,"position":1},"title":"S\u00f3 14% dos pequenos neg\u00f3cios j\u00e1 conseguiram cr\u00e9dito na pandemia, diz Sebrae","author":"Ab\u00edlio Gon\u00e7alves","date":"20 de maio de 2020","format":false,"excerpt":"Pesquisa do Sebrae diz que 58% das MPEs que pediram cr\u00e9dito nas \u00faltimas semanas j\u00e1 tiveram o pedido negado. Outros 18% est\u00e3o em an\u00e1lise, sendo que 53% aguardam uma resposta dos bancos h\u00e1 mais de duas semanas O Programa Nacional de Apoio \u00e0s Microempresas e Empresas de Pequeno Porte (Pronampe)\u2026","rel":"","context":"Em \"Cr\u00e9dito\"","block_context":{"text":"Cr\u00e9dito","link":"https:\/\/cfcontabil.com\/cf\/tag\/credito\/"},"img":{"alt_text":"","src":"https:\/\/i0.wp.com\/cfcontabil.com\/cf\/wp-content\/uploads\/2019\/11\/dinheiro-nota-real.jpg?fit=678%2C452&ssl=1&resize=350%2C200","width":350,"height":200,"srcset":"https:\/\/i0.wp.com\/cfcontabil.com\/cf\/wp-content\/uploads\/2019\/11\/dinheiro-nota-real.jpg?fit=678%2C452&ssl=1&resize=350%2C200 1x, https:\/\/i0.wp.com\/cfcontabil.com\/cf\/wp-content\/uploads\/2019\/11\/dinheiro-nota-real.jpg?fit=678%2C452&ssl=1&resize=525%2C300 1.5x"},"classes":[]},{"id":2307,"url":"https:\/\/cfcontabil.com\/cf\/justica-federal-libera-retomada-do-comercio-mas-escalona-atividades-no-df\/","url_meta":{"origin":2189,"position":2},"title":"Justi\u00e7a Federal libera retomada do com\u00e9rcio, mas escalona atividades no DF","author":"Ab\u00edlio Gon\u00e7alves","date":"15 de maio de 2020","format":false,"excerpt":"\u00c9 preciso manter o intervalo temporal de 15 dias para cada etapa de libera\u00e7\u00e3o, fixando protocolos sanit\u00e1rios para os setores A ju\u00edza titular da\u00a03\u00aa Vara Federal C\u00edvel do DF, K\u00e1tia Balbino de Carvalho Ferreira, deferiu, em parte, a liminar sobre a\u00a0amplia\u00e7\u00e3o do funcionamento de atividades n\u00e3o essenciais\u00a0no Distrito Federal, em\u2026","rel":"","context":"Em &quot;Geral&quot;","block_context":{"text":"Geral","link":"https:\/\/cfcontabil.com\/cf\/category\/geral\/"},"img":{"alt_text":"","src":"https:\/\/i0.wp.com\/cfcontabil.com\/cf\/wp-content\/uploads\/2020\/05\/retomada-atividades-justi%C3%A7a.jpeg?fit=1200%2C675&ssl=1&resize=350%2C200","width":350,"height":200,"srcset":"https:\/\/i0.wp.com\/cfcontabil.com\/cf\/wp-content\/uploads\/2020\/05\/retomada-atividades-justi%C3%A7a.jpeg?fit=1200%2C675&ssl=1&resize=350%2C200 1x, https:\/\/i0.wp.com\/cfcontabil.com\/cf\/wp-content\/uploads\/2020\/05\/retomada-atividades-justi%C3%A7a.jpeg?fit=1200%2C675&ssl=1&resize=525%2C300 1.5x, https:\/\/i0.wp.com\/cfcontabil.com\/cf\/wp-content\/uploads\/2020\/05\/retomada-atividades-justi%C3%A7a.jpeg?fit=1200%2C675&ssl=1&resize=700%2C400 2x, https:\/\/i0.wp.com\/cfcontabil.com\/cf\/wp-content\/uploads\/2020\/05\/retomada-atividades-justi%C3%A7a.jpeg?fit=1200%2C675&ssl=1&resize=1050%2C600 3x"},"classes":[]},{"id":1235,"url":"https:\/\/cfcontabil.com\/cf\/saiba-como-alterar-o-banco-para-ressarcimento-de-impostos\/","url_meta":{"origin":2189,"position":3},"title":"Saiba como alterar o banco para ressarcimento de impostos","author":"Ab\u00edlio Gon\u00e7alves","date":"9 de mar\u00e7o de 2017","format":false,"excerpt":"Contribuintes devem atualizar dados na retifica\u00e7\u00e3o do Imposto de Renda Quem pretende alterar a conta banc\u00e1ria na qual deve receber a restitui\u00e7\u00e3o do Imposto de Renda precisa ficar atento para garantir o cr\u00e9dito dos valores. Depois de preencher e enviar a declara\u00e7\u00e3o do IR, cujo prazo teve\u00a0in\u00edcio na quinta-feira (2),\u2026","rel":"","context":"Em &quot;Departamento Fiscal&quot;","block_context":{"text":"Departamento Fiscal","link":"https:\/\/cfcontabil.com\/cf\/category\/df\/"},"img":{"alt_text":"","src":"https:\/\/i0.wp.com\/cfcontabil.com\/cf\/wp-content\/uploads\/2017\/02\/imposto-de-renda-2017-1.jpg?fit=640%2C365&ssl=1&resize=350%2C200","width":350,"height":200,"srcset":"https:\/\/i0.wp.com\/cfcontabil.com\/cf\/wp-content\/uploads\/2017\/02\/imposto-de-renda-2017-1.jpg?fit=640%2C365&ssl=1&resize=350%2C200 1x, https:\/\/i0.wp.com\/cfcontabil.com\/cf\/wp-content\/uploads\/2017\/02\/imposto-de-renda-2017-1.jpg?fit=640%2C365&ssl=1&resize=525%2C300 1.5x"},"classes":[]},{"id":2236,"url":"https:\/\/cfcontabil.com\/cf\/como-os-donos-de-negocio-podem-proteger-seus-colaboradores-do-covid-19\/","url_meta":{"origin":2189,"position":4},"title":"Como os donos de neg\u00f3cio podem proteger seus colaboradores do Covid-19","author":"Ab\u00edlio Gon\u00e7alves","date":"6 de abril de 2020","format":false,"excerpt":"Confira dicas para implementar na sua empresa medidas que v\u00e3o evitar o adoecimento de seus funcion\u00e1rios e tamb\u00e9m impedir que crise do coronav\u00edrus se agrave. O alastramento do coronav\u00edrus\u00a0acertou em cheio a rotina dos donos de neg\u00f3cios\u00a0e seus colaboradores. Por conta da epidemia, muitas empresas passaram a adotar a pr\u00e1tica\u2026","rel":"","context":"Em &quot;Geral&quot;","block_context":{"text":"Geral","link":"https:\/\/cfcontabil.com\/cf\/category\/geral\/"},"img":{"alt_text":"","src":"https:\/\/i0.wp.com\/cfcontabil.com\/cf\/wp-content\/uploads\/2020\/04\/coronavirus-continentes-mundo.jpeg?fit=600%2C381&ssl=1&resize=350%2C200","width":350,"height":200,"srcset":"https:\/\/i0.wp.com\/cfcontabil.com\/cf\/wp-content\/uploads\/2020\/04\/coronavirus-continentes-mundo.jpeg?fit=600%2C381&ssl=1&resize=350%2C200 1x, https:\/\/i0.wp.com\/cfcontabil.com\/cf\/wp-content\/uploads\/2020\/04\/coronavirus-continentes-mundo.jpeg?fit=600%2C381&ssl=1&resize=525%2C300 1.5x"},"classes":[]},{"id":2200,"url":"https:\/\/cfcontabil.com\/cf\/governo-anuncia-r-40-bi-para-financiar-salario-do-trabalhador-de-pequenas-e-medias-empresas\/","url_meta":{"origin":2189,"position":5},"title":"Governo anuncia R$ 40 bi para financiar sal\u00e1rio do trabalhador de pequenas e m\u00e9dias empresas","author":"Ab\u00edlio Gon\u00e7alves","date":"27 de mar\u00e7o de 2020","format":false,"excerpt":"Empr\u00e9stimo cobrir\u00e1 dois meses de folha e ser\u00e1 limitado a dois sal\u00e1rios m\u00ednimos por funcion\u00e1rio, informou o presidente do BC. Empresas n\u00e3o poder\u00e3o demitir no per\u00edodo. O governo federal anunciou nesta sexta-feira (27) uma linha de cr\u00e9dito emergencial para pequenas e m\u00e9dias empresas e que vai ajud\u00e1-las a pagar os\u2026","rel":"","context":"Em &quot;Departamento Pessoal&quot;","block_context":{"text":"Departamento Pessoal","link":"https:\/\/cfcontabil.com\/cf\/category\/dp\/"},"img":{"alt_text":"","src":"https:\/\/i0.wp.com\/cfcontabil.com\/cf\/wp-content\/uploads\/2019\/11\/salario.jpg?fit=703%2C436&ssl=1&resize=350%2C200","width":350,"height":200,"srcset":"https:\/\/i0.wp.com\/cfcontabil.com\/cf\/wp-content\/uploads\/2019\/11\/salario.jpg?fit=703%2C436&ssl=1&resize=350%2C200 1x, https:\/\/i0.wp.com\/cfcontabil.com\/cf\/wp-content\/uploads\/2019\/11\/salario.jpg?fit=703%2C436&ssl=1&resize=525%2C300 1.5x, https:\/\/i0.wp.com\/cfcontabil.com\/cf\/wp-content\/uploads\/2019\/11\/salario.jpg?fit=703%2C436&ssl=1&resize=700%2C400 2x"},"classes":[]}],"jetpack_likes_enabled":true,"_links":{"self":[{"href":"https:\/\/cfcontabil.com\/cf\/wp-json\/wp\/v2\/posts\/2189","targetHints":{"allow":["GET"]}}],"collection":[{"href":"https:\/\/cfcontabil.com\/cf\/wp-json\/wp\/v2\/posts"}],"about":[{"href":"https:\/\/cfcontabil.com\/cf\/wp-json\/wp\/v2\/types\/post"}],"author":[{"embeddable":true,"href":"https:\/\/cfcontabil.com\/cf\/wp-json\/wp\/v2\/users\/1"}],"replies":[{"embeddable":true,"href":"https:\/\/cfcontabil.com\/cf\/wp-json\/wp\/v2\/comments?post=2189"}],"version-history":[{"count":1,"href":"https:\/\/cfcontabil.com\/cf\/wp-json\/wp\/v2\/posts\/2189\/revisions"}],"predecessor-version":[{"id":2191,"href":"https:\/\/cfcontabil.com\/cf\/wp-json\/wp\/v2\/posts\/2189\/revisions\/2191"}],"wp:featuredmedia":[{"embeddable":true,"href":"https:\/\/cfcontabil.com\/cf\/wp-json\/wp\/v2\/media\/2190"}],"wp:attachment":[{"href":"https:\/\/cfcontabil.com\/cf\/wp-json\/wp\/v2\/media?parent=2189"}],"wp:term":[{"taxonomy":"category","embeddable":true,"href":"https:\/\/cfcontabil.com\/cf\/wp-json\/wp\/v2\/categories?post=2189"},{"taxonomy":"post_tag","embeddable":true,"href":"https:\/\/cfcontabil.com\/cf\/wp-json\/wp\/v2\/tags?post=2189"}],"curies":[{"name":"wp","href":"https:\/\/api.w.org\/{rel}","templated":true}]}}