{"id":22,"date":"2012-07-06T13:49:57","date_gmt":"2012-07-06T16:49:57","guid":{"rendered":"http:\/\/cfcontabil.com\/cf\/?p=22"},"modified":"2012-07-06T13:49:57","modified_gmt":"2012-07-06T16:49:57","slug":"rotinas-trabalhistas","status":"publish","type":"post","link":"https:\/\/cfcontabil.com\/cf\/rotinas-trabalhistas\/","title":{"rendered":"Rotinas trabalhistas"},"content":{"rendered":"<p>Ol\u00e1!<\/p>\n<p style=\"text-align: justify;\"><span style=\"text-align: justify; font-size: 12px;\">Buscando sempre inovar, a CF Cont\u00e1bil vem implantando novidades para melhor atender seus clientes, assim surgiu a ideia do blog.<\/span><\/p>\n<p style=\"text-align: justify;\">Eu sou Juc\u00e9lia Martins, e \u00e9 com grande satisfa\u00e7\u00e3o que fa\u00e7o minha colabora\u00e7\u00e3o, tratando de assuntos referente rotinas trabalhistas\/departamento pessoal (DP).<\/p>\n<p style=\"text-align: center;\">\u00a0<img fetchpriority=\"high\" decoding=\"async\" class=\"aligncenter\" src=\"http:\/\/unieducar.org.br\/imgcursos\/calculos_rotinas_trabalhistas_unieducar.bmp\" alt=\"Rotina Trabalhista\" width=\"500\" height=\"350\" \/><\/p>\n<p style=\"text-align: justify;\">No DP h\u00e1 uma s\u00e9rie de tr\u00e2mites que devem ser cuidadosamente observados para n\u00e3o irmos contra a legisla\u00e7\u00e3o vigente.<\/p>\n<p style=\"text-align: justify;\">Espero que os assuntos que forem postados aqui, sejam de alguma forma \u00fatil na sua vida como empregador ou empregado.<\/p>\n<p style=\"text-align: justify;\">At\u00e9 o pr\u00f3ximo post.<\/p>\n","protected":false},"excerpt":{"rendered":"<p>Ol\u00e1! Buscando sempre inovar, a CF Cont\u00e1bil vem implantando novidades para melhor atender seus clientes, assim surgiu a ideia do blog. Eu sou Juc\u00e9lia Martins, e \u00e9 com grande satisfa\u00e7\u00e3o que fa\u00e7o minha colabora\u00e7\u00e3o, tratando de assuntos referente rotinas trabalhistas\/departamento pessoal (DP). \u00a0 No DP h\u00e1 uma s\u00e9rie de tr\u00e2mites que devem ser cuidadosamente observados [&hellip;]<\/p>\n","protected":false},"author":4,"featured_media":0,"comment_status":"open","ping_status":"open","sticky":false,"template":"","format":"standard","meta":{"jetpack_post_was_ever_published":false,"_jetpack_newsletter_access":"","_jetpack_dont_email_post_to_subs":false,"_jetpack_newsletter_tier_id":0,"_jetpack_memberships_contains_paywalled_content":false,"_jetpack_memberships_contains_paid_content":false,"footnotes":"","jetpack_publicize_message":"","jetpack_publicize_feature_enabled":true,"jetpack_social_post_already_shared":false,"jetpack_social_options":{"image_generator_settings":{"template":"highway","default_image_id":0,"font":"","enabled":false},"version":2}},"categories":[29],"tags":[28,30,31,32],"class_list":["post-22","post","type-post","status-publish","format-standard","hentry","category-dp","tag-departamento","tag-pessoal","tag-rotinas","tag-trabalhistas"],"jetpack_publicize_connections":[],"jetpack_featured_media_url":"","jetpack_sharing_enabled":true,"jetpack_shortlink":"https:\/\/wp.me\/p2wklX-m","jetpack-related-posts":[{"id":1180,"url":"https:\/\/cfcontabil.com\/cf\/novos-tutoriais-em-video-do-esocial-domestico\/","url_meta":{"origin":22,"position":0},"title":"Novos tutoriais em v\u00eddeo do eSocial Dom\u00e9stico","author":"Ab\u00edlio Gon\u00e7alves","date":"14 de junho de 2017","format":false,"excerpt":"V\u00eddeos abordam todos os itens do eSocial Dom\u00e9stico, da admiss\u00e3o ao desligamento. Podem ser acessados no menu Empregador Dom\u00e9stico Mais uma novidade para auxiliar os empregadores dom\u00e9sticos: Tutoriais em V\u00eddeo. Produzidos pela Escola Nacional da Inspe\u00e7\u00e3o do Trabalho - ENIT, os v\u00eddeos trazem informa\u00e7\u00f5es detalhadas sobre cada tema do eSocial,\u2026","rel":"","context":"Em &quot;Departamento Pessoal&quot;","block_context":{"text":"Departamento Pessoal","link":"https:\/\/cfcontabil.com\/cf\/category\/dp\/"},"img":{"alt_text":"","src":"https:\/\/i0.wp.com\/cfcontabil.com\/cf\/wp-content\/uploads\/2017\/06\/esocial_video-1.jpeg?fit=768%2C453&ssl=1&resize=350%2C200","width":350,"height":200,"srcset":"https:\/\/i0.wp.com\/cfcontabil.com\/cf\/wp-content\/uploads\/2017\/06\/esocial_video-1.jpeg?fit=768%2C453&ssl=1&resize=350%2C200 1x, https:\/\/i0.wp.com\/cfcontabil.com\/cf\/wp-content\/uploads\/2017\/06\/esocial_video-1.jpeg?fit=768%2C453&ssl=1&resize=525%2C300 1.5x, https:\/\/i0.wp.com\/cfcontabil.com\/cf\/wp-content\/uploads\/2017\/06\/esocial_video-1.jpeg?fit=768%2C453&ssl=1&resize=700%2C400 2x"},"classes":[]},{"id":2658,"url":"https:\/\/cfcontabil.com\/cf\/como-o-esocial-simplificado-ajudara-pequenas-empresas-a-regularizar-funcionarios\/","url_meta":{"origin":22,"position":1},"title":"Como o eSocial simplificado ajudar\u00e1 pequenas empresas a regularizar funcion\u00e1rios","author":"Ab\u00edlio Gon\u00e7alves","date":"25 de agosto de 2021","format":false,"excerpt":"O\u00a0eSocial\u00a0\u00e9 um sistema do governo federal que\u00a0unifica o acesso a informa\u00e7\u00f5es dos trabalhadores de uma empresa, por parte do empregador. A partir de outubro, ele ganhar\u00e1 um m\u00f3dulo simplificado\u00a0para ajudar o Microempreendedor Individual (MEI) a prestar informa\u00e7\u00f5es sobre a empresa. Na pr\u00e1tica, ele vai estimular os pequenos empreendedores a combater\u2026","rel":"","context":"Em &quot;Departamento Pessoal&quot;","block_context":{"text":"Departamento Pessoal","link":"https:\/\/cfcontabil.com\/cf\/category\/dp\/"},"img":{"alt_text":"","src":"https:\/\/i0.wp.com\/cfcontabil.com\/cf\/wp-content\/uploads\/2018\/09\/esocial-1-810x456-1.jpg?fit=810%2C456&ssl=1&resize=350%2C200","width":350,"height":200,"srcset":"https:\/\/i0.wp.com\/cfcontabil.com\/cf\/wp-content\/uploads\/2018\/09\/esocial-1-810x456-1.jpg?fit=810%2C456&ssl=1&resize=350%2C200 1x, https:\/\/i0.wp.com\/cfcontabil.com\/cf\/wp-content\/uploads\/2018\/09\/esocial-1-810x456-1.jpg?fit=810%2C456&ssl=1&resize=525%2C300 1.5x, https:\/\/i0.wp.com\/cfcontabil.com\/cf\/wp-content\/uploads\/2018\/09\/esocial-1-810x456-1.jpg?fit=810%2C456&ssl=1&resize=700%2C400 2x"},"classes":[]},{"id":590,"url":"https:\/\/cfcontabil.com\/cf\/homenagem-ao-dia-do-trabalhador\/","url_meta":{"origin":22,"position":2},"title":"Homenagem ao Dia do Trabalhador","author":"Ab\u00edlio Gon\u00e7alves","date":"30 de abril de 2015","format":"image","excerpt":"","rel":"","context":"Em &quot;Consultoria Empresarial&quot;","block_context":{"text":"Consultoria Empresarial","link":"https:\/\/cfcontabil.com\/cf\/category\/consultoria\/"},"img":{"alt_text":"","src":"https:\/\/i0.wp.com\/cfcontabil.com\/cf\/wp-content\/uploads\/2015\/04\/cropped-contabilidade-assessoria-financeira-brasilia-df2-1410x600_c-2.jpg?fit=1200%2C312&ssl=1&resize=350%2C200","width":350,"height":200,"srcset":"https:\/\/i0.wp.com\/cfcontabil.com\/cf\/wp-content\/uploads\/2015\/04\/cropped-contabilidade-assessoria-financeira-brasilia-df2-1410x600_c-2.jpg?fit=1200%2C312&ssl=1&resize=350%2C200 1x, https:\/\/i0.wp.com\/cfcontabil.com\/cf\/wp-content\/uploads\/2015\/04\/cropped-contabilidade-assessoria-financeira-brasilia-df2-1410x600_c-2.jpg?fit=1200%2C312&ssl=1&resize=525%2C300 1.5x, https:\/\/i0.wp.com\/cfcontabil.com\/cf\/wp-content\/uploads\/2015\/04\/cropped-contabilidade-assessoria-financeira-brasilia-df2-1410x600_c-2.jpg?fit=1200%2C312&ssl=1&resize=700%2C400 2x, https:\/\/i0.wp.com\/cfcontabil.com\/cf\/wp-content\/uploads\/2015\/04\/cropped-contabilidade-assessoria-financeira-brasilia-df2-1410x600_c-2.jpg?fit=1200%2C312&ssl=1&resize=1050%2C600 3x"},"classes":[]},{"id":670,"url":"https:\/\/cfcontabil.com\/cf\/com-esocial-a-fiscalizacao-vai-crescer\/","url_meta":{"origin":22,"position":3},"title":"Com eSocial a fiscaliza\u00e7\u00e3o vai crescer","author":"Ab\u00edlio Gon\u00e7alves","date":"12 de mar\u00e7o de 2016","format":false,"excerpt":"Sistema exigir\u00e1 das empresas informa\u00e7\u00f5es sobre condi\u00e7\u00f5es do trabalho Em janeiro de 2017, come\u00e7ou a valer o m\u00f3dulo referente \u00e0 Seguran\u00e7a e Sa\u00fade do Trabalho (SST) do eSocial, que vai exigir das empresas informa\u00e7\u00f5es sobre condi\u00e7\u00f5es ambientais do trabalho e rotinas dos funcion\u00e1rios. O impacto dessa mudan\u00e7a ser\u00e1 gigantesco na\u2026","rel":"","context":"Em &quot;Departamento Pessoal&quot;","block_context":{"text":"Departamento Pessoal","link":"https:\/\/cfcontabil.com\/cf\/category\/dp\/"},"img":{"alt_text":"","src":"https:\/\/i0.wp.com\/cfcontabil.com\/cf\/wp-content\/uploads\/2016\/03\/e-social-1.jpg?fit=467%2C322&ssl=1&resize=350%2C200","width":350,"height":200},"classes":[]},{"id":1219,"url":"https:\/\/cfcontabil.com\/cf\/esocial-disponibiliza-o-comprovante-de-rendimentos-para-os-empregadores-domesticos\/","url_meta":{"origin":22,"position":4},"title":"eSocial disponibiliza o Comprovante de Rendimentos para os empregadores dom\u00e9sticos","author":"Ab\u00edlio Gon\u00e7alves","date":"23 de fevereiro de 2017","format":false,"excerpt":"Mais uma nova funcionalidade est\u00e1 dispon\u00edvel aos empregadores dom\u00e9sticos no eSocial: a gera\u00e7\u00e3o do Comprovante de Rendimentos ser\u00e1 feita automaticamente pelo sistema. Este documento deve ser emitido pelos empregadores que fizeram reten\u00e7\u00e3o de Imposto de Renda na Fonte (IRRF) do seu empregado dom\u00e9stico no ano de 2016. O Comprovante dever\u00e1\u2026","rel":"","context":"Em &quot;Departamento Pessoal&quot;","block_context":{"text":"Departamento Pessoal","link":"https:\/\/cfcontabil.com\/cf\/category\/dp\/"},"img":{"alt_text":"","src":"https:\/\/i0.wp.com\/cfcontabil.com\/cf\/wp-content\/uploads\/2017\/02\/comprovante-rendimentos-1.jpg?fit=630%2C280&ssl=1&resize=350%2C200","width":350,"height":200,"srcset":"https:\/\/i0.wp.com\/cfcontabil.com\/cf\/wp-content\/uploads\/2017\/02\/comprovante-rendimentos-1.jpg?fit=630%2C280&ssl=1&resize=350%2C200 1x, https:\/\/i0.wp.com\/cfcontabil.com\/cf\/wp-content\/uploads\/2017\/02\/comprovante-rendimentos-1.jpg?fit=630%2C280&ssl=1&resize=525%2C300 1.5x"},"classes":[]},{"id":367,"url":"https:\/\/cfcontabil.com\/cf\/o-contador-na-era-tecnologica\/","url_meta":{"origin":22,"position":5},"title":"O Contador na Era Tecnol\u00f3gica","author":"Vin\u00edcius Moizinho","date":"18 de setembro de 2013","format":false,"excerpt":"Bom dia, prezados! \u00c9 fato que a internacionaliza\u00e7\u00e3o das normas cont\u00e1beis deu ao contador outro perfil. A ultrapassada imagem que vinculada ao contador brasileiro, como sendo o guarda-livros de caneta atr\u00e1s da orelha, n\u00e3o passa hoje de folclore e caricatura. A abertura dos mercados globais tornou a Contabilidade a quarta\u2026","rel":"","context":"Em &quot;Consultoria Empresarial&quot;","block_context":{"text":"Consultoria Empresarial","link":"https:\/\/cfcontabil.com\/cf\/category\/consultoria\/"},"img":{"alt_text":"","src":"https:\/\/i0.wp.com\/www.serkat.com.br\/img\/topo\/servicos.jpg?resize=350%2C200","width":350,"height":200},"classes":[]}],"jetpack_likes_enabled":true,"_links":{"self":[{"href":"https:\/\/cfcontabil.com\/cf\/wp-json\/wp\/v2\/posts\/22","targetHints":{"allow":["GET"]}}],"collection":[{"href":"https:\/\/cfcontabil.com\/cf\/wp-json\/wp\/v2\/posts"}],"about":[{"href":"https:\/\/cfcontabil.com\/cf\/wp-json\/wp\/v2\/types\/post"}],"author":[{"embeddable":true,"href":"https:\/\/cfcontabil.com\/cf\/wp-json\/wp\/v2\/users\/4"}],"replies":[{"embeddable":true,"href":"https:\/\/cfcontabil.com\/cf\/wp-json\/wp\/v2\/comments?post=22"}],"version-history":[{"count":0,"href":"https:\/\/cfcontabil.com\/cf\/wp-json\/wp\/v2\/posts\/22\/revisions"}],"wp:attachment":[{"href":"https:\/\/cfcontabil.com\/cf\/wp-json\/wp\/v2\/media?parent=22"}],"wp:term":[{"taxonomy":"category","embeddable":true,"href":"https:\/\/cfcontabil.com\/cf\/wp-json\/wp\/v2\/categories?post=22"},{"taxonomy":"post_tag","embeddable":true,"href":"https:\/\/cfcontabil.com\/cf\/wp-json\/wp\/v2\/tags?post=22"}],"curies":[{"name":"wp","href":"https:\/\/api.w.org\/{rel}","templated":true}]}}