{"id":2293,"date":"2020-05-05T09:49:15","date_gmt":"2020-05-05T12:49:15","guid":{"rendered":"http:\/\/cfcontabil.com\/cf\/?p=2293"},"modified":"2020-05-05T09:49:15","modified_gmt":"2020-05-05T12:49:15","slug":"dia-do-trabalho-pandemia-da-covid-19-trouxe-mudancas-na-rotina-dos-profissionais-da-contabilidade","status":"publish","type":"post","link":"https:\/\/cfcontabil.com\/cf\/dia-do-trabalho-pandemia-da-covid-19-trouxe-mudancas-na-rotina-dos-profissionais-da-contabilidade\/","title":{"rendered":"Dia do Trabalho: Pandemia da Covid-19 trouxe mudan\u00e7as na rotina dos profissionais da contabilidade"},"content":{"rendered":"<p>A limita\u00e7\u00e3o do contato social e da circula\u00e7\u00e3o de pessoas, como forma de combate e controle \u00e0 pandemia da Covid-19, e a crise econ\u00f4mica gerada pela doen\u00e7a impactaram diretamente na vida do trabalhador.<\/p>\n<p><a href=\"https:\/\/i0.wp.com\/cfcontabil.com\/cf\/wp-content\/uploads\/2020\/04\/coronavirus-continentes-mundo.jpeg\"><img data-recalc-dims=\"1\" fetchpriority=\"high\" decoding=\"async\" data-attachment-id=\"2237\" data-permalink=\"https:\/\/cfcontabil.com\/cf\/como-os-donos-de-negocio-podem-proteger-seus-colaboradores-do-covid-19\/coronavirus-continentes-mundo\/\" data-orig-file=\"https:\/\/i0.wp.com\/cfcontabil.com\/cf\/wp-content\/uploads\/2020\/04\/coronavirus-continentes-mundo.jpeg?fit=600%2C381&amp;ssl=1\" data-orig-size=\"600,381\" data-comments-opened=\"1\" data-image-meta=\"{&quot;aperture&quot;:&quot;0&quot;,&quot;credit&quot;:&quot;&quot;,&quot;camera&quot;:&quot;&quot;,&quot;caption&quot;:&quot;&quot;,&quot;created_timestamp&quot;:&quot;0&quot;,&quot;copyright&quot;:&quot;&quot;,&quot;focal_length&quot;:&quot;0&quot;,&quot;iso&quot;:&quot;0&quot;,&quot;shutter_speed&quot;:&quot;0&quot;,&quot;title&quot;:&quot;&quot;,&quot;orientation&quot;:&quot;0&quot;}\" data-image-title=\"coronavirus-continentes-mundo\" data-image-description=\"\" data-image-caption=\"\" data-large-file=\"https:\/\/i0.wp.com\/cfcontabil.com\/cf\/wp-content\/uploads\/2020\/04\/coronavirus-continentes-mundo.jpeg?fit=600%2C381&amp;ssl=1\" class=\"aligncenter size-full wp-image-2237\" src=\"https:\/\/i0.wp.com\/cfcontabil.com\/cf\/wp-content\/uploads\/2020\/04\/coronavirus-continentes-mundo.jpeg?resize=600%2C381\" alt=\"\" width=\"600\" height=\"381\" srcset=\"https:\/\/i0.wp.com\/cfcontabil.com\/cf\/wp-content\/uploads\/2020\/04\/coronavirus-continentes-mundo.jpeg?w=600&amp;ssl=1 600w, https:\/\/i0.wp.com\/cfcontabil.com\/cf\/wp-content\/uploads\/2020\/04\/coronavirus-continentes-mundo.jpeg?resize=300%2C191&amp;ssl=1 300w, https:\/\/i0.wp.com\/cfcontabil.com\/cf\/wp-content\/uploads\/2020\/04\/coronavirus-continentes-mundo.jpeg?resize=370%2C235&amp;ssl=1 370w\" sizes=\"(max-width: 600px) 100vw, 600px\" \/><\/a><\/p>\n<p>Como um elo importante da cadeia econ\u00f4mica dos pa\u00edses, os profissionais da contabilidade sentem os efeitos da pandemia de uma forma dupla: Por um lado, precisam correr contra o tempo, interpretar e aplicar uma s\u00e9rie de Medidas Provis\u00f3rias publicadas pelo governo, bem como planejar estrat\u00e9gias e preparar os clientes para o p\u00f3s-crise. Por outro, procuram adaptar-se ao aumento da demanda, lidar com o trabalho remoto e reorganizar as atividades de seus colaboradores.<\/p>\n<p>O trabalho da classe cont\u00e1bil tem contribu\u00eddo para a manuten\u00e7\u00e3o do emprego e da renda e, em consequ\u00eancia, para a sustentabilidade da economia. \u201cPara tentar minimizar os impactos econ\u00f4micos e sociais resultantes da atual pandemia, o governo publicou diversas medidas provis\u00f3rias nas quais o profissional cont\u00e1bil foi o elo entre o governo e o empres\u00e1rio. Atrav\u00e9s da realiza\u00e7\u00e3o de um estudo individualizado das necessidades de cada empresa, tornou-se cada vez mais evidente o papel do contador n\u00e3o apenas como um emissor de DARFs [Documento de Arrecada\u00e7\u00e3o de Receitas Federais], mas sim, como um contador consultor, desenvolvendo um papel fundamental para a estabiliza\u00e7\u00e3o da sa\u00fade financeira das empresas, realizando a manuten\u00e7\u00e3o dos empregos e levando inclusive, ao reconhecimento da nossa atividade, como uma atividade essencial para economia do nosso pa\u00eds\u201d, explica a Conselheira do Conselho Federal de Contabilidade (CFC), contadora Angela Dantas Mendon\u00e7a.<\/p>\n<p>Os profissionais da contabilidade tamb\u00e9m precisaram se adaptar a uma nova rotina. Isso porque a quantidade de trabalho aumentou consideravelmente nesse per\u00edodo. A rela\u00e7\u00e3o com os clientes, tantas vezes presenciais para o esclarecimento de d\u00favidas e a entrega de documentos, passou a ser a dist\u00e2ncia.<\/p>\n<p>Angela Dantas fala das mudan\u00e7as que precisaram ser adotas e dos investimentos feitos para que as atividades n\u00e3o fossem prejudicadas. \u201cOs escrit\u00f3rios e empresas de contabilidade foram impulsionadas a assumir novos processos de trabalho e rever os seus processos de comunica\u00e7\u00e3o. Como medida de atendimento a demanda de solicita\u00e7\u00f5es frente \u00e0 Covid-19, atrav\u00e9s de medidas provis\u00f3rias, necessitou-se de adapta\u00e7\u00e3o do modelo de trabalho para o\u00a0<em>home office<\/em>. Situa\u00e7\u00e3o na qual foi necess\u00e1ria a realiza\u00e7\u00e3o de investimentos no campo da tecnologia para que os colaboradores pudessem realizar suas tarefas no ambiente\u00a0<em>online<\/em>, aumentando os custos dos escrit\u00f3rios na mudan\u00e7a de modalidade dos sistemas, aquisi\u00e7\u00e3o de m\u00e1quinas e equipamentos e treinamento do pessoal\u201d.<\/p>\n<p>Aliada da classe cont\u00e1bil para execu\u00e7\u00e3o de suas tarefas, a tecnologia vem sendo a solu\u00e7\u00e3o para que os profissionais possam superar as dificuldades do distanciamento social. \u00c9 o que explica a Conselheira do CFC. \u201cDiante da necessidade da rela\u00e7\u00e3o interpessoal, cliente-escrit\u00f3rio e entre a pr\u00f3pria equipe de trabalho, aumentou-se a utiliza\u00e7\u00e3o de plataformas e aplicativos de comunica\u00e7\u00e3o. Desta forma, criou-se um novo perfil de rela\u00e7\u00e3o de trabalho evidenciando mais ainda o avan\u00e7o da contabilidade na era tecnol\u00f3gica\u201d.<\/p>\n<p>Apesar das profundas mudan\u00e7as econ\u00f4micas e sociais causadas pela pandemia de coronav\u00edrus a classe cont\u00e1bil tem conseguido manter o foco. Isso porque a profiss\u00e3o exige adapta\u00e7\u00e3o ao dinamismo e \u00e0s frequentes transforma\u00e7\u00f5es do mercado. \u201cDiante da evolu\u00e7\u00e3o constante da contabilidade, a resili\u00eancia sempre foi uma caracter\u00edstica necess\u00e1ria para o profissional cont\u00e1bil, que precisou se adequar tanto \u00e0s mudan\u00e7as tecnol\u00f3gicas na \u00faltima d\u00e9cada quanto \u00e0s constantes mudan\u00e7as tribut\u00e1rias e fiscais. Com isso, o profissional de contabilidade se mostrou preparado frente ao dinamismo que o cen\u00e1rio atual exigiu, respondendo de forma eficiente \u00e0s demandas das medidas provis\u00f3rias publicadas\u201d, destaca a contadora Angela Dantas de Mendon\u00e7a.<\/p>\n<p>&nbsp;<\/p>\n<p>Fonte: CFC<\/p>\n","protected":false},"excerpt":{"rendered":"<p>A limita\u00e7\u00e3o do contato social e da circula\u00e7\u00e3o de pessoas, como forma de combate e controle \u00e0 pandemia da Covid-19, e a crise econ\u00f4mica gerada pela doen\u00e7a impactaram diretamente na vida do trabalhador. Como um elo importante da cadeia econ\u00f4mica dos pa\u00edses, os profissionais da contabilidade sentem os efeitos da pandemia de uma forma dupla: [&hellip;]<\/p>\n","protected":false},"author":1,"featured_media":2294,"comment_status":"open","ping_status":"open","sticky":false,"template":"","format":"standard","meta":{"jetpack_post_was_ever_published":false,"_jetpack_newsletter_access":"","_jetpack_dont_email_post_to_subs":false,"_jetpack_newsletter_tier_id":0,"_jetpack_memberships_contains_paywalled_content":false,"_jetpack_memberships_contains_paid_content":false,"footnotes":"","jetpack_publicize_message":"","jetpack_publicize_feature_enabled":true,"jetpack_social_post_already_shared":true,"jetpack_social_options":{"image_generator_settings":{"template":"highway","default_image_id":0,"font":"","enabled":false},"version":2}},"categories":[22],"tags":[21,754,45],"class_list":["post-2293","post","type-post","status-publish","format-standard","has-post-thumbnail","hentry","category-geral","tag-contabilidade","tag-coronavirus","tag-trabalho"],"jetpack_publicize_connections":[],"jetpack_featured_media_url":"https:\/\/i0.wp.com\/cfcontabil.com\/cf\/wp-content\/uploads\/2020\/05\/rotina.png?fit=295%2C171&ssl=1","jetpack_sharing_enabled":true,"jetpack_shortlink":"https:\/\/wp.me\/p2wklX-AZ","jetpack-related-posts":[{"id":2346,"url":"https:\/\/cfcontabil.com\/cf\/o-que-podemos-aprender-com-os-contadores\/","url_meta":{"origin":2293,"position":0},"title":"O que podemos aprender com os contadores","author":"Ab\u00edlio Gon\u00e7alves","date":"22 de setembro de 2020","format":false,"excerpt":"Sem d\u00favidas, o cen\u00e1rio atual \u00e9 de desafio imenso para os contadores Muitos podem n\u00e3o saber, mas o contador, celebrado neste 22 de setembro, e\u00eam contribu\u00eddo, cada vez mais, n\u00e3o apenas para o aprimoramento da gest\u00e3o e governan\u00e7a corporativa, como para a transpar\u00eancia e integridade, anseios irrevers\u00edveis da sociedade contempor\u00e2nea.\u2026","rel":"","context":"Em &quot;Geral&quot;","block_context":{"text":"Geral","link":"https:\/\/cfcontabil.com\/cf\/category\/geral\/"},"img":{"alt_text":"","src":"https:\/\/i0.wp.com\/cfcontabil.com\/cf\/wp-content\/uploads\/2019\/09\/tecnologia-na-contabilidade-vantagens-1024x633.jpg?fit=1024%2C633&ssl=1&resize=350%2C200","width":350,"height":200,"srcset":"https:\/\/i0.wp.com\/cfcontabil.com\/cf\/wp-content\/uploads\/2019\/09\/tecnologia-na-contabilidade-vantagens-1024x633.jpg?fit=1024%2C633&ssl=1&resize=350%2C200 1x, https:\/\/i0.wp.com\/cfcontabil.com\/cf\/wp-content\/uploads\/2019\/09\/tecnologia-na-contabilidade-vantagens-1024x633.jpg?fit=1024%2C633&ssl=1&resize=525%2C300 1.5x, https:\/\/i0.wp.com\/cfcontabil.com\/cf\/wp-content\/uploads\/2019\/09\/tecnologia-na-contabilidade-vantagens-1024x633.jpg?fit=1024%2C633&ssl=1&resize=700%2C400 2x"},"classes":[]},{"id":1202,"url":"https:\/\/cfcontabil.com\/cf\/2013-ano-da-contabilidade-no-brasil\/","url_meta":{"origin":2293,"position":1},"title":"2013: ano da Contabilidade no Brasil","author":"Vin\u00edcius Moizinho","date":"9 de janeiro de 2013","format":false,"excerpt":"\u00a0 O ano de 2013 ser\u00e1, sem d\u00favida, um dos mais importantes para a Contabilidade brasileira. Lideran\u00e7as e \u00f3rg\u00e3os ligados \u00e0 profiss\u00e3o est\u00e3o se unindo para que toda a sociedade saiba e reconhe\u00e7a o verdadeiro papel do profissional da contabilidade. \u00a0 \u00a0 \u00a0 Conhe\u00e7a, a seguir, um pouco do projeto.\u2026","rel":"","context":"Em &quot;Consultoria Empresarial&quot;","block_context":{"text":"Consultoria Empresarial","link":"https:\/\/cfcontabil.com\/cf\/category\/consultoria\/"},"img":{"alt_text":"Ano da Contabilidade no Brasil","src":"http:\/\/www.crcsc.org.br\/arquivosSGC\/BANNER_20121211103353Ano20da20Contabilidade.jpg&w=418&h=238&c=s","width":350,"height":200},"classes":[]},{"id":1914,"url":"https:\/\/cfcontabil.com\/cf\/mp-verde-amarelo-nao-extingue-registro-do-profissional-da-contabilidade\/","url_meta":{"origin":2293,"position":2},"title":"MP Verde Amarelo n\u00e3o extingue registro do profissional da contabilidade","author":"Ab\u00edlio Gon\u00e7alves","date":"18 de novembro de 2019","format":false,"excerpt":"O Governo Federal lan\u00e7ou, nesta semana, a Medida Provis\u00f3ria n\u00ba 905, de 11 de novembro de 2019, que institui o Contrato de Trabalho Verde e Amarelo, um programa para\u00a0fomentar a cria\u00e7\u00e3o de empregos com carteira assinada no mercado de trabalho. Entre as altera\u00e7\u00f5es, a MP traz a n\u00e3o obrigatoriedade do\u2026","rel":"","context":"Em &quot;Geral&quot;","block_context":{"text":"Geral","link":"https:\/\/cfcontabil.com\/cf\/category\/geral\/"},"img":{"alt_text":"","src":"https:\/\/i0.wp.com\/cfcontabil.com\/cf\/wp-content\/uploads\/2019\/11\/contabilidade-neg%C3%B3cio.jpg?fit=679%2C451&ssl=1&resize=350%2C200","width":350,"height":200,"srcset":"https:\/\/i0.wp.com\/cfcontabil.com\/cf\/wp-content\/uploads\/2019\/11\/contabilidade-neg%C3%B3cio.jpg?fit=679%2C451&ssl=1&resize=350%2C200 1x, https:\/\/i0.wp.com\/cfcontabil.com\/cf\/wp-content\/uploads\/2019\/11\/contabilidade-neg%C3%B3cio.jpg?fit=679%2C451&ssl=1&resize=525%2C300 1.5x"},"classes":[]},{"id":2221,"url":"https:\/\/cfcontabil.com\/cf\/alem-da-prorrogacao-do-prazo-de-entrega-irpf-tem-mais-alteracoes\/","url_meta":{"origin":2293,"position":3},"title":"Al\u00e9m da prorroga\u00e7\u00e3o do prazo de entrega, IRPF tem mais altera\u00e7\u00f5es","author":"Ab\u00edlio Gon\u00e7alves","date":"4 de abril de 2020","format":false,"excerpt":"Anunciada pelo Secret\u00e1rio Especial da Receita Federal, Jos\u00e9 Tostes Neto, na \u00faltima quarta-feira (01\/04), a prorroga\u00e7\u00e3o para 30 de junho do prazo de entrega da declara\u00e7\u00e3o do\u00a0Imposto de Renda\u00a0Pessoa F\u00edsica (IRPF) n\u00e3o foi a \u00fanica novidade sobre o tema. A Instru\u00e7\u00e3o Normativa RFB n. 930, publicada no Di\u00e1rio Oficial da\u2026","rel":"","context":"Em &quot;Departamento Fiscal&quot;","block_context":{"text":"Departamento Fiscal","link":"https:\/\/cfcontabil.com\/cf\/category\/df\/"},"img":{"alt_text":"","src":"https:\/\/i0.wp.com\/cfcontabil.com\/cf\/wp-content\/uploads\/2020\/03\/dinheiro-caneta.jpg?fit=600%2C310&ssl=1&resize=350%2C200","width":350,"height":200,"srcset":"https:\/\/i0.wp.com\/cfcontabil.com\/cf\/wp-content\/uploads\/2020\/03\/dinheiro-caneta.jpg?fit=600%2C310&ssl=1&resize=350%2C200 1x, https:\/\/i0.wp.com\/cfcontabil.com\/cf\/wp-content\/uploads\/2020\/03\/dinheiro-caneta.jpg?fit=600%2C310&ssl=1&resize=525%2C300 1.5x"},"classes":[]},{"id":2275,"url":"https:\/\/cfcontabil.com\/cf\/gdf-determina-abertura-de-novos-espacos\/","url_meta":{"origin":2293,"position":4},"title":"GDF determina abertura de novos espa\u00e7os","author":"Ab\u00edlio Gon\u00e7alves","date":"22 de abril de 2020","format":false,"excerpt":"Medida publicada em edi\u00e7\u00e3o extra do DODF desta quarta-feira (22), libera reabertura de escrit\u00f3rios de advocacia, contabilidade, engenharia e arquitetura, al\u00e9m de imobili\u00e1rias Escrit\u00f3rios de advocacia, contabilidade, engenharia e arquitetura passam a funcionar a partir de hoje (22). Decreto liberando as atividades desses setores foi publicado na tarde desta quarta-feira\u2026","rel":"","context":"Em &quot;Geral&quot;","block_context":{"text":"Geral","link":"https:\/\/cfcontabil.com\/cf\/category\/geral\/"},"img":{"alt_text":"","src":"https:\/\/i0.wp.com\/cfcontabil.com\/cf\/wp-content\/uploads\/2020\/04\/abertura_contabilidade_blog.jpeg?fit=1200%2C675&ssl=1&resize=350%2C200","width":350,"height":200,"srcset":"https:\/\/i0.wp.com\/cfcontabil.com\/cf\/wp-content\/uploads\/2020\/04\/abertura_contabilidade_blog.jpeg?fit=1200%2C675&ssl=1&resize=350%2C200 1x, https:\/\/i0.wp.com\/cfcontabil.com\/cf\/wp-content\/uploads\/2020\/04\/abertura_contabilidade_blog.jpeg?fit=1200%2C675&ssl=1&resize=525%2C300 1.5x, https:\/\/i0.wp.com\/cfcontabil.com\/cf\/wp-content\/uploads\/2020\/04\/abertura_contabilidade_blog.jpeg?fit=1200%2C675&ssl=1&resize=700%2C400 2x, https:\/\/i0.wp.com\/cfcontabil.com\/cf\/wp-content\/uploads\/2020\/04\/abertura_contabilidade_blog.jpeg?fit=1200%2C675&ssl=1&resize=1050%2C600 3x"},"classes":[]},{"id":1830,"url":"https:\/\/cfcontabil.com\/cf\/o-futuro-do-profissional-de-contabilidade-e-a-inteligencia-artificial\/","url_meta":{"origin":2293,"position":5},"title":"O futuro do Profissional de Contabilidade e a Intelig\u00eancia Artificial","author":"Ab\u00edlio Gon\u00e7alves","date":"30 de outubro de 2019","format":false,"excerpt":"Vivemos num tempo de grande avan\u00e7o tecnol\u00f3gico. Esse avan\u00e7o atingiu praticamente todas as \u00e1reas do conhecimento humano e em velocidade exponencial. Como ficam o contabilista e a Contabilidade nesse contexto? Vivemos num tempo de grande avan\u00e7o tecnol\u00f3gico. Esse avan\u00e7o atingiu praticamente todas as \u00e1reas do conhecimento humano e em velocidade\u2026","rel":"","context":"Em &quot;Contabilidade em geral&quot;","block_context":{"text":"Contabilidade em geral","link":"https:\/\/cfcontabil.com\/cf\/category\/contabilidade-2\/"},"img":{"alt_text":"","src":"https:\/\/i0.wp.com\/cfcontabil.com\/cf\/wp-content\/uploads\/2019\/10\/servi%C3%A7o_software.jpg?fit=701%2C438&ssl=1&resize=350%2C200","width":350,"height":200,"srcset":"https:\/\/i0.wp.com\/cfcontabil.com\/cf\/wp-content\/uploads\/2019\/10\/servi%C3%A7o_software.jpg?fit=701%2C438&ssl=1&resize=350%2C200 1x, https:\/\/i0.wp.com\/cfcontabil.com\/cf\/wp-content\/uploads\/2019\/10\/servi%C3%A7o_software.jpg?fit=701%2C438&ssl=1&resize=525%2C300 1.5x, https:\/\/i0.wp.com\/cfcontabil.com\/cf\/wp-content\/uploads\/2019\/10\/servi%C3%A7o_software.jpg?fit=701%2C438&ssl=1&resize=700%2C400 2x"},"classes":[]}],"jetpack_likes_enabled":true,"_links":{"self":[{"href":"https:\/\/cfcontabil.com\/cf\/wp-json\/wp\/v2\/posts\/2293","targetHints":{"allow":["GET"]}}],"collection":[{"href":"https:\/\/cfcontabil.com\/cf\/wp-json\/wp\/v2\/posts"}],"about":[{"href":"https:\/\/cfcontabil.com\/cf\/wp-json\/wp\/v2\/types\/post"}],"author":[{"embeddable":true,"href":"https:\/\/cfcontabil.com\/cf\/wp-json\/wp\/v2\/users\/1"}],"replies":[{"embeddable":true,"href":"https:\/\/cfcontabil.com\/cf\/wp-json\/wp\/v2\/comments?post=2293"}],"version-history":[{"count":1,"href":"https:\/\/cfcontabil.com\/cf\/wp-json\/wp\/v2\/posts\/2293\/revisions"}],"predecessor-version":[{"id":2295,"href":"https:\/\/cfcontabil.com\/cf\/wp-json\/wp\/v2\/posts\/2293\/revisions\/2295"}],"wp:featuredmedia":[{"embeddable":true,"href":"https:\/\/cfcontabil.com\/cf\/wp-json\/wp\/v2\/media\/2294"}],"wp:attachment":[{"href":"https:\/\/cfcontabil.com\/cf\/wp-json\/wp\/v2\/media?parent=2293"}],"wp:term":[{"taxonomy":"category","embeddable":true,"href":"https:\/\/cfcontabil.com\/cf\/wp-json\/wp\/v2\/categories?post=2293"},{"taxonomy":"post_tag","embeddable":true,"href":"https:\/\/cfcontabil.com\/cf\/wp-json\/wp\/v2\/tags?post=2293"}],"curies":[{"name":"wp","href":"https:\/\/api.w.org\/{rel}","templated":true}]}}