{"id":2346,"date":"2020-09-22T10:02:43","date_gmt":"2020-09-22T13:02:43","guid":{"rendered":"http:\/\/cfcontabil.com\/cf\/?p=2346"},"modified":"2020-09-22T10:02:56","modified_gmt":"2020-09-22T13:02:56","slug":"o-que-podemos-aprender-com-os-contadores","status":"publish","type":"post","link":"https:\/\/cfcontabil.com\/cf\/o-que-podemos-aprender-com-os-contadores\/","title":{"rendered":"O que podemos aprender com os contadores"},"content":{"rendered":"\n<h4 class=\"wp-block-heading\">Sem d\u00favidas, o cen\u00e1rio atual \u00e9 de desafio imenso para os contadores<\/h4>\n\n\n\n<div class=\"wp-block-image\"><figure class=\"aligncenter\"><img data-recalc-dims=\"1\" decoding=\"async\" src=\"https:\/\/i0.wp.com\/fenacon.org.br\/media\/uploads\/noticias\/2020\/09\/download.jpg.600x335_q85_box-0%2C10%2C283%2C168_crop_detail.jpg?w=1170\" alt=\"\"\/><\/figure><\/div>\n\n\n\n<p>Muitos podem n\u00e3o saber, mas o contador, celebrado neste 22 de setembro, e\u00eam contribu\u00eddo, cada vez mais, n\u00e3o apenas para o aprimoramento da gest\u00e3o e governan\u00e7a corporativa, como para a transpar\u00eancia e integridade, anseios irrevers\u00edveis da sociedade contempor\u00e2nea. Exemplo muito claro da relev\u00e2ncia e amplia\u00e7\u00e3o do significado de seu trabalho verifica-se no cen\u00e1rio da pandemia da Covid-19, que desestabilizou pessoas e empresas de seus eixos.<\/p>\n\n\n\n<!--more-->\n\n\n\n<p>Hoje, em todas as frentes, seja atuando na prepara\u00e7\u00e3o de balan\u00e7os cont\u00e1beis, no atendimento a pessoas f\u00edsicas ou desempenhando a fun\u00e7\u00e3o de auditores independentes, os contadores operam cada vez mais como consultores e orientadores de boas pr\u00e1ticas. Muito do tempo que despendiam anteriormente com tarefas manuais (como as entregas fiscais), converteu-se em conhecimento, capacidade anal\u00edtica e cr\u00edtica e melhor uso de suas habilidades \u2013 indispens\u00e1veis neste momento at\u00edpico que vivemos, no qual as tomadas de decis\u00e3o devem ser r\u00e1pidas e assertivas.<\/p>\n\n\n\n<p>Parte desses cr\u00e9ditos vai para o Certificado Digital, que aplica-se de maneira muito adequada e pertinente \u00e0 contabilidade, conferindo praticidade e seguran\u00e7a no cumprimento de obriga\u00e7\u00f5es tribut\u00e1rias e acess\u00f3rias de empresas, \u00e0 declara\u00e7\u00e3o do Imposto de Renda de Pessoas F\u00edsicas, \u00e0 intera\u00e7\u00e3o com autoridades e organismos reguladores, assinatura digital de documentos, al\u00e9m de outros benef\u00edcios. Por meio desta tecnologia, essas intera\u00e7\u00f5es podem ser feitas no meio virtual, com apenas alguns cliques e total respaldo jur\u00eddico.<\/p>\n\n\n\n<p>Sem d\u00favidas, o cen\u00e1rio atual \u00e9 de desafio imenso para os contadores. Felizmente, os profissionais e empresas do setor, em mais uma demonstra\u00e7\u00e3o do grau de excel\u00eancia que a atividade atingiu no pa\u00eds, t\u00eam conseguido fazer frente \u00e0 inusitada demanda, fazendo o poss\u00edvel para contornar e enfrentar crise sem precedentes. Mais do que nunca a contabilidade foi sin\u00f4nimo de resili\u00eancia e com certeza, depois que tudo isso passar, assim ser\u00e1 lembrada. Diante de tudo isso, \u00e9 nosso dever parabenizar os contadores por este dia e agradecer-lhes por toda a dedica\u00e7\u00e3o ao of\u00edcio.<\/p>\n\n\n\n<p><em><strong>Bruno Portnoi<\/strong><\/em><\/p>\n\n\n\n<p><em>Diretor de Marketing e Vendas da Certisign<\/em><\/p>\n\n\n\n<p><em>Fonte: Monitor Mercantil<\/em><\/p>\n","protected":false},"excerpt":{"rendered":"<p>Sem d\u00favidas, o cen\u00e1rio atual \u00e9 de desafio imenso para os contadores Muitos podem n\u00e3o saber, mas o contador, celebrado neste 22 de setembro, e\u00eam contribu\u00eddo, cada vez mais, n\u00e3o apenas para o aprimoramento da gest\u00e3o e governan\u00e7a corporativa, como para a transpar\u00eancia e integridade, anseios irrevers\u00edveis da sociedade contempor\u00e2nea. Exemplo muito claro da relev\u00e2ncia [&hellip;]<\/p>\n","protected":false},"author":1,"featured_media":1588,"comment_status":"open","ping_status":"open","sticky":false,"template":"","format":"standard","meta":{"jetpack_post_was_ever_published":false,"_jetpack_newsletter_access":"","_jetpack_dont_email_post_to_subs":false,"_jetpack_newsletter_tier_id":0,"_jetpack_memberships_contains_paywalled_content":false,"_jetpack_memberships_contains_paid_content":false,"footnotes":"","jetpack_publicize_message":"","jetpack_publicize_feature_enabled":true,"jetpack_social_post_already_shared":true,"jetpack_social_options":{"image_generator_settings":{"template":"highway","default_image_id":0,"font":"","enabled":false},"version":2}},"categories":[22],"tags":[61,45],"class_list":["post-2346","post","type-post","status-publish","format-standard","has-post-thumbnail","hentry","category-geral","tag-contabil","tag-trabalho"],"jetpack_publicize_connections":[],"jetpack_featured_media_url":"https:\/\/i0.wp.com\/cfcontabil.com\/cf\/wp-content\/uploads\/2019\/09\/tecnologia-na-contabilidade-vantagens-1024x633.jpg?fit=1024%2C633&ssl=1","jetpack_sharing_enabled":true,"jetpack_shortlink":"https:\/\/wp.me\/p2wklX-BQ","jetpack-related-posts":[{"id":1203,"url":"https:\/\/cfcontabil.com\/cf\/bons-contadores-contatos-ruins\/","url_meta":{"origin":2346,"position":0},"title":"Bons contadores, contatos ruins","author":"Vin\u00edcius Moizinho","date":"24 de maio de 2013","format":false,"excerpt":"Salve, salve prezados! Passado quase um m\u00eas do conturbado per\u00edodo onde pessoas f\u00edsicas correm contra o tempo para prestar contas ao n\u00e3o-t\u00e3o-querido-assim le\u00e3o de estima\u00e7\u00e3o do Fisco, volto abordando um tema interessante para reflex\u00e3o. Considere: determinados tipos de servi\u00e7o demandam certo grau de qualifica\u00e7\u00e3o para que sejam realizados. Alguns com\u2026","rel":"","context":"Em &quot;Consultoria Empresarial&quot;","block_context":{"text":"Consultoria Empresarial","link":"https:\/\/cfcontabil.com\/cf\/category\/consultoria\/"},"img":{"alt_text":"","src":"","width":0,"height":0},"classes":[]},{"id":1026,"url":"https:\/\/cfcontabil.com\/cf\/dia-do-contador\/","url_meta":{"origin":2346,"position":1},"title":"Dia do Contador","author":"Vin\u00edcius Moizinho","date":"21 de setembro de 2012","format":false,"excerpt":"Nos antecipando um pouquinho aos final de semana, fica a lembran\u00e7a: \u00a0contabilista, parab\u00e9ns pelo seu dia! Como homenagem, reproduzimos texto de Fernando Kitzinger Dannemann, dispon\u00edvel no portal Recando das Letras. Confira! DIA DO CONTADOR - 22 de setembro\u00a0 \u00a0\u00a0\u00a0\u00a0\u00a0\u00a0\u00a0\u00a0\u00a0\u00a0Regulamentada pelo decreto n\u00ba 9295 de 1946, a profiss\u00e3o de contador tem\u2026","rel":"","context":"Em &quot;Geral&quot;","block_context":{"text":"Geral","link":"https:\/\/cfcontabil.com\/cf\/category\/geral\/"},"img":{"alt_text":"","src":"https:\/\/i0.wp.com\/cfcontabil.com\/cf\/wp-content\/uploads\/2012\/09\/Dia-do-Contador.png?resize=350%2C200","width":350,"height":200},"classes":[]},{"id":316,"url":"https:\/\/cfcontabil.com\/cf\/caso-cachoeira-braco-direito-nao-e-contador\/","url_meta":{"origin":2346,"position":2},"title":"Caso Cachoeira: \u201cBra\u00e7o direito\u201d N\u00c3O \u00e9 Contador","author":"Vin\u00edcius Moizinho","date":"25 de janeiro de 2013","format":false,"excerpt":"Bom dia, prezados! Hoje venho lhes trazer uma informa\u00e7\u00e3o relevante que, infelizmente, tem sido negligenciada pela m\u00eddia em geral. \u00c9 a respeito de Geovani Pereira da Silva, preso por ser considerado o contador da quadrilha desmantelada pela Pol\u00edcia Federal na resolu\u00e7\u00e3o do Caso\u00a0Carlinhos Cachoeira. O Conselho Regional de Contabilidade do\u2026","rel":"","context":"Em &quot;Geral&quot;","block_context":{"text":"Geral","link":"https:\/\/cfcontabil.com\/cf\/category\/geral\/"},"img":{"alt_text":"Conselho Regional de Contabilidade do DF","src":"https:\/\/i0.wp.com\/api.ning.com\/files\/dp5RmXzcyHBAaTQGxS-th1QSkWv34NNAjXClDAZf9qtJost6xYP2BTF5WlAXh7b50XStOJdvLZ1G7XiG3i0pF1KC7TJGeZ7G\/LogoCRCDF_peq.gif?resize=350%2C200","width":350,"height":200},"classes":[]},{"id":3435,"url":"https:\/\/cfcontabil.com\/cf\/da-automacao-a-inteligencia-o-futuro-da-contabilidade-ja-comecou\/","url_meta":{"origin":2346,"position":3},"title":"Da Automa\u00e7\u00e3o \u00e0 Intelig\u00eancia: O Futuro da Contabilidade j\u00e1 Come\u00e7ou","author":"Ab\u00edlio Gon\u00e7alves","date":"10 de setembro de 2025","format":false,"excerpt":"Na \u00faltima edi\u00e7\u00e3o do Conta Azul Con 2025, participei da palestra conduzida por Rodrigo Bogoni e Dercio Bolais, representantes da Thomson Reuters e da Dom\u00ednio. O tema n\u00e3o poderia ser mais atual: como os servi\u00e7os digitais e embarcados est\u00e3o transformando a contabilidade em uma verdadeira consultoria estrat\u00e9gica para empresas de\u2026","rel":"","context":"Em &quot;Geral&quot;","block_context":{"text":"Geral","link":"https:\/\/cfcontabil.com\/cf\/category\/geral\/"},"img":{"alt_text":"","src":"https:\/\/i0.wp.com\/cfcontabil.com\/cf\/wp-content\/uploads\/2025\/09\/conta-azul-con25.png?fit=992%2C388&ssl=1&resize=350%2C200","width":350,"height":200,"srcset":"https:\/\/i0.wp.com\/cfcontabil.com\/cf\/wp-content\/uploads\/2025\/09\/conta-azul-con25.png?fit=992%2C388&ssl=1&resize=350%2C200 1x, https:\/\/i0.wp.com\/cfcontabil.com\/cf\/wp-content\/uploads\/2025\/09\/conta-azul-con25.png?fit=992%2C388&ssl=1&resize=525%2C300 1.5x, https:\/\/i0.wp.com\/cfcontabil.com\/cf\/wp-content\/uploads\/2025\/09\/conta-azul-con25.png?fit=992%2C388&ssl=1&resize=700%2C400 2x"},"classes":[]},{"id":726,"url":"https:\/\/cfcontabil.com\/cf\/a-responsabilidade-criminal-do-contador-no-crime-de-sonegacao-fiscal\/","url_meta":{"origin":2346,"position":4},"title":"A Responsabilidade Criminal do Contador no crime de Sonega\u00e7\u00e3o Fiscal","author":"Ab\u00edlio Gon\u00e7alves","date":"3 de abril de 2016","format":false,"excerpt":"O delito \u00e9 apenado com multa e reclus\u00e3o, de 2 (dois) a 5 (cinco) anos. \u00c9 importante tanto o empres\u00e1rio ou o pr\u00f3prio Contador conhecer seus limites e responsabilidades. Veja neste artigo O ordenamento jur\u00eddico prev\u00ea diversos crimes tribut\u00e1rios e, dentre eles, o delito de sonega\u00e7\u00e3o fiscal, consoante o art.\u2026","rel":"","context":"Em &quot;Contabilidade em geral&quot;","block_context":{"text":"Contabilidade em geral","link":"https:\/\/cfcontabil.com\/cf\/category\/contabilidade-2\/"},"img":{"alt_text":"","src":"https:\/\/i0.wp.com\/cfcontabil.com\/cf\/wp-content\/uploads\/2016\/04\/criminal2-1.jpg?fit=880%2C380&ssl=1&resize=350%2C200","width":350,"height":200,"srcset":"https:\/\/i0.wp.com\/cfcontabil.com\/cf\/wp-content\/uploads\/2016\/04\/criminal2-1.jpg?fit=880%2C380&ssl=1&resize=350%2C200 1x, https:\/\/i0.wp.com\/cfcontabil.com\/cf\/wp-content\/uploads\/2016\/04\/criminal2-1.jpg?fit=880%2C380&ssl=1&resize=525%2C300 1.5x, https:\/\/i0.wp.com\/cfcontabil.com\/cf\/wp-content\/uploads\/2016\/04\/criminal2-1.jpg?fit=880%2C380&ssl=1&resize=700%2C400 2x"},"classes":[]},{"id":100,"url":"https:\/\/cfcontabil.com\/cf\/de-quem-e-a-obrigacao-de-gerar-o-sped-fiscal\/","url_meta":{"origin":2346,"position":5},"title":"De quem \u00e9 a obriga\u00e7\u00e3o de gerar o SPED Fiscal?","author":"Vin\u00edcius Moizinho","date":"1 de agosto de 2012","format":false,"excerpt":"Bom dia! Hoje disponibilizo para voc\u00eas um excelente texto produzido pelo colega\u00a0Leandro Felizali, diretor da Vinco\u00a0(empresa brasileira especializada na integra\u00e7\u00e3o de sistemas e na migra\u00e7\u00e3o de dados). Afinal, de quem \u00e9 a obriga\u00e7\u00e3o de gerar o SPED Fiscal? Leandro tem a resposta. Confira logo a seguir. Boa leitura! As exig\u00eancias\u2026","rel":"","context":"Em &quot;Departamento Fiscal&quot;","block_context":{"text":"Departamento Fiscal","link":"https:\/\/cfcontabil.com\/cf\/category\/df\/"},"img":{"alt_text":"","src":"https:\/\/i0.wp.com\/www.gdcorp.com.br\/neoadmin\/imglib\/fnl\/61.jpg?resize=350%2C200","width":350,"height":200},"classes":[]}],"jetpack_likes_enabled":true,"_links":{"self":[{"href":"https:\/\/cfcontabil.com\/cf\/wp-json\/wp\/v2\/posts\/2346","targetHints":{"allow":["GET"]}}],"collection":[{"href":"https:\/\/cfcontabil.com\/cf\/wp-json\/wp\/v2\/posts"}],"about":[{"href":"https:\/\/cfcontabil.com\/cf\/wp-json\/wp\/v2\/types\/post"}],"author":[{"embeddable":true,"href":"https:\/\/cfcontabil.com\/cf\/wp-json\/wp\/v2\/users\/1"}],"replies":[{"embeddable":true,"href":"https:\/\/cfcontabil.com\/cf\/wp-json\/wp\/v2\/comments?post=2346"}],"version-history":[{"count":1,"href":"https:\/\/cfcontabil.com\/cf\/wp-json\/wp\/v2\/posts\/2346\/revisions"}],"predecessor-version":[{"id":2347,"href":"https:\/\/cfcontabil.com\/cf\/wp-json\/wp\/v2\/posts\/2346\/revisions\/2347"}],"wp:featuredmedia":[{"embeddable":true,"href":"https:\/\/cfcontabil.com\/cf\/wp-json\/wp\/v2\/media\/1588"}],"wp:attachment":[{"href":"https:\/\/cfcontabil.com\/cf\/wp-json\/wp\/v2\/media?parent=2346"}],"wp:term":[{"taxonomy":"category","embeddable":true,"href":"https:\/\/cfcontabil.com\/cf\/wp-json\/wp\/v2\/categories?post=2346"},{"taxonomy":"post_tag","embeddable":true,"href":"https:\/\/cfcontabil.com\/cf\/wp-json\/wp\/v2\/tags?post=2346"}],"curies":[{"name":"wp","href":"https:\/\/api.w.org\/{rel}","templated":true}]}}