{"id":250,"date":"2012-12-06T12:46:33","date_gmt":"2012-12-06T14:46:33","guid":{"rendered":"http:\/\/cfcontabil.com\/cf\/?p=250"},"modified":"2012-12-06T12:46:33","modified_gmt":"2012-12-06T14:46:33","slug":"substituicao-tributaria-como-afeta-sua-empresa","status":"publish","type":"post","link":"https:\/\/cfcontabil.com\/cf\/substituicao-tributaria-como-afeta-sua-empresa\/","title":{"rendered":"Substitui\u00e7\u00e3o tribut\u00e1ria: como afeta sua empresa?"},"content":{"rendered":"<p style=\"text-align: justify\">O Brasil \u00e9 um dos pa\u00edses com maior carga tribut\u00e1ria do mundo &#8211; e tamb\u00e9m com uma das mais complexas estruturas de arrecada\u00e7\u00e3o de impostos, tanto federais, quanto estaduais e municipais. Ao abrir novos neg\u00f3cios ou diversificar os j\u00e1 existentes, os empreendedores devem ficar atentos ao Imposto sobre Circula\u00e7\u00e3o de Mercadorias (ICMS), cuja al\u00edquota varia de produto para produto e de Estado para Estado.<\/p>\n<p style=\"text-align: justify\">Como forma de combater a sonega\u00e7\u00e3o e a informalidade das empresas, os Estados criaram, entre as d\u00e9cadas de 70 e 80, a regra da Substitui\u00e7\u00e3o Tribut\u00e1ria, ou ICMS-ST. Em 1993, essa norma passou a fazer parte da Constitui\u00e7\u00e3o por meio de uma emenda, sendo ent\u00e3o adotada por todas as unidades da federa\u00e7\u00e3o. Mas o que \u00e9?<\/p>\n<p style=\"text-align: justify\"><img data-recalc-dims=\"1\" fetchpriority=\"high\" decoding=\"async\" class=\"aligncenter\" src=\"https:\/\/i0.wp.com\/www.ajegoias.com.br\/wp-content\/uploads\/2012\/03\/imposto-581x326.jpg?resize=581%2C326\" alt=\"\" width=\"581\" height=\"326\" \/><\/p>\n<p style=\"text-align: justify\"><!--more--><\/p>\n<p style=\"text-align: justify\">&#8220;A Substitui\u00e7\u00e3o Tribut\u00e1ria \u00e9 quando o Estado cobra o imposto da venda do comerciante antes, ou seja, no momento em que a mercadoria sai da ind\u00fastria&#8221;, explica o juiz Jos\u00e9 Roberto Rosa, do Tribunal de Impostos e Taxas (TIT) do Estado de S\u00e3o Paulo. &#8220;Somente a lei pode colocar um produto sob a substitui\u00e7\u00e3o tribut\u00e1ria&#8221;, acrescenta.<\/p>\n<p style=\"text-align: justify\">Isso faz do varejista o contribuinte substitu\u00eddo, porque foi substitu\u00eddo pela ind\u00fastria ou pelo atacadista. J\u00e1 o contribuinte substituto ser\u00e1 o receptor do dinheiro na fonte, que \u00e9 a ind\u00fastria ou atacadista.<\/p>\n<p style=\"text-align: justify\">A taxa de imposto sobre os produtos das empresas que n\u00e3o se enquadram no regime do Simples Nacional varia, mas geralmente fica em torno de 18%. &#8220;O comerciante paga 18%, sobre a diferen\u00e7a da venda e do valor da compra&#8221;, esclarece Jos\u00e9 Roberto.<\/p>\n<p style=\"text-align: justify\">A pol\u00eamica em torno do ICMS-ST vem das empresas que se enquadram no Simples Nacional &#8211; regime diferenciado de arrecada\u00e7\u00e3o, cobran\u00e7a e fiscaliza\u00e7\u00e3o de tributos aplic\u00e1vel \u00e0s micro e pequenas empresas. O ICMS dessa categoria varia de 1,25% a 3,95%, dependendo da taxa de faturamento da empresa.<\/p>\n<p style=\"text-align: justify\">Mas, por meio da Substitui\u00e7\u00e3o Tribut\u00e1ria, as empresas do Simples pagar\u00e3o a mesma taxa que as demais. &#8220;Entretanto, n\u00e3o ser\u00e1 sobre o faturamento e, sim, sobre a margem, que \u00e9 a diferen\u00e7a do pre\u00e7o presumido de venda e do pre\u00e7o de venda da ind\u00fastria&#8221;, distingue o juiz.<\/p>\n<p style=\"text-align: justify\">Para Jos\u00e9 Chapina, presidente do Conselho de Assuntos Tribut\u00e1rios da Federa\u00e7\u00e3o do Com\u00e9rcio de Bens, Servi\u00e7os e Turismo do Estado de S\u00e3o Paulo (Fecomercio), foi tirada uma grande vantagem das empresas do Simples. &#8220;Antes da ST, o com\u00e9rcio varejista comprava, estocava, o consumidor adquiria e somente naquele momento o comerciante pagaria o imposto incidente sobre a mercadoria&#8221;, diz.<\/p>\n<p style=\"text-align: justify\">Segundo ele, as despesas das empresas aumentam e a competitividade cai. &#8220;O regime do ICMS-ST demonstra ser eficiente ao combate da informalidade no varejo, mas transfere o controle e o caixa a poucos &#8211; desrespeitado a Lei Complementar n. 123\/2006. Isso acaba onerando as micro e pequenas empresas do Simples Nacional com aumento de carga tribut\u00e1ria e baixa competitividade em rela\u00e7\u00e3o \u00e0s mercadorias importadas.&#8221;<\/p>\n<p style=\"text-align: justify\">\u00c9 o governo quem define de quanto ser\u00e1 o imposto incidente sobre cada produto no varejo. &#8220;Uma tabela foi criada pelo governo para determinar o pre\u00e7o de mercado&#8221;, conta Chapina. Segundo o juiz do TIT, a lista \u00e9 feita por meio de uma pesquisa de mercado. &#8220;A pesquisa \u00e9 feita pela Fazenda, mas tamb\u00e9m pode ter a participa\u00e7\u00e3o de entidades representativas dos setores. Em S\u00e3o Paulo, por exemplo, as entidades mais consultadas por serem consideradas id\u00f4neas e eficazes s\u00e3o a Funda\u00e7\u00e3o Instituto de Pesquisas Econ\u00f4micas (Fipe) e a Funda\u00e7\u00e3o Getulio Vargas (FGV)&#8221;, diz.<\/p>\n<p style=\"text-align: justify\">\u00c9 importante ressaltar que as empresas do Simples devem ficar atentas \u00e0 obrigatoriedade do imposto para cada tipo de produto. &#8220;Ele n\u00e3o \u00e9 opcional, \u00e9 compuls\u00f3rio. Quando o Estado coloca o produto no segmento do ST, toda a cadeia produtiva \u00e9 obrigada a cumprir&#8221;, alerta Jos\u00e9.<\/p>\n<p style=\"text-align: justify\">Entretanto, h\u00e1 a possibilidade de estorno. &#8220;Se o imposto foi cobrado na fonte, a possibilidade ressarcimento existe se n\u00e3o acontece a venda &#8211; por causa de furto, ou algum incidente impeditivo. A pr\u00f3pria Constitui\u00e7\u00e3o garante que o comerciante receba de volta. Outra possibilidade de estorno \u00e9 se a venda ocorrer para uma empresa de outro Estado&#8221;, explica o juiz.<\/p>\n<p style=\"text-align: justify\">Apesar de haver a possibilidade, para Chapina a chance de ressarcimento \u00e9 quase nula. &#8220;Buscar cr\u00e9dito do ICMS em raz\u00e3o de mercadorias n\u00e3o comercializadas \u00e9 uma miss\u00e3o imposs\u00edvel para a pequena empresa, em raz\u00e3o da burocracia e do regime fiscalizador. S\u00e3o exigidas muitas provas do pequeno contribuinte, opina.<\/p>\n<p style=\"text-align: justify\">Portanto, pequeno comerciante, fique muito atento \u00e0s suas obriga\u00e7\u00f5es tribut\u00e1rias. O assunto \u00e9 s\u00e9rio, impacta em seu neg\u00f3cio e requer planejamento para evitar futuras surpresas.<\/p>\n<p style=\"text-align: justify\">Fique de olho!<\/p>\n<p style=\"text-align: justify\">\n<p style=\"text-align: justify\"><span style=\"font-size: 10px\"><em>Artigo original elaborado pelo portal Terra, com edi\u00e7\u00f5es.\u00a0<\/em><\/span><\/p>\n","protected":false},"excerpt":{"rendered":"<p>O Brasil \u00e9 um dos pa\u00edses com maior carga tribut\u00e1ria do mundo &#8211; e tamb\u00e9m com uma das mais complexas estruturas de arrecada\u00e7\u00e3o de impostos, tanto federais, quanto estaduais e municipais. Ao abrir novos neg\u00f3cios ou diversificar os j\u00e1 existentes, os empreendedores devem ficar atentos ao Imposto sobre Circula\u00e7\u00e3o de Mercadorias (ICMS), cuja al\u00edquota varia [&hellip;]<\/p>\n","protected":false},"author":2,"featured_media":0,"comment_status":"open","ping_status":"open","sticky":false,"template":"","format":"standard","meta":{"jetpack_post_was_ever_published":false,"_jetpack_newsletter_access":"","_jetpack_dont_email_post_to_subs":false,"_jetpack_newsletter_tier_id":0,"_jetpack_memberships_contains_paywalled_content":false,"_jetpack_memberships_contains_paid_content":false,"footnotes":"","jetpack_publicize_message":"Substitui\u00e7\u00e3o tribut\u00e1ria: como afeta sua empresa?","jetpack_publicize_feature_enabled":true,"jetpack_social_post_already_shared":true,"jetpack_social_options":{"image_generator_settings":{"template":"highway","default_image_id":0,"font":"","enabled":false},"version":2}},"categories":[22],"tags":[],"class_list":["post-250","post","type-post","status-publish","format-standard","hentry","category-geral"],"jetpack_publicize_connections":[],"jetpack_featured_media_url":"","jetpack_sharing_enabled":true,"jetpack_shortlink":"https:\/\/wp.me\/p2wklX-42","jetpack-related-posts":[{"id":717,"url":"https:\/\/cfcontabil.com\/cf\/cest-exigencia-e-adiada-para-outubro-de-2016\/","url_meta":{"origin":250,"position":0},"title":"CEST \u2013 exig\u00eancia \u00e9 adiada para outubro de 2016","author":"Ab\u00edlio Gon\u00e7alves","date":"1 de abril de 2016","format":false,"excerpt":"O CONFAZ por meio do Conv\u00eanio ICMS 16 \/2016 (DOU de 28\/03) adiou para 1\u00ba de outubro de 2016 a exig\u00eancia do CEST. O CEST - C\u00f3digo Especificador de Substitui\u00e7\u00e3o Tribut\u00e1ria, institu\u00eddo pelo Conv\u00eanio ICMS 92\/2015, promete diminuir os conflitos sobre a tributa\u00e7\u00e3o do produtos no que tange ao ICMS.\u2026","rel":"","context":"Em &quot;Departamento Fiscal&quot;","block_context":{"text":"Departamento Fiscal","link":"https:\/\/cfcontabil.com\/cf\/category\/df\/"},"img":{"alt_text":"","src":"https:\/\/i0.wp.com\/cfcontabil.com\/cf\/wp-content\/uploads\/2016\/03\/NFe-1.jpg?fit=543%2C232&ssl=1&resize=350%2C200","width":350,"height":200,"srcset":"https:\/\/i0.wp.com\/cfcontabil.com\/cf\/wp-content\/uploads\/2016\/03\/NFe-1.jpg?fit=543%2C232&ssl=1&resize=350%2C200 1x, https:\/\/i0.wp.com\/cfcontabil.com\/cf\/wp-content\/uploads\/2016\/03\/NFe-1.jpg?fit=543%2C232&ssl=1&resize=525%2C300 1.5x"},"classes":[]},{"id":554,"url":"https:\/\/cfcontabil.com\/cf\/saiba-quais-sao-os-tributos-que-todo-empreendedor-precisa-conhecer\/","url_meta":{"origin":250,"position":1},"title":"Saiba quais s\u00e3o os tributos que todo empreendedor precisa conhecer","author":"Vin\u00edcius Moizinho","date":"14 de agosto de 2014","format":false,"excerpt":"\u00a0 Uma boa administra\u00e7\u00e3o tribut\u00e1ria desde o come\u00e7o do neg\u00f3cio pode fazer diferen\u00e7a no sucesso. Confira a excelente compila\u00e7\u00e3o sobre o assunto publicada pela Endeavor Brasil e redistribu\u00edda pelo Di\u00e1rio Catarinense. \u00a0 N\u00e3o \u00e9 incomum ouvir dizer que o Brasil \u00e9 o \u201cpa\u00eds dos impostos\u201d, mas \u00e9 importante ter claro\u2026","rel":"","context":"Em &quot;Consultoria Empresarial&quot;","block_context":{"text":"Consultoria Empresarial","link":"https:\/\/cfcontabil.com\/cf\/category\/consultoria\/"},"img":{"alt_text":"","src":"","width":0,"height":0},"classes":[]},{"id":675,"url":"https:\/\/cfcontabil.com\/cf\/atencao-as-mudancas-na-nf-e-o-prazo-expira-no-final-do-mes\/","url_meta":{"origin":250,"position":2},"title":"Aten\u00e7\u00e3o \u00e0s mudan\u00e7as na NF-e. O prazo expira no final do m\u00eas","author":"Ab\u00edlio Gon\u00e7alves","date":"17 de mar\u00e7o de 2016","format":false,"excerpt":"Em abril, o layout das NF-e e da NFC-e ter\u00e1 de incluir campos para contemplar um novo c\u00f3digo identificador de mercadorias, o Cest. As empresas t\u00eam at\u00e9 1\u00b0 de abril para adequar os seus programas geradores de documentos fiscais ao C\u00f3digo Especificador da Substitui\u00e7\u00e3o Tribut\u00e1ria (Cest). Todos aqueles que emitem\u2026","rel":"","context":"Em &quot;Consultoria Empresarial&quot;","block_context":{"text":"Consultoria Empresarial","link":"https:\/\/cfcontabil.com\/cf\/category\/consultoria\/"},"img":{"alt_text":"","src":"https:\/\/i0.wp.com\/cfcontabil.com\/cf\/wp-content\/uploads\/2016\/03\/ncfe-1.jpg?fit=473%2C326&ssl=1&resize=350%2C200","width":350,"height":200},"classes":[]},{"id":1849,"url":"https:\/\/cfcontabil.com\/cf\/estado-e-contribuintes-disputam-quase-r-5-trilhoes-em-tributos-mostra-estudo\/","url_meta":{"origin":250,"position":3},"title":"Estado e contribuintes disputam quase R$ 5 trilh\u00f5es em tributos, mostra estudo","author":"Ab\u00edlio Gon\u00e7alves","date":"4 de novembro de 2019","format":false,"excerpt":"Cifra trilion\u00e1ria equivale a 73% do PIB brasileiro e supera o valor de mercado das 328 companhias listadas na bolsa de valores. As disputas tribut\u00e1rias entre o Estado e os contribuintes somam quase R$ 5 trilh\u00f5es no Brasil. O montante equivale a quase 73% do Produto Interno Bruto (PIB) do\u2026","rel":"","context":"Em &quot;Geral&quot;","block_context":{"text":"Geral","link":"https:\/\/cfcontabil.com\/cf\/category\/geral\/"},"img":{"alt_text":"","src":"https:\/\/i0.wp.com\/cfcontabil.com\/cf\/wp-content\/uploads\/2017\/01\/Moedas-1-real-1.jpg?fit=810%2C455&ssl=1&resize=350%2C200","width":350,"height":200,"srcset":"https:\/\/i0.wp.com\/cfcontabil.com\/cf\/wp-content\/uploads\/2017\/01\/Moedas-1-real-1.jpg?fit=810%2C455&ssl=1&resize=350%2C200 1x, https:\/\/i0.wp.com\/cfcontabil.com\/cf\/wp-content\/uploads\/2017\/01\/Moedas-1-real-1.jpg?fit=810%2C455&ssl=1&resize=525%2C300 1.5x, https:\/\/i0.wp.com\/cfcontabil.com\/cf\/wp-content\/uploads\/2017\/01\/Moedas-1-real-1.jpg?fit=810%2C455&ssl=1&resize=700%2C400 2x"},"classes":[]},{"id":1082,"url":"https:\/\/cfcontabil.com\/cf\/temer-queria-simplificar-impostos-agora-pensa-em-aumenta-los\/","url_meta":{"origin":250,"position":4},"title":"Temer queria simplificar impostos. Agora pensa em aument\u00e1-los","author":"Ab\u00edlio Gon\u00e7alves","date":"23 de mar\u00e7o de 2017","format":false,"excerpt":"\"Se o governo quer fazer via medida provis\u00f3ria, \u00e9 porque vem aumento\u201d, diz diretor da Fenacon O governo Temer parecia disposto a simplificar o pagamento de impostos, sem mexer - para mais nem para menos - na carga tribut\u00e1ria. A ideia era fazer uma \u201creforma fatiada\u201d, via medidas provis\u00f3rias, come\u00e7ando\u2026","rel":"","context":"Em &quot;Departamento Fiscal&quot;","block_context":{"text":"Departamento Fiscal","link":"https:\/\/cfcontabil.com\/cf\/category\/df\/"},"img":{"alt_text":"","src":"https:\/\/i0.wp.com\/cfcontabil.com\/cf\/wp-content\/uploads\/2017\/01\/Moedas-1-real-1.jpg?fit=810%2C455&ssl=1&resize=350%2C200","width":350,"height":200,"srcset":"https:\/\/i0.wp.com\/cfcontabil.com\/cf\/wp-content\/uploads\/2017\/01\/Moedas-1-real-1.jpg?fit=810%2C455&ssl=1&resize=350%2C200 1x, https:\/\/i0.wp.com\/cfcontabil.com\/cf\/wp-content\/uploads\/2017\/01\/Moedas-1-real-1.jpg?fit=810%2C455&ssl=1&resize=525%2C300 1.5x, https:\/\/i0.wp.com\/cfcontabil.com\/cf\/wp-content\/uploads\/2017\/01\/Moedas-1-real-1.jpg?fit=810%2C455&ssl=1&resize=700%2C400 2x"},"classes":[]},{"id":1948,"url":"https:\/\/cfcontabil.com\/cf\/tributar-dividendo-e-peca-fundamental-na-reforma-do-imposto-de-renda\/","url_meta":{"origin":250,"position":5},"title":"Tributar dividendo \u00e9 pe\u00e7a fundamental na reforma do Imposto de Renda","author":"Ab\u00edlio Gon\u00e7alves","date":"26 de novembro de 2019","format":false,"excerpt":"Entre os itens que podem ser alterados no Importo de Renda est\u00e3o as dedu\u00e7\u00f5es de despesas com sa\u00fade e educa\u00e7\u00e3o A cobran\u00e7a de imposto sobre dividendos, hoje isentos, \u00e9 pe\u00e7a fundamental no projeto do governo federal de\u00a0aliviar a carga tribut\u00e1ria sobre empresas e tornar o Imposto de Renda\u00a0das pessoas f\u00edsicas\u2026","rel":"","context":"Em &quot;Departamento Fiscal&quot;","block_context":{"text":"Departamento Fiscal","link":"https:\/\/cfcontabil.com\/cf\/category\/df\/"},"img":{"alt_text":"","src":"https:\/\/i0.wp.com\/cfcontabil.com\/cf\/wp-content\/uploads\/2019\/11\/Receita-Federal.jpg?fit=1200%2C675&ssl=1&resize=350%2C200","width":350,"height":200,"srcset":"https:\/\/i0.wp.com\/cfcontabil.com\/cf\/wp-content\/uploads\/2019\/11\/Receita-Federal.jpg?fit=1200%2C675&ssl=1&resize=350%2C200 1x, https:\/\/i0.wp.com\/cfcontabil.com\/cf\/wp-content\/uploads\/2019\/11\/Receita-Federal.jpg?fit=1200%2C675&ssl=1&resize=525%2C300 1.5x, https:\/\/i0.wp.com\/cfcontabil.com\/cf\/wp-content\/uploads\/2019\/11\/Receita-Federal.jpg?fit=1200%2C675&ssl=1&resize=700%2C400 2x, https:\/\/i0.wp.com\/cfcontabil.com\/cf\/wp-content\/uploads\/2019\/11\/Receita-Federal.jpg?fit=1200%2C675&ssl=1&resize=1050%2C600 3x"},"classes":[]}],"jetpack_likes_enabled":true,"_links":{"self":[{"href":"https:\/\/cfcontabil.com\/cf\/wp-json\/wp\/v2\/posts\/250","targetHints":{"allow":["GET"]}}],"collection":[{"href":"https:\/\/cfcontabil.com\/cf\/wp-json\/wp\/v2\/posts"}],"about":[{"href":"https:\/\/cfcontabil.com\/cf\/wp-json\/wp\/v2\/types\/post"}],"author":[{"embeddable":true,"href":"https:\/\/cfcontabil.com\/cf\/wp-json\/wp\/v2\/users\/2"}],"replies":[{"embeddable":true,"href":"https:\/\/cfcontabil.com\/cf\/wp-json\/wp\/v2\/comments?post=250"}],"version-history":[{"count":0,"href":"https:\/\/cfcontabil.com\/cf\/wp-json\/wp\/v2\/posts\/250\/revisions"}],"wp:attachment":[{"href":"https:\/\/cfcontabil.com\/cf\/wp-json\/wp\/v2\/media?parent=250"}],"wp:term":[{"taxonomy":"category","embeddable":true,"href":"https:\/\/cfcontabil.com\/cf\/wp-json\/wp\/v2\/categories?post=250"},{"taxonomy":"post_tag","embeddable":true,"href":"https:\/\/cfcontabil.com\/cf\/wp-json\/wp\/v2\/tags?post=250"}],"curies":[{"name":"wp","href":"https:\/\/api.w.org\/{rel}","templated":true}]}}