{"id":252,"date":"2012-12-06T12:29:28","date_gmt":"2012-12-06T14:29:28","guid":{"rendered":"http:\/\/cfcontabil.com\/cf\/?p=252"},"modified":"2012-12-06T12:29:28","modified_gmt":"2012-12-06T14:29:28","slug":"fundo-de-garantia-do-tempo-de-servico-fgts","status":"publish","type":"post","link":"https:\/\/cfcontabil.com\/cf\/fundo-de-garantia-do-tempo-de-servico-fgts\/","title":{"rendered":"Fundo de Garantia do Tempo de Servi\u00e7o &#8211; FGTS"},"content":{"rendered":"<p><span style=\"font-family: verdana, geneva;font-size: 14px\">Oi pessoal! Como est\u00e3o? Animados para as festas de final de ano?<\/span><\/p>\n<p><span style=\"font-family: verdana, geneva;font-size: 14px\">\u00a0<\/span><\/p>\n<p><span style=\"font-family: verdana, geneva;font-size: 14px\">Muitas pessoas me perguntam como sacar o FGTS, ent\u00e3o resolvi colocar algumas informa\u00e7\u00f5es aqui.<\/span><\/p>\n<p><span style=\"font-family: verdana, geneva;font-size: 14px\">\u00a0<\/span><\/p>\n<p><span style=\"font-family: verdana, geneva;font-size: 14px\"><strong>Voc\u00ea sabe o que \u00e9 FGTS?<\/strong><\/span><\/p>\n<p><span style=\"font-family: verdana, geneva;font-size: 14px\"><img data-recalc-dims=\"1\" decoding=\"async\" class=\"alignnone\" src=\"https:\/\/i0.wp.com\/www.fgts.gov.br\/resources\/logofgts_v2.jpg?resize=260%2C186\" alt=\"\" width=\"260\" height=\"186\" \/><\/span><\/p>\n<p><span style=\"font-family: verdana, geneva;font-size: 14px\"><!--more--><\/span><\/p>\n<p><span style=\"font-family: verdana, geneva;font-size: 14px\">O FGTS foi institu\u00eddo pela Lei n\u00ba 5.107, de 13\/09\/66 e \u00a0regulamentado pelo Decreto n\u00ba 59.820, de 20\/12\/66.<\/span><\/p>\n<p><span style=\"font-family: verdana, geneva;font-size: 14px\">Os empregadores depositam em uma conta vinculada ao contrato de trabalho, em nome dos seus empregados, o equivalente a 8% da remunera\u00e7\u00e3o do empregado ou 2% quando se tratar de contrato tempor\u00e1rio.<\/span><\/p>\n<p><span style=\"font-family: verdana, geneva;font-size: 14px\"><strong>O FGTS tem como objetivo:<\/strong><\/span><\/p>\n<ul>\n<li><span style=\"font-family: verdana, geneva;font-size: 14px\">Formar um fundo de indeniza\u00e7\u00f5es trabalhistas;<\/span><\/li>\n<li><span style=\"font-family: verdana, geneva;font-size: 14px\">Oferecer ao trabalhador a possibilidade de formar um patrim\u00f4nio em troca da estabilidade no emprego;<\/span><\/li>\n<li><span style=\"font-family: verdana, geneva;font-size: 14px\">Proporcionar ao trabalhador aumento de sua renda real, pela possibilidade de acesso \u00e0 casa pr\u00f3pria;<\/span><\/li>\n<li><span style=\"font-family: verdana, geneva;font-size: 14px\">Formar fundo de recursos para o financiamento de programas de habita\u00e7\u00e3o popular, saneamento b\u00e1sico e infraestrutura urbana.<\/span><\/li>\n<\/ul>\n<p><span style=\"font-family: verdana, geneva;font-size: 14px\"><strong>Situa\u00e7\u00f5es que permitem o saque da conta vinculada:<\/strong><\/span><\/p>\n<p><span style=\"font-family: verdana, geneva;font-size: 14px\">* Despedida sem justa causa;<\/span><\/p>\n<p><span style=\"font-family: verdana, geneva;font-size: 14px\">* Culpa rec\u00edproca ou for\u00e7a maior;<\/span><\/p>\n<p><span style=\"font-family: verdana, geneva;font-size: 14px\">* Extin\u00e7\u00e3o da empresa\/supress\u00e3o da atividade\/nulidade do contrato de trabalho;<\/span><\/p>\n<p><span style=\"font-family: verdana, geneva;font-size: 14px\">* T\u00e9rmino do contrato de trabalho no prazo determinado;<\/span><\/p>\n<p><span style=\"font-family: verdana, geneva;font-size: 14px\">* Aposentadoria;<\/span><\/p>\n<p><span style=\"font-family: verdana, geneva;font-size: 14px\">* Suspens\u00e3o total do trabalho avulso por per\u00edodo igual ou superior a noventa dias;<\/span><\/p>\n<p><span style=\"font-family: verdana, geneva;font-size: 14px\">* Necessidade pessoal em raz\u00e3o de desastre natural que atingiu a resid\u00eancia do trabalhador em munic\u00edpio que tenha decretado situa\u00e7\u00e3o de emerg\u00eancia ou estado de calamidade p\u00fablica;<\/span><\/p>\n<p><span style=\"font-family: verdana, geneva;font-size: 14px\">* Falecimento;<\/span><\/p>\n<p><span style=\"font-family: verdana, geneva;font-size: 14px\">* Ter, o titular da conta, idade igual ou superior a setenta anos,<\/span><\/p>\n<p><span style=\"font-family: verdana, geneva;font-size: 14px\">* Trabalhador ou dependente portador de v\u00edrus HIV &#8211; SIDA\/AIDS;<\/span><\/p>\n<p><span style=\"font-family: verdana, geneva;font-size: 14px\">* Trabalhador ou dependente acometido de neoplasia maligna &#8211; C\u00c2NCER;<\/span><\/p>\n<p><span style=\"font-family: verdana, geneva;font-size: 14px\">* Perman\u00eancia do titular, por tr\u00eas anos\u00a0ininterruptos\u00a0 fora do regime do FGTS, para contrato de trabalho extintos a partir de 14\/07\/1990; e<\/span><\/p>\n<p><span style=\"font-family: verdana, geneva;font-size: 14px\">* Utiliza\u00e7\u00e3o em moradia pr\u00f3pria.<\/span><\/p>\n<p><span style=\"font-family: verdana, geneva;font-size: 14px\">\u00a0<\/span><\/p>\n<p><span style=\"font-family: verdana, geneva;font-size: 14px\"><strong>Procedimentos para o saque da conta vinculada:<\/strong><\/span><\/p>\n<p><span style=\"font-family: verdana, geneva;font-size: 14px\">* Documento de identifica\u00e7\u00e3o pessoal,;<\/span><\/p>\n<p><span style=\"font-family: verdana, geneva;font-size: 14px\">* Cart\u00e3o do Cidad\u00e3o ou Cart\u00e3o de Inscri\u00e7\u00e3o PIS\/PASEP;<\/span><\/p>\n<p><span style=\"font-family: verdana, geneva;font-size: 14px\">* Carteira de Trabalho e Previd\u00eancia social &#8211; CTPS do titular;<\/span><\/p>\n<p><span style=\"font-family: verdana, geneva;font-size: 14px\">* Apresentar o Termo de Rescis\u00e3o de Contrato de Trabalho, ou documento comprobat\u00f3rio do direito do saque em ag\u00eancia da CAIXA ou em ag\u00eancia da rede banc\u00e1ria onde a CAIXA n\u00e3o esteja presente.<\/span><\/p>\n<p><span style=\"font-family: verdana, geneva;font-size: 14px\">\u00a0<\/span><\/p>\n<p><span style=\"font-family: verdana, geneva;font-size: 14px\"><strong>Utiliza\u00e7\u00e3o em moradia pr\u00f3pria:<\/strong><\/span><\/p>\n<p><span style=\"font-family: verdana, geneva;font-size: 14px\">* O trabalhador dever\u00e1 consultar o agente financeiro escolhido para atendimento.<\/span><\/p>\n<p><span style=\"font-family: verdana, geneva;font-size: 14px\">\u00a0<\/span><\/p>\n<p><span style=\"font-family: verdana, geneva;font-size: 14px\"><strong>Cr\u00e9dito de juros e Atualiza\u00e7\u00e3o monet\u00e1ria<\/strong><\/span><\/p>\n<p><span style=\"font-family: verdana, geneva;font-size: 14px\"><strong><\/strong>* O saldo da conta vinculada \u00e9 atualizado mensalmente, com base no indexador aplicado \u00e0 caderneta de poupan\u00e7a com anivers\u00e1rio no dia 01 de cada m\u00eas. Os valores j\u00e1 creditados, tamb\u00e9m s\u00e3o acrescidos de juros que podem variar de 3% a 6% ao ano, conforme a taxa de juros devida \u00e0 conta vinculada.<\/span><\/p>\n<p><span style=\"font-family: verdana, geneva;font-size: 14px\">\u00a0<\/span><\/p>\n<p><span style=\"font-family: verdana, geneva;font-size: 14px\">Fonte: www.caixa.gov.br<\/span><\/p>\n<p><span style=\"font-family: verdana, geneva;font-size: 14px\">\u00a0<\/span><\/p>\n<p><span style=\"font-family: verdana, geneva;font-size: 14px\">Abs.,<\/span><\/p>\n<p><span style=\"font-family: verdana, geneva;font-size: 14px\">Ju\u00a0<img data-recalc-dims=\"1\" decoding=\"async\" src=\"https:\/\/i0.wp.com\/cfcontabil.com\/cf\/wp-content\/plugins\/ultimate-tinymce\/addons\/emotions\/img\/smiley-wink.gif?w=1170\" alt=\"Wink\" border=\"0\" \/><\/span><\/p>\n<p><span style=\"font-family: verdana, geneva;font-size: 14px\">\u00a0<\/span><\/p>\n","protected":false},"excerpt":{"rendered":"<p>Oi pessoal! Como est\u00e3o? Animados para as festas de final de ano? \u00a0 Muitas pessoas me perguntam como sacar o FGTS, ent\u00e3o resolvi colocar algumas informa\u00e7\u00f5es aqui. \u00a0 Voc\u00ea sabe o que \u00e9 FGTS?<\/p>\n","protected":false},"author":4,"featured_media":0,"comment_status":"open","ping_status":"open","sticky":false,"template":"","format":"standard","meta":{"jetpack_post_was_ever_published":false,"_jetpack_newsletter_access":"","_jetpack_dont_email_post_to_subs":false,"_jetpack_newsletter_tier_id":0,"_jetpack_memberships_contains_paywalled_content":false,"_jetpack_memberships_contains_paid_content":false,"footnotes":"","jetpack_publicize_message":"","jetpack_publicize_feature_enabled":true,"jetpack_social_post_already_shared":true,"jetpack_social_options":{"image_generator_settings":{"template":"highway","default_image_id":0,"font":"","enabled":false},"version":2}},"categories":[22],"tags":[],"class_list":["post-252","post","type-post","status-publish","format-standard","hentry","category-geral"],"jetpack_publicize_connections":[],"jetpack_featured_media_url":"","jetpack_sharing_enabled":true,"jetpack_shortlink":"https:\/\/wp.me\/p2wklX-44","jetpack-related-posts":[{"id":1776,"url":"https:\/\/cfcontabil.com\/cf\/recebeu-uma-notificacao-de-debito-do-fgts-o-que-fazer\/","url_meta":{"origin":252,"position":0},"title":"Recebeu uma Notifica\u00e7\u00e3o de D\u00e9bito do FGTS? O que fazer?","author":"Ab\u00edlio Gon\u00e7alves","date":"17 de outubro de 2019","format":false,"excerpt":"O Governo Federal vem atuando de forma mais acirrada para combater fraudes e sonega\u00e7\u00e3o, agindo atrav\u00e9s de seus Minist\u00e9rios na busca de diminuir os gastos p\u00fablicos e aprimorar a arrecada\u00e7\u00e3o. Com base no\u00a0art. 18, II do Decreto 4.552\/2002, foi criada a Malha Fiscal do\u00a0FGTS, atrav\u00e9s da\u00a0Nota T\u00e9cnica SEI n\u00ba 2\/2019\/DFGTS\/CGFIT\/SIT\/STRAB\/SEPRT-ME,\u00a0para\u2026","rel":"","context":"Em &quot;Departamento Pessoal&quot;","block_context":{"text":"Departamento Pessoal","link":"https:\/\/cfcontabil.com\/cf\/category\/dp\/"},"img":{"alt_text":"","src":"https:\/\/i0.wp.com\/cfcontabil.com\/cf\/wp-content\/uploads\/2017\/03\/FGTS1-1.jpg?fit=1200%2C702&ssl=1&resize=350%2C200","width":350,"height":200,"srcset":"https:\/\/i0.wp.com\/cfcontabil.com\/cf\/wp-content\/uploads\/2017\/03\/FGTS1-1.jpg?fit=1200%2C702&ssl=1&resize=350%2C200 1x, https:\/\/i0.wp.com\/cfcontabil.com\/cf\/wp-content\/uploads\/2017\/03\/FGTS1-1.jpg?fit=1200%2C702&ssl=1&resize=525%2C300 1.5x, https:\/\/i0.wp.com\/cfcontabil.com\/cf\/wp-content\/uploads\/2017\/03\/FGTS1-1.jpg?fit=1200%2C702&ssl=1&resize=700%2C400 2x, https:\/\/i0.wp.com\/cfcontabil.com\/cf\/wp-content\/uploads\/2017\/03\/FGTS1-1.jpg?fit=1200%2C702&ssl=1&resize=1050%2C600 3x"},"classes":[]},{"id":1229,"url":"https:\/\/cfcontabil.com\/cf\/governo-regulamenta-saque-das-contas-inativas-do-fgts-previsto-na-mp-7632016\/","url_meta":{"origin":252,"position":1},"title":"Governo regulamenta saque das contas inativas do FGTS previsto na MP 763\/2016","author":"Ab\u00edlio Gon\u00e7alves","date":"3 de mar\u00e7o de 2017","format":false,"excerpt":"DECRETO 8.989, DE 14-2-2017 (DO-U DE 15-2-2017) \u00a0 MOVIMENTA\u00c7\u00c3O DA CONTA \u2013 Hip\u00f3teses \u00a0 Governo regulamenta saque das contas inativas do FGTS previsto na MP 763\/2016 O Ato em refer\u00eancia acrescenta os \u00a7\u00a7 9\u00ba e 10 ao artigo 35 do\u00a0Decreto 99.684, de 8-11-90, que consolida as normas relativas ao FGTS,\u2026","rel":"","context":"Em &quot;Departamento Pessoal&quot;","block_context":{"text":"Departamento Pessoal","link":"https:\/\/cfcontabil.com\/cf\/category\/dp\/"},"img":{"alt_text":"","src":"https:\/\/i0.wp.com\/cfcontabil.com\/cf\/wp-content\/uploads\/2017\/03\/FGTS1-1.jpg?fit=1200%2C702&ssl=1&resize=350%2C200","width":350,"height":200,"srcset":"https:\/\/i0.wp.com\/cfcontabil.com\/cf\/wp-content\/uploads\/2017\/03\/FGTS1-1.jpg?fit=1200%2C702&ssl=1&resize=350%2C200 1x, https:\/\/i0.wp.com\/cfcontabil.com\/cf\/wp-content\/uploads\/2017\/03\/FGTS1-1.jpg?fit=1200%2C702&ssl=1&resize=525%2C300 1.5x, https:\/\/i0.wp.com\/cfcontabil.com\/cf\/wp-content\/uploads\/2017\/03\/FGTS1-1.jpg?fit=1200%2C702&ssl=1&resize=700%2C400 2x, https:\/\/i0.wp.com\/cfcontabil.com\/cf\/wp-content\/uploads\/2017\/03\/FGTS1-1.jpg?fit=1200%2C702&ssl=1&resize=1050%2C600 3x"},"classes":[]},{"id":2015,"url":"https:\/\/cfcontabil.com\/cf\/governo-extingue-multa-de-10-sobre-fgts-paga-por-empresas\/","url_meta":{"origin":252,"position":2},"title":"Governo extingue multa de 10% sobre FGTS paga por empresas","author":"Ab\u00edlio Gon\u00e7alves","date":"13 de dezembro de 2019","format":false,"excerpt":"Lei publicada no Di\u00e1rio Oficial autoriza saque-anivers\u00e1rio e traz mudan\u00e7as no Fundo, entre elas, o fim da contribui\u00e7\u00e3o em caso de demiss\u00e3o sem justa causa As empresas passar\u00e3o a pagar menos encargos em casos de demiss\u00e3o sem justa causa. A\u00a0Lei n\u00ba 13.932, publicada no DOU (Di\u00e1rio Oficial da Uni\u00e3o) nesta\u2026","rel":"","context":"Em &quot;Departamento Pessoal&quot;","block_context":{"text":"Departamento Pessoal","link":"https:\/\/cfcontabil.com\/cf\/category\/dp\/"},"img":{"alt_text":"","src":"https:\/\/i0.wp.com\/cfcontabil.com\/cf\/wp-content\/uploads\/2019\/12\/FGTS-ctps.jpg?fit=600%2C335&ssl=1&resize=350%2C200","width":350,"height":200,"srcset":"https:\/\/i0.wp.com\/cfcontabil.com\/cf\/wp-content\/uploads\/2019\/12\/FGTS-ctps.jpg?fit=600%2C335&ssl=1&resize=350%2C200 1x, https:\/\/i0.wp.com\/cfcontabil.com\/cf\/wp-content\/uploads\/2019\/12\/FGTS-ctps.jpg?fit=600%2C335&ssl=1&resize=525%2C300 1.5x"},"classes":[]},{"id":1455,"url":"https:\/\/cfcontabil.com\/cf\/o-perigo-da-divida-do-fgts-no-esocial\/","url_meta":{"origin":252,"position":3},"title":"O perigo da d\u00edvida do FGTS no eSocial","author":"Ab\u00edlio Gon\u00e7alves","date":"22 de fevereiro de 2019","format":false,"excerpt":"Caso voc\u00ea ainda n\u00e3o tenha ci\u00eancia, o governo federal recentemente expediu uma lei proibindo o cr\u00e9dito a empresas devedoras do FGTS. E se voc\u00ea est\u00e1 em d\u00e9bito com o FGTS, todo o cuidado \u00e9 pouco: notifica\u00e7\u00e3o, multa e autua\u00e7\u00e3o podem bater na sua porta. A Lei n\u00ba 13.805\/19 prev\u00ea que\u2026","rel":"","context":"Em &quot;Departamento Pessoal&quot;","block_context":{"text":"Departamento Pessoal","link":"https:\/\/cfcontabil.com\/cf\/category\/dp\/"},"img":{"alt_text":"","src":"https:\/\/i0.wp.com\/cfcontabil.com\/cf\/wp-content\/uploads\/2019\/02\/fgtsCAIXA-1.jpg?fit=600%2C293&ssl=1&resize=350%2C200","width":350,"height":200,"srcset":"https:\/\/i0.wp.com\/cfcontabil.com\/cf\/wp-content\/uploads\/2019\/02\/fgtsCAIXA-1.jpg?fit=600%2C293&ssl=1&resize=350%2C200 1x, https:\/\/i0.wp.com\/cfcontabil.com\/cf\/wp-content\/uploads\/2019\/02\/fgtsCAIXA-1.jpg?fit=600%2C293&ssl=1&resize=525%2C300 1.5x"},"classes":[]},{"id":1802,"url":"https:\/\/cfcontabil.com\/cf\/cobrancas-do-fgts-so-poderao-ser-feitas-para-dividas-de-ate-5-anos\/","url_meta":{"origin":252,"position":4},"title":"Cobran\u00e7as do FGTS s\u00f3 poder\u00e3o ser feitas para d\u00edvidas de at\u00e9 5 anos","author":"Ab\u00edlio Gon\u00e7alves","date":"21 de outubro de 2019","format":false,"excerpt":"Uma medida aprovada em 2014 pelo STF reduziu o prazo de cobran\u00e7a de 30 anos para cinco anos. Atualmente, mais de 220 mil empresas est\u00e3o devendo. A partir de novembro, o trabalhador s\u00f3 poder\u00e1 entrar na Justi\u00e7a do Trabalho para cobrar pend\u00eancias do\u00a0Fundo de Garantia do Tempo de Servi\u00e7o (FGTS)\u00a0dos\u2026","rel":"","context":"Em &quot;Departamento Pessoal&quot;","block_context":{"text":"Departamento Pessoal","link":"https:\/\/cfcontabil.com\/cf\/category\/dp\/"},"img":{"alt_text":"","src":"https:\/\/i0.wp.com\/cfcontabil.com\/cf\/wp-content\/uploads\/2019\/10\/FGTS-TRABALHADOR-AGENCIA.jpg?fit=1200%2C1006&ssl=1&resize=350%2C200","width":350,"height":200,"srcset":"https:\/\/i0.wp.com\/cfcontabil.com\/cf\/wp-content\/uploads\/2019\/10\/FGTS-TRABALHADOR-AGENCIA.jpg?fit=1200%2C1006&ssl=1&resize=350%2C200 1x, https:\/\/i0.wp.com\/cfcontabil.com\/cf\/wp-content\/uploads\/2019\/10\/FGTS-TRABALHADOR-AGENCIA.jpg?fit=1200%2C1006&ssl=1&resize=525%2C300 1.5x, https:\/\/i0.wp.com\/cfcontabil.com\/cf\/wp-content\/uploads\/2019\/10\/FGTS-TRABALHADOR-AGENCIA.jpg?fit=1200%2C1006&ssl=1&resize=700%2C400 2x, https:\/\/i0.wp.com\/cfcontabil.com\/cf\/wp-content\/uploads\/2019\/10\/FGTS-TRABALHADOR-AGENCIA.jpg?fit=1200%2C1006&ssl=1&resize=1050%2C600 3x"},"classes":[]},{"id":1228,"url":"https:\/\/cfcontabil.com\/cf\/quase-200-mil-empresas-devem-fgts-de-empregados-e-ex-funcionarios\/","url_meta":{"origin":252,"position":5},"title":"Quase 200 mil empresas devem FGTS de empregados e ex-funcion\u00e1rios","author":"Ab\u00edlio Gon\u00e7alves","date":"2 de mar\u00e7o de 2017","format":false,"excerpt":"Cerca de 7 milh\u00f5es de trabalhadores n\u00e3o tiveram dep\u00f3sitos do Fundo de Garantia do Tempo de Servi\u00e7o (FGTS), incluindo contas ativas e inativas, feitos corretamente pelos seus empregadores. S\u00e3o 198,7 mil empresas devedoras de dep\u00f3sitos de FGTS, segundo informa\u00e7\u00f5es da Procuradoria-Geral da Fazenda Nacional (PGFN), \u00f3rg\u00e3o vinculado ao Minist\u00e9rio da\u2026","rel":"","context":"Em &quot;Departamento Pessoal&quot;","block_context":{"text":"Departamento Pessoal","link":"https:\/\/cfcontabil.com\/cf\/category\/dp\/"},"img":{"alt_text":"","src":"https:\/\/i0.wp.com\/cfcontabil.com\/cf\/wp-content\/uploads\/2016\/03\/FGTS-1.jpg?fit=715%2C270&ssl=1&resize=350%2C200","width":350,"height":200,"srcset":"https:\/\/i0.wp.com\/cfcontabil.com\/cf\/wp-content\/uploads\/2016\/03\/FGTS-1.jpg?fit=715%2C270&ssl=1&resize=350%2C200 1x, https:\/\/i0.wp.com\/cfcontabil.com\/cf\/wp-content\/uploads\/2016\/03\/FGTS-1.jpg?fit=715%2C270&ssl=1&resize=525%2C300 1.5x, https:\/\/i0.wp.com\/cfcontabil.com\/cf\/wp-content\/uploads\/2016\/03\/FGTS-1.jpg?fit=715%2C270&ssl=1&resize=700%2C400 2x"},"classes":[]}],"jetpack_likes_enabled":true,"_links":{"self":[{"href":"https:\/\/cfcontabil.com\/cf\/wp-json\/wp\/v2\/posts\/252","targetHints":{"allow":["GET"]}}],"collection":[{"href":"https:\/\/cfcontabil.com\/cf\/wp-json\/wp\/v2\/posts"}],"about":[{"href":"https:\/\/cfcontabil.com\/cf\/wp-json\/wp\/v2\/types\/post"}],"author":[{"embeddable":true,"href":"https:\/\/cfcontabil.com\/cf\/wp-json\/wp\/v2\/users\/4"}],"replies":[{"embeddable":true,"href":"https:\/\/cfcontabil.com\/cf\/wp-json\/wp\/v2\/comments?post=252"}],"version-history":[{"count":0,"href":"https:\/\/cfcontabil.com\/cf\/wp-json\/wp\/v2\/posts\/252\/revisions"}],"wp:attachment":[{"href":"https:\/\/cfcontabil.com\/cf\/wp-json\/wp\/v2\/media?parent=252"}],"wp:term":[{"taxonomy":"category","embeddable":true,"href":"https:\/\/cfcontabil.com\/cf\/wp-json\/wp\/v2\/categories?post=252"},{"taxonomy":"post_tag","embeddable":true,"href":"https:\/\/cfcontabil.com\/cf\/wp-json\/wp\/v2\/tags?post=252"}],"curies":[{"name":"wp","href":"https:\/\/api.w.org\/{rel}","templated":true}]}}