{"id":2651,"date":"2021-08-23T17:00:00","date_gmt":"2021-08-23T20:00:00","guid":{"rendered":"https:\/\/cfcontabil.com\/cf\/?p=2651"},"modified":"2021-08-23T14:03:57","modified_gmt":"2021-08-23T17:03:57","slug":"esocial-apresenta-novo-layout-mais-acessivel-e-simplificado","status":"publish","type":"post","link":"https:\/\/cfcontabil.com\/cf\/esocial-apresenta-novo-layout-mais-acessivel-e-simplificado\/","title":{"rendered":"eSocial apresenta novo layout mais acess\u00edvel e simplificado"},"content":{"rendered":"\n<p>Atualiza\u00e7\u00e3o no sistema traz novidades que beneficiam e agilizam o envio de informa\u00e7\u00f5es pelos usu\u00e1rios.<\/p>\n\n\n\n<p>Anova vers\u00e3o do eSocial j\u00e1 foi implementada e traz novidades, dentre elas, atualiza\u00e7\u00f5es nas solu\u00e7\u00f5es web e no aplicativo mobile.<\/p>\n\n\n\n<p>Nesta nova vers\u00e3o, o sistema foi programado para simplificar o envio de informa\u00e7\u00f5es pelos empregadores, com dr\u00e1stica redu\u00e7\u00e3o da quantidade de informa\u00e7\u00f5es que devem ser enviadas, flexibiliza\u00e7\u00e3o em regras de valida\u00e7\u00e3o e aproveitamento de informa\u00e7\u00f5es constantes em outras bases de dados, de forma a n\u00e3o mais exigir informa\u00e7\u00f5es que j\u00e1 constam em outros sistemas administrados pela Receita Federal.<\/p>\n\n\n\n<p>O eSocial foi implantado junto aos empregadores de forma escalonada em cinco grupos de contribuintes, iniciando pelos empregadores dom\u00e9sticos em 2015, seguido pelas maiores empresas do pa\u00eds em 2018 at\u00e9 chegar \u00e0s pequenas empresas e demais pessoas f\u00edsicas em 2019. Por \u00faltimo, est\u00e3o os \u00f3rg\u00e3os da administra\u00e7\u00e3o p\u00fablica direta que iniciou a transmiss\u00e3o de suas primeiras informa\u00e7\u00f5es em julho\/2021.<\/p>\n\n\n\n<p>Para facilitar ainda mais a implementa\u00e7\u00e3o, a ades\u00e3o de cada grupo de contribuintes se deu em quatro fases, de acordo com a natureza das informa\u00e7\u00f5es a serem enviadas. A primeira fase consiste nos eventos de tabelas e os cadastros dos empregadores. Os eventos n\u00e3o peri\u00f3dicos fazem parte da segunda fase, nela, as empresas s\u00e3o obrigadas a enviar informa\u00e7\u00f5es relativas aos trabalhadores e seus v\u00ednculos, e eventos como admiss\u00e3o, afastamento e desligamento. Na terceira fase torna-se obrigat\u00f3rio o envio de folhas de pagamento, que viabiliza a substitui\u00e7\u00e3o da GFIP e, futuramente, da DIRF. E, na \u00faltima fase, as informa\u00e7\u00f5es relativas a seguran\u00e7a e sa\u00fade no trabalho.<\/p>\n\n\n\n<p>Os usu\u00e1rios do eSocial t\u00eam a sua disposi\u00e7\u00e3o modernas solu\u00e7\u00f5es para envio de suas informa\u00e7\u00f5es relativas ao eSocial, com integra\u00e7\u00e3o direta entre seus computadores e o ambiente nacional do eSocial. Tamb\u00e9m t\u00eam acesso aos portais web das empresas e do cidad\u00e3o, uso de aplicativo mobile e?chatbot, al\u00e9m de servi\u00e7o de download para possibilitar que as empresas e empregadores recuperem as informa\u00e7\u00f5es enviadas.??<\/p>\n\n\n\n<p>Fonte: Receita Federal<\/p>\n","protected":false},"excerpt":{"rendered":"<p>Atualiza\u00e7\u00e3o no sistema traz novidades que beneficiam e agilizam o envio de informa\u00e7\u00f5es pelos usu\u00e1rios. Anova vers\u00e3o do eSocial j\u00e1 foi implementada e traz novidades, dentre elas, atualiza\u00e7\u00f5es nas solu\u00e7\u00f5es web e no aplicativo mobile. Nesta nova vers\u00e3o, o sistema foi programado para simplificar o envio de informa\u00e7\u00f5es pelos empregadores, com dr\u00e1stica redu\u00e7\u00e3o da quantidade [&hellip;]<\/p>\n","protected":false},"author":1,"featured_media":1411,"comment_status":"open","ping_status":"open","sticky":false,"template":"","format":"standard","meta":{"jetpack_post_was_ever_published":false,"_jetpack_newsletter_access":"","_jetpack_dont_email_post_to_subs":false,"_jetpack_newsletter_tier_id":0,"_jetpack_memberships_contains_paywalled_content":false,"_jetpack_memberships_contains_paid_content":false,"footnotes":"","jetpack_publicize_message":"","jetpack_publicize_feature_enabled":true,"jetpack_social_post_already_shared":true,"jetpack_social_options":{"image_generator_settings":{"template":"highway","default_image_id":0,"font":"","enabled":false},"version":2}},"categories":[29],"tags":[78,847,848],"class_list":["post-2651","post","type-post","status-publish","format-standard","has-post-thumbnail","hentry","category-dp","tag-esocial","tag-layout","tag-simplificado"],"jetpack_publicize_connections":[],"jetpack_featured_media_url":"https:\/\/i0.wp.com\/cfcontabil.com\/cf\/wp-content\/uploads\/2018\/10\/esocial-24-09-2-750x430-1.jpg?fit=750%2C430&ssl=1","jetpack_sharing_enabled":true,"jetpack_shortlink":"https:\/\/wp.me\/p2wklX-GL","jetpack-related-posts":[{"id":2658,"url":"https:\/\/cfcontabil.com\/cf\/como-o-esocial-simplificado-ajudara-pequenas-empresas-a-regularizar-funcionarios\/","url_meta":{"origin":2651,"position":0},"title":"Como o eSocial simplificado ajudar\u00e1 pequenas empresas a regularizar funcion\u00e1rios","author":"Ab\u00edlio Gon\u00e7alves","date":"25 de agosto de 2021","format":false,"excerpt":"O\u00a0eSocial\u00a0\u00e9 um sistema do governo federal que\u00a0unifica o acesso a informa\u00e7\u00f5es dos trabalhadores de uma empresa, por parte do empregador. A partir de outubro, ele ganhar\u00e1 um m\u00f3dulo simplificado\u00a0para ajudar o Microempreendedor Individual (MEI) a prestar informa\u00e7\u00f5es sobre a empresa. Na pr\u00e1tica, ele vai estimular os pequenos empreendedores a combater\u2026","rel":"","context":"Em &quot;Departamento Pessoal&quot;","block_context":{"text":"Departamento Pessoal","link":"https:\/\/cfcontabil.com\/cf\/category\/dp\/"},"img":{"alt_text":"","src":"https:\/\/i0.wp.com\/cfcontabil.com\/cf\/wp-content\/uploads\/2018\/09\/esocial-1-810x456-1.jpg?fit=810%2C456&ssl=1&resize=350%2C200","width":350,"height":200,"srcset":"https:\/\/i0.wp.com\/cfcontabil.com\/cf\/wp-content\/uploads\/2018\/09\/esocial-1-810x456-1.jpg?fit=810%2C456&ssl=1&resize=350%2C200 1x, https:\/\/i0.wp.com\/cfcontabil.com\/cf\/wp-content\/uploads\/2018\/09\/esocial-1-810x456-1.jpg?fit=810%2C456&ssl=1&resize=525%2C300 1.5x, https:\/\/i0.wp.com\/cfcontabil.com\/cf\/wp-content\/uploads\/2018\/09\/esocial-1-810x456-1.jpg?fit=810%2C456&ssl=1&resize=700%2C400 2x"},"classes":[]},{"id":1343,"url":"https:\/\/cfcontabil.com\/cf\/esocial-passa-a-valer-para-todas-as-empresas-do-pais-a-partir-de-16-de-julho\/","url_meta":{"origin":2651,"position":1},"title":"ESocial Passa a Valer Para Todas as Empresas do Pa\u00eds a Partir de 16 de Julho","author":"Ab\u00edlio Gon\u00e7alves","date":"14 de julho de 2018","format":false,"excerpt":"A partir do dia 16 de julho, todas as empresas privadas do pa\u00eds, incluindo micro e pequenas empresas e microempreendedores individuais\u00a0(MEIs)\u00a0que possuam empregados, dever\u00e3o utilizar o Sistema de Escritura\u00e7\u00e3o Digital das Obriga\u00e7\u00f5es Fiscais, Previdenci\u00e1rias e Trabalhistas\u00a0(eSocial)\u00a0. Esse grupo representa 4 milh\u00f5es de empregadores e cerca de 30 milh\u00f5es de trabalhadores.\u2026","rel":"","context":"Em &quot;Departamento Pessoal&quot;","block_context":{"text":"Departamento Pessoal","link":"https:\/\/cfcontabil.com\/cf\/category\/dp\/"},"img":{"alt_text":"","src":"https:\/\/i0.wp.com\/cfcontabil.com\/cf\/wp-content\/uploads\/2018\/07\/Cronograma_de_implanta%C3%A7%C3%A3o_do_eSocial-1.png?fit=1024%2C768&ssl=1&resize=350%2C200","width":350,"height":200,"srcset":"https:\/\/i0.wp.com\/cfcontabil.com\/cf\/wp-content\/uploads\/2018\/07\/Cronograma_de_implanta%C3%A7%C3%A3o_do_eSocial-1.png?fit=1024%2C768&ssl=1&resize=350%2C200 1x, https:\/\/i0.wp.com\/cfcontabil.com\/cf\/wp-content\/uploads\/2018\/07\/Cronograma_de_implanta%C3%A7%C3%A3o_do_eSocial-1.png?fit=1024%2C768&ssl=1&resize=525%2C300 1.5x, https:\/\/i0.wp.com\/cfcontabil.com\/cf\/wp-content\/uploads\/2018\/07\/Cronograma_de_implanta%C3%A7%C3%A3o_do_eSocial-1.png?fit=1024%2C768&ssl=1&resize=700%2C400 2x"},"classes":[]},{"id":1881,"url":"https:\/\/cfcontabil.com\/cf\/novas-funcionalidades-deixam-o-esocial-web-domestico-ainda-mais-simples\/","url_meta":{"origin":2651,"position":2},"title":"Novas funcionalidades deixam o eSocial Web Dom\u00e9stico ainda mais simples","author":"Ab\u00edlio Gon\u00e7alves","date":"12 de novembro de 2019","format":false,"excerpt":"O m\u00f3dulo web dom\u00e9stico passou por grandes mudan\u00e7as a partir desta segunda (11) Novas ferramentas amig\u00e1veis e intuitivas: assistente \"passo a passo\" para f\u00e9rias e desligamento, lan\u00e7amento autom\u00e1tico da primeira parcela do 13\u00ba, alertas na p\u00e1gina principal, reajuste salarial simplificado. Diversas mudan\u00e7as entraram em vigor nesta segunda-feira\u00a0(11). E ainda h\u00e1\u2026","rel":"","context":"Em &quot;Departamento Pessoal&quot;","block_context":{"text":"Departamento Pessoal","link":"https:\/\/cfcontabil.com\/cf\/category\/dp\/"},"img":{"alt_text":"","src":"https:\/\/i0.wp.com\/cfcontabil.com\/cf\/wp-content\/uploads\/2018\/06\/esocial-domestico-1.jpg?fit=600%2C450&ssl=1&resize=350%2C200","width":350,"height":200,"srcset":"https:\/\/i0.wp.com\/cfcontabil.com\/cf\/wp-content\/uploads\/2018\/06\/esocial-domestico-1.jpg?fit=600%2C450&ssl=1&resize=350%2C200 1x, https:\/\/i0.wp.com\/cfcontabil.com\/cf\/wp-content\/uploads\/2018\/06\/esocial-domestico-1.jpg?fit=600%2C450&ssl=1&resize=525%2C300 1.5x"},"classes":[]},{"id":1745,"url":"https:\/\/cfcontabil.com\/cf\/esocial-define-datas-para-implantacao-de-alteracoes-no-novo-sistema\/","url_meta":{"origin":2651,"position":3},"title":"eSocial define datas para implanta\u00e7\u00e3o de altera\u00e7\u00f5es no novo sistema","author":"Ab\u00edlio Gon\u00e7alves","date":"10 de outubro de 2019","format":false,"excerpt":"O\u00a0eSocial\u00a0divulgou nesta quinta-feira,10, a\u00a0Nota T\u00e9cnica 15\/2019\u00a0que traz a previs\u00e3o de implanta\u00e7\u00e3o da Escritura\u00e7\u00e3o Digital das Obriga\u00e7\u00f5es Fiscais, Previdenci\u00e1rias e Trabalhistas \u2013\u00a0eSocial\u00a0nos ambientes de produ\u00e7\u00e3o e teste. A nota tem como objetivo implantar as primeiras medidas de simplifica\u00e7\u00e3o e\u00a0 moderniza\u00e7\u00e3o do\u00a0eSocial,\u00a0conforme disposto no art. 9\u00ba da\u00a0Portaria 300\/2019.\u00a0 Al\u00e9m disso, a revis\u00e3o\u2026","rel":"","context":"Em &quot;Departamento Pessoal&quot;","block_context":{"text":"Departamento Pessoal","link":"https:\/\/cfcontabil.com\/cf\/category\/dp\/"},"img":{"alt_text":"","src":"https:\/\/i0.wp.com\/cfcontabil.com\/cf\/wp-content\/uploads\/2018\/10\/esocial-24-09-2-750x430-1.jpg?fit=750%2C430&ssl=1&resize=350%2C200","width":350,"height":200,"srcset":"https:\/\/i0.wp.com\/cfcontabil.com\/cf\/wp-content\/uploads\/2018\/10\/esocial-24-09-2-750x430-1.jpg?fit=750%2C430&ssl=1&resize=350%2C200 1x, https:\/\/i0.wp.com\/cfcontabil.com\/cf\/wp-content\/uploads\/2018\/10\/esocial-24-09-2-750x430-1.jpg?fit=750%2C430&ssl=1&resize=525%2C300 1.5x, https:\/\/i0.wp.com\/cfcontabil.com\/cf\/wp-content\/uploads\/2018\/10\/esocial-24-09-2-750x430-1.jpg?fit=750%2C430&ssl=1&resize=700%2C400 2x"},"classes":[]},{"id":1374,"url":"https:\/\/cfcontabil.com\/cf\/receita-federal-intensifica-esclarecimentos-sobre-esocial\/","url_meta":{"origin":2651,"position":4},"title":"Receita Federal intensifica esclarecimentos sobre eSocial","author":"Ab\u00edlio Gon\u00e7alves","date":"30 de agosto de 2018","format":false,"excerpt":"Servi\u00e7o gratuito funciona de segunda \u00e0 sexta-feira, das 7h \u00e0s 19h Com objetivo de intensificar informa\u00e7\u00f5es e esclarecer d\u00favidas sobre o funcionamento do Sistema de Escritura\u00e7\u00e3o Digital das Obriga\u00e7\u00f5es Fiscais, Previd\u00eanci\u00e1rias e Trabalhistas (eSocial), a Receita Federal disponibilizou mais uma ferramenta de comunica\u00e7\u00e3o, o servi\u00e7o de 0800. O canal aceitar\u00e1\u2026","rel":"","context":"Em &quot;Departamento Pessoal&quot;","block_context":{"text":"Departamento Pessoal","link":"https:\/\/cfcontabil.com\/cf\/category\/dp\/"},"img":{"alt_text":"","src":"https:\/\/i0.wp.com\/cfcontabil.com\/cf\/wp-content\/uploads\/2017\/02\/receita-federal-1-1.png?fit=702%2C325&ssl=1&resize=350%2C200","width":350,"height":200,"srcset":"https:\/\/i0.wp.com\/cfcontabil.com\/cf\/wp-content\/uploads\/2017\/02\/receita-federal-1-1.png?fit=702%2C325&ssl=1&resize=350%2C200 1x, https:\/\/i0.wp.com\/cfcontabil.com\/cf\/wp-content\/uploads\/2017\/02\/receita-federal-1-1.png?fit=702%2C325&ssl=1&resize=525%2C300 1.5x, https:\/\/i0.wp.com\/cfcontabil.com\/cf\/wp-content\/uploads\/2017\/02\/receita-federal-1-1.png?fit=702%2C325&ssl=1&resize=700%2C400 2x"},"classes":[]},{"id":1348,"url":"https:\/\/cfcontabil.com\/cf\/empresas-relatam-dificuldades-e-despreparo-na-implantacao-do-esocial\/","url_meta":{"origin":2651,"position":5},"title":"Empresas relatam dificuldades e despreparo na implanta\u00e7\u00e3o do eSocial","author":"Ab\u00edlio Gon\u00e7alves","date":"13 de agosto de 2018","format":false,"excerpt":"Para n\u00e3o deixar de cumprir prazos, escrit\u00f3rios e condom\u00ednios contrataram servi\u00e7os e funcion\u00e1rios nas \u00e1reas de TI e recursos humanos; governo diz que toma provid\u00eancias para facilitar o uso da ferramenta. Fonte: G1 Ang\u00e9lica Arbex, diretora de relacionamento da Lello Condom\u00ednios: empresa levou 4 meses para corrigir inconsist\u00eancias de dados\u2026","rel":"","context":"Em &quot;Departamento Pessoal&quot;","block_context":{"text":"Departamento Pessoal","link":"https:\/\/cfcontabil.com\/cf\/category\/dp\/"},"img":{"alt_text":"","src":"https:\/\/i0.wp.com\/cfcontabil.com\/cf\/wp-content\/uploads\/2017\/06\/esocial-462x234-1.png?fit=462%2C234&ssl=1&resize=350%2C200","width":350,"height":200},"classes":[]}],"jetpack_likes_enabled":true,"_links":{"self":[{"href":"https:\/\/cfcontabil.com\/cf\/wp-json\/wp\/v2\/posts\/2651","targetHints":{"allow":["GET"]}}],"collection":[{"href":"https:\/\/cfcontabil.com\/cf\/wp-json\/wp\/v2\/posts"}],"about":[{"href":"https:\/\/cfcontabil.com\/cf\/wp-json\/wp\/v2\/types\/post"}],"author":[{"embeddable":true,"href":"https:\/\/cfcontabil.com\/cf\/wp-json\/wp\/v2\/users\/1"}],"replies":[{"embeddable":true,"href":"https:\/\/cfcontabil.com\/cf\/wp-json\/wp\/v2\/comments?post=2651"}],"version-history":[{"count":1,"href":"https:\/\/cfcontabil.com\/cf\/wp-json\/wp\/v2\/posts\/2651\/revisions"}],"predecessor-version":[{"id":2652,"href":"https:\/\/cfcontabil.com\/cf\/wp-json\/wp\/v2\/posts\/2651\/revisions\/2652"}],"wp:featuredmedia":[{"embeddable":true,"href":"https:\/\/cfcontabil.com\/cf\/wp-json\/wp\/v2\/media\/1411"}],"wp:attachment":[{"href":"https:\/\/cfcontabil.com\/cf\/wp-json\/wp\/v2\/media?parent=2651"}],"wp:term":[{"taxonomy":"category","embeddable":true,"href":"https:\/\/cfcontabil.com\/cf\/wp-json\/wp\/v2\/categories?post=2651"},{"taxonomy":"post_tag","embeddable":true,"href":"https:\/\/cfcontabil.com\/cf\/wp-json\/wp\/v2\/tags?post=2651"}],"curies":[{"name":"wp","href":"https:\/\/api.w.org\/{rel}","templated":true}]}}