{"id":275,"date":"2012-12-20T16:07:49","date_gmt":"2012-12-20T18:07:49","guid":{"rendered":"http:\/\/cfcontabil.com\/cf\/?p=275"},"modified":"2012-12-20T16:07:49","modified_gmt":"2012-12-20T18:07:49","slug":"entao-e-natal","status":"publish","type":"post","link":"https:\/\/cfcontabil.com\/cf\/entao-e-natal\/","title":{"rendered":"Ent\u00e3o \u00e9 Natal!"},"content":{"rendered":"<p style=\"text-align: justify\">Chegou!<\/p>\n<p style=\"text-align: justify\">Mais um ano se encerra.\u00a0Gostar\u00edamos de <strong>agradecer<\/strong> a todos pela companhia durante essa longa jornada.\u00a0Nosso<strong>\u00a0Natal\u00a0<\/strong>n\u00e3o seria t\u00e3o gratificante sem voc\u00ea!\u00a0<strong>Feliz Natal e um 2013 maravilhoso!!<\/strong><\/p>\n<p><img data-recalc-dims=\"1\" fetchpriority=\"high\" decoding=\"async\" class=\"alignnone\" alt=\"\u00c9 Natal!\" src=\"https:\/\/i0.wp.com\/lh4.googleusercontent.com\/-uoq8jeX_x4w\/UNNQ5a0ZL9I\/AAAAAAAAp04\/6eLu4nxNsro\/s552\/CF%2BNATAL%2BCARD%2B2012%2Bv2.jpg?resize=552%2C533&#038;ssl=1\" width=\"552\" height=\"533\" \/><\/p>\n<p style=\"text-align: justify\">Lembrando aos prezados parceiros e queridos amigos leitores que a\u00a0<em>CF Cont\u00e1bil<\/em>\u00a0estar\u00e1 de recesso no per\u00edodo entre\u00a0<strong>21 de Dezembro de 2012<\/strong>\u00a0a\u00a0<strong>02 de Janeiro de 2013<\/strong>.<\/p>\n<p style=\"text-align: justify\">Afinal, todos merecem um descanso, certo?<\/p>\n<p style=\"text-align: justify\">Nos vemos em 2013!<\/p>\n","protected":false},"excerpt":{"rendered":"<p>Chegou! Mais um ano se encerra.\u00a0Gostar\u00edamos de agradecer a todos pela companhia durante essa longa jornada.\u00a0Nosso\u00a0Natal\u00a0n\u00e3o seria t\u00e3o gratificante sem voc\u00ea!\u00a0Feliz Natal e um 2013 maravilhoso!! Lembrando aos prezados parceiros e queridos amigos leitores que a\u00a0CF Cont\u00e1bil\u00a0estar\u00e1 de recesso no per\u00edodo entre\u00a021 de Dezembro de 2012\u00a0a\u00a002 de Janeiro de 2013. Afinal, todos merecem um descanso, [&hellip;]<\/p>\n","protected":false},"author":2,"featured_media":0,"comment_status":"open","ping_status":"open","sticky":false,"template":"","format":"standard","meta":{"jetpack_post_was_ever_published":false,"_jetpack_newsletter_access":"","_jetpack_dont_email_post_to_subs":false,"_jetpack_newsletter_tier_id":0,"_jetpack_memberships_contains_paywalled_content":false,"_jetpack_memberships_contains_paid_content":false,"footnotes":"","jetpack_publicize_message":"","jetpack_publicize_feature_enabled":true,"jetpack_social_post_already_shared":true,"jetpack_social_options":{"image_generator_settings":{"template":"highway","default_image_id":0,"font":"","enabled":false},"version":2}},"categories":[22],"tags":[99,100,101,102],"class_list":["post-275","post","type-post","status-publish","format-standard","hentry","category-geral","tag-ano-novo","tag-feriado","tag-natal","tag-recesso"],"jetpack_publicize_connections":[],"jetpack_featured_media_url":"","jetpack_sharing_enabled":true,"jetpack_shortlink":"https:\/\/wp.me\/p2wklX-4r","jetpack-related-posts":[{"id":622,"url":"https:\/\/cfcontabil.com\/cf\/comunicado-recesso-2015\/","url_meta":{"origin":275,"position":0},"title":"Comunicado: Recesso de Fim de Ano 2015","author":"Vin\u00edcius Moizinho","date":"7 de dezembro de 2015","format":false,"excerpt":"","rel":"","context":"Em &quot;Geral&quot;","block_context":{"text":"Geral","link":"https:\/\/cfcontabil.com\/cf\/category\/geral\/"},"img":{"alt_text":"","src":"https:\/\/i0.wp.com\/cfcontabil.com\/cf\/wp-content\/uploads\/2014\/07\/CF-ENCARTE-NATAL-2015-2.jpg?fit=849%2C1200&ssl=1&resize=350%2C200","width":350,"height":200,"srcset":"https:\/\/i0.wp.com\/cfcontabil.com\/cf\/wp-content\/uploads\/2014\/07\/CF-ENCARTE-NATAL-2015-2.jpg?fit=849%2C1200&ssl=1&resize=350%2C200 1x, https:\/\/i0.wp.com\/cfcontabil.com\/cf\/wp-content\/uploads\/2014\/07\/CF-ENCARTE-NATAL-2015-2.jpg?fit=849%2C1200&ssl=1&resize=525%2C300 1.5x, https:\/\/i0.wp.com\/cfcontabil.com\/cf\/wp-content\/uploads\/2014\/07\/CF-ENCARTE-NATAL-2015-2.jpg?fit=849%2C1200&ssl=1&resize=700%2C400 2x"},"classes":[]},{"id":778,"url":"https:\/\/cfcontabil.com\/cf\/comunicado-recesso-e-ferias-coletivas-ano-2016\/","url_meta":{"origin":275,"position":1},"title":"COMUNICADO &#8211; Recesso e F\u00e9rias Coletivas &#8211; Ano 2016","author":"Ab\u00edlio Gon\u00e7alves","date":"2 de dezembro de 2016","format":false,"excerpt":"","rel":"","context":"Em &quot;Geral&quot;","block_context":{"text":"Geral","link":"https:\/\/cfcontabil.com\/cf\/category\/geral\/"},"img":{"alt_text":"","src":"https:\/\/i0.wp.com\/cfcontabil.com\/Encarte_Recesso_2016.jpg?resize=350%2C200","width":350,"height":200,"srcset":"https:\/\/i0.wp.com\/cfcontabil.com\/Encarte_Recesso_2016.jpg?resize=350%2C200 1x, https:\/\/i0.wp.com\/cfcontabil.com\/Encarte_Recesso_2016.jpg?resize=525%2C300 1.5x, https:\/\/i0.wp.com\/cfcontabil.com\/Encarte_Recesso_2016.jpg?resize=700%2C400 2x, https:\/\/i0.wp.com\/cfcontabil.com\/Encarte_Recesso_2016.jpg?resize=1050%2C600 3x"},"classes":[]},{"id":626,"url":"https:\/\/cfcontabil.com\/cf\/feliz-natal-boas-festas\/","url_meta":{"origin":275,"position":2},"title":"Feliz Natal! Boas Festas!","author":"Vin\u00edcius Moizinho","date":"21 de dezembro de 2015","format":"image","excerpt":"","rel":"","context":"Em &quot;Geral&quot;","block_context":{"text":"Geral","link":"https:\/\/cfcontabil.com\/cf\/category\/geral\/"},"img":{"alt_text":"","src":"https:\/\/i0.wp.com\/cfcontabil.com\/cf\/wp-content\/uploads\/2014\/07\/CF-Cart%C3%A3o-Natal-2015-2.jpg?fit=897%2C602&ssl=1&resize=350%2C200","width":350,"height":200,"srcset":"https:\/\/i0.wp.com\/cfcontabil.com\/cf\/wp-content\/uploads\/2014\/07\/CF-Cart%C3%A3o-Natal-2015-2.jpg?fit=897%2C602&ssl=1&resize=350%2C200 1x, https:\/\/i0.wp.com\/cfcontabil.com\/cf\/wp-content\/uploads\/2014\/07\/CF-Cart%C3%A3o-Natal-2015-2.jpg?fit=897%2C602&ssl=1&resize=525%2C300 1.5x, https:\/\/i0.wp.com\/cfcontabil.com\/cf\/wp-content\/uploads\/2014\/07\/CF-Cart%C3%A3o-Natal-2015-2.jpg?fit=897%2C602&ssl=1&resize=700%2C400 2x"},"classes":[]},{"id":796,"url":"https:\/\/cfcontabil.com\/cf\/feliz-natal-boas-festas-2\/","url_meta":{"origin":275,"position":3},"title":"Feliz Natal! Boas Festas!","author":"Vin\u00edcius Moizinho","date":"22 de dezembro de 2016","format":"image","excerpt":"","rel":"","context":"Em &quot;Geral&quot;","block_context":{"text":"Geral","link":"https:\/\/cfcontabil.com\/cf\/category\/geral\/"},"img":{"alt_text":"","src":"https:\/\/i0.wp.com\/cfcontabil.com\/cf\/wp-content\/uploads\/2016\/12\/CARTAO_NATAL_2017-MODELO_02-1.jpg?fit=591%2C394&ssl=1&resize=350%2C200","width":350,"height":200,"srcset":"https:\/\/i0.wp.com\/cfcontabil.com\/cf\/wp-content\/uploads\/2016\/12\/CARTAO_NATAL_2017-MODELO_02-1.jpg?fit=591%2C394&ssl=1&resize=350%2C200 1x, https:\/\/i0.wp.com\/cfcontabil.com\/cf\/wp-content\/uploads\/2016\/12\/CARTAO_NATAL_2017-MODELO_02-1.jpg?fit=591%2C394&ssl=1&resize=525%2C300 1.5x"},"classes":[]},{"id":2386,"url":"https:\/\/cfcontabil.com\/cf\/saude-e-esperanca-em-2021\/","url_meta":{"origin":275,"position":4},"title":"Sa\u00fade e Esperan\u00e7a em 2021!","author":"Ab\u00edlio Gon\u00e7alves","date":"23 de dezembro de 2020","format":false,"excerpt":"Em virtude da proximidade das festas de fim de ano, informamos que nosso recesso e f\u00e9rias coletivas se estender\u00e3o de\u00a023 de Dezembro de 2020\u00a0a\u00a004 de Janeiro de 2021. Retornaremos com nossas atividades normais a partir de 04 de Janeiro, em nosso hor\u00e1rio de atendimento habitual nos per\u00edodos matutino (09:00 \u00e0s\u2026","rel":"","context":"Em &quot;Geral&quot;","block_context":{"text":"Geral","link":"https:\/\/cfcontabil.com\/cf\/category\/geral\/"},"img":{"alt_text":"","src":"https:\/\/i0.wp.com\/cfcontabil.com\/cf\/wp-content\/uploads\/2020\/12\/Mensagem-Ano-Novo-2020-CF-Contabil.png?fit=1200%2C848&ssl=1&resize=350%2C200","width":350,"height":200,"srcset":"https:\/\/i0.wp.com\/cfcontabil.com\/cf\/wp-content\/uploads\/2020\/12\/Mensagem-Ano-Novo-2020-CF-Contabil.png?fit=1200%2C848&ssl=1&resize=350%2C200 1x, https:\/\/i0.wp.com\/cfcontabil.com\/cf\/wp-content\/uploads\/2020\/12\/Mensagem-Ano-Novo-2020-CF-Contabil.png?fit=1200%2C848&ssl=1&resize=525%2C300 1.5x, https:\/\/i0.wp.com\/cfcontabil.com\/cf\/wp-content\/uploads\/2020\/12\/Mensagem-Ano-Novo-2020-CF-Contabil.png?fit=1200%2C848&ssl=1&resize=700%2C400 2x, https:\/\/i0.wp.com\/cfcontabil.com\/cf\/wp-content\/uploads\/2020\/12\/Mensagem-Ano-Novo-2020-CF-Contabil.png?fit=1200%2C848&ssl=1&resize=1050%2C600 3x"},"classes":[]},{"id":424,"url":"https:\/\/cfcontabil.com\/cf\/recesso-e-ferias-coletivas-2013\/","url_meta":{"origin":275,"position":5},"title":"Recesso e F\u00e9rias Coletivas 2013","author":"Vin\u00edcius Moizinho","date":"20 de dezembro de 2013","format":false,"excerpt":"","rel":"","context":"Em &quot;Consultoria Empresarial&quot;","block_context":{"text":"Consultoria Empresarial","link":"https:\/\/cfcontabil.com\/cf\/category\/consultoria\/"},"img":{"alt_text":"","src":"","width":0,"height":0},"classes":[]}],"jetpack_likes_enabled":true,"_links":{"self":[{"href":"https:\/\/cfcontabil.com\/cf\/wp-json\/wp\/v2\/posts\/275","targetHints":{"allow":["GET"]}}],"collection":[{"href":"https:\/\/cfcontabil.com\/cf\/wp-json\/wp\/v2\/posts"}],"about":[{"href":"https:\/\/cfcontabil.com\/cf\/wp-json\/wp\/v2\/types\/post"}],"author":[{"embeddable":true,"href":"https:\/\/cfcontabil.com\/cf\/wp-json\/wp\/v2\/users\/2"}],"replies":[{"embeddable":true,"href":"https:\/\/cfcontabil.com\/cf\/wp-json\/wp\/v2\/comments?post=275"}],"version-history":[{"count":0,"href":"https:\/\/cfcontabil.com\/cf\/wp-json\/wp\/v2\/posts\/275\/revisions"}],"wp:attachment":[{"href":"https:\/\/cfcontabil.com\/cf\/wp-json\/wp\/v2\/media?parent=275"}],"wp:term":[{"taxonomy":"category","embeddable":true,"href":"https:\/\/cfcontabil.com\/cf\/wp-json\/wp\/v2\/categories?post=275"},{"taxonomy":"post_tag","embeddable":true,"href":"https:\/\/cfcontabil.com\/cf\/wp-json\/wp\/v2\/tags?post=275"}],"curies":[{"name":"wp","href":"https:\/\/api.w.org\/{rel}","templated":true}]}}