{"id":316,"date":"2013-01-25T09:45:43","date_gmt":"2013-01-25T11:45:43","guid":{"rendered":"http:\/\/cfcontabil.com\/cf\/?p=316"},"modified":"2013-01-25T09:45:43","modified_gmt":"2013-01-25T11:45:43","slug":"caso-cachoeira-braco-direito-nao-e-contador","status":"publish","type":"post","link":"https:\/\/cfcontabil.com\/cf\/caso-cachoeira-braco-direito-nao-e-contador\/","title":{"rendered":"Caso Cachoeira: \u201cBra\u00e7o direito\u201d N\u00c3O \u00e9 Contador"},"content":{"rendered":"<p style=\"text-align: justify\">Bom dia, prezados!<\/p>\n<p style=\"text-align: justify\">Hoje venho lhes trazer uma informa\u00e7\u00e3o relevante que, infelizmente, tem sido negligenciada pela m\u00eddia em geral.<\/p>\n<p style=\"text-align: justify\">\u00c9 a respeito de Geovani Pereira da Silva, preso por ser considerado o contador da quadrilha desmantelada pela Pol\u00edcia Federal na resolu\u00e7\u00e3o do Caso\u00a0Carlinhos Cachoeira.<\/p>\n<p style=\"text-align: justify\">O Conselho Regional de Contabilidade do Distrito Federal &#8211; CRC\/DF resolveu averiguar a informa\u00e7\u00e3o. Confira a seguir o comunicado especial divulgado ontem \u00e0 noite!<\/p>\n<p><img data-recalc-dims=\"1\" decoding=\"async\" class=\"aligncenter\" title=\"Conselho Regional de Contabilidade do DF\" alt=\"Conselho Regional de Contabilidade do DF\" src=\"https:\/\/i0.wp.com\/api.ning.com\/files\/dp5RmXzcyHBAaTQGxS-th1QSkWv34NNAjXClDAZf9qtJost6xYP2BTF5WlAXh7b50XStOJdvLZ1G7XiG3i0pF1KC7TJGeZ7G\/LogoCRCDF_peq.gif?resize=173%2C173\" width=\"173\" height=\"173\" \/><\/p>\n<p style=\"text-align: justify\"><!--more--><\/p>\n<p style=\"text-align: justify\">Diversos ve\u00edculos de comunica\u00e7\u00e3o divulgaram a pris\u00e3o de Geovani Pereira da Silva indicando-o como contador da quadrilha chefiada pelo contraventor Carlinhos Cachoeira. A not\u00edcia levou o CRC-GO a emitir comunicado \u00e0 sociedade esclarecendo que o \u201cbra\u00e7o direito\u201d de Cachoeira n\u00e3o \u00e9 contador, uma vez que n\u00e3o possui forma\u00e7\u00e3o profissional para exercer a atividade cont\u00e1bil. \u201cA utiliza\u00e7\u00e3o err\u00f4nea do termo &#8220;Contador&#8221; em refer\u00eancia ao mesmo deve-se ao desconhecimento das reais atribui\u00e7\u00f5es do profissional cont\u00e1bil e dos requisitos para desempenho da fun\u00e7\u00e3o, tais como: forma\u00e7\u00e3o comprovada em n\u00edvel t\u00e9cnico ou superior e registro junto ao CRC. Al\u00e9m, \u00e9 claro, da observ\u00e2ncia aos princ\u00edpios cont\u00e1beis e ao C\u00f3digo de \u00c9tica\u201d, informou o CRC-GO em nota.<\/p>\n<p style=\"text-align: justify\">O Presidente do CRC-DF, Adriano Marrocos, averiguou a exist\u00eancia do Contador Geovani Pereira da Silva registrado junto ao CRC de Santa Catarina, mas confirmou que trata-se apenas de um hom\u00f4nimo.<\/p>\n<p style=\"text-align: justify\">O CRC-GO tem buscado junto aos ve\u00edculos de comunica\u00e7\u00e3o e a Pol\u00edcia Federal a retifica\u00e7\u00e3o do equ\u00edvoco, no sentido de evitar preju\u00edzos \u00e0 imagem da Classe Cont\u00e1bil. O Presidente Marrocos solicita ainda aos Contabilistas do Distrito Federal que auxiliem na repara\u00e7\u00e3o do mal-entendido, transmitindo este esclarecimento a seus clientes, familiares e amigos.<\/p>\n<p style=\"text-align: justify\">Veja a nota do CRC-GO:<\/p>\n<p style=\"text-align: justify\">O Conselho Regional de Contabilidade de Goi\u00e1s informa \u00e0 Classe Cont\u00e1bil e toda a Sociedade que o Sr. Geovani Pereira da Silva, preso na manh\u00e3 de ontem e apontado como o suposto contador de Carlos Augusto Ramos, vulgo, Carlinhos Cachoeira, n\u00e3o \u00e9 registrado em nenhum Conselho de Contabilidade deste pa\u00eds, portanto n\u00e3o \u00e9 CONTADOR. Mesmo porque, conforme sua pr\u00f3pria afirma\u00e7\u00e3o, publicada no Jornal O Popular de 15\/01\/2013, sequer possui forma\u00e7\u00e3o para exercer a profiss\u00e3o.<\/p>\n<p style=\"text-align: justify\">A utiliza\u00e7\u00e3o err\u00f4nea do termo &#8220;Contador&#8221; em refer\u00eancia ao mesmo deve-se ao desconhecimento das reais atribui\u00e7\u00f5es do profissional cont\u00e1bil e dos requisitos para desempenho da fun\u00e7\u00e3o, tais como: forma\u00e7\u00e3o comprovada em n\u00edvel t\u00e9cnico ou superior e registro junto ao CRC. Al\u00e9m, \u00e9 claro, da observ\u00e2ncia aos princ\u00edpios cont\u00e1beis e ao C\u00f3digo de \u00c9tica.<\/p>\n<p style=\"text-align: justify\">O CRC-GO tem trabalhado junto aos ve\u00edculos de Comunica\u00e7\u00e3o e \u00e0 pr\u00f3pria Pol\u00edcia Federal no sentido de desfazer tal equ\u00edvoco, que certamente causa aborrecimentos, por\u00e9m n\u00e3o tem o poder de macular a reputa\u00e7\u00e3o de t\u00e3o valorosa categoria profissional.<\/p>\n<p style=\"text-align: justify\">\n<p style=\"text-align: justify\"><span style=\"font-size: 8px\">Fonte: Conselho Regional de Contabilidade do Distrito Federal &#8211; CRC\/DF<\/span><\/p>\n","protected":false},"excerpt":{"rendered":"<p>Bom dia, prezados! Hoje venho lhes trazer uma informa\u00e7\u00e3o relevante que, infelizmente, tem sido negligenciada pela m\u00eddia em geral. \u00c9 a respeito de Geovani Pereira da Silva, preso por ser considerado o contador da quadrilha desmantelada pela Pol\u00edcia Federal na resolu\u00e7\u00e3o do Caso\u00a0Carlinhos Cachoeira. O Conselho Regional de Contabilidade do Distrito Federal &#8211; CRC\/DF resolveu [&hellip;]<\/p>\n","protected":false},"author":2,"featured_media":0,"comment_status":"open","ping_status":"open","sticky":false,"template":"","format":"standard","meta":{"jetpack_post_was_ever_published":false,"_jetpack_newsletter_access":"","_jetpack_dont_email_post_to_subs":false,"_jetpack_newsletter_tier_id":0,"_jetpack_memberships_contains_paywalled_content":false,"_jetpack_memberships_contains_paid_content":false,"footnotes":"","jetpack_publicize_message":"","jetpack_publicize_feature_enabled":true,"jetpack_social_post_already_shared":true,"jetpack_social_options":{"image_generator_settings":{"template":"highway","default_image_id":0,"font":"","enabled":false},"version":2}},"categories":[22],"tags":[],"class_list":["post-316","post","type-post","status-publish","format-standard","hentry","category-geral"],"jetpack_publicize_connections":[],"jetpack_featured_media_url":"","jetpack_sharing_enabled":true,"jetpack_shortlink":"https:\/\/wp.me\/p2wklX-56","jetpack-related-posts":[{"id":1026,"url":"https:\/\/cfcontabil.com\/cf\/dia-do-contador\/","url_meta":{"origin":316,"position":0},"title":"Dia do Contador","author":"Vin\u00edcius Moizinho","date":"21 de setembro de 2012","format":false,"excerpt":"Nos antecipando um pouquinho aos final de semana, fica a lembran\u00e7a: \u00a0contabilista, parab\u00e9ns pelo seu dia! Como homenagem, reproduzimos texto de Fernando Kitzinger Dannemann, dispon\u00edvel no portal Recando das Letras. Confira! DIA DO CONTADOR - 22 de setembro\u00a0 \u00a0\u00a0\u00a0\u00a0\u00a0\u00a0\u00a0\u00a0\u00a0\u00a0Regulamentada pelo decreto n\u00ba 9295 de 1946, a profiss\u00e3o de contador tem\u2026","rel":"","context":"Em &quot;Geral&quot;","block_context":{"text":"Geral","link":"https:\/\/cfcontabil.com\/cf\/category\/geral\/"},"img":{"alt_text":"","src":"https:\/\/i0.wp.com\/cfcontabil.com\/cf\/wp-content\/uploads\/2012\/09\/Dia-do-Contador.png?resize=350%2C200","width":350,"height":200},"classes":[]},{"id":100,"url":"https:\/\/cfcontabil.com\/cf\/de-quem-e-a-obrigacao-de-gerar-o-sped-fiscal\/","url_meta":{"origin":316,"position":1},"title":"De quem \u00e9 a obriga\u00e7\u00e3o de gerar o SPED Fiscal?","author":"Vin\u00edcius Moizinho","date":"1 de agosto de 2012","format":false,"excerpt":"Bom dia! Hoje disponibilizo para voc\u00eas um excelente texto produzido pelo colega\u00a0Leandro Felizali, diretor da Vinco\u00a0(empresa brasileira especializada na integra\u00e7\u00e3o de sistemas e na migra\u00e7\u00e3o de dados). Afinal, de quem \u00e9 a obriga\u00e7\u00e3o de gerar o SPED Fiscal? Leandro tem a resposta. Confira logo a seguir. Boa leitura! As exig\u00eancias\u2026","rel":"","context":"Em &quot;Departamento Fiscal&quot;","block_context":{"text":"Departamento Fiscal","link":"https:\/\/cfcontabil.com\/cf\/category\/df\/"},"img":{"alt_text":"","src":"https:\/\/i0.wp.com\/www.gdcorp.com.br\/neoadmin\/imglib\/fnl\/61.jpg?resize=350%2C200","width":350,"height":200},"classes":[]},{"id":2006,"url":"https:\/\/cfcontabil.com\/cf\/zorra-e-alvo-de-nota-de-repudio-do-conselho-federal-de-contabilidade\/","url_meta":{"origin":316,"position":2},"title":"&#8216;Zorra&#8217; \u00e9 alvo de nota de rep\u00fadio do Conselho Federal de Contabilidade","author":"Ab\u00edlio Gon\u00e7alves","date":"11 de dezembro de 2019","format":false,"excerpt":"Esquete de humor\u00edstico da Globo mostrou contador vencendo o 'Trof\u00e9u N\u00e3o Fede e Nem Cheira' O\u00a0Conselho Federal\u00a0de\u00a0Contabilidade\u00a0divulgou uma nota de rep\u00fadio ao\u00a0Zorra, programa de\u00a0humor\u00a0da\u00a0Globo, nesta ter\u00e7a-feira, 10. O motivo foi uma\u00a0esquete\u00a0exibida no \u00faltimo s\u00e1bado, 7, em que o\u00a0\"Trof\u00e9u N\u00e3o Fede e Nem Cheira\"\u00a0\u00e9 entregue a um contador, interpretado por\u00a0Welder Rodrigues.\u2026","rel":"","context":"Em &quot;Geral&quot;","block_context":{"text":"Geral","link":"https:\/\/cfcontabil.com\/cf\/category\/geral\/"},"img":{"alt_text":"","src":"https:\/\/i0.wp.com\/cfcontabil.com\/cf\/wp-content\/uploads\/2019\/12\/CFC.png?fit=500%2C250&ssl=1&resize=350%2C200","width":350,"height":200},"classes":[]},{"id":611,"url":"https:\/\/cfcontabil.com\/cf\/x-convencao-de-contabildade-do-distrito-federal\/","url_meta":{"origin":316,"position":3},"title":"X Conven\u00e7\u00e3o de Contabildade do Distrito Federal","author":"Ab\u00edlio Gon\u00e7alves","date":"10 de setembro de 2015","format":false,"excerpt":"\u201cCom a Contabilidade o Brasil se faz Transparente\u201d Com este tema que o Conselho Regional de Contabilidade do Distrito Federal (CRCDF) realizou a X Conven\u00e7\u00e3o de Contabilidade do Distrito Federal, \u00a0nos dias 20 e 21 de agosto\u00a0na sede da LBV, situada na SGAS 915 Sul. A Conven\u00e7\u00e3o de\u00a0Contabilidade \u00e9 um\u2026","rel":"","context":"Em &quot;Consultoria Empresarial&quot;","block_context":{"text":"Consultoria Empresarial","link":"https:\/\/cfcontabil.com\/cf\/category\/consultoria\/"},"img":{"alt_text":"","src":"https:\/\/i0.wp.com\/cfcontabil.com\/cf\/wp-content\/uploads\/2015\/09\/xconvencaocontabilidadedf-tema-2.png?fit=600%2C600&ssl=1&resize=350%2C200","width":350,"height":200,"srcset":"https:\/\/i0.wp.com\/cfcontabil.com\/cf\/wp-content\/uploads\/2015\/09\/xconvencaocontabilidadedf-tema-2.png?fit=600%2C600&ssl=1&resize=350%2C200 1x, https:\/\/i0.wp.com\/cfcontabil.com\/cf\/wp-content\/uploads\/2015\/09\/xconvencaocontabilidadedf-tema-2.png?fit=600%2C600&ssl=1&resize=525%2C300 1.5x"},"classes":[]},{"id":726,"url":"https:\/\/cfcontabil.com\/cf\/a-responsabilidade-criminal-do-contador-no-crime-de-sonegacao-fiscal\/","url_meta":{"origin":316,"position":4},"title":"A Responsabilidade Criminal do Contador no crime de Sonega\u00e7\u00e3o Fiscal","author":"Ab\u00edlio Gon\u00e7alves","date":"3 de abril de 2016","format":false,"excerpt":"O delito \u00e9 apenado com multa e reclus\u00e3o, de 2 (dois) a 5 (cinco) anos. \u00c9 importante tanto o empres\u00e1rio ou o pr\u00f3prio Contador conhecer seus limites e responsabilidades. Veja neste artigo O ordenamento jur\u00eddico prev\u00ea diversos crimes tribut\u00e1rios e, dentre eles, o delito de sonega\u00e7\u00e3o fiscal, consoante o art.\u2026","rel":"","context":"Em &quot;Contabilidade em geral&quot;","block_context":{"text":"Contabilidade em geral","link":"https:\/\/cfcontabil.com\/cf\/category\/contabilidade-2\/"},"img":{"alt_text":"","src":"https:\/\/i0.wp.com\/cfcontabil.com\/cf\/wp-content\/uploads\/2016\/04\/criminal2-1.jpg?fit=880%2C380&ssl=1&resize=350%2C200","width":350,"height":200,"srcset":"https:\/\/i0.wp.com\/cfcontabil.com\/cf\/wp-content\/uploads\/2016\/04\/criminal2-1.jpg?fit=880%2C380&ssl=1&resize=350%2C200 1x, https:\/\/i0.wp.com\/cfcontabil.com\/cf\/wp-content\/uploads\/2016\/04\/criminal2-1.jpg?fit=880%2C380&ssl=1&resize=525%2C300 1.5x, https:\/\/i0.wp.com\/cfcontabil.com\/cf\/wp-content\/uploads\/2016\/04\/criminal2-1.jpg?fit=880%2C380&ssl=1&resize=700%2C400 2x"},"classes":[]},{"id":1203,"url":"https:\/\/cfcontabil.com\/cf\/bons-contadores-contatos-ruins\/","url_meta":{"origin":316,"position":5},"title":"Bons contadores, contatos ruins","author":"Vin\u00edcius Moizinho","date":"24 de maio de 2013","format":false,"excerpt":"Salve, salve prezados! Passado quase um m\u00eas do conturbado per\u00edodo onde pessoas f\u00edsicas correm contra o tempo para prestar contas ao n\u00e3o-t\u00e3o-querido-assim le\u00e3o de estima\u00e7\u00e3o do Fisco, volto abordando um tema interessante para reflex\u00e3o. Considere: determinados tipos de servi\u00e7o demandam certo grau de qualifica\u00e7\u00e3o para que sejam realizados. Alguns com\u2026","rel":"","context":"Em &quot;Consultoria Empresarial&quot;","block_context":{"text":"Consultoria Empresarial","link":"https:\/\/cfcontabil.com\/cf\/category\/consultoria\/"},"img":{"alt_text":"","src":"","width":0,"height":0},"classes":[]}],"jetpack_likes_enabled":true,"_links":{"self":[{"href":"https:\/\/cfcontabil.com\/cf\/wp-json\/wp\/v2\/posts\/316","targetHints":{"allow":["GET"]}}],"collection":[{"href":"https:\/\/cfcontabil.com\/cf\/wp-json\/wp\/v2\/posts"}],"about":[{"href":"https:\/\/cfcontabil.com\/cf\/wp-json\/wp\/v2\/types\/post"}],"author":[{"embeddable":true,"href":"https:\/\/cfcontabil.com\/cf\/wp-json\/wp\/v2\/users\/2"}],"replies":[{"embeddable":true,"href":"https:\/\/cfcontabil.com\/cf\/wp-json\/wp\/v2\/comments?post=316"}],"version-history":[{"count":0,"href":"https:\/\/cfcontabil.com\/cf\/wp-json\/wp\/v2\/posts\/316\/revisions"}],"wp:attachment":[{"href":"https:\/\/cfcontabil.com\/cf\/wp-json\/wp\/v2\/media?parent=316"}],"wp:term":[{"taxonomy":"category","embeddable":true,"href":"https:\/\/cfcontabil.com\/cf\/wp-json\/wp\/v2\/categories?post=316"},{"taxonomy":"post_tag","embeddable":true,"href":"https:\/\/cfcontabil.com\/cf\/wp-json\/wp\/v2\/tags?post=316"}],"curies":[{"name":"wp","href":"https:\/\/api.w.org\/{rel}","templated":true}]}}