{"id":321,"date":"2013-02-20T14:18:13","date_gmt":"2013-02-20T17:18:13","guid":{"rendered":"http:\/\/cfcontabil.com\/cf\/?p=321"},"modified":"2013-02-20T14:18:13","modified_gmt":"2013-02-20T17:18:13","slug":"imposto-de-renda-pf-2013","status":"publish","type":"post","link":"https:\/\/cfcontabil.com\/cf\/imposto-de-renda-pf-2013\/","title":{"rendered":"Imposto de Renda PF 2013"},"content":{"rendered":"<p style=\"text-align: justify;\"><strong>Declara\u00e7\u00e3o de Ajuste do Imposto de Renda Pessoa F\u00edsica 2013<\/strong><\/p>\n<p style=\"text-align: justify;\"><img data-recalc-dims=\"1\" fetchpriority=\"high\" decoding=\"async\" alt=\"imposto de renda\" src=\"https:\/\/i0.wp.com\/mundoconectado.net\/wp-content\/uploads\/2013\/02\/entrega-do-imposto-de-renda.jpg?resize=560%2C278\" width=\"560\" height=\"278\" \/><\/p>\n<p style=\"text-align: justify;\">Se aproxima o dia da libera\u00e7\u00e3o do programa para elabora\u00e7\u00e3o da DIRPF 2013 (dispon\u00edvel em 25\/02 \u00e1s 8h) e o prazo para a entrega da declara\u00e7\u00e3o do exerc\u00edcio 2013 inicia em 01 de mar\u00e7o e encerra dia <strong>30 de abril<\/strong>.<\/p>\n<p style=\"text-align: justify;\">N\u00e3o deixe para \u00faltima hora! Veja algumas informa\u00e7\u00f5es b\u00e1sicas e uma lista com os documentos para elabora\u00e7\u00e3o da sua declara\u00e7\u00e3o.<\/p>\n<p style=\"text-align: justify;\">Somente est\u00e1 isento de entregar a DIRPF o brasileiro que recebeu, em 2012, rendimentos tribut\u00e1veis de at\u00e9 <strong>R$ 24.556,65<\/strong> e que n\u00e3o se enquadrar em nenhuma outra condi\u00e7\u00e3o de obrigatoriedade.<\/p>\n<p style=\"text-align: justify;\"><!--more--><\/p>\n<p style=\"text-align: justify;\">Se a renda for de atividade rural, fica obrigado a apresentar a declara\u00e7\u00e3o o contribuinte que teve receita superior a R$ 122.783,25.<\/p>\n<p style=\"text-align: justify;\">Ainda pelas regras do Fisco, o limite anual de dedu\u00e7\u00e3o por dependente, este ano, \u00e9 de R$ 1.974,72. E com educa\u00e7\u00e3o passou para R$ 3.091,35. Sendo que o limite m\u00e1ximo para dedu\u00e7\u00f5es \u00e9 de 20% do valor dos rendimentos ou o equivalente a R$ 14.542,60.<\/p>\n<p style=\"text-align: justify;\">N\u00e3o corra riscos desnecess\u00e1rios e problemas com a fiscaliza\u00e7\u00e3o, fa\u00e7a conosco sua declara\u00e7\u00e3o de Imposto de Renda!<\/p>\n<p style=\"text-align: justify;\"><img data-recalc-dims=\"1\" decoding=\"async\" alt=\"imposto de renda\" src=\"https:\/\/i0.wp.com\/blog.opovo.com.br\/blogdoeliomar\/files\/2012\/04\/imposto-de-renda-le%C3%A3o-e1335017136466.jpg?resize=500%2C414\" width=\"500\" height=\"414\" \/><\/p>\n<p><strong>Conhe\u00e7a alguns documentos importantes (n\u00e3o \u00e9 necess\u00e1rio ter todos):<\/strong><\/p>\n<ul style=\"list-style-type: disc;\">\n<li style=\"text-align: justify;\">Extrato e Recibo do Imposto de renda do exerc\u00edcio 2012;<\/li>\n<li style=\"text-align: justify;\">Comprovantes de Rendimentos, pr\u00f3prio e dos dependentes para declara\u00e7\u00e3o de Imposto de Renda;<\/li>\n<li style=\"text-align: justify;\">Comprovante de Recebimento de Alugu\u00e9is;<\/li>\n<li style=\"text-align: justify;\">Extratos banc\u00e1rios para fins de Imposto de Renda;<\/li>\n<li style=\"text-align: justify;\">Extrato do\u00a0Plano Gerador de Benef\u00edcio Livre (PGBL);<\/li>\n<li style=\"text-align: justify;\">Extratos de caderneta de poupan\u00e7a para fins de Imposto de Renda;<\/li>\n<li style=\"text-align: justify;\">Extratos de Cons\u00f3rcio, financiamentos, investimentos;<\/li>\n<li style=\"text-align: justify;\">Comprovantes de aquisi\u00e7\u00e3o ou venda de im\u00f3veis (contrato ou escritura);<\/li>\n<li style=\"text-align: justify;\">Recibos ou notas fiscais de aquisi\u00e7\u00e3o ou vendas de ve\u00edculos;<\/li>\n<li style=\"text-align: justify;\">S\u00f3cio de empresas: Contrato social e altera\u00e7\u00f5es;<\/li>\n<li style=\"text-align: justify;\">Comprovantes de pagamentos de servi\u00e7os m\u00e9dicos, exemplos:\u00a0consultas, interna\u00e7\u00f5es, exames de laborat\u00f3rio, a compra de pr\u00f3teses e at\u00e9 gastos com assistente social, massagista e enfermeiro;<\/li>\n<li style=\"text-align: justify;\">Comprovantes pagos a planos de sa\u00fade;<\/li>\n<li style=\"text-align: justify;\">Comprovantes pagos referente a educa\u00e7\u00e3o, pr\u00f3pria ou de dependentes;<\/li>\n<li style=\"text-align: justify;\">Recibos de contribui\u00e7\u00f5es a fundos de idosos, atividades de incentivo \u00e0 cultura e projetos desportivos, entre outros.<\/li>\n<\/ul>\n<p style=\"text-align: center;\"><em>N\u00e3o deixe o acerto de contas com o le\u00e3o em cima da hora!<\/em><\/p>\n<p style=\"text-align: center;\"><em><img data-recalc-dims=\"1\" decoding=\"async\" alt=\"Imposto de Renda\" src=\"https:\/\/i0.wp.com\/1.bp.blogspot.com\/-vxkjdThFgSs\/TbsPH8WzhVI\/AAAAAAAAAig\/v_QLcbIUe8M\/s1600\/Imposto%2Bde%2Brenda.jpg?resize=560%2C379\" width=\"560\" height=\"379\" \/>Para mais informa\u00e7\u00f5es, entre em contato conosco no telefone:<\/em><\/p>\n<p style=\"text-align: center;\">(61) 3381-6090 \/ 3382-7378<\/p>\n<p style=\"text-align: center;\"><strong>CF Cont\u00e1bil<\/strong><\/p>\n<p style=\"text-align: center;\">QE 07 Bloco C Sala 110 &#8211; Guar\u00e1 I &#8211; DF<\/p>\n","protected":false},"excerpt":{"rendered":"<p>Declara\u00e7\u00e3o de Ajuste do Imposto de Renda Pessoa F\u00edsica 2013 Se aproxima o dia da libera\u00e7\u00e3o do programa para elabora\u00e7\u00e3o da DIRPF 2013 (dispon\u00edvel em 25\/02 \u00e1s 8h) e o prazo para a entrega da declara\u00e7\u00e3o do exerc\u00edcio 2013 inicia em 01 de mar\u00e7o e encerra dia 30 de abril. N\u00e3o deixe para \u00faltima hora! [&hellip;]<\/p>\n","protected":false},"author":3,"featured_media":0,"comment_status":"open","ping_status":"open","sticky":false,"template":"","format":"standard","meta":{"jetpack_post_was_ever_published":false,"_jetpack_newsletter_access":"","_jetpack_dont_email_post_to_subs":false,"_jetpack_newsletter_tier_id":0,"_jetpack_memberships_contains_paywalled_content":false,"_jetpack_memberships_contains_paid_content":false,"footnotes":"","jetpack_publicize_message":"","jetpack_publicize_feature_enabled":true,"jetpack_social_post_already_shared":true,"jetpack_social_options":{"image_generator_settings":{"template":"highway","default_image_id":0,"font":"","enabled":false},"version":2}},"categories":[22],"tags":[103,104,105,106,35,107,108,109,110,111],"class_list":["post-321","post","type-post","status-publish","format-standard","hentry","category-geral","tag-103","tag-acerto","tag-contas","tag-declaracao","tag-fisco","tag-fisica","tag-imposto","tag-leao","tag-pessoa","tag-renda"],"jetpack_publicize_connections":[],"jetpack_featured_media_url":"","jetpack_sharing_enabled":true,"jetpack_shortlink":"https:\/\/wp.me\/p2wklX-5b","jetpack-related-posts":[{"id":1225,"url":"https:\/\/cfcontabil.com\/cf\/programa-da-dirpf-2017-ja-esta-disponivel-para-download\/","url_meta":{"origin":321,"position":0},"title":"Programa da DIRPF 2017 j\u00e1 est\u00e1 dispon\u00edvel para download","author":"Ab\u00edlio Gon\u00e7alves","date":"23 de fevereiro de 2017","format":false,"excerpt":"Encontra-se dispon\u00edvel para instala\u00e7\u00e3o o programa do Imposto de Renda Pessoa F\u00edsica 2017, para quem quer antecipar os lan\u00e7amentos na sua declara\u00e7\u00e3o. Acesse:\u00a0http:\/\/idg.receita.fazenda.gov.br\/interface\/cidadao\/irpf\/2017\/download Lembre-se: a temporada de entrega das declara\u00e7\u00f5es come\u00e7a somente depois do carnaval, em 2 de mar\u00e7o, e se estende at\u00e9 28 de abril. Os contribuintes que enviarem\u2026","rel":"","context":"Em &quot;Departamento Fiscal&quot;","block_context":{"text":"Departamento Fiscal","link":"https:\/\/cfcontabil.com\/cf\/category\/df\/"},"img":{"alt_text":"","src":"https:\/\/i0.wp.com\/cfcontabil.com\/cf\/wp-content\/uploads\/2017\/02\/irpf2017-1.png?fit=490%2C247&ssl=1&resize=350%2C200","width":350,"height":200},"classes":[]},{"id":920,"url":"https:\/\/cfcontabil.com\/cf\/receita-federal-altera-regras-de-informacoes-de-dependentes-na-dirpf\/","url_meta":{"origin":321,"position":1},"title":"Receita Federal altera regras de informa\u00e7\u00f5es de dependentes na Dirpf","author":"Ab\u00edlio Gon\u00e7alves","date":"2 de fevereiro de 2017","format":false,"excerpt":"Foi publicada hoje no Di\u00e1rio Oficial da Uni\u00e3o a Instru\u00e7\u00e3o Normativa RFB n\u00ba 1688, que determina que os contribuintes que desejarem incluir seus dependentes na declara\u00e7\u00e3o do Imposto de Renda de 2017 dever\u00e3o registr\u00e1-los no Cadastro de Pessoas F\u00edsicas (CPF), caso tenham 12 anos ou mais. At\u00e9 ent\u00e3o, a obrigatoriedade\u2026","rel":"","context":"Em &quot;Geral&quot;","block_context":{"text":"Geral","link":"https:\/\/cfcontabil.com\/cf\/category\/geral\/"},"img":{"alt_text":"","src":"https:\/\/i0.wp.com\/cfcontabil.com\/cf\/wp-content\/uploads\/2017\/02\/DEPENDENTES-1.png?fit=940%2C788&ssl=1&resize=350%2C200","width":350,"height":200,"srcset":"https:\/\/i0.wp.com\/cfcontabil.com\/cf\/wp-content\/uploads\/2017\/02\/DEPENDENTES-1.png?fit=940%2C788&ssl=1&resize=350%2C200 1x, https:\/\/i0.wp.com\/cfcontabil.com\/cf\/wp-content\/uploads\/2017\/02\/DEPENDENTES-1.png?fit=940%2C788&ssl=1&resize=525%2C300 1.5x, https:\/\/i0.wp.com\/cfcontabil.com\/cf\/wp-content\/uploads\/2017\/02\/DEPENDENTES-1.png?fit=940%2C788&ssl=1&resize=700%2C400 2x"},"classes":[]},{"id":2186,"url":"https:\/\/cfcontabil.com\/cf\/secretario-da-receita-diz-que-nao-ha-adiamento-do-prazo-de-entrega-do-irpf\/","url_meta":{"origin":321,"position":2},"title":"Secret\u00e1rio da Receita diz que n\u00e3o h\u00e1 adiamento do prazo de entrega do IRPF","author":"Ab\u00edlio Gon\u00e7alves","date":"25 de mar\u00e7o de 2020","format":false,"excerpt":"Segundo Tostes, a not\u00edcia sobre adiamento \u00e9 \u201cimprocedente\u201d. Adriana Fernandes - Estad\u00e3o Conte\u00fado O secret\u00e1rio da Receita Federal, Jos\u00e9 Tostes, informou ao jornal O Estado de S. Paulo, por meio da assessoria de comunica\u00e7\u00e3o do Minist\u00e9rio da Economia, que n\u00e3o houve nenhuma mudan\u00e7a no prazo final de entrega da declara\u00e7\u00e3o\u2026","rel":"","context":"Em &quot;Departamento Fiscal&quot;","block_context":{"text":"Departamento Fiscal","link":"https:\/\/cfcontabil.com\/cf\/category\/df\/"},"img":{"alt_text":"","src":"https:\/\/i0.wp.com\/cfcontabil.com\/cf\/wp-content\/uploads\/2016\/03\/entrega-do-imposto-de-renda-2.jpg?fit=645%2C320&ssl=1&resize=350%2C200","width":350,"height":200,"srcset":"https:\/\/i0.wp.com\/cfcontabil.com\/cf\/wp-content\/uploads\/2016\/03\/entrega-do-imposto-de-renda-2.jpg?fit=645%2C320&ssl=1&resize=350%2C200 1x, https:\/\/i0.wp.com\/cfcontabil.com\/cf\/wp-content\/uploads\/2016\/03\/entrega-do-imposto-de-renda-2.jpg?fit=645%2C320&ssl=1&resize=525%2C300 1.5x"},"classes":[]},{"id":466,"url":"https:\/\/cfcontabil.com\/cf\/imposto-de-renda-2014-1o-de-marco-a-30-de-abril\/","url_meta":{"origin":321,"position":3},"title":"Imposto de Renda 2014 ~ Regras e Esclarecimentos","author":"Vin\u00edcius Moizinho","date":"20 de fevereiro de 2014","format":false,"excerpt":"Boa tarde, prezados. Como deve ser de seu conhecimento, estamos em \u00e9poca de elabora\u00e7\u00e3o das Declara\u00e7\u00f5es de Imposto de Renda - Pessoa F\u00edsica 2014, per\u00edodo compreendido entre 06\u00a0de Mar\u00e7o e 30 de Abril, de acordo com os rendimentos referentes ao ano-calend\u00e1rio 2013. Est\u00e1 com d\u00favidas? Quer saber mais a respeito?\u2026","rel":"","context":"Em &quot;Departamento Fiscal&quot;","block_context":{"text":"Departamento Fiscal","link":"https:\/\/cfcontabil.com\/cf\/category\/df\/"},"img":{"alt_text":"","src":"https:\/\/i0.wp.com\/cfcontabil.com\/cf\/wp-content\/uploads\/2013\/10\/IMPOSTO-597x245-2.jpg?fit=597%2C245&ssl=1&resize=350%2C200","width":350,"height":200,"srcset":"https:\/\/i0.wp.com\/cfcontabil.com\/cf\/wp-content\/uploads\/2013\/10\/IMPOSTO-597x245-2.jpg?fit=597%2C245&ssl=1&resize=350%2C200 1x, https:\/\/i0.wp.com\/cfcontabil.com\/cf\/wp-content\/uploads\/2013\/10\/IMPOSTO-597x245-2.jpg?fit=597%2C245&ssl=1&resize=525%2C300 1.5x"},"classes":[]},{"id":1050,"url":"https:\/\/cfcontabil.com\/cf\/imposto-de-renda-2017-mei-como-declarar-os-rendimentos\/","url_meta":{"origin":321,"position":4},"title":"Imposto de Renda 2017: MEI, como declarar os rendimentos?","author":"Ab\u00edlio Gon\u00e7alves","date":"11 de mar\u00e7o de 2017","format":false,"excerpt":"Com o in\u00edcio do per\u00edodo de entrega do do Imposto de Renda de 2017 - de 2 de mar\u00e7o a 28 de abril -, d\u00favidas come\u00e7am a surgir sobre o processo de declara\u00e7\u00e3o. Atrav\u00e9s do servi\u00e7o tira-d\u00favidas lan\u00e7ado por O GLOBO e Extra, leitores enviaram perguntas sobre como deve ser\u2026","rel":"","context":"Em &quot;Departamento Fiscal&quot;","block_context":{"text":"Departamento Fiscal","link":"https:\/\/cfcontabil.com\/cf\/category\/df\/"},"img":{"alt_text":"","src":"https:\/\/i0.wp.com\/cfcontabil.com\/cf\/wp-content\/uploads\/2017\/02\/irpfrfb-1.jpg?fit=640%2C340&ssl=1&resize=350%2C200","width":350,"height":200,"srcset":"https:\/\/i0.wp.com\/cfcontabil.com\/cf\/wp-content\/uploads\/2017\/02\/irpfrfb-1.jpg?fit=640%2C340&ssl=1&resize=350%2C200 1x, https:\/\/i0.wp.com\/cfcontabil.com\/cf\/wp-content\/uploads\/2017\/02\/irpfrfb-1.jpg?fit=640%2C340&ssl=1&resize=525%2C300 1.5x"},"classes":[]},{"id":802,"url":"https:\/\/cfcontabil.com\/cf\/divulgado-o-cronograma-do-irpf-2017-pela-receita-federal\/","url_meta":{"origin":321,"position":5},"title":"Divulgado o cronograma do IRPF 2017 pela Receita Federal","author":"Ab\u00edlio Gon\u00e7alves","date":"9 de janeiro de 2017","format":false,"excerpt":"\u00c9 importante saber que al\u00e9m da \u00a0Declara\u00e7\u00e3o de Ajuste Anual da Pessoa F\u00edsica, v\u00e1rios programas e aplicativos auxiliares que visam facilitar o cumprimento das obriga\u00e7\u00f5es tribut\u00e1rias por parte dos contribuintes. Fique atento as datas e n\u00e3o perca os prazos, na d\u00favida, busque um contador para ajudar: A Secretaria da Receita\u2026","rel":"","context":"Em &quot;Geral&quot;","block_context":{"text":"Geral","link":"https:\/\/cfcontabil.com\/cf\/category\/geral\/"},"img":{"alt_text":"","src":"https:\/\/i0.wp.com\/cfcontabil.com\/cf\/wp-content\/uploads\/2017\/01\/leao-imposto-renda-original1-1.jpeg?fit=620%2C349&ssl=1&resize=350%2C200","width":350,"height":200,"srcset":"https:\/\/i0.wp.com\/cfcontabil.com\/cf\/wp-content\/uploads\/2017\/01\/leao-imposto-renda-original1-1.jpeg?fit=620%2C349&ssl=1&resize=350%2C200 1x, https:\/\/i0.wp.com\/cfcontabil.com\/cf\/wp-content\/uploads\/2017\/01\/leao-imposto-renda-original1-1.jpeg?fit=620%2C349&ssl=1&resize=525%2C300 1.5x"},"classes":[]}],"jetpack_likes_enabled":true,"_links":{"self":[{"href":"https:\/\/cfcontabil.com\/cf\/wp-json\/wp\/v2\/posts\/321","targetHints":{"allow":["GET"]}}],"collection":[{"href":"https:\/\/cfcontabil.com\/cf\/wp-json\/wp\/v2\/posts"}],"about":[{"href":"https:\/\/cfcontabil.com\/cf\/wp-json\/wp\/v2\/types\/post"}],"author":[{"embeddable":true,"href":"https:\/\/cfcontabil.com\/cf\/wp-json\/wp\/v2\/users\/3"}],"replies":[{"embeddable":true,"href":"https:\/\/cfcontabil.com\/cf\/wp-json\/wp\/v2\/comments?post=321"}],"version-history":[{"count":0,"href":"https:\/\/cfcontabil.com\/cf\/wp-json\/wp\/v2\/posts\/321\/revisions"}],"wp:attachment":[{"href":"https:\/\/cfcontabil.com\/cf\/wp-json\/wp\/v2\/media?parent=321"}],"wp:term":[{"taxonomy":"category","embeddable":true,"href":"https:\/\/cfcontabil.com\/cf\/wp-json\/wp\/v2\/categories?post=321"},{"taxonomy":"post_tag","embeddable":true,"href":"https:\/\/cfcontabil.com\/cf\/wp-json\/wp\/v2\/tags?post=321"}],"curies":[{"name":"wp","href":"https:\/\/api.w.org\/{rel}","templated":true}]}}