{"id":330,"date":"2013-03-01T08:51:33","date_gmt":"2013-03-01T11:51:33","guid":{"rendered":"http:\/\/cfcontabil.com\/cf\/?p=330"},"modified":"2013-03-01T08:51:33","modified_gmt":"2013-03-01T11:51:33","slug":"comeca-o-acerto-de-contas","status":"publish","type":"post","link":"https:\/\/cfcontabil.com\/cf\/comeca-o-acerto-de-contas\/","title":{"rendered":"Come\u00e7a o acerto de contas!"},"content":{"rendered":"<p style=\"text-align: justify;\"><img data-recalc-dims=\"1\" fetchpriority=\"high\" decoding=\"async\" alt=\"calendario\" src=\"https:\/\/i0.wp.com\/www.cfcontabil.com\/images\/marco2013.jpg?resize=560%2C149\" width=\"560\" height=\"149\" \/><\/p>\n<p style=\"text-align: justify;\">A partir de hoje (1) inicia o per\u00edodo da entrega da declara\u00e7\u00e3o do IRPF (Imposto de Renda Pessoa F\u00edsica) 2013.<\/p>\n<p style=\"text-align: justify;\">E segundo as normas publicadas no DOU (Di\u00e1rio Oficial da Uni\u00e3o) de 19\/02, \u00a0a declara\u00e7\u00e3o dever\u00e1 ser entregue at\u00e9 \u00e0s <strong>23h59m59s do dia 30 de abril<\/strong>, a entrega fora do prazo pode gerar multa de 1% ao m\u00eas-calend\u00e1rio ou fra\u00e7\u00e3o de atraso, calculada sobre o total do imposto devido apurado, ainda que integralmente pago.<\/p>\n<p style=\"text-align: justify;\">A multa tem como valor m\u00ednimo R$ 165,74 e como valor m\u00e1ximo 20% sobre o imposto devido.<\/p>\n<p style=\"text-align: justify;\">\u00c9 importante destacar que a penalidade abrange inclusive as declara\u00e7\u00f5es que n\u00e3o resultem em imposto a pagar.<\/p>\n<p style=\"text-align: justify;\">N\u00e3o perca o prazo e traga sua declara\u00e7\u00e3o!<\/p>\n<p style=\"text-align: justify;\"><strong>J\u00e1 sabe se deve declarar? Como declarar? Vejamos a seguir!<\/strong><\/p>\n<p style=\"text-align: justify;\"><img data-recalc-dims=\"1\" decoding=\"async\" alt=\"irpf2013\" src=\"https:\/\/i0.wp.com\/www.receita.fazenda.gov.br\/pagina-inicial\/objetos-externos\/img\/destaque1.jpg?resize=560%2C280\" width=\"560\" height=\"280\" \/><\/p>\n<p style=\"text-align: justify;\"><!--more--><\/p>\n<p style=\"text-align: justify;\"><strong>Quem deve declarar Imposto de Renda?<\/strong><\/p>\n<p style=\"text-align: justify;\">Em 2013, devem declarar o IR, aqueles que receberam durante o ano de 2012, rendimentos brutos tribut\u00e1veis superiores a R$ 24.556,65 ou rendimentos n\u00e3o-tribut\u00e1veis, tributados exclusivamente na fonte e isentos, acima de R$ 40 mil. Al\u00e9m destes, quem se encontra em alguma das situa\u00e7\u00f5es abaixo tamb\u00e9m deve acertar as contas com o Le\u00e3o.<\/p>\n<ul style=\"text-align: justify;\">\n<li>Realizaram, em qualquer m\u00eas-calend\u00e1rio, venda de bens ou direitos na qual foi apurado ganho de capital sujeito \u00e0 incid\u00eancia de imposto, mesmo nos casos em que o contribuinte optou pela isen\u00e7\u00e3o atrav\u00e9s da aplica\u00e7\u00e3o do produto da venda na compra de im\u00f3veis residenciais no prazo de 180 dias;<\/li>\n<li>\u00a0Realizaram neg\u00f3cios em bolsa de valores, de mercadorias, de futuros e assemelhadas;<\/li>\n<li>Tiveram posse ou a propriedade de bens ou direitos, inclusive terra nua, de valor total superior a R$ 300 mil durante o ano de 2012;<\/li>\n<li>Passaram \u00e0 condi\u00e7\u00e3o de residente no Brasil durante o ano de 2012 e nessa condi\u00e7\u00e3o se encontravam em 31 de dezembro;<\/li>\n<li>Indiv\u00edduos com receita bruta superior a R$ 122.783,25 atrav\u00e9s de atividade rural, ou que estejam compensando preju\u00edzos de anos anteriores ou do ano que se refere a declara\u00e7\u00e3o, neste caso, sendo vedada \u00e0 declara\u00e7\u00e3o atrav\u00e9s do modelo simplificado.<\/li>\n<\/ul>\n<p style=\"text-align: justify;\">\u00a0<strong>Rendimentos tribut\u00e1veis<\/strong><\/p>\n<p style=\"text-align: justify;\">Os rendimentos a seguir s\u00e3o tribut\u00e1veis e n\u00e3o podem deixar de estar inclu\u00eddos na sua declara\u00e7\u00e3o de Imposto de Renda. Os rendimentos tribut\u00e1veis s\u00e3o aqueles sobre o qual incide o Imposto de Renda da Pessoa F\u00edsica, desde que respeitado o teto de R$ 1.637,11 mensais.<\/p>\n<ul style=\"text-align: justify;\">\n<li>Rendimentos no exterior: esses rendimentos ser\u00e3o convertidos em reais utilizando a taxa de compra do d\u00f3lar vigente na \u00e9poca dos rendimentos ou pagamentos de impostos;<\/li>\n<li>Rendimento de sal\u00e1rio: independentemente de voc\u00ea ter ou n\u00e3o carteira de trabalho assinada;<\/li>\n<li>Ganho com alugu\u00e9is: do valor recebido voc\u00ea pode descontar os impostos e taxas incidentes sobre o bem, como IPTU, despesas com condom\u00ednio etc. Lembre-se que, para realizar estes descontos, as taxas e impostos dever\u00e3o estar todas quitadas pelo locador;<\/li>\n<li>Ganho com servi\u00e7os de transporte de cargas e passageiro;<\/li>\n<li>Rendimentos de pens\u00e3o judicial: inclusive as pens\u00f5es aliment\u00edcias provis\u00f3rias;<\/li>\n<\/ul>\n<p style=\"text-align: justify;\">\u00a0<strong>Rendimentos isentos e n\u00e3o-tribut\u00e1veis<\/strong><\/p>\n<p style=\"text-align: justify;\">Pela legisla\u00e7\u00e3o, os rendimentos seguintes s\u00e3o considerados isentos do Imposto de Renda, ou seja, voc\u00ea n\u00e3o precisa recolher imposto sobre eles. Entretanto, mesmo n\u00e3o tendo de pagar imposto sobre estes rendimentos, ser\u00e1 necess\u00e1rio inform\u00e1-los na sua declara\u00e7\u00e3o, desde que, \u00e9 claro, voc\u00ea esteja obrigado a entregar declara\u00e7\u00e3o de Imposto de Renda e n\u00e3o fa\u00e7a parte dos contribuintes isentos.<\/p>\n<ul style=\"text-align: justify;\">\n<li>Rendimento de sal\u00e1rio de at\u00e9 R$ 1.637,11 por m\u00eas;<\/li>\n<li>Pens\u00f5es de at\u00e9 R$ 1.637,11, sendo que esse valor \u00e9 calculado como a soma do valor de todas as pens\u00f5es recebidas, ou seja, se voc\u00ea receber duas pens\u00f5es de R$ 900, ent\u00e3o, o total equivale a R$ 1.800 e, portanto, incide Imposto de Renda;<\/li>\n<li>Rendimento do PIS\/Pasep;<\/li>\n<li>Ganhos com lucros e dividendos, desde que j\u00e1 tenham sido tributados na fonte;<\/li>\n<li>Ganho com poupan\u00e7a, letra de cr\u00e9dito imobili\u00e1rio, letra hipotec\u00e1ria e certificados de receb\u00edveis imobili\u00e1rios;<\/li>\n<li>Recebimento de benef\u00edcios concedidos pela Previd\u00eancia Social, em caso de morte ou invalidez permanente;<\/li>\n<li>Corre\u00e7\u00f5es de custos de bens, em raz\u00e3o de corre\u00e7\u00e3o monet\u00e1ria;<\/li>\n<li>Parcelas isentas apuradas na atividade rural;<\/li>\n<li>Recebimento de aviso pr\u00e9vio, FGTS (Fundo de Garantia do Tempo de Servi\u00e7o), indeniza\u00e7\u00f5es trabalhistas, aux\u00edlio-doen\u00e7a e aux\u00edlio-funeral;<\/li>\n<li>Recebimento de seguro-desemprego;<\/li>\n<li>Recebimento de aposentadoria por pessoas com mais de 65 anos, desde que n\u00e3o supere R$ 1.637,11 por m\u00eas;<\/li>\n<li>Benef\u00edcios de PDV (Programa de Demiss\u00e3o Volunt\u00e1ria); n\u00e3o sendo consideradas verbas indenizat\u00f3rias (isentas) j\u00e1 previstas pela legisla\u00e7\u00e3o trabalhista.<\/li>\n<li>Recebimento de aposentadoria por acidente de servi\u00e7o ou doen\u00e7a grave;<\/li>\n<li>Ganhos l\u00edquidos auferidos por pessoa f\u00edsica em opera\u00e7\u00f5es no mercado \u00e0 vista de a\u00e7\u00f5es negociadas em bolsas de valores e em opera\u00e7\u00f5es com ouro, ativo financeiro, cujo valor das aliena\u00e7\u00f5es realizadas em cada m\u00eas seja igual ou inferior a R$ 20 mil, para o conjunto de a\u00e7\u00f5es e para o ouro, ativo financeiro, individualmente;<\/li>\n<li>Recebimento de restitui\u00e7\u00f5es de Imposto de Renda.<\/li>\n<\/ul>\n<p style=\"text-align: justify;\">\u00a0<strong>Qual modelo escolher: simplificado ou completo?<\/strong><\/p>\n<p style=\"text-align: justify;\">Se voc\u00ea tem de entregar sua declara\u00e7\u00e3o de Imposto de Renda, pode escolher entre dois tipos de formul\u00e1rios: simplificado ou completo. Em ambos os casos, voc\u00ea ir\u00e1 precisar dos seguintes documentos:<\/p>\n<ul style=\"text-align: justify;\">\n<li>Informativo sobre rendimentos da empresa onde trabalha ou onde trabalhou;<\/li>\n<li>Informativo sobre aplica\u00e7\u00f5es financeiras dos bancos onde tem ou teve conta;<\/li>\n<li>Recibos de gastos m\u00e9dicos, gastos com educa\u00e7\u00e3o etc., que devem ser guardados por um per\u00edodo de cinco anos, apesar de n\u00e3o ser necess\u00e1rios anex\u00e1-los na declara\u00e7\u00e3o.<\/li>\n<\/ul>\n<p style=\"text-align: justify;\"><img data-recalc-dims=\"1\" decoding=\"async\" alt=\"simplificada completa\" src=\"https:\/\/i0.wp.com\/g1.globo.com\/Noticias\/Economia_Negocios\/foto\/0%2C%2C14461116%2C00.jpg?resize=560%2C188\" width=\"560\" height=\"188\" \/><\/p>\n<p style=\"text-align: justify;\">As principais diferen\u00e7as entre os dois tipos de modelos est\u00e3o resumidas abaixo:<\/p>\n<p style=\"text-align: justify;\">Modelo Simplificado:\u00a0as declara\u00e7\u00f5es simplificadas podem ser feitas por qualquer contribuinte. Entretanto, nesse modelo, as dedu\u00e7\u00f5es s\u00e3o substitu\u00eddas por um desconto padr\u00e3o de 20% sobre os rendimentos tribut\u00e1veis, desde que o desconto n\u00e3o ultrapasse o valor de R$ 14.542,60.<\/p>\n<p style=\"text-align: justify;\">Dessa forma, o modelo simplificado \u00e9 indicado para pessoas que n\u00e3o possuem muitas dedu\u00e7\u00f5es, uma vez que, neste caso, \u00e9 aconselh\u00e1vel optar pelo modelo completo. Ao preencher o modelo simplificado, voc\u00ea ter\u00e1 de informar o CNPJ ou CPF da sua principal fonte pagadora, mas tamb\u00e9m deve indicar nos campos indicados os rendimentos de todas as fontes.<\/p>\n<p style=\"text-align: justify;\">Modelo Completo:\u00a0caso voc\u00ea n\u00e3o se enquadre no modelo simplificado, ou seja, tem muitas dedu\u00e7\u00f5es a fazer, como plano de sa\u00fade, gastos com educa\u00e7\u00e3o, dependentes etc., poder\u00e1 declarar o imposto da maneira completa, onde \u00e9 necess\u00e1rio informar todos os gastos e rendimentos ocorridos no ano.<\/p>\n<p style=\"text-align: justify;\">Se o total das suas dedu\u00e7\u00f5es exceder o limite de R$ 14.542,60, sua melhor op\u00e7\u00e3o \u00e9 fazer a declara\u00e7\u00e3o completa. Neste caso, n\u00e3o deixe de guardar os comprovantes de rendimentos e das despesas por cinco anos, no m\u00ednimo, prazo durante o qual a Receita Federal pode pedir a comprova\u00e7\u00e3o das dedu\u00e7\u00f5es, se existir suspeita de sonega\u00e7\u00e3o.<\/p>\n<p style=\"text-align: justify;\"><img data-recalc-dims=\"1\" loading=\"lazy\" decoding=\"async\" alt=\"dedu\u00e7\u00f5es\" src=\"https:\/\/i0.wp.com\/imguol.com\/2012\/04\/05\/montagemdeducoes-ir-1333666676367_956x500.jpg?resize=560%2C293\" width=\"560\" height=\"293\" \/><\/p>\n<p style=\"text-align: justify;\"><strong>Dedu\u00e7\u00f5es permitidas por lei<\/strong><\/p>\n<p style=\"text-align: justify;\">As dedu\u00e7\u00f5es a seguir permitem que voc\u00ea reduza a base de c\u00e1lculo do seu Imposto de Renda e minimize a &#8220;mordida do le\u00e3o&#8221; sobre seu rendimento. A legisla\u00e7\u00e3o tribut\u00e1ria atual permite a dedu\u00e7\u00e3o de v\u00e1rios gastos, como, por exemplo, gastos com contribui\u00e7\u00e3o \u00e0 previd\u00eancia oficial e privada, despesas com dependentes, despesas m\u00e9dicas e com educa\u00e7\u00e3o etc. Para facilitar, dividimos as dedu\u00e7\u00f5es permitidas por lei em dois grupos: com ou sem limites, como detalhado abaixo.<\/p>\n<p style=\"text-align: justify;\"><strong>Dedu\u00e7\u00f5es sem limite<\/strong><\/p>\n<p style=\"text-align: justify;\">1. Contribui\u00e7\u00e3o \u00e0 previd\u00eancia oficial: voc\u00ea poder\u00e1 abater o total que foi pago em 2012.<\/p>\n<p style=\"text-align: justify;\">2. Livro-caixa: poder\u00e3o ser deduzidas as despesas escrituradas no livro-caixa por profissionais aut\u00f4nomos, como remunera\u00e7\u00e3o de terceiros com v\u00ednculo empregat\u00edcio e os respectivos encargos trabalhistas e previdenci\u00e1rios, emolumentos e despesas de custeio necess\u00e1rias \u00e0 percep\u00e7\u00e3o da receita e \u00e0 manuten\u00e7\u00e3o da fonte produtora.<\/p>\n<p style=\"text-align: justify;\">3. Pens\u00e3o aliment\u00edcia: podem ser deduzidos todos os pagamentos destinados \u00e0 pens\u00e3o aliment\u00edcia.<\/p>\n<p style=\"text-align: justify;\">4. Despesas m\u00e9dicas: s\u00e3o dedut\u00edveis todos os gastos relativos a tratamento pr\u00f3prio, dos dependentes e de alimentandos, em cumprimento de decis\u00e3o judicial. Podem ser inclu\u00eddos os gastos com m\u00e9dicos, dentistas, psic\u00f3logos, fisioterapeutas, terapeutas ocupacionais, fonoaudi\u00f3logos, hospitais, exames laboratoriais. Por\u00e9m, n\u00e3o poder\u00e3o ser inclu\u00eddos gastos com rem\u00e9dios, com enfermeiros, na compra de \u00f3culos, aparelhos de surdez etc.<\/p>\n<p style=\"text-align: justify;\"><strong>Dedu\u00e7\u00f5es com limite<\/strong><\/p>\n<p style=\"text-align: justify;\">1. Despesas com dependentes: o limite anual \u00e9 de R$ 1.974,72 por dependente.<\/p>\n<p style=\"text-align: justify;\">2. Despesas com educa\u00e7\u00e3o: o limite individual anual \u00e9 de R$ 3.091,35 por pessoa ou dependente. Entre as despesas permitidas, est\u00e3o despesas com educa\u00e7\u00e3o infantil (creche, pr\u00e9-escola), Ensino Fundamental, Ensino M\u00e9dio, Ensino Superior (cursos de gradua\u00e7\u00e3o, mestrado, doutorado e especializa\u00e7\u00e3o) e cursos profissionalizantes (t\u00e9cnico e tecnol\u00f3gico). Entretanto, n\u00e3o s\u00e3o permitidas dedu\u00e7\u00f5es de uniforme, material e transporte escolar, cursos de idiomas ou inform\u00e1tica etc.<\/p>\n<p style=\"text-align: justify;\">3. Contribui\u00e7\u00e3o \u00e0 Previd\u00eancia Privada, ao Fundo de Aposentadoria Programada Individual (Fapi) e ao Plano Gerador de Benef\u00edcios Livres (PGBL): as contribui\u00e7\u00f5es que corresponderem a at\u00e9 12% da sua renda tribut\u00e1vel podem ser deduzidas.<\/p>\n<p style=\"text-align: justify;\">4. Dedu\u00e7\u00e3o de incentivos: incluindo doa\u00e7\u00f5es para fundos controlados pelos Conselhos Municipais, Estaduais e Nacional dos Direitos da Crian\u00e7a e do Adolescente, incentivo \u00e0 cultura e incentivo \u00e0 atividade audiovisual. A soma dessas dedu\u00e7\u00f5es est\u00e1 limitada a 6% do imposto apurado<\/p>\n<p><strong>Fonte: Infomoney<\/strong><\/p>\n","protected":false},"excerpt":{"rendered":"<p>A partir de hoje (1) inicia o per\u00edodo da entrega da declara\u00e7\u00e3o do IRPF (Imposto de Renda Pessoa F\u00edsica) 2013. E segundo as normas publicadas no DOU (Di\u00e1rio Oficial da Uni\u00e3o) de 19\/02, \u00a0a declara\u00e7\u00e3o dever\u00e1 ser entregue at\u00e9 \u00e0s 23h59m59s do dia 30 de abril, a entrega fora do prazo pode gerar multa de [&hellip;]<\/p>\n","protected":false},"author":3,"featured_media":0,"comment_status":"open","ping_status":"open","sticky":false,"template":"","format":"standard","meta":{"jetpack_post_was_ever_published":false,"_jetpack_newsletter_access":"","_jetpack_dont_email_post_to_subs":false,"_jetpack_newsletter_tier_id":0,"_jetpack_memberships_contains_paywalled_content":false,"_jetpack_memberships_contains_paid_content":false,"footnotes":"","jetpack_publicize_message":"","jetpack_publicize_feature_enabled":true,"jetpack_social_post_already_shared":true,"jetpack_social_options":{"image_generator_settings":{"template":"highway","default_image_id":0,"font":"","enabled":false},"version":2}},"categories":[22],"tags":[103,104,105,106,35,107,108,109,110,111],"class_list":["post-330","post","type-post","status-publish","format-standard","hentry","category-geral","tag-103","tag-acerto","tag-contas","tag-declaracao","tag-fisco","tag-fisica","tag-imposto","tag-leao","tag-pessoa","tag-renda"],"jetpack_publicize_connections":[],"jetpack_featured_media_url":"","jetpack_sharing_enabled":true,"jetpack_shortlink":"https:\/\/wp.me\/p2wklX-5k","jetpack-related-posts":[{"id":1146,"url":"https:\/\/cfcontabil.com\/cf\/perdeu-o-prazo-para-a-declaracao-do-imposto-de-renda-veja-o-que-fazer\/","url_meta":{"origin":330,"position":0},"title":"Perdeu o prazo para a declara\u00e7\u00e3o do Imposto de Renda? Veja o que fazer","author":"Ab\u00edlio Gon\u00e7alves","date":"29 de abril de 2017","format":false,"excerpt":"O prazo para enviar a declara\u00e7\u00e3o do imposto de renda acabou na sexta-feira (28). Alguns brasileiros perderam o prazo e n\u00e3o acertaram as contas com o Le\u00e3o. A especialista em imposto de renda da Thompson Reuters, Vanessa Miranda, explica que o melhor caminho \u00e9 baixar o programa e mandar a\u2026","rel":"","context":"Em &quot;Departamento Fiscal&quot;","block_context":{"text":"Departamento Fiscal","link":"https:\/\/cfcontabil.com\/cf\/category\/df\/"},"img":{"alt_text":"","src":"https:\/\/i0.wp.com\/cfcontabil.com\/cf\/wp-content\/uploads\/2017\/02\/irpf2017-1.png?fit=490%2C247&ssl=1&resize=350%2C200","width":350,"height":200},"classes":[]},{"id":1210,"url":"https:\/\/cfcontabil.com\/cf\/voce-pode-ja-estar-devendo-para-a-receita-antes-mesmo-de-declarar-seu-ir\/","url_meta":{"origin":330,"position":1},"title":"Voc\u00ea pode j\u00e1 estar devendo para a Receita antes mesmo de declarar seu IR","author":"Ab\u00edlio Gon\u00e7alves","date":"10 de fevereiro de 2017","format":false,"excerpt":"Existem algumas situa\u00e7\u00f5es em que a mordida do Le\u00e3o acontece muito antes do fim de abril, quando termina o prazo para apresentar a declara\u00e7\u00e3o. Voc\u00ea ainda nem pensou em preparar a declara\u00e7\u00e3o de Imposto de Renda deste ano, mas pode j\u00e1 estar devendo para a Receita Federal. Existem algumas situa\u00e7\u00f5es\u2026","rel":"","context":"Em &quot;Departamento Fiscal&quot;","block_context":{"text":"Departamento Fiscal","link":"https:\/\/cfcontabil.com\/cf\/category\/df\/"},"img":{"alt_text":"","src":"https:\/\/i0.wp.com\/cfcontabil.com\/cf\/wp-content\/uploads\/2016\/04\/leao_do_imposto_de_renda.jpg?resize=350%2C200","width":350,"height":200,"srcset":"https:\/\/i0.wp.com\/cfcontabil.com\/cf\/wp-content\/uploads\/2016\/04\/leao_do_imposto_de_renda.jpg?resize=350%2C200 1x, https:\/\/i0.wp.com\/cfcontabil.com\/cf\/wp-content\/uploads\/2016\/04\/leao_do_imposto_de_renda.jpg?resize=525%2C300 1.5x"},"classes":[]},{"id":2137,"url":"https:\/\/cfcontabil.com\/cf\/mais-de-16-mi-de-contribuintes-ja-entregaram-declaracao-do-ir\/","url_meta":{"origin":330,"position":2},"title":"Mais de 1,6 mi de contribuintes j\u00e1 entregaram declara\u00e7\u00e3o do IR","author":"Ab\u00edlio Gon\u00e7alves","date":"6 de mar\u00e7o de 2020","format":false,"excerpt":"Receita Federal espera receber 32 milh\u00f5es de declara\u00e7\u00f5es em 2020 No quarto dia de entrega da declara\u00e7\u00e3o do Imposto de Renda Pessoa F\u00edsica (IRPF) 2020, pouco mais de 1,6 milh\u00e3o de contribuintes acertaram as contas com o Le\u00e3o. Esse \u00e9 o n\u00famero de documentos enviados desde a \u00faltima\u00a0segunda-feira (2) at\u00e9\u2026","rel":"","context":"Em &quot;Departamento Fiscal&quot;","block_context":{"text":"Departamento Fiscal","link":"https:\/\/cfcontabil.com\/cf\/category\/df\/"},"img":{"alt_text":"","src":"https:\/\/i0.wp.com\/cfcontabil.com\/cf\/wp-content\/uploads\/2020\/03\/IRPF-CELULAR-NOT.jpg?fit=1170%2C700&ssl=1&resize=350%2C200","width":350,"height":200,"srcset":"https:\/\/i0.wp.com\/cfcontabil.com\/cf\/wp-content\/uploads\/2020\/03\/IRPF-CELULAR-NOT.jpg?fit=1170%2C700&ssl=1&resize=350%2C200 1x, https:\/\/i0.wp.com\/cfcontabil.com\/cf\/wp-content\/uploads\/2020\/03\/IRPF-CELULAR-NOT.jpg?fit=1170%2C700&ssl=1&resize=525%2C300 1.5x, https:\/\/i0.wp.com\/cfcontabil.com\/cf\/wp-content\/uploads\/2020\/03\/IRPF-CELULAR-NOT.jpg?fit=1170%2C700&ssl=1&resize=700%2C400 2x, https:\/\/i0.wp.com\/cfcontabil.com\/cf\/wp-content\/uploads\/2020\/03\/IRPF-CELULAR-NOT.jpg?fit=1170%2C700&ssl=1&resize=1050%2C600 3x"},"classes":[]},{"id":1225,"url":"https:\/\/cfcontabil.com\/cf\/programa-da-dirpf-2017-ja-esta-disponivel-para-download\/","url_meta":{"origin":330,"position":3},"title":"Programa da DIRPF 2017 j\u00e1 est\u00e1 dispon\u00edvel para download","author":"Ab\u00edlio Gon\u00e7alves","date":"23 de fevereiro de 2017","format":false,"excerpt":"Encontra-se dispon\u00edvel para instala\u00e7\u00e3o o programa do Imposto de Renda Pessoa F\u00edsica 2017, para quem quer antecipar os lan\u00e7amentos na sua declara\u00e7\u00e3o. Acesse:\u00a0http:\/\/idg.receita.fazenda.gov.br\/interface\/cidadao\/irpf\/2017\/download Lembre-se: a temporada de entrega das declara\u00e7\u00f5es come\u00e7a somente depois do carnaval, em 2 de mar\u00e7o, e se estende at\u00e9 28 de abril. Os contribuintes que enviarem\u2026","rel":"","context":"Em &quot;Departamento Fiscal&quot;","block_context":{"text":"Departamento Fiscal","link":"https:\/\/cfcontabil.com\/cf\/category\/df\/"},"img":{"alt_text":"","src":"https:\/\/i0.wp.com\/cfcontabil.com\/cf\/wp-content\/uploads\/2017\/02\/irpf2017-1.png?fit=490%2C247&ssl=1&resize=350%2C200","width":350,"height":200},"classes":[]},{"id":2630,"url":"https:\/\/cfcontabil.com\/cf\/entrega-da-declaracao-do-itr-2021-comeca-em-16-de-agosto\/","url_meta":{"origin":330,"position":4},"title":"Entrega da declara\u00e7\u00e3o do ITR 2021 come\u00e7a em 16 de agosto","author":"Ab\u00edlio Gon\u00e7alves","date":"16 de agosto de 2021","format":false,"excerpt":"Procedimento deve ser realizado de forma digital, por meio de programa da Receita Federal. O prazo para entrega da declara\u00e7\u00e3o do Imposto Territorial Rural (ITR), referente ao exerc\u00edcio 2021, tem in\u00edcio no dia 16 de agosto. O procedimento \u00e9 obrigat\u00f3rio para pessoas f\u00edsicas e\/ou jur\u00eddicas propriet\u00e1rias, titulares do dom\u00ednio \u00fatil\u2026","rel":"","context":"Em &quot;Imposto de Renda&quot;","block_context":{"text":"Imposto de Renda","link":"https:\/\/cfcontabil.com\/cf\/category\/imposto-de-renda\/"},"img":{"alt_text":"","src":"https:\/\/i0.wp.com\/cfcontabil.com\/cf\/wp-content\/uploads\/2021\/08\/ITR.png?fit=987%2C270&ssl=1&resize=350%2C200","width":350,"height":200,"srcset":"https:\/\/i0.wp.com\/cfcontabil.com\/cf\/wp-content\/uploads\/2021\/08\/ITR.png?fit=987%2C270&ssl=1&resize=350%2C200 1x, https:\/\/i0.wp.com\/cfcontabil.com\/cf\/wp-content\/uploads\/2021\/08\/ITR.png?fit=987%2C270&ssl=1&resize=525%2C300 1.5x, https:\/\/i0.wp.com\/cfcontabil.com\/cf\/wp-content\/uploads\/2021\/08\/ITR.png?fit=987%2C270&ssl=1&resize=700%2C400 2x"},"classes":[]},{"id":321,"url":"https:\/\/cfcontabil.com\/cf\/imposto-de-renda-pf-2013\/","url_meta":{"origin":330,"position":5},"title":"Imposto de Renda PF 2013","author":"Ab\u00edlio Gon\u00e7alves","date":"20 de fevereiro de 2013","format":false,"excerpt":"Declara\u00e7\u00e3o de Ajuste do Imposto de Renda Pessoa F\u00edsica 2013 Se aproxima o dia da libera\u00e7\u00e3o do programa para elabora\u00e7\u00e3o da DIRPF 2013 (dispon\u00edvel em 25\/02 \u00e1s 8h) e o prazo para a entrega da declara\u00e7\u00e3o do exerc\u00edcio 2013 inicia em 01 de mar\u00e7o e encerra dia 30 de abril.\u2026","rel":"","context":"Em &quot;Geral&quot;","block_context":{"text":"Geral","link":"https:\/\/cfcontabil.com\/cf\/category\/geral\/"},"img":{"alt_text":"imposto de renda","src":"https:\/\/i0.wp.com\/mundoconectado.net\/wp-content\/uploads\/2013\/02\/entrega-do-imposto-de-renda.jpg?resize=350%2C200","width":350,"height":200,"srcset":"https:\/\/i0.wp.com\/mundoconectado.net\/wp-content\/uploads\/2013\/02\/entrega-do-imposto-de-renda.jpg?resize=350%2C200 1x, https:\/\/i0.wp.com\/mundoconectado.net\/wp-content\/uploads\/2013\/02\/entrega-do-imposto-de-renda.jpg?resize=525%2C300 1.5x"},"classes":[]}],"jetpack_likes_enabled":true,"_links":{"self":[{"href":"https:\/\/cfcontabil.com\/cf\/wp-json\/wp\/v2\/posts\/330","targetHints":{"allow":["GET"]}}],"collection":[{"href":"https:\/\/cfcontabil.com\/cf\/wp-json\/wp\/v2\/posts"}],"about":[{"href":"https:\/\/cfcontabil.com\/cf\/wp-json\/wp\/v2\/types\/post"}],"author":[{"embeddable":true,"href":"https:\/\/cfcontabil.com\/cf\/wp-json\/wp\/v2\/users\/3"}],"replies":[{"embeddable":true,"href":"https:\/\/cfcontabil.com\/cf\/wp-json\/wp\/v2\/comments?post=330"}],"version-history":[{"count":0,"href":"https:\/\/cfcontabil.com\/cf\/wp-json\/wp\/v2\/posts\/330\/revisions"}],"wp:attachment":[{"href":"https:\/\/cfcontabil.com\/cf\/wp-json\/wp\/v2\/media?parent=330"}],"wp:term":[{"taxonomy":"category","embeddable":true,"href":"https:\/\/cfcontabil.com\/cf\/wp-json\/wp\/v2\/categories?post=330"},{"taxonomy":"post_tag","embeddable":true,"href":"https:\/\/cfcontabil.com\/cf\/wp-json\/wp\/v2\/tags?post=330"}],"curies":[{"name":"wp","href":"https:\/\/api.w.org\/{rel}","templated":true}]}}