{"id":338,"date":"2013-04-16T09:50:49","date_gmt":"2013-04-16T12:50:49","guid":{"rendered":"http:\/\/cfcontabil.com\/cf\/?p=338"},"modified":"2013-04-16T09:50:49","modified_gmt":"2013-04-16T12:50:49","slug":"parcelamento-tributario-recuperadf","status":"publish","type":"post","link":"https:\/\/cfcontabil.com\/cf\/parcelamento-tributario-recuperadf\/","title":{"rendered":"Parcelamento Tribut\u00e1rio \u2013 RECUPERA\/DF"},"content":{"rendered":"<p><img data-recalc-dims=\"1\" fetchpriority=\"high\" decoding=\"async\" class=\"alignright\" style=\"float: right\" alt=\"Governo do Distritp Federal\" src=\"https:\/\/i0.wp.com\/www.fernandovasconcelos.com\/wp-content\/uploads\/2012\/08\/Logomarca-do-GDF.jpg?resize=250%2C229\" width=\"250\" height=\"229\" \/><\/p>\n<p style=\"text-align: justify\">A C\u00e2mara Legislativa do Distrito Federal decretou e o Governador do Distrito Federal sancionou a Lei n\u00ba 5.096, de 10\/04\/2013, que instituiu o Recupera\/DF, novo programa de parcelamento tribut\u00e1rio\u00a0que vai ajudar os empres\u00e1rios e pessoas f\u00edsicas a sanar d\u00e9bitos contra\u00eddos com o GDF at\u00e9 31 de dezembro de 2011.<\/p>\n<p style=\"text-align: justify\">\n<p style=\"text-align: justify\"><!--more--><\/p>\n<p style=\"text-align: justify\">Pela citada Lei, poder\u00e3o ser inclu\u00eddos no citado programa (a) os d\u00e9bitos oriundos de declara\u00e7\u00f5es espont\u00e2neas ou lan\u00e7amentos de of\u00edcio cujos fatos geradores tenham ocorrido at\u00e9 31 de Dezembro de 2011. (b) os saldos de parcelamentos deferidos, ainda que posteriormente cancelados de of\u00edcio pela autoridade competente, desde que relativos a fatos geradores ocorridos, tamb\u00e9m, at\u00e9 31 de Dezembro de 2011.<\/p>\n<p style=\"text-align: justify\">Os tributos que poder\u00e3o ser regularizados s\u00e3o o Imposto Sobre a Circula\u00e7\u00e3o de Mercadorias e Servi\u00e7os (ICMS), Imposto Sobre Servi\u00e7os de Qualquer Natureza (ISS), Imposto sobre a Propriedade Predial e Territorial Urbana (IPTU), Imposto Sobre a Propriedade de Ve\u00edculos Automotores (IPVA), Imposto Sobre Transmiss\u00e3o de Bens Im\u00f3veis (ITBI), Imposto Sobre Transmiss\u00e3o Causa-Mortis e Doa\u00e7\u00e3o (ITCD), a Taxa de Limpeza P\u00fablica (TLP), cobran\u00e7as relativas ao Simples Candango, e\u00a0inclusive os decorrentes de penalidades pecuni\u00e1rias por descumprimento de obriga\u00e7\u00f5es acess\u00f3rias.<\/p>\n<p style=\"text-align: justify\">Todavia, os cr\u00e9ditos tribut\u00e1rios constitu\u00eddos por meio de lan\u00e7amento de of\u00edcio (autos de infra\u00e7\u00e3o) e que decorram de infra\u00e7\u00f5es tipificadas na legisla\u00e7\u00e3o tribut\u00e1ria, como sonega\u00e7\u00e3o fiscal ou fraude, n\u00e3o poder\u00e3o ser inclu\u00eddos neste novo programa de parcelamento.<\/p>\n<p style=\"text-align: justify\">\n<p><img data-recalc-dims=\"1\" decoding=\"async\" class=\"aligncenter\" alt=\"C\u00e2mara Legislativa do Distrito Federal\" src=\"https:\/\/i0.wp.com\/www.agacielmaia.com\/wp-content\/uploads\/2013\/04\/200320130058ml.jpg?resize=575%2C379\" width=\"575\" height=\"379\" \/><\/p>\n<p style=\"text-align: justify\">\n<p style=\"text-align: justify\">O Recupera\/DF consiste na redu\u00e7\u00e3o de juros de mora e multa, inclusive a morat\u00f3ria, nas seguintes propor\u00e7\u00f5es:<\/p>\n<p style=\"text-align: justify\">(a)<em> Noventa e nove por cento do seu valor, no pagamento \u00e0 vista.<\/em><br \/>\n(b)<em> Noventa e oito por cento do seu valor, no pagamento em duas parcelas.<\/em><br \/>\n(c)<em> Oitenta e cinco por cento do seu valor, no pagamento em tr\u00eas parcelas.<\/em><br \/>\n(d)<em> Oitenta por cento do seu valor, no pagamento em quatro parcelas.<\/em><br \/>\n(e)<em> Setenta e cinco por cento do seu valor, no pagamento de cinco a doze parcelas.<\/em><br \/>\n(f)<em> Quarenta por cento do seu valor, no pagamento de treze a sessenta parcelas.<\/em><\/p>\n<p style=\"text-align: justify\">N\u00e3o admite esta modalidade de parcelamento a compensa\u00e7\u00e3o com precat\u00f3rios ou quaisquer outros t\u00edtulos.<\/p>\n<p style=\"text-align: justify\">A ades\u00e3o ao Recupera\/DF fica condicionada:<\/p>\n<p style=\"text-align: justify\">(a) Ao pagamento do valor constante do documento a ser emitido pela Secretaria de Fazenda.<br \/>\n(b) \u00c0 desist\u00eancia e a ren\u00fancia expressas, nas esferas administrativa e judicial, a qualquer direito de a\u00e7\u00e3o, impugna\u00e7\u00e3o ou recurso relativo ao d\u00e9bito a ser quitado, inclusive os d\u00e9bitos relativos a per\u00edodos posteriores a 31\/12\/2011, se o citado Auto de Infra\u00e7\u00e3o for desmembrado (para parcelamento dos d\u00e9bitos cujos fatos geradores tenham ocorrido at\u00e9 31\/12\/2011).<br \/>\n(c) \u00c0 apresenta\u00e7\u00e3o de garantia real imobili\u00e1ria ou fian\u00e7a banc\u00e1ria, para cada d\u00e9bito cuja consolida\u00e7\u00e3o efetuada resultar em valor igual ou superior a R$ 1.000.000,00 (hum milh\u00e3o de reais).<\/p>\n<p style=\"text-align: justify\">A ades\u00e3o ao Recupera\/DF d\u00e1-se na forma e prazos previstos no Regulamento (Decreto do Governador), que n\u00e3o podem exceder:<\/p>\n<p style=\"text-align: justify\">(a) Ao dia 27 de Maio de 2013, para os d\u00e9bitos objeto de declara\u00e7\u00e3o espont\u00e2nea ou desmembramento de auto de infra\u00e7\u00e3o.<br \/>\n(b) Ao dia 30 de Maio de 2013, nos demais casos.<\/p>\n<p style=\"text-align: justify\">A formaliza\u00e7\u00e3o da ades\u00e3o \u00e9 efetuada com o pagamento \u00e0 vista ou da primeira parcela, ap\u00f3s o aceite, pela administra\u00e7\u00e3o fazend\u00e1ria, das garantias oferecidas, quando for o caso.<\/p>\n<p style=\"text-align: justify\">As parcelas ser\u00e3o atualizadas pela varia\u00e7\u00e3o do INPC mais juros simples de um por cento ao m\u00eas.<\/p>\n<p style=\"text-align: justify\">A falta de pagamento de tr\u00eas parcelas, consecutivas ou n\u00e3o, ou de qualquer parcela, por mais de noventa dias, importar\u00e1 na exclus\u00e3o do contribuinte do citado parcelamento.<\/p>\n<p style=\"text-align: justify\">Segundo o governador Agnelo Queiroz, esse \u00e9 um esfor\u00e7o do governo, que percebeu as oportunidades que Bras\u00edlia ter\u00e1 com os grandes eventos que vai receber nos pr\u00f3ximos dois anos. &#8220;N\u00f3s seremos o cart\u00e3o de visita do Brasil para o mundo com a abertura da Copa das Confedera\u00e7\u00f5es e, com esses eventos, vamos manter uma atividade econ\u00f4mica intensa na cidade se as pessoas jur\u00eddicas e f\u00edsicas estiverem sem nenhum d\u00e9bito&#8221;, conclui.<\/p>\n<p style=\"text-align: justify\">A Secretaria de Estado da Fazenda e a Procuradoria Geral do Distrito Federal ainda dever\u00e3o adotar as medidas necess\u00e1rias \u00e0 regulamenta\u00e7\u00e3o do Recupera\/DF.<\/p>\n<p style=\"text-align: justify\">\n<p><img data-recalc-dims=\"1\" decoding=\"async\" class=\"aligncenter\" alt=\"Secretaria de Fazenda do Governo do Distrito Federal\" src=\"https:\/\/i0.wp.com\/si0.twimg.com\/profile_images\/2659677654\/8867fc60991ea47f41c77f164b06c4a4.jpeg?resize=256%2C256&#038;ssl=1\" width=\"256\" height=\"256\" \/><\/p>\n<p style=\"text-align: right\"><span style=\"font-size: 10px\">Fontes: <em>Ag\u00eancia Brasil<\/em> e <em>Andrade Silva Advogados<\/em><\/span><\/p>\n","protected":false},"excerpt":{"rendered":"<p>A C\u00e2mara Legislativa do Distrito Federal decretou e o Governador do Distrito Federal sancionou a Lei n\u00ba 5.096, de 10\/04\/2013, que instituiu o Recupera\/DF, novo programa de parcelamento tribut\u00e1rio\u00a0que vai ajudar os empres\u00e1rios e pessoas f\u00edsicas a sanar d\u00e9bitos contra\u00eddos com o GDF at\u00e9 31 de dezembro de 2011.<\/p>\n","protected":false},"author":2,"featured_media":0,"comment_status":"open","ping_status":"open","sticky":false,"template":"","format":"standard","meta":{"jetpack_post_was_ever_published":false,"_jetpack_newsletter_access":"","_jetpack_dont_email_post_to_subs":false,"_jetpack_newsletter_tier_id":0,"_jetpack_memberships_contains_paywalled_content":false,"_jetpack_memberships_contains_paid_content":false,"footnotes":"","jetpack_publicize_message":"","jetpack_publicize_feature_enabled":true,"jetpack_social_post_already_shared":true,"jetpack_social_options":{"image_generator_settings":{"template":"highway","default_image_id":0,"font":"","enabled":false},"version":2}},"categories":[69,46],"tags":[19,112,113,114],"class_list":["post-338","post","type-post","status-publish","format-standard","hentry","category-contabilidade-2","category-df","tag-brasilia","tag-gdf","tag-parcelamento","tag-recuperacao-fiscal"],"jetpack_publicize_connections":[],"jetpack_featured_media_url":"","jetpack_sharing_enabled":true,"jetpack_shortlink":"https:\/\/wp.me\/p2wklX-5s","jetpack-related-posts":[{"id":540,"url":"https:\/\/cfcontabil.com\/cf\/programa-de-recuperacao-de-creditos-tributarios-do-distrito-federal-recuperadf\/","url_meta":{"origin":338,"position":0},"title":"PROGRAMA DE RECUPERA\u00c7\u00c3O DE CR\u00c9DITOS TRIBUT\u00c1RIOS DO DISTRITO FEDERAL (RECUPERA\/DF)","author":"Vin\u00edcius Moizinho","date":"25 de julho de 2014","format":false,"excerpt":"O Governador do Distrito Federal, atrav\u00e9s do Decreto n\u00ba 35.648\/2014 (DOE de 23\/07\/2014), regulamentou a Lei n\u00ba 5.365\/2014, que institui a terceira fase do Programa de Recupera\u00e7\u00e3o de Cr\u00e9ditos Tribut\u00e1rios do Distrito Federal (RECUPERA-DF), destinado a promover a recupera\u00e7\u00e3o e a regulariza\u00e7\u00e3o de cr\u00e9ditos tribut\u00e1rios, inscritos ou n\u00e3o em d\u00edvida\u2026","rel":"","context":"Em &quot;Contabilidade em geral&quot;","block_context":{"text":"Contabilidade em geral","link":"https:\/\/cfcontabil.com\/cf\/category\/contabilidade-2\/"},"img":{"alt_text":"","src":"","width":0,"height":0},"classes":[]},{"id":2382,"url":"https:\/\/cfcontabil.com\/cf\/contribuintes-tem-ate-hoje-quarta-feira-16-para-aderir-ao-refis\/","url_meta":{"origin":338,"position":1},"title":"Contribuintes t\u00eam at\u00e9 hoje (quarta-feira, 16) para aderir ao Refis","author":"Ab\u00edlio Gon\u00e7alves","date":"16 de dezembro de 2020","format":false,"excerpt":"O acesso ao portal de servi\u00e7os da Receita do DF pode ser feito por pessoas jur\u00eddicas, mediante certifica\u00e7\u00e3o digital; e por pessoas f\u00edsicas, por certifica\u00e7\u00e3o digital ou mediante login\/senha. Pessoas f\u00edsicas e jur\u00eddicas t\u00eam at\u00e9 quarta-feira (16) para aderir ao Programa de Incentivo \u00e0 Regulariza\u00e7\u00e3o Fiscal \u2013 Refis 2020. Quem\u2026","rel":"","context":"Em &quot;Departamento Fiscal&quot;","block_context":{"text":"Departamento Fiscal","link":"https:\/\/cfcontabil.com\/cf\/category\/df\/"},"img":{"alt_text":"","src":"https:\/\/i0.wp.com\/cfcontabil.com\/cf\/wp-content\/uploads\/2020\/12\/refis-df.jpeg?fit=1200%2C799&ssl=1&resize=350%2C200","width":350,"height":200,"srcset":"https:\/\/i0.wp.com\/cfcontabil.com\/cf\/wp-content\/uploads\/2020\/12\/refis-df.jpeg?fit=1200%2C799&ssl=1&resize=350%2C200 1x, https:\/\/i0.wp.com\/cfcontabil.com\/cf\/wp-content\/uploads\/2020\/12\/refis-df.jpeg?fit=1200%2C799&ssl=1&resize=525%2C300 1.5x, https:\/\/i0.wp.com\/cfcontabil.com\/cf\/wp-content\/uploads\/2020\/12\/refis-df.jpeg?fit=1200%2C799&ssl=1&resize=700%2C400 2x, https:\/\/i0.wp.com\/cfcontabil.com\/cf\/wp-content\/uploads\/2020\/12\/refis-df.jpeg?fit=1200%2C799&ssl=1&resize=1050%2C600 3x"},"classes":[]},{"id":2264,"url":"https:\/\/cfcontabil.com\/cf\/df-tera-refis-mais-eficaz-de-sua-historia\/","url_meta":{"origin":338,"position":2},"title":"DF ter\u00e1 Refis mais eficaz de sua hist\u00f3ria","author":"Ab\u00edlio Gon\u00e7alves","date":"13 de abril de 2020","format":false,"excerpt":"Secret\u00e1rio de Economia explica que novo programa tem redu\u00e7\u00f5es significativas de al\u00edquotas e pode gerar economia de R$ 823,2 milh\u00f5es \u00e0s empresas Manter a economia nos eixos \u00e9 uma das prioridades do Governo do Distrito Federal. Principalmente em momentos de crise, como \u00e9 o caso das incertezas geradas pela pandemia\u2026","rel":"","context":"Em \"Ativa\"","block_context":{"text":"Ativa","link":"https:\/\/cfcontabil.com\/cf\/tag\/ativa\/"},"img":{"alt_text":"","src":"https:\/\/i0.wp.com\/cfcontabil.com\/cf\/wp-content\/uploads\/2020\/04\/REFIS-DF.jpg?fit=512%2C287&ssl=1&resize=350%2C200","width":350,"height":200},"classes":[]},{"id":1768,"url":"https:\/\/cfcontabil.com\/cf\/confaz-autoriza-df-mais-sete-estados-a-fazer-novo-refis-em-2020\/","url_meta":{"origin":338,"position":3},"title":"Confaz autoriza DF mais sete estados a fazer novo Refis em 2020","author":"Ab\u00edlio Gon\u00e7alves","date":"16 de outubro de 2019","format":false,"excerpt":"O\u00a0Conselho Nacional de Pol\u00edtica Fazend\u00e1ria (Confaz)\u00a0autorizou o Distrito Federal e sete estados a lan\u00e7ar um novo\u00a0Programa de Refinanciamento de D\u00edvidas (Refis)\u00a0em 2020. A medida permite que empresas com d\u00e9bitos relativos ao\u00a0Imposto sobre Circula\u00e7\u00e3o de Mercadorias e Servi\u00e7os (ICMS)\u00a0tenham mais prazo para quit\u00e1-los, com descontos nas multas. No caso do DF,\u2026","rel":"","context":"Em &quot;Departamento Fiscal&quot;","block_context":{"text":"Departamento Fiscal","link":"https:\/\/cfcontabil.com\/cf\/category\/df\/"},"img":{"alt_text":"","src":"https:\/\/i0.wp.com\/cfcontabil.com\/cf\/wp-content\/uploads\/2019\/10\/imposto.jpg?fit=715%2C300&ssl=1&resize=350%2C200","width":350,"height":200,"srcset":"https:\/\/i0.wp.com\/cfcontabil.com\/cf\/wp-content\/uploads\/2019\/10\/imposto.jpg?fit=715%2C300&ssl=1&resize=350%2C200 1x, https:\/\/i0.wp.com\/cfcontabil.com\/cf\/wp-content\/uploads\/2019\/10\/imposto.jpg?fit=715%2C300&ssl=1&resize=525%2C300 1.5x, https:\/\/i0.wp.com\/cfcontabil.com\/cf\/wp-content\/uploads\/2019\/10\/imposto.jpg?fit=715%2C300&ssl=1&resize=700%2C400 2x"},"classes":[]},{"id":1256,"url":"https:\/\/cfcontabil.com\/cf\/receita-federal-alerta-sobre-o-prazo-de-adesao-ao-parcelamento-de-debitos-dos-estados-do-distrito-federal-e-dos-municipios\/","url_meta":{"origin":338,"position":4},"title":"Receita Federal alerta sobre o prazo de ades\u00e3o ao parcelamento de d\u00e9bitos dos Estados, do Distrito Federal e dos Munic\u00edpios","author":"Ab\u00edlio Gon\u00e7alves","date":"24 de julho de 2017","format":false,"excerpt":"O prazo para op\u00e7\u00e3o vai at\u00e9 31 de julho de 2017 O prazo de ades\u00e3o ao parcelamento das contribui\u00e7\u00f5es previdenci\u00e1rias de responsabilidade dos estados, do Distrito Federal e dos munic\u00edpios, de que trata a Medida Provis\u00f3ria n\u00ba 778, de 16 de maio de 2017 (PREM), termina em 31 de julho\u2026","rel":"","context":"Em &quot;Departamento Fiscal&quot;","block_context":{"text":"Departamento Fiscal","link":"https:\/\/cfcontabil.com\/cf\/category\/df\/"},"img":{"alt_text":"","src":"https:\/\/i0.wp.com\/cfcontabil.com\/cf\/wp-content\/uploads\/2017\/07\/PREM-1.png?fit=506%2C310&ssl=1&resize=350%2C200","width":350,"height":200},"classes":[]},{"id":1195,"url":"https:\/\/cfcontabil.com\/cf\/receita-federal-regulamenta-o-programa-especial-de-regularizacao-tributaria-pert\/","url_meta":{"origin":338,"position":5},"title":"Receita Federal regulamenta o Programa Especial de Regulariza\u00e7\u00e3o Tribut\u00e1ria (PERT)","author":"Ab\u00edlio Gon\u00e7alves","date":"22 de junho de 2017","format":false,"excerpt":"O PERT permite que quaisquer d\u00edvidas para com a Fazenda Nacional, vencidas at\u00e9 30 de abril de 2017, de pessoas f\u00edsicas ou jur\u00eddicas, sejam negociadas em condi\u00e7\u00f5es especiais Foi publicada hoje no Di\u00e1rio Oficial da Uni\u00e3o a Instru\u00e7\u00e3o Normativa RFB n\u00b0 1711\/2017 que trata da renegocia\u00e7\u00e3o de d\u00edvidas lan\u00e7ada pela\u2026","rel":"","context":"Em &quot;Departamento Fiscal&quot;","block_context":{"text":"Departamento Fiscal","link":"https:\/\/cfcontabil.com\/cf\/category\/df\/"},"img":{"alt_text":"","src":"https:\/\/i0.wp.com\/cfcontabil.com\/cf\/wp-content\/uploads\/2016\/03\/dinheiro-1.jpg?fit=661%2C351&ssl=1&resize=350%2C200","width":350,"height":200,"srcset":"https:\/\/i0.wp.com\/cfcontabil.com\/cf\/wp-content\/uploads\/2016\/03\/dinheiro-1.jpg?fit=661%2C351&ssl=1&resize=350%2C200 1x, https:\/\/i0.wp.com\/cfcontabil.com\/cf\/wp-content\/uploads\/2016\/03\/dinheiro-1.jpg?fit=661%2C351&ssl=1&resize=525%2C300 1.5x"},"classes":[]}],"jetpack_likes_enabled":true,"_links":{"self":[{"href":"https:\/\/cfcontabil.com\/cf\/wp-json\/wp\/v2\/posts\/338","targetHints":{"allow":["GET"]}}],"collection":[{"href":"https:\/\/cfcontabil.com\/cf\/wp-json\/wp\/v2\/posts"}],"about":[{"href":"https:\/\/cfcontabil.com\/cf\/wp-json\/wp\/v2\/types\/post"}],"author":[{"embeddable":true,"href":"https:\/\/cfcontabil.com\/cf\/wp-json\/wp\/v2\/users\/2"}],"replies":[{"embeddable":true,"href":"https:\/\/cfcontabil.com\/cf\/wp-json\/wp\/v2\/comments?post=338"}],"version-history":[{"count":0,"href":"https:\/\/cfcontabil.com\/cf\/wp-json\/wp\/v2\/posts\/338\/revisions"}],"wp:attachment":[{"href":"https:\/\/cfcontabil.com\/cf\/wp-json\/wp\/v2\/media?parent=338"}],"wp:term":[{"taxonomy":"category","embeddable":true,"href":"https:\/\/cfcontabil.com\/cf\/wp-json\/wp\/v2\/categories?post=338"},{"taxonomy":"post_tag","embeddable":true,"href":"https:\/\/cfcontabil.com\/cf\/wp-json\/wp\/v2\/tags?post=338"}],"curies":[{"name":"wp","href":"https:\/\/api.w.org\/{rel}","templated":true}]}}