{"id":343,"date":"2013-04-17T11:20:29","date_gmt":"2013-04-17T14:20:29","guid":{"rendered":"http:\/\/cfcontabil.com\/cf\/?p=343"},"modified":"2013-04-17T11:20:29","modified_gmt":"2013-04-17T14:20:29","slug":"irpf-2013-chegando-ao-fim","status":"publish","type":"post","link":"https:\/\/cfcontabil.com\/cf\/irpf-2013-chegando-ao-fim\/","title":{"rendered":"IRPF 2013 chegando ao fim!"},"content":{"rendered":"<p><img data-recalc-dims=\"1\" fetchpriority=\"high\" decoding=\"async\" class=\"aligncenter\" alt=\"Imposto de Renda\" src=\"https:\/\/i0.wp.com\/www.blogdajoice.com\/wp-content\/uploads\/2013\/03\/Charge-Le%C3%A3o-Imposto-de-Renda.jpg?resize=400%2C186\" width=\"400\" height=\"186\" \/><\/p>\n<p style=\"text-align: justify;\">Se aproxima o fim do prazo de entrega da Declara\u00e7\u00e3o do Imposto de Renda Pessoa F\u00edsica de 2013, que encerra <strong>dia 30 de abril.<\/strong><\/p>\n<p style=\"text-align: justify;\">Est\u00e1 obrigado a apresentar a declara\u00e7\u00e3o quem recebeu rendimentos tribut\u00e1veis superiores a R$ 24.556,65 em 2012 (ano-base para a declara\u00e7\u00e3o do IR de 2013), mas h\u00e1 casos que mesmo que n\u00e3o ultrapasse este limite, \u00e9 vantajoso realizar a declara\u00e7\u00e3o!<\/p>\n<p style=\"text-align: justify;\">Pode ser o caso de\u00a0aut\u00f4nomos\u00a0ou trabalhadores tempor\u00e1rios, que recebem abaixo do limite e que guardam o dinheiro para realizar investimentos futuros, como a compra de um im\u00f3vel.\u00a0Declarando todos os anos a renda recebida, no momento de informar a compra realizada, fica registrado que sua varia\u00e7\u00e3o patrimonial \u00e9 leg\u00edtima, evitando uma malha fina.<\/p>\n<p style=\"text-align: justify;\">Tamb\u00e9m o contribuinte que trabalhou, por exemplo, dois ou tr\u00eas meses numa empresa com reten\u00e7\u00e3o imposto de renda na fonte, mesmo que n\u00e3o atinja o limite da obriga\u00e7\u00e3o, tem o direito da restitui\u00e7\u00e3o neste ano.<\/p>\n<p style=\"text-align: center;\"><img data-recalc-dims=\"1\" decoding=\"async\" class=\"aligncenter\" alt=\"caneta\" src=\"https:\/\/i0.wp.com\/benedetti.com.br\/sites\/default\/files\/styles\/article\/public\/field\/image\/contabilidade-zona-norte-sao-paulo.jpg?resize=560%2C202\" width=\"560\" height=\"202\" \/><\/p>\n<p style=\"text-align: justify;\">Esteja atento ao prazo e aos documentos necess\u00e1rios! Leve sua declara\u00e7\u00e3o a um profissional cont\u00e1bil de confian\u00e7a e acerte as contas com Le\u00e3o sem medo!<\/p>\n<p style=\"text-align: justify;\">Traga sua declara\u00e7\u00e3o para a CF Cont\u00e1bil, vamos analisar sua situa\u00e7\u00e3o e apresentar solu\u00e7\u00f5es com seguran\u00e7a! Veja a seguir a lista dos documentos mais importantes que devem ser verificados:<\/p>\n<p style=\"text-align: justify;\"><!--more--><\/p>\n<blockquote><p>&#8220;O ideal \u00e9 juntar os pap\u00e9is. Separar em grupos. Verificar se possui todos os comprovantes que ser\u00e3o necess\u00e1rios, a declara\u00e7\u00e3o do ano passado, os informes de rendimentos fornecidos pelas empregadoras e pelos bancos, os comprovantes de despesas que podem ser deduzidas, entre outros&#8221;, afirma o coordenador de IR da H&amp;R Block, Rodrigo Paix\u00e3o.<\/p>\n<p>O especialista em gest\u00e3o tribut\u00e1ria e fiscal da Alterdata, Edson Lopes, o professor do curso de Cont\u00e1beis na FECAP, Angelo Chiarelli, e a Confirp Contabilidade listam documentos importantes:<\/p>\n<p><strong>1) Copia da Declara\u00e7\u00e3o entregue em 2012:\u00a0<\/strong>\u00e9 poss\u00edvel importar os dados para a declara\u00e7\u00e3o deste ano; \u00e9 preciso, ainda, ter o n\u00famero do recibo de entrega da declara\u00e7\u00e3o de 2012, ano-base 2011;<\/p>\n<p><strong>2) Informe de rendimentos das fontes pagadoras:<\/strong>\u00a0s\u00e3o fornecidos pelas pessoas jur\u00eddicas (inclusive INSS) que pagaram sal\u00e1rios, aposentadoria, previd\u00eancia privada e demais rendimentos tribut\u00e1veis ao contribuinte. Algumas pessoas possuem mais de um v\u00ednculo de trabalho, seja como aut\u00f4nomo ou empregado, diz Edson Lopes. \u201cAs fontes pagadoras t\u00eam a obriga\u00e7\u00e3o de enviar ou disponibilizar o informe, que possui um formato padr\u00e3o, definido pela Receita Federal, para que seja o mais claro poss\u00edvel. Se o contribuinte tiver d\u00favidas, Lopes sugere entrar em contato com a empresa;<\/p>\n<p><strong>3) Informes de rendimentos das institui\u00e7\u00f5es financeiras (bancos):<\/strong>\u00a0\u00e9 preciso ter o valor da posi\u00e7\u00e3o em 31 de dezembro de 2012. Al\u00e9m de rendimentos banc\u00e1rios, entram informa\u00e7\u00f5es das poupan\u00e7a, prazo fixo, CDB\/RDB etc;<\/p>\n<p><strong>4) Recibos de despesas m\u00e9dicas, com educa\u00e7\u00e3o e doa\u00e7\u00f5es, entre outros:<\/strong>\u00a0entram gastos com m\u00e9dicos, fonoaudi\u00f3logos, dentistas, psic\u00f3logos, planos de sa\u00fade, etc. \u00c9 preciso ter o CNPJ da empresa emissora; os comprovantes de despesas com educa\u00e7\u00e3o s\u00e3o o carn\u00ea ou boletos de mensalidades de escolas ou universidades (com CNPJ da empresa emissora). J\u00e1 os comprovantes de doa\u00e7\u00f5es, s\u00f3 valem o daquelas para fins de incentivos fiscais (os Fundos da Crian\u00e7a e do Adolescente, Lei Rouanet, Audiovisuais, entre outros). Separe tamb\u00e9m os recibos de contribui\u00e7\u00f5es pagas ao INSS no caso de empregado dom\u00e9stico (apenas um), o nome e o n\u00famero N\u00famero de Inscri\u00e7\u00e3o do Trabalhador (NIT) do dom\u00e9stico;<\/p>\n<p><strong>5) Comprovantes de despesas do Livro Caixa:\u00a0<\/strong>v\u00e1lido para prestadores de servi\u00e7os aut\u00f4nomos;<\/p>\n<p><strong>6) Informa\u00e7\u00f5es e documentos de outras rendas obtidas em 2012:\u00a0<\/strong>entram aqui comprovantes de recebimento de heran\u00e7a (senten\u00e7as relativas a partilhas e adjudica\u00e7\u00f5es), doa\u00e7\u00f5es, indeniza\u00e7\u00f5es por a\u00e7\u00e3o, resgate do FGTS, etc. \u00c9 preciso ainda guardar recibos relativos ao recebimento de pens\u00e3o aliment\u00edcia, seja por acordo ou decis\u00e3o judicial, com o CPF da fonte pagadora. Outros exemplos s\u00e3o senten\u00e7as relativas a a\u00e7\u00f5es trabalhistas que indicam recebimentos e comprovante de cr\u00e9ditos e pr\u00eamios no programa Nota Fiscal Paulista;<\/p>\n<p><strong>7) Informe de rendimento do c\u00f4njuge e dependentes:<\/strong>\u00a0\u00e9 preciso separar se a declara\u00e7\u00e3o for feita em conjunto (separe tamb\u00e9m o \u00famero do CPF dos dependentes);<\/p>\n<p><strong>8) Documentos de pens\u00e3o aliment\u00edcia e de pagamentos \u00e0 previd\u00eancia social e privada:<\/strong>relacione o valor pago e os dados do benefici\u00e1rio\u00a0 da pens\u00e3o com CPF. No caso da previd\u00eancia, \u00e9 preciso ter o CNPJ da empresa emissora;<\/p>\n<p><strong>9) Recibos de alugu\u00e9is recebidos ou o informe de rendimentos emitido pela administradora:\u00a0<\/strong>s\u00e3o fornecidos por imobili\u00e1rias onde os im\u00f3veis do contribuinte est\u00e3o sendo administrados. \u00c9 preciso relatar os recebimentos da fonte pagadora, endere\u00e7o do im\u00f3vel e valor recebido;<\/p>\n<p><strong>10) Documentos de compras e vendas de bens e a\u00e7\u00f5es, entre outros:\u00a0<\/strong>junte documentos que comprovem as vendas ou aliena\u00e7\u00f5es, compras ou aquisi\u00e7\u00f5es de bens ocorridas em 2012, al\u00e9m de documentos comprobat\u00f3rios da aquisi\u00e7\u00e3o de d\u00edvidas e \u00f4nus no ano de 2012; documentos do controle de compra e venda de a\u00e7\u00f5es, inclusive com a apura\u00e7\u00e3o mensal de imposto, tamb\u00e9m devem ser separados.<\/p><\/blockquote>\n<p>Fonte:\u00a0<a href=\"http:\/\/g1.globo.com\/economia\/imposto-de-renda\/2013\/noticia\/2013\/04\/veja-10-principais-documentos-para-separar-antes-de-declarar-o-ir.html\">http:\/\/g1.globo.com\/economia\/imposto-de-renda\/2013\/noticia\/2013\/04\/veja-10-principais-documentos-para-separar-antes-de-declarar-o-ir.html<\/a><\/p>\n","protected":false},"excerpt":{"rendered":"<p>Se aproxima o fim do prazo de entrega da Declara\u00e7\u00e3o do Imposto de Renda Pessoa F\u00edsica de 2013, que encerra dia 30 de abril. Est\u00e1 obrigado a apresentar a declara\u00e7\u00e3o quem recebeu rendimentos tribut\u00e1veis superiores a R$ 24.556,65 em 2012 (ano-base para a declara\u00e7\u00e3o do IR de 2013), mas h\u00e1 casos que mesmo que n\u00e3o [&hellip;]<\/p>\n","protected":false},"author":3,"featured_media":0,"comment_status":"open","ping_status":"open","sticky":false,"template":"","format":"standard","meta":{"jetpack_post_was_ever_published":false,"_jetpack_newsletter_access":"","_jetpack_dont_email_post_to_subs":false,"_jetpack_newsletter_tier_id":0,"_jetpack_memberships_contains_paywalled_content":false,"_jetpack_memberships_contains_paid_content":false,"footnotes":"","jetpack_publicize_message":"","jetpack_publicize_feature_enabled":true,"jetpack_social_post_already_shared":true,"jetpack_social_options":{"image_generator_settings":{"template":"highway","default_image_id":0,"font":"","enabled":false},"version":2}},"categories":[22],"tags":[105,71,108,115,109,116,74,111,117,118],"class_list":["post-343","post","type-post","status-publish","format-standard","hentry","category-geral","tag-contas","tag-federal","tag-imposto","tag-irpf","tag-leao","tag-prazo","tag-receita","tag-renda","tag-restituicao","tag-retencao"],"jetpack_publicize_connections":[],"jetpack_featured_media_url":"","jetpack_sharing_enabled":true,"jetpack_shortlink":"https:\/\/wp.me\/p2wklX-5x","jetpack-related-posts":[{"id":752,"url":"https:\/\/cfcontabil.com\/cf\/ate-ontem-mais-de-6-milhoes-ainda-nao-declararam-ir\/","url_meta":{"origin":343,"position":0},"title":"At\u00e9 ontem mais de 6 milh\u00f5es ainda n\u00e3o declararam IR","author":"Ab\u00edlio Gon\u00e7alves","date":"29 de abril de 2016","format":false,"excerpt":"Esse total esperado\u00a0representa 22,1% das 28,5 milh\u00f5es de declara\u00e7\u00f5es esperadas. Prazo vai at\u00e9 dia 29; Fisco recebeu at\u00e9 hoje 22,18 milh\u00f5es de declara\u00e7\u00f5es. A Receita Federal informou que recebeu, at\u00e9 as 11h desta quinta-feira (28), 22,18 milh\u00f5es de declara\u00e7\u00f5es de Imposto de Renda Pessoa F\u00edsica (IRPF) 2016, ano-base 2015. Com\u2026","rel":"","context":"Em &quot;Geral&quot;","block_context":{"text":"Geral","link":"https:\/\/cfcontabil.com\/cf\/category\/geral\/"},"img":{"alt_text":"IRPF","src":"https:\/\/i0.wp.com\/cfcontabil.com\/cf\/wp-content\/uploads\/2016\/04\/IRPF.jpg?resize=350%2C200","width":350,"height":200,"srcset":"https:\/\/i0.wp.com\/cfcontabil.com\/cf\/wp-content\/uploads\/2016\/04\/IRPF.jpg?resize=350%2C200 1x, https:\/\/i0.wp.com\/cfcontabil.com\/cf\/wp-content\/uploads\/2016\/04\/IRPF.jpg?resize=525%2C300 1.5x, https:\/\/i0.wp.com\/cfcontabil.com\/cf\/wp-content\/uploads\/2016\/04\/IRPF.jpg?resize=700%2C400 2x"},"classes":[]},{"id":1075,"url":"https:\/\/cfcontabil.com\/cf\/receita-federal-lanca-video-do-imposto-de-renda-2017\/","url_meta":{"origin":343,"position":1},"title":"Receita Federal lan\u00e7a v\u00eddeo do Imposto de Renda 2017","author":"Ab\u00edlio Gon\u00e7alves","date":"21 de mar\u00e7o de 2017","format":false,"excerpt":"A TV Receita acaba de lan\u00e7ar v\u00eddeo em anima\u00e7\u00e3o para a divulga\u00e7\u00e3o do IRPF 2017. As imagens apresentam as novidades da declara\u00e7\u00e3o deste ano, al\u00e9m de enfatizar de forma l\u00fadica e simplificada os pontos b\u00e1sicos da declara\u00e7\u00e3o de imposto de renda pessoa f\u00edsica. Com bom humor e de forma descontra\u00edda,\u2026","rel":"","context":"Em &quot;Departamento Fiscal&quot;","block_context":{"text":"Departamento Fiscal","link":"https:\/\/cfcontabil.com\/cf\/category\/df\/"},"img":{"alt_text":"","src":"https:\/\/i0.wp.com\/cfcontabil.com\/cf\/wp-content\/uploads\/2017\/02\/irpf2017-1.png?fit=490%2C247&ssl=1&resize=350%2C200","width":350,"height":200},"classes":[]},{"id":2748,"url":"https:\/\/cfcontabil.com\/cf\/imposto-de-renda-2022-prepare-seus-documentos-esta-semana\/","url_meta":{"origin":343,"position":2},"title":"Imposto de Renda 2022: prepare seus documentos esta semana!","author":"Ab\u00edlio Gon\u00e7alves","date":"23 de fevereiro de 2022","format":false,"excerpt":"Separe seus documentos para fazer a declara\u00e7\u00e3o a partir de 2 de mar\u00e7o.","rel":"","context":"Em &quot;Imposto de Renda&quot;","block_context":{"text":"Imposto de Renda","link":"https:\/\/cfcontabil.com\/cf\/category\/imposto-de-renda\/"},"img":{"alt_text":"","src":"https:\/\/i0.wp.com\/cfcontabil.com\/cf\/wp-content\/uploads\/2022\/02\/Banner-na-imposto-de-renda-Miniatura-do-YouTube.png?fit=1200%2C675&ssl=1&resize=350%2C200","width":350,"height":200,"srcset":"https:\/\/i0.wp.com\/cfcontabil.com\/cf\/wp-content\/uploads\/2022\/02\/Banner-na-imposto-de-renda-Miniatura-do-YouTube.png?fit=1200%2C675&ssl=1&resize=350%2C200 1x, https:\/\/i0.wp.com\/cfcontabil.com\/cf\/wp-content\/uploads\/2022\/02\/Banner-na-imposto-de-renda-Miniatura-do-YouTube.png?fit=1200%2C675&ssl=1&resize=525%2C300 1.5x, https:\/\/i0.wp.com\/cfcontabil.com\/cf\/wp-content\/uploads\/2022\/02\/Banner-na-imposto-de-renda-Miniatura-do-YouTube.png?fit=1200%2C675&ssl=1&resize=700%2C400 2x, https:\/\/i0.wp.com\/cfcontabil.com\/cf\/wp-content\/uploads\/2022\/02\/Banner-na-imposto-de-renda-Miniatura-do-YouTube.png?fit=1200%2C675&ssl=1&resize=1050%2C600 3x"},"classes":[]},{"id":2951,"url":"https:\/\/cfcontabil.com\/cf\/guia-completo-do-irpf-2024-documentos-e-dicas-essenciais\/","url_meta":{"origin":343,"position":3},"title":"GUIA COMPLETO DO IRPF 2024: Documentos e Dicas Essenciais","author":"Ab\u00edlio Gon\u00e7alves","date":"8 de fevereiro de 2024","format":false,"excerpt":"Estamos entrando na temporada de acerto de contas com o Le\u00e3o, e para tornar esse processo o mais tranquilo poss\u00edvel, preparamos um guia completo para voc\u00ea entender tudo sobre o Imposto de Renda Pessoa F\u00edsica (IRPF) 2024. O Que \u00c9 o IRPF? O Imposto de Renda Pessoa F\u00edsica \u00e9 uma\u2026","rel":"","context":"Em &quot;Geral&quot;","block_context":{"text":"Geral","link":"https:\/\/cfcontabil.com\/cf\/category\/geral\/"},"img":{"alt_text":"","src":"https:\/\/i0.wp.com\/cfcontabil.com\/cf\/wp-content\/uploads\/2024\/02\/cfcontabil-blog-irpf-2024-2.png?fit=1200%2C675&ssl=1&resize=350%2C200","width":350,"height":200,"srcset":"https:\/\/i0.wp.com\/cfcontabil.com\/cf\/wp-content\/uploads\/2024\/02\/cfcontabil-blog-irpf-2024-2.png?fit=1200%2C675&ssl=1&resize=350%2C200 1x, https:\/\/i0.wp.com\/cfcontabil.com\/cf\/wp-content\/uploads\/2024\/02\/cfcontabil-blog-irpf-2024-2.png?fit=1200%2C675&ssl=1&resize=525%2C300 1.5x, https:\/\/i0.wp.com\/cfcontabil.com\/cf\/wp-content\/uploads\/2024\/02\/cfcontabil-blog-irpf-2024-2.png?fit=1200%2C675&ssl=1&resize=700%2C400 2x, https:\/\/i0.wp.com\/cfcontabil.com\/cf\/wp-content\/uploads\/2024\/02\/cfcontabil-blog-irpf-2024-2.png?fit=1200%2C675&ssl=1&resize=1050%2C600 3x"},"classes":[]},{"id":2186,"url":"https:\/\/cfcontabil.com\/cf\/secretario-da-receita-diz-que-nao-ha-adiamento-do-prazo-de-entrega-do-irpf\/","url_meta":{"origin":343,"position":4},"title":"Secret\u00e1rio da Receita diz que n\u00e3o h\u00e1 adiamento do prazo de entrega do IRPF","author":"Ab\u00edlio Gon\u00e7alves","date":"25 de mar\u00e7o de 2020","format":false,"excerpt":"Segundo Tostes, a not\u00edcia sobre adiamento \u00e9 \u201cimprocedente\u201d. Adriana Fernandes - Estad\u00e3o Conte\u00fado O secret\u00e1rio da Receita Federal, Jos\u00e9 Tostes, informou ao jornal O Estado de S. Paulo, por meio da assessoria de comunica\u00e7\u00e3o do Minist\u00e9rio da Economia, que n\u00e3o houve nenhuma mudan\u00e7a no prazo final de entrega da declara\u00e7\u00e3o\u2026","rel":"","context":"Em &quot;Departamento Fiscal&quot;","block_context":{"text":"Departamento Fiscal","link":"https:\/\/cfcontabil.com\/cf\/category\/df\/"},"img":{"alt_text":"","src":"https:\/\/i0.wp.com\/cfcontabil.com\/cf\/wp-content\/uploads\/2016\/03\/entrega-do-imposto-de-renda-2.jpg?fit=645%2C320&ssl=1&resize=350%2C200","width":350,"height":200,"srcset":"https:\/\/i0.wp.com\/cfcontabil.com\/cf\/wp-content\/uploads\/2016\/03\/entrega-do-imposto-de-renda-2.jpg?fit=645%2C320&ssl=1&resize=350%2C200 1x, https:\/\/i0.wp.com\/cfcontabil.com\/cf\/wp-content\/uploads\/2016\/03\/entrega-do-imposto-de-renda-2.jpg?fit=645%2C320&ssl=1&resize=525%2C300 1.5x"},"classes":[]},{"id":1146,"url":"https:\/\/cfcontabil.com\/cf\/perdeu-o-prazo-para-a-declaracao-do-imposto-de-renda-veja-o-que-fazer\/","url_meta":{"origin":343,"position":5},"title":"Perdeu o prazo para a declara\u00e7\u00e3o do Imposto de Renda? Veja o que fazer","author":"Ab\u00edlio Gon\u00e7alves","date":"29 de abril de 2017","format":false,"excerpt":"O prazo para enviar a declara\u00e7\u00e3o do imposto de renda acabou na sexta-feira (28). Alguns brasileiros perderam o prazo e n\u00e3o acertaram as contas com o Le\u00e3o. A especialista em imposto de renda da Thompson Reuters, Vanessa Miranda, explica que o melhor caminho \u00e9 baixar o programa e mandar a\u2026","rel":"","context":"Em &quot;Departamento Fiscal&quot;","block_context":{"text":"Departamento Fiscal","link":"https:\/\/cfcontabil.com\/cf\/category\/df\/"},"img":{"alt_text":"","src":"https:\/\/i0.wp.com\/cfcontabil.com\/cf\/wp-content\/uploads\/2017\/02\/irpf2017-1.png?fit=490%2C247&ssl=1&resize=350%2C200","width":350,"height":200},"classes":[]}],"jetpack_likes_enabled":true,"_links":{"self":[{"href":"https:\/\/cfcontabil.com\/cf\/wp-json\/wp\/v2\/posts\/343","targetHints":{"allow":["GET"]}}],"collection":[{"href":"https:\/\/cfcontabil.com\/cf\/wp-json\/wp\/v2\/posts"}],"about":[{"href":"https:\/\/cfcontabil.com\/cf\/wp-json\/wp\/v2\/types\/post"}],"author":[{"embeddable":true,"href":"https:\/\/cfcontabil.com\/cf\/wp-json\/wp\/v2\/users\/3"}],"replies":[{"embeddable":true,"href":"https:\/\/cfcontabil.com\/cf\/wp-json\/wp\/v2\/comments?post=343"}],"version-history":[{"count":0,"href":"https:\/\/cfcontabil.com\/cf\/wp-json\/wp\/v2\/posts\/343\/revisions"}],"wp:attachment":[{"href":"https:\/\/cfcontabil.com\/cf\/wp-json\/wp\/v2\/media?parent=343"}],"wp:term":[{"taxonomy":"category","embeddable":true,"href":"https:\/\/cfcontabil.com\/cf\/wp-json\/wp\/v2\/categories?post=343"},{"taxonomy":"post_tag","embeddable":true,"href":"https:\/\/cfcontabil.com\/cf\/wp-json\/wp\/v2\/tags?post=343"}],"curies":[{"name":"wp","href":"https:\/\/api.w.org\/{rel}","templated":true}]}}