{"id":3435,"date":"2025-09-10T20:06:07","date_gmt":"2025-09-10T23:06:07","guid":{"rendered":"https:\/\/cfcontabil.com\/cf\/?p=3435"},"modified":"2025-09-10T20:06:07","modified_gmt":"2025-09-10T23:06:07","slug":"da-automacao-a-inteligencia-o-futuro-da-contabilidade-ja-comecou","status":"publish","type":"post","link":"https:\/\/cfcontabil.com\/cf\/da-automacao-a-inteligencia-o-futuro-da-contabilidade-ja-comecou\/","title":{"rendered":"Da Automa\u00e7\u00e3o \u00e0 Intelig\u00eancia: O Futuro da Contabilidade j\u00e1 Come\u00e7ou"},"content":{"rendered":"\n<p>Na \u00faltima edi\u00e7\u00e3o do <strong>Conta Azul Con 2025<\/strong>, participei da palestra conduzida por Rodrigo Bogoni e Dercio Bolais, representantes da Thomson Reuters e da Dom\u00ednio. O tema n\u00e3o poderia ser mais atual: <strong>como os servi\u00e7os digitais e embarcados est\u00e3o transformando a contabilidade em uma verdadeira consultoria estrat\u00e9gica para empresas de todos os portes<\/strong>.<\/p>\n\n\n\n<h2 class=\"wp-block-heading\">O que isso significa na pr\u00e1tica?<\/h2>\n\n\n\n<p>A pesquisa <strong>Dom\u00ednio Radar<\/strong> mostrou que:<\/p>\n\n\n\n<ul class=\"wp-block-list\">\n<li><strong>82% dos escrit\u00f3rios de contabilidade<\/strong> sentem necessidade de atuar de forma mais consultiva;<\/li>\n\n\n\n<li><strong>80% desejam ser mais estrat\u00e9gicos<\/strong>;<\/li>\n\n\n\n<li>Pequenas e m\u00e9dias empresas esperam que seus contadores as apoiem n\u00e3o apenas em obriga\u00e7\u00f5es fiscais, mas tamb\u00e9m na <strong>gest\u00e3o financeira e tomada de decis\u00f5es<\/strong>.<\/li>\n<\/ul>\n\n\n\n<p>Esse \u00e9 o cen\u00e1rio que impulsiona a contabilidade rumo \u00e0 <strong>integra\u00e7\u00e3o com tecnologia, Open Finance e servi\u00e7os digitais<\/strong>.<\/p>\n\n\n\n<h2 class=\"wp-block-heading\">Solu\u00e7\u00f5es que j\u00e1 est\u00e3o mudando a rotina das empresas<\/h2>\n\n\n\n<p>Durante o evento, foram apresentados lan\u00e7amentos que mostram como a tecnologia pode facilitar a vida do empres\u00e1rio:<\/p>\n\n\n\n<ul class=\"wp-block-list\">\n<li><strong>Conta PJ<\/strong>: conta digital integrada \u00e0 contabilidade, com pagamentos autom\u00e1ticos de folha e impostos.<\/li>\n\n\n\n<li><strong>Contabilidade Digital via Open Finance<\/strong>: elimina a necessidade de enviar extratos banc\u00e1rios para o contador.<\/li>\n\n\n\n<li><strong>Benef\u00edcios<\/strong>: gest\u00e3o integrada de benef\u00edcios, reduzindo riscos trabalhistas.<\/li>\n<\/ul>\n\n\n\n<p>Essas solu\u00e7\u00f5es reduzem a burocracia, garantem mais seguran\u00e7a e abrem espa\u00e7o para que o contador atue como <strong>parceiro estrat\u00e9gico<\/strong> do neg\u00f3cio.<\/p>\n\n\n\n<h2 class=\"wp-block-heading\">O que isso muda para voc\u00ea, empres\u00e1rio?<\/h2>\n\n\n\n<p>Com menos tempo gasto em tarefas manuais, voc\u00ea tem um contador mais pr\u00f3ximo e focado em <strong>ajudar seu neg\u00f3cio a crescer<\/strong>. Isso significa:<\/p>\n\n\n\n<ul class=\"wp-block-list\">\n<li>Mais <strong>clareza nos n\u00fameros<\/strong>;<\/li>\n\n\n\n<li>Menos preocupa\u00e7\u00f5es com burocracia;<\/li>\n\n\n\n<li>Mais tempo para se dedicar ao que realmente importa: o crescimento da sua empresa.<\/li>\n<\/ul>\n\n\n\n<h2 class=\"wp-block-heading\">Como a CF Cont\u00e1bil Digital se posiciona<\/h2>\n\n\n\n<p>Na <strong>CF Cont\u00e1bil Digital<\/strong>, estamos atentos a essas transforma\u00e7\u00f5es e investimos continuamente em eventos e forma\u00e7\u00f5es para trazer <strong>o que h\u00e1 de mais moderno e eficiente na contabilidade<\/strong>. <\/p>\n\n\n\n<p>Participar do Conta Azul Con 2025 refor\u00e7a nosso compromisso em oferecer solu\u00e7\u00f5es digitais que unem <strong>tecnologia e proximidade<\/strong> no atendimento.<\/p>\n\n\n\n<p>? Se voc\u00ea deseja um parceiro cont\u00e1bil que v\u00e1 al\u00e9m da obriga\u00e7\u00e3o fiscal e ajude sua empresa a <strong>crescer com intelig\u00eancia<\/strong>, entre em contato conosco.<\/p>\n","protected":false},"excerpt":{"rendered":"<p>Na \u00faltima edi\u00e7\u00e3o do Conta Azul Con 2025, participei da palestra conduzida por Rodrigo Bogoni e Dercio Bolais, representantes da Thomson Reuters e da Dom\u00ednio. O tema n\u00e3o poderia ser mais atual: como os servi\u00e7os digitais e embarcados est\u00e3o transformando a contabilidade em uma verdadeira consultoria estrat\u00e9gica para empresas de todos os portes. O que [&hellip;]<\/p>\n","protected":false},"author":1,"featured_media":3436,"comment_status":"open","ping_status":"open","sticky":false,"template":"","format":"standard","meta":{"jetpack_post_was_ever_published":false,"_jetpack_newsletter_access":"","_jetpack_dont_email_post_to_subs":false,"_jetpack_newsletter_tier_id":0,"_jetpack_memberships_contains_paywalled_content":false,"_jetpack_memberships_contains_paid_content":false,"footnotes":"","jetpack_publicize_message":"","jetpack_publicize_feature_enabled":true,"jetpack_social_post_already_shared":true,"jetpack_social_options":{"image_generator_settings":{"template":"highway","default_image_id":0,"font":"","enabled":false},"version":2}},"categories":[22],"tags":[],"class_list":["post-3435","post","type-post","status-publish","format-standard","has-post-thumbnail","hentry","category-geral"],"jetpack_publicize_connections":[],"jetpack_featured_media_url":"https:\/\/i0.wp.com\/cfcontabil.com\/cf\/wp-content\/uploads\/2025\/09\/conta-azul-con25.png?fit=992%2C388&ssl=1","jetpack_sharing_enabled":true,"jetpack_shortlink":"https:\/\/wp.me\/p2wklX-Tp","jetpack-related-posts":[{"id":1091,"url":"https:\/\/cfcontabil.com\/cf\/quando-a-contabilidade-alcanca-a-diretoria-das-empresas\/","url_meta":{"origin":3435,"position":0},"title":"Quando a contabilidade alcan\u00e7a a diretoria das empresas","author":"Ab\u00edlio Gon\u00e7alves","date":"28 de mar\u00e7o de 2017","format":false,"excerpt":"Durante s\u00e9culos a contabilidade foi encarada por muitos executivos como sendo um \u201cmal necess\u00e1rio\u201d para atender a reguladores e \u00e0s autoridades fiscais. Para muitos, a contabilidade n\u00e3o merecia considera\u00e7\u00e3o por ser uma ci\u00eancia que sempre olhava para a empresa pelo \u201cretrovisor\u201d, privilegiando o passado ao inv\u00e9s do futuro. Estes, infelizmente,\u2026","rel":"","context":"Em &quot;Geral&quot;","block_context":{"text":"Geral","link":"https:\/\/cfcontabil.com\/cf\/category\/geral\/"},"img":{"alt_text":"","src":"https:\/\/i0.wp.com\/cfcontabil.com\/cf\/wp-content\/uploads\/2017\/03\/placa-diretoria-D_NQ_NP_14395-MLB209863706_6078-F-1.jpg?fit=1200%2C266&ssl=1&resize=350%2C200","width":350,"height":200,"srcset":"https:\/\/i0.wp.com\/cfcontabil.com\/cf\/wp-content\/uploads\/2017\/03\/placa-diretoria-D_NQ_NP_14395-MLB209863706_6078-F-1.jpg?fit=1200%2C266&ssl=1&resize=350%2C200 1x, https:\/\/i0.wp.com\/cfcontabil.com\/cf\/wp-content\/uploads\/2017\/03\/placa-diretoria-D_NQ_NP_14395-MLB209863706_6078-F-1.jpg?fit=1200%2C266&ssl=1&resize=525%2C300 1.5x, https:\/\/i0.wp.com\/cfcontabil.com\/cf\/wp-content\/uploads\/2017\/03\/placa-diretoria-D_NQ_NP_14395-MLB209863706_6078-F-1.jpg?fit=1200%2C266&ssl=1&resize=700%2C400 2x, https:\/\/i0.wp.com\/cfcontabil.com\/cf\/wp-content\/uploads\/2017\/03\/placa-diretoria-D_NQ_NP_14395-MLB209863706_6078-F-1.jpg?fit=1200%2C266&ssl=1&resize=1050%2C600 3x"},"classes":[]},{"id":3006,"url":"https:\/\/cfcontabil.com\/cf\/contabil-summit-brasilia-2024-transformando-desafios-em-oportunidades\/","url_meta":{"origin":3435,"position":1},"title":"Cont\u00e1bil Summit Bras\u00edlia 2024: Transformando Desafios em Oportunidades\u00a0","author":"Ab\u00edlio Gon\u00e7alves","date":"22 de julho de 2024","format":false,"excerpt":"No dia 17 de julho, o audit\u00f3rio Sicoob (SIG) foi palco de um evento imperd\u00edvel para empreendedores do setor cont\u00e1bil. Organizado pelo Conselho Regional de Contabilidade do Distrito Federal (CRCDF) e SICOOB Executive, o Cont\u00e1bil Summit Bras\u00edlia reuniu grandes nomes do setor para um dia repleto de palestras sobre gest\u00e3o,\u2026","rel":"","context":"Em &quot;Contabilidade em geral&quot;","block_context":{"text":"Contabilidade em geral","link":"https:\/\/cfcontabil.com\/cf\/category\/contabilidade-2\/"},"img":{"alt_text":"","src":"https:\/\/i0.wp.com\/cfcontabil.com\/cf\/wp-content\/uploads\/2024\/07\/Contabil-Summit-Brasilia.png?fit=1200%2C602&ssl=1&resize=350%2C200","width":350,"height":200,"srcset":"https:\/\/i0.wp.com\/cfcontabil.com\/cf\/wp-content\/uploads\/2024\/07\/Contabil-Summit-Brasilia.png?fit=1200%2C602&ssl=1&resize=350%2C200 1x, https:\/\/i0.wp.com\/cfcontabil.com\/cf\/wp-content\/uploads\/2024\/07\/Contabil-Summit-Brasilia.png?fit=1200%2C602&ssl=1&resize=525%2C300 1.5x, https:\/\/i0.wp.com\/cfcontabil.com\/cf\/wp-content\/uploads\/2024\/07\/Contabil-Summit-Brasilia.png?fit=1200%2C602&ssl=1&resize=700%2C400 2x, https:\/\/i0.wp.com\/cfcontabil.com\/cf\/wp-content\/uploads\/2024\/07\/Contabil-Summit-Brasilia.png?fit=1200%2C602&ssl=1&resize=1050%2C600 3x"},"classes":[]},{"id":367,"url":"https:\/\/cfcontabil.com\/cf\/o-contador-na-era-tecnologica\/","url_meta":{"origin":3435,"position":2},"title":"O Contador na Era Tecnol\u00f3gica","author":"Vin\u00edcius Moizinho","date":"18 de setembro de 2013","format":false,"excerpt":"Bom dia, prezados! \u00c9 fato que a internacionaliza\u00e7\u00e3o das normas cont\u00e1beis deu ao contador outro perfil. A ultrapassada imagem que vinculada ao contador brasileiro, como sendo o guarda-livros de caneta atr\u00e1s da orelha, n\u00e3o passa hoje de folclore e caricatura. A abertura dos mercados globais tornou a Contabilidade a quarta\u2026","rel":"","context":"Em &quot;Consultoria Empresarial&quot;","block_context":{"text":"Consultoria Empresarial","link":"https:\/\/cfcontabil.com\/cf\/category\/consultoria\/"},"img":{"alt_text":"","src":"https:\/\/i0.wp.com\/www.serkat.com.br\/img\/topo\/servicos.jpg?resize=350%2C200","width":350,"height":200},"classes":[]},{"id":2989,"url":"https:\/\/cfcontabil.com\/cf\/dicas-para-iniciar-seu-negocio\/","url_meta":{"origin":3435,"position":3},"title":"DICAS PARA INICIAR SEU NEG\u00d3CIO","author":"Ab\u00edlio Gon\u00e7alves","date":"16 de maio de 2024","format":false,"excerpt":"A jornada de empreender um neg\u00f3cio \u00e9 repleta de desafios emocionantes, mas tamb\u00e9m pode ser um terreno escorregadio onde muitas empresas acabam fechando prematuramente, muitas vezes por falta de preparo e orienta\u00e7\u00e3o adequada desde o in\u00edcio. Aqui na CF CONT\u00c1BIL DIGITAL, entendemos o qu\u00e3o crucial \u00e9 o papel da contabilidade\u2026","rel":"","context":"Em &quot;Geral&quot;","block_context":{"text":"Geral","link":"https:\/\/cfcontabil.com\/cf\/category\/geral\/"},"img":{"alt_text":"","src":"https:\/\/i0.wp.com\/cfcontabil.com\/cf\/wp-content\/uploads\/2024\/05\/cfcontabil-blog-dicas-empreender.png?fit=1200%2C675&ssl=1&resize=350%2C200","width":350,"height":200,"srcset":"https:\/\/i0.wp.com\/cfcontabil.com\/cf\/wp-content\/uploads\/2024\/05\/cfcontabil-blog-dicas-empreender.png?fit=1200%2C675&ssl=1&resize=350%2C200 1x, https:\/\/i0.wp.com\/cfcontabil.com\/cf\/wp-content\/uploads\/2024\/05\/cfcontabil-blog-dicas-empreender.png?fit=1200%2C675&ssl=1&resize=525%2C300 1.5x, https:\/\/i0.wp.com\/cfcontabil.com\/cf\/wp-content\/uploads\/2024\/05\/cfcontabil-blog-dicas-empreender.png?fit=1200%2C675&ssl=1&resize=700%2C400 2x, https:\/\/i0.wp.com\/cfcontabil.com\/cf\/wp-content\/uploads\/2024\/05\/cfcontabil-blog-dicas-empreender.png?fit=1200%2C675&ssl=1&resize=1050%2C600 3x"},"classes":[]},{"id":2293,"url":"https:\/\/cfcontabil.com\/cf\/dia-do-trabalho-pandemia-da-covid-19-trouxe-mudancas-na-rotina-dos-profissionais-da-contabilidade\/","url_meta":{"origin":3435,"position":4},"title":"Dia do Trabalho: Pandemia da Covid-19 trouxe mudan\u00e7as na rotina dos profissionais da contabilidade","author":"Ab\u00edlio Gon\u00e7alves","date":"5 de maio de 2020","format":false,"excerpt":"A limita\u00e7\u00e3o do contato social e da circula\u00e7\u00e3o de pessoas, como forma de combate e controle \u00e0 pandemia da Covid-19, e a crise econ\u00f4mica gerada pela doen\u00e7a impactaram diretamente na vida do trabalhador. Como um elo importante da cadeia econ\u00f4mica dos pa\u00edses, os profissionais da contabilidade sentem os efeitos da\u2026","rel":"","context":"Em &quot;Geral&quot;","block_context":{"text":"Geral","link":"https:\/\/cfcontabil.com\/cf\/category\/geral\/"},"img":{"alt_text":"","src":"https:\/\/i0.wp.com\/cfcontabil.com\/cf\/wp-content\/uploads\/2020\/04\/coronavirus-continentes-mundo.jpeg?resize=350%2C200","width":350,"height":200,"srcset":"https:\/\/i0.wp.com\/cfcontabil.com\/cf\/wp-content\/uploads\/2020\/04\/coronavirus-continentes-mundo.jpeg?resize=350%2C200 1x, https:\/\/i0.wp.com\/cfcontabil.com\/cf\/wp-content\/uploads\/2020\/04\/coronavirus-continentes-mundo.jpeg?resize=525%2C300 1.5x"},"classes":[]},{"id":1202,"url":"https:\/\/cfcontabil.com\/cf\/2013-ano-da-contabilidade-no-brasil\/","url_meta":{"origin":3435,"position":5},"title":"2013: ano da Contabilidade no Brasil","author":"Vin\u00edcius Moizinho","date":"9 de janeiro de 2013","format":false,"excerpt":"\u00a0 O ano de 2013 ser\u00e1, sem d\u00favida, um dos mais importantes para a Contabilidade brasileira. Lideran\u00e7as e \u00f3rg\u00e3os ligados \u00e0 profiss\u00e3o est\u00e3o se unindo para que toda a sociedade saiba e reconhe\u00e7a o verdadeiro papel do profissional da contabilidade. \u00a0 \u00a0 \u00a0 Conhe\u00e7a, a seguir, um pouco do projeto.\u2026","rel":"","context":"Em &quot;Consultoria Empresarial&quot;","block_context":{"text":"Consultoria Empresarial","link":"https:\/\/cfcontabil.com\/cf\/category\/consultoria\/"},"img":{"alt_text":"Ano da Contabilidade no Brasil","src":"http:\/\/www.crcsc.org.br\/arquivosSGC\/BANNER_20121211103353Ano20da20Contabilidade.jpg&w=418&h=238&c=s","width":350,"height":200},"classes":[]}],"jetpack_likes_enabled":true,"_links":{"self":[{"href":"https:\/\/cfcontabil.com\/cf\/wp-json\/wp\/v2\/posts\/3435","targetHints":{"allow":["GET"]}}],"collection":[{"href":"https:\/\/cfcontabil.com\/cf\/wp-json\/wp\/v2\/posts"}],"about":[{"href":"https:\/\/cfcontabil.com\/cf\/wp-json\/wp\/v2\/types\/post"}],"author":[{"embeddable":true,"href":"https:\/\/cfcontabil.com\/cf\/wp-json\/wp\/v2\/users\/1"}],"replies":[{"embeddable":true,"href":"https:\/\/cfcontabil.com\/cf\/wp-json\/wp\/v2\/comments?post=3435"}],"version-history":[{"count":1,"href":"https:\/\/cfcontabil.com\/cf\/wp-json\/wp\/v2\/posts\/3435\/revisions"}],"predecessor-version":[{"id":3437,"href":"https:\/\/cfcontabil.com\/cf\/wp-json\/wp\/v2\/posts\/3435\/revisions\/3437"}],"wp:featuredmedia":[{"embeddable":true,"href":"https:\/\/cfcontabil.com\/cf\/wp-json\/wp\/v2\/media\/3436"}],"wp:attachment":[{"href":"https:\/\/cfcontabil.com\/cf\/wp-json\/wp\/v2\/media?parent=3435"}],"wp:term":[{"taxonomy":"category","embeddable":true,"href":"https:\/\/cfcontabil.com\/cf\/wp-json\/wp\/v2\/categories?post=3435"},{"taxonomy":"post_tag","embeddable":true,"href":"https:\/\/cfcontabil.com\/cf\/wp-json\/wp\/v2\/tags?post=3435"}],"curies":[{"name":"wp","href":"https:\/\/api.w.org\/{rel}","templated":true}]}}