{"id":3466,"date":"2026-01-16T16:49:33","date_gmt":"2026-01-16T19:49:33","guid":{"rendered":"https:\/\/cfcontabil.com\/cf\/?p=3466"},"modified":"2026-01-16T17:33:51","modified_gmt":"2026-01-16T20:33:51","slug":"irpf-2026-isencao-de-r-5mil-nova-tabela","status":"publish","type":"post","link":"https:\/\/cfcontabil.com\/cf\/irpf-2026-isencao-de-r-5mil-nova-tabela\/","title":{"rendered":"IR 2026: Isen\u00e7\u00e3o de R$ 5mil &#8211; Nova Tabela!"},"content":{"rendered":"\n<p><strong>Guia Completo da CF Cont\u00e1bil<a><\/a><\/strong><\/p>\n\n\n\n<p><strong>1.0 Introdu\u00e7\u00e3o: Voc\u00ea Est\u00e1 Deixando Dinheiro na Mesa?<br \/><\/strong>Voc\u00ea sabe se tem direito \u00e0 isen\u00e7\u00e3o total do Imposto de Renda ou se est\u00e1 pagando um imposto que poderia economizar? A resposta pode definir se voc\u00ea receber\u00e1 uma restitui\u00e7\u00e3o maior ou se deixar\u00e1 um dinheiro valioso para a Receita Federal. O desconhecimento das novas regras do IRPF \u00e9 o erro que mais custa aos contribuintes.<br \/>A nova tabela do Imposto de Renda, que entrou em vigor para o ano-calend\u00e1rio de 2026, traz mudan\u00e7as significativas, sendo a principal delas um novo limite de isen\u00e7\u00e3o que pode beneficiar diretamente o seu or\u00e7amento. Entender essas regras agora \u00e9 crucial para se preparar para a declara\u00e7\u00e3o de 2027 e evitar erros comuns que podem levar a multas e dores de cabe\u00e7a com a Receita Federal.<\/p>\n\n\n\n<p><strong>2.0 A Principal Mudan\u00e7a que Beneficia o seu Bolso: Isen\u00e7\u00e3o Ampliada<\/strong><\/p>\n\n\n\n<p><strong>2.1 Isen\u00e7\u00e3o Total para Ganhos de at\u00e9 R$ 5 mil por M\u00eas<br \/><\/strong>De acordo com informa\u00e7\u00f5es da Receita Federal e da nova lei que atualizou a tabela do IRPF, a medida concede isen\u00e7\u00e3o do Imposto de Renda para contribuintes que recebem <strong>at\u00e9 R$ 5.000,00 por m\u00eas em rendimentos tribut\u00e1veis do trabalho<\/strong>, <strong>aposentadoria e pens\u00f5es.<\/strong> Esta \u00e9 a mudan\u00e7a mais significativa em anos e, embora a isen\u00e7\u00e3o de R$ 5.000 pare\u00e7a simples, sua aplica\u00e7\u00e3o depende da correta apura\u00e7\u00e3o de todos os rendimentos tribut\u00e1veis, um ponto que frequentemente gera d\u00favidas.<\/p>\n\n\n\n<p><br \/>Importante lembrar que, entre R$ 5.000,01 e aproximadamente R$ 7.350,00, existe uma faixa de transi\u00e7\u00e3o com desconto gradual na fonte, o que reduz a tributa\u00e7\u00e3o para quem ganha um pouco acima do novo limite de isen\u00e7\u00e3o.<\/p>\n\n\n\n<figure class=\"wp-block-image size-large\"><a href=\"https:\/\/i0.wp.com\/cfcontabil.com\/cf\/wp-content\/uploads\/2026\/01\/IRPF26-NOVA-TABELA-scaled.png\"><img data-recalc-dims=\"1\" fetchpriority=\"high\" decoding=\"async\" width=\"1024\" height=\"572\" data-attachment-id=\"3467\" data-permalink=\"https:\/\/cfcontabil.com\/cf\/irpf-2026-isencao-de-r-5mil-nova-tabela\/irpf26-nova-tabela\/\" data-orig-file=\"https:\/\/i0.wp.com\/cfcontabil.com\/cf\/wp-content\/uploads\/2026\/01\/IRPF26-NOVA-TABELA-scaled.png?fit=2560%2C1429&amp;ssl=1\" data-orig-size=\"2560,1429\" data-comments-opened=\"1\" data-image-meta=\"{&quot;aperture&quot;:&quot;0&quot;,&quot;credit&quot;:&quot;&quot;,&quot;camera&quot;:&quot;&quot;,&quot;caption&quot;:&quot;&quot;,&quot;created_timestamp&quot;:&quot;0&quot;,&quot;copyright&quot;:&quot;&quot;,&quot;focal_length&quot;:&quot;0&quot;,&quot;iso&quot;:&quot;0&quot;,&quot;shutter_speed&quot;:&quot;0&quot;,&quot;title&quot;:&quot;&quot;,&quot;orientation&quot;:&quot;0&quot;}\" data-image-title=\"IRPF26 NOVA TABELA\" data-image-description=\"\" data-image-caption=\"\" data-large-file=\"https:\/\/i0.wp.com\/cfcontabil.com\/cf\/wp-content\/uploads\/2026\/01\/IRPF26-NOVA-TABELA-scaled.png?fit=1024%2C572&amp;ssl=1\" src=\"https:\/\/i0.wp.com\/cfcontabil.com\/cf\/wp-content\/uploads\/2026\/01\/IRPF26-NOVA-TABELA.png?resize=1024%2C572\" alt=\"\" class=\"wp-image-3467\" srcset=\"https:\/\/i0.wp.com\/cfcontabil.com\/cf\/wp-content\/uploads\/2026\/01\/IRPF26-NOVA-TABELA-scaled.png?resize=1024%2C572&amp;ssl=1 1024w, https:\/\/i0.wp.com\/cfcontabil.com\/cf\/wp-content\/uploads\/2026\/01\/IRPF26-NOVA-TABELA-scaled.png?resize=300%2C167&amp;ssl=1 300w, https:\/\/i0.wp.com\/cfcontabil.com\/cf\/wp-content\/uploads\/2026\/01\/IRPF26-NOVA-TABELA-scaled.png?resize=768%2C429&amp;ssl=1 768w, https:\/\/i0.wp.com\/cfcontabil.com\/cf\/wp-content\/uploads\/2026\/01\/IRPF26-NOVA-TABELA-scaled.png?w=2340 2340w\" sizes=\"(max-width: 1024px) 100vw, 1024px\" \/><\/a><\/figure>\n\n\n\n<p><strong>2.2 Quem se Beneficia Diretamente?<br \/><\/strong>Essa nova faixa de isen\u00e7\u00e3o foi projetada para abranger um grande n\u00famero de contribuintes. Veja se voc\u00ea est\u00e1 entre os principais beneficiados:<a><\/a><a><\/a><\/p>\n\n\n\n<ul class=\"wp-block-list\">\n<li><strong>Trabalhadores com carteira assinada (CLT):<\/strong> Aqueles cujos sal\u00e1rios agora podem se enquadrar totalmente na faixa de isen\u00e7\u00e3o, aumentando o rendimento l\u00edquido mensal.<\/li>\n\n\n\n<li><strong>Aposentados e pensionistas:<\/strong> Benefici\u00e1rios do INSS ou de regimes pr\u00f3prios que ter\u00e3o um al\u00edvio financeiro importante em seus proventos.<\/li>\n\n\n\n<li><strong>Servidores p\u00fablicos:<\/strong> Funcion\u00e1rios municipais, estaduais e federais que tamb\u00e9m se beneficiam do novo teto, reduzindo a carga tribut\u00e1ria sobre seus vencimentos.<\/li>\n\n\n\n<li><strong>Profissionais aut\u00f4nomos:<\/strong> Que agora podem ter um al\u00edvio significativo no recolhimento mensal via Carn\u00ea-Le\u00e3o, desde que o total de rendimentos tribut\u00e1veis se mantenha dentro do novo limite de isen\u00e7\u00e3o.<\/li>\n\n\n\n<li><strong>Microempreendedores (MEI) e pequenos empres\u00e1rios: <\/strong>Que podem otimizar suas retiradas de pr\u00f3-labore para se enquadrarem no novo teto de isen\u00e7\u00e3o, separando-o corretamente da distribui\u00e7\u00e3o de lucros isentos, observando tamb\u00e9m as regras de obrigatoriedade do IRPF ligadas a patrim\u00f4nio, outras rendas e limites anuais.<\/li>\n<\/ul>\n\n\n\n<p><strong>3.0 Armadilhas Comuns que Podem Anular seus Benef\u00edcios<br \/><\/strong>Mesmo com regras mais favor\u00e1veis, a complexidade do sistema tribut\u00e1rio pode criar armadilhas. <\/p>\n\n\n\n<p>Fique atento para n\u00e3o perder seus benef\u00edcios.<\/p>\n\n\n\n<p><strong>3.1 M\u00faltiplas Fontes de Renda<br \/><\/strong>Um erro comum \u00e9 acreditar que a isen\u00e7\u00e3o se aplica a cada fonte de renda individualmente. Se voc\u00ea tem mais de um emprego ou recebe um sal\u00e1rio e tamb\u00e9m atua como aut\u00f4nomo, a Receita Federal soma todos os seus rendimentos tribut\u00e1veis para definir se h\u00e1 imposto devido. Essa soma pode ultrapassar o limite de isen\u00e7\u00e3o e exigir o pagamento complementar de imposto na sua declara\u00e7\u00e3o anual. \u00c9 nesse c\u00e1lculo consolidado que um contador especializado identifica a necessidade de recolhimento complementar, evitando surpresas na declara\u00e7\u00e3o anual.<a><\/a><a><\/a><a><\/a><a><\/a><\/p>\n\n\n\n<p><strong>3.2 Mitos da Declara\u00e7\u00e3o Anual<br \/><\/strong>Muitas informa\u00e7\u00f5es incorretas circulam sobre o IRPF. Desmistificar esses pontos \u00e9 essencial para uma declara\u00e7\u00e3o correta.<a><\/a><a><\/a><\/p>\n\n\n\n<p><strong><em>&#8220;Declarar em conjunto \u00e9 sempre melhor&#8221;:<\/em><\/strong> Mito. Declarar em conjunto significa reunir em uma \u00fanica declara\u00e7\u00e3o os rendimentos, bens e dedu\u00e7\u00f5es de c\u00f4njuge ou companheiro, e n\u00e3o apenas \u201cincluir como dependente\u201d. Se o c\u00f4njuge ou dependente tiver renda pr\u00f3pria, essa renda ser\u00e1 somada com a sua, o que pode fazer com que voc\u00ea pague mais imposto, a depender da propor\u00e7\u00e3o entre rendimentos e dedu\u00e7\u00f5es do casal. Em muitos casos (por exemplo, um c\u00f4njuge sem renda ou com rendimentos muito baixos e muitas despesas dedut\u00edveis), a declara\u00e7\u00e3o em conjunto pode ser vantajosa; por isso \u00e9 essencial simular os dois cen\u00e1rios antes de decidir.<\/p>\n\n\n\n<p><em><strong>&#8220;Sou MEI, n\u00e3o preciso declarar o IRPF&#8221;:<\/strong><\/em> Depende. A obrigatoriedade da declara\u00e7\u00e3o de Pessoa F\u00edsica para o MEI est\u00e1 ligada a outros fatores, como o valor total do seu patrim\u00f4nio em 31\/12, o montante de rendimentos tribut\u00e1veis no ano e outras fontes de renda, al\u00e9m da atividade do MEI. Al\u00e9m disso, ter um IRPF corretamente preenchido, incluindo a distribui\u00e7\u00e3o de lucro isento do MEI, vai te ajudar muito quando voc\u00ea for fazer uma negocia\u00e7\u00e3o financeira, como a compra de um carro ou um apartamento. Nos consulte para realizar o c\u00e1lculo correto!<\/p>\n\n\n\n<p><strong>3.3 Erros que Levam \u00e0 Malha Fina<br \/><\/strong>Erros simples, como a digita\u00e7\u00e3o incorreta de valores ou a omiss\u00e3o de rendimentos, s\u00e3o o caminho mais r\u00e1pido para a malha fina. Isso pode resultar na perda do direito \u00e0 restitui\u00e7\u00e3o, atrasos no pagamento e aplica\u00e7\u00e3o de multas pela Receita Federal, transformando um benef\u00edcio em preju\u00edzo. Uma revis\u00e3o profissional \u00e9 a forma mais segura de blindar sua declara\u00e7\u00e3o contra esses descuidos.<a><\/a><a><\/a><a><\/a><a><\/a><a><\/a><\/p>\n\n\n\n<p><strong>4.0 Por Que a Ajuda de um Contador \u00e9 Essencial em 2026<br \/><\/strong>Ainda que a reten\u00e7\u00e3o do imposto seja autom\u00e1tica no seu contracheque, a responsabilidade final pela declara\u00e7\u00e3o anual, com todas as suas complexidades e oportunidades, \u00e9 inteiramente sua. \u00c9 nesse ponto que o suporte de um especialista faz toda a diferen\u00e7a.<a><\/a><a><\/a><br \/>Como seus consultores tribut\u00e1rios, nosso papel \u00e9 ir al\u00e9m do preenchimento. Nossa an\u00e1lise estrat\u00e9gica garante que voc\u00ea pague o m\u00ednimo de imposto legalmente poss\u00edvel. Fazemos isso de tr\u00eas formas principais:<a><\/a><a><\/a><\/p>\n\n\n\n<ul class=\"wp-block-list\">\n<li><strong>Otimizar Dedu\u00e7\u00f5es: <\/strong>Analisamos seu perfil para definir se \u00e9 mais vantajoso utilizar as dedu\u00e7\u00f5es legais (despesas m\u00e9dicas, educa\u00e7\u00e3o, etc.) ou o desconto simplificado. Em muitos casos reais, essa escolha pode significar uma diferen\u00e7a de milhares de reais em imposto a pagar ou a restituir, como em situa\u00e7\u00f5es em que a restitui\u00e7\u00e3o supera os R$ 3 mil em vez de ficar abaixo de R$ 1 mil.<\/li>\n\n\n\n<li><strong>Evitar Erros e a Malha Fina:<\/strong> Com a nossa revis\u00e3o profissional, voc\u00ea evita os erros comuns que acionam as auditorias da Receita Federal, garantindo tranquilidade e seguran\u00e7a.<\/li>\n\n\n\n<li><em>Planejamento Tribut\u00e1rio:<\/em> Nossa assessoria vai al\u00e9m da declara\u00e7\u00e3o. Oferecemos um planejamento financeiro cont\u00ednuo para que voc\u00ea possa, de forma legal, &#8220;pagar menos impostos&#8221; durante todo o ano, inclusive avaliando recolhimentos complementares quando h\u00e1 m\u00faltiplas fontes de renda.<\/li>\n<\/ul>\n\n\n\n<p><strong><em>Lembre-se: <\/em><\/strong>todas essas novas regras valer\u00e3o para a declara\u00e7\u00e3o do IRPF 2027, referente ao ano-calend\u00e1rio de 2026. Planejar agora \u00e9 a chave para um processo tranquilo e com o m\u00e1ximo de retorno financeiro.<\/p>\n\n\n\n<p><strong>5.0 Tabela R\u00e1pida de Refer\u00eancia aplic\u00e1vel ao ano-calend\u00e1rio 2026<br \/><\/strong>Para simplificar, aqui est\u00e1 o ponto principal da nova tabela do Imposto de Renda, considerando a l\u00f3gica de isen\u00e7\u00e3o e transi\u00e7\u00e3o:<\/p>\n\n\n\n<figure class=\"wp-block-image size-large\"><a href=\"https:\/\/i0.wp.com\/cfcontabil.com\/cf\/wp-content\/uploads\/2026\/01\/IRPF26-NOVA-TABELA-2-scaled.png\"><img data-recalc-dims=\"1\" decoding=\"async\" width=\"1024\" height=\"572\" data-attachment-id=\"3468\" data-permalink=\"https:\/\/cfcontabil.com\/cf\/irpf-2026-isencao-de-r-5mil-nova-tabela\/irpf26-nova-tabela-2\/\" data-orig-file=\"https:\/\/i0.wp.com\/cfcontabil.com\/cf\/wp-content\/uploads\/2026\/01\/IRPF26-NOVA-TABELA-2-scaled.png?fit=2560%2C1429&amp;ssl=1\" data-orig-size=\"2560,1429\" data-comments-opened=\"1\" data-image-meta=\"{&quot;aperture&quot;:&quot;0&quot;,&quot;credit&quot;:&quot;&quot;,&quot;camera&quot;:&quot;&quot;,&quot;caption&quot;:&quot;&quot;,&quot;created_timestamp&quot;:&quot;0&quot;,&quot;copyright&quot;:&quot;&quot;,&quot;focal_length&quot;:&quot;0&quot;,&quot;iso&quot;:&quot;0&quot;,&quot;shutter_speed&quot;:&quot;0&quot;,&quot;title&quot;:&quot;&quot;,&quot;orientation&quot;:&quot;0&quot;}\" data-image-title=\"IRPF26 NOVA TABELA 2\" data-image-description=\"\" data-image-caption=\"\" data-large-file=\"https:\/\/i0.wp.com\/cfcontabil.com\/cf\/wp-content\/uploads\/2026\/01\/IRPF26-NOVA-TABELA-2-scaled.png?fit=1024%2C572&amp;ssl=1\" src=\"https:\/\/i0.wp.com\/cfcontabil.com\/cf\/wp-content\/uploads\/2026\/01\/IRPF26-NOVA-TABELA-2.png?resize=1024%2C572\" alt=\"\" class=\"wp-image-3468\" srcset=\"https:\/\/i0.wp.com\/cfcontabil.com\/cf\/wp-content\/uploads\/2026\/01\/IRPF26-NOVA-TABELA-2-scaled.png?resize=1024%2C572&amp;ssl=1 1024w, https:\/\/i0.wp.com\/cfcontabil.com\/cf\/wp-content\/uploads\/2026\/01\/IRPF26-NOVA-TABELA-2-scaled.png?resize=300%2C167&amp;ssl=1 300w, https:\/\/i0.wp.com\/cfcontabil.com\/cf\/wp-content\/uploads\/2026\/01\/IRPF26-NOVA-TABELA-2-scaled.png?resize=768%2C429&amp;ssl=1 768w, https:\/\/i0.wp.com\/cfcontabil.com\/cf\/wp-content\/uploads\/2026\/01\/IRPF26-NOVA-TABELA-2-scaled.png?w=2340 2340w\" sizes=\"(max-width: 1024px) 100vw, 1024px\" \/><\/a><\/figure>\n\n\n\n<p>Lembre-se: a reten\u00e7\u00e3o na fonte pode ser autom\u00e1tica, mas a declara\u00e7\u00e3o anual correta \u00e9 sua responsabilidade para garantir todos os benef\u00edcios e para verificar se houve imposto a mais ou a menos no ano.<a><\/a><a><\/a><\/p>\n\n\n\n<p><strong>6.0 N\u00e3o Deixe Dinheiro na Mesa: Fale com um Especialista Hoje<br \/><\/strong>N\u00e3o arrisque perder benef\u00edcios ou cair na malha fina. A<strong> CF Cont\u00e1bil <\/strong>oferece um or\u00e7amento gratuito para uma an\u00e1lise completa do seu IRPF. Descubra exatamente quanto voc\u00ea pode economizar com as novas regras de 2026.<\/p>\n\n\n\n<p><br \/>O planejamento para a declara\u00e7\u00e3o do IRPF 2027 come\u00e7a agora. Para garantir um atendimento detalhado e sem pressa, estamos recebendo clientes em regime de agendamento. Garanta sua vaga antes do per\u00edodo de maior movimento para preparar sua declara\u00e7\u00e3o com total seguran\u00e7a.<br \/><br \/>Entre em contato agora mesmo e simplifique sua vida. Fale com um de nossos contadores pelo WhatsApp no telefone (61) 3381-6090, e-mail (<a href=\"mailto:cfcontabil@cfcontabil.com\">cfcontabil@cfcontabil.com<\/a>).<\/p>\n\n\n\n<p><mark style=\"background-color:#00d084\" class=\"has-inline-color has-white-color\"> <a href=\"https:\/\/wa.me\/556133816090\">Agendar Or\u00e7amento Gratuito de IRPF Agora!<\/a><\/mark><\/p>\n\n\n\n<p><strong>7.0 Simplificando a Contabilidade para Voc\u00ea h\u00e1 mais de 27 Anos<br \/><\/strong>A nova tabela do Imposto de Renda \u00e9 um passo importante para aliviar a carga tribut\u00e1ria dos brasileiros. <\/p>\n\n\n\n<p>Mas entendemos que toda mudan\u00e7a gera d\u00favidas. <\/p>\n\n\n\n<p>Nossa miss\u00e3o na CF Cont\u00e1bil \u00e9 simplificar a contabilidade para que voc\u00ea tenha menos burocracia e mais tempo para o que realmente importa.<\/p>\n\n\n\n<p><br \/>Com mais de 27 anos de experi\u00eancia auxiliando pessoas f\u00edsicas e empreendedores em Bras\u00edlia e em todo o Brasil, e com uma avalia\u00e7\u00e3o de 4.9 estrelas no Google, estamos prontos para ser o seu parceiro de confian\u00e7a. <\/p>\n\n\n\n<p><em>Deixe que a gente cuide da complexidade para voc\u00ea colher os benef\u00edcios.<\/em><\/p>\n","protected":false},"excerpt":{"rendered":"<p>Guia Completo da CF Cont\u00e1bil 1.0 Introdu\u00e7\u00e3o: Voc\u00ea Est\u00e1 Deixando Dinheiro na Mesa?Voc\u00ea sabe se tem direito \u00e0 isen\u00e7\u00e3o total do Imposto de Renda ou se est\u00e1 pagando um imposto que poderia economizar? A resposta pode definir se voc\u00ea receber\u00e1 uma restitui\u00e7\u00e3o maior ou se deixar\u00e1 um dinheiro valioso para a Receita Federal. O desconhecimento [&hellip;]<\/p>\n","protected":false},"author":1,"featured_media":3467,"comment_status":"open","ping_status":"open","sticky":false,"template":"","format":"standard","meta":{"jetpack_post_was_ever_published":false,"_jetpack_newsletter_access":"","_jetpack_dont_email_post_to_subs":false,"_jetpack_newsletter_tier_id":0,"_jetpack_memberships_contains_paywalled_content":false,"_jetpack_memberships_contains_paid_content":false,"footnotes":"","jetpack_publicize_message":"","jetpack_publicize_feature_enabled":true,"jetpack_social_post_already_shared":true,"jetpack_social_options":{"image_generator_settings":{"template":"highway","default_image_id":0,"font":"","enabled":false},"version":2}},"categories":[677],"tags":[],"class_list":["post-3466","post","type-post","status-publish","format-standard","has-post-thumbnail","hentry","category-imposto-de-renda"],"jetpack_publicize_connections":[],"jetpack_featured_media_url":"https:\/\/i0.wp.com\/cfcontabil.com\/cf\/wp-content\/uploads\/2026\/01\/IRPF26-NOVA-TABELA-scaled.png?fit=2560%2C1429&ssl=1","jetpack_sharing_enabled":true,"jetpack_shortlink":"https:\/\/wp.me\/p2wklX-TU","jetpack-related-posts":[{"id":2117,"url":"https:\/\/cfcontabil.com\/cf\/tabela-do-irpf-sem-correcao-aumenta-o-imposto\/","url_meta":{"origin":3466,"position":0},"title":"Tabela do IRPF sem corre\u00e7\u00e3o aumenta o imposto?","author":"Ab\u00edlio Gon\u00e7alves","date":"21 de fevereiro de 2020","format":false,"excerpt":"O an\u00fancio da Receita Federal sobre o Imposto de Renda Pessoa F\u00edsica deste ano confirmou que a tabela continua sem nenhuma corre\u00e7\u00e3o, pois o \u00faltimo reajuste ocorreu no ano de 2015. https:\/\/www.youtube.com\/watch?v=M3-acy47EXQ Em quatro anos consecutivos, a tabela do Imposto de Renda das Pessoas F\u00edsicas n\u00e3o sofreu corre\u00e7\u00e3o sequer pelo\u2026","rel":"","context":"Em &quot;Departamento Fiscal&quot;","block_context":{"text":"Departamento Fiscal","link":"https:\/\/cfcontabil.com\/cf\/category\/df\/"},"img":{"alt_text":"","src":"https:\/\/i0.wp.com\/cfcontabil.com\/cf\/wp-content\/uploads\/2020\/02\/IRPF-antecipa%C3%A7%C3%A3o-restitui%C3%A7%C3%A3o-ajustado.jpeg?fit=1200%2C675&ssl=1&resize=350%2C200","width":350,"height":200,"srcset":"https:\/\/i0.wp.com\/cfcontabil.com\/cf\/wp-content\/uploads\/2020\/02\/IRPF-antecipa%C3%A7%C3%A3o-restitui%C3%A7%C3%A3o-ajustado.jpeg?fit=1200%2C675&ssl=1&resize=350%2C200 1x, https:\/\/i0.wp.com\/cfcontabil.com\/cf\/wp-content\/uploads\/2020\/02\/IRPF-antecipa%C3%A7%C3%A3o-restitui%C3%A7%C3%A3o-ajustado.jpeg?fit=1200%2C675&ssl=1&resize=525%2C300 1.5x, https:\/\/i0.wp.com\/cfcontabil.com\/cf\/wp-content\/uploads\/2020\/02\/IRPF-antecipa%C3%A7%C3%A3o-restitui%C3%A7%C3%A3o-ajustado.jpeg?fit=1200%2C675&ssl=1&resize=700%2C400 2x, https:\/\/i0.wp.com\/cfcontabil.com\/cf\/wp-content\/uploads\/2020\/02\/IRPF-antecipa%C3%A7%C3%A3o-restitui%C3%A7%C3%A3o-ajustado.jpeg?fit=1200%2C675&ssl=1&resize=1050%2C600 3x"},"classes":[]},{"id":3490,"url":"https:\/\/cfcontabil.com\/cf\/imposto-de-renda-2026-guia-completo-para-organizar-sua-documentacao-hoje-mesmo\/","url_meta":{"origin":3466,"position":1},"title":"Imposto de Renda 2026: Guia Completo para Organizar sua Documenta\u00e7\u00e3o Hoje Mesmo","author":"Ab\u00edlio Gon\u00e7alves","date":"4 de mar\u00e7o de 2026","format":false,"excerpt":"A temporada do Imposto de Renda Pessoa F\u00edsica (IRPF) est\u00e1 se aproximando. Embora as datas oficiais exatas e as regras finais ainda dependam da publica\u00e7\u00e3o das normas pela Receita Federal, as previs\u00f5es para 2026 indicam que o prazo de entrega deve come\u00e7ar em 16 de mar\u00e7o e se estender at\u00e9\u2026","rel":"","context":"Em &quot;Geral&quot;","block_context":{"text":"Geral","link":"https:\/\/cfcontabil.com\/cf\/category\/geral\/"},"img":{"alt_text":"","src":"https:\/\/i0.wp.com\/cfcontabil.com\/cf\/wp-content\/uploads\/2026\/03\/blog-capa-ir2026-scaled.png?fit=1200%2C670&ssl=1&resize=350%2C200","width":350,"height":200,"srcset":"https:\/\/i0.wp.com\/cfcontabil.com\/cf\/wp-content\/uploads\/2026\/03\/blog-capa-ir2026-scaled.png?fit=1200%2C670&ssl=1&resize=350%2C200 1x, https:\/\/i0.wp.com\/cfcontabil.com\/cf\/wp-content\/uploads\/2026\/03\/blog-capa-ir2026-scaled.png?fit=1200%2C670&ssl=1&resize=525%2C300 1.5x, https:\/\/i0.wp.com\/cfcontabil.com\/cf\/wp-content\/uploads\/2026\/03\/blog-capa-ir2026-scaled.png?fit=1200%2C670&ssl=1&resize=700%2C400 2x, https:\/\/i0.wp.com\/cfcontabil.com\/cf\/wp-content\/uploads\/2026\/03\/blog-capa-ir2026-scaled.png?fit=1200%2C670&ssl=1&resize=1050%2C600 3x"},"classes":[]},{"id":706,"url":"https:\/\/cfcontabil.com\/cf\/distribuicao-de-lucros-aos-socios-isencao-de-imposto-de-renda\/","url_meta":{"origin":3466,"position":2},"title":"Distribui\u00e7\u00e3o de lucros aos s\u00f3cios \u2013 Isen\u00e7\u00e3o de Imposto de Renda","author":"Ab\u00edlio Gon\u00e7alves","date":"29 de mar\u00e7o de 2016","format":false,"excerpt":"Os valores efetivamente pagos ou distribu\u00eddos ao titular ou s\u00f3cio de ME ou de EPP optante pelo regime do Simples Nacional s\u00e3o isentos do Imposto de Renda, na Fonte e na Declara\u00e7\u00e3o de Ajuste Anual do benefici\u00e1rio. \u201cContudo, n\u00e3o podem entrar nesta conta os valores pagos a t\u00edtulo de pr\u00f3-labore,\u2026","rel":"","context":"Em &quot;Consultoria Empresarial&quot;","block_context":{"text":"Consultoria Empresarial","link":"https:\/\/cfcontabil.com\/cf\/category\/consultoria\/"},"img":{"alt_text":"PLR","src":"https:\/\/i0.wp.com\/cfcontabil.com\/cf\/wp-content\/uploads\/2016\/03\/PLR.jpg?resize=350%2C200","width":350,"height":200,"srcset":"https:\/\/i0.wp.com\/cfcontabil.com\/cf\/wp-content\/uploads\/2016\/03\/PLR.jpg?resize=350%2C200 1x, https:\/\/i0.wp.com\/cfcontabil.com\/cf\/wp-content\/uploads\/2016\/03\/PLR.jpg?resize=525%2C300 1.5x"},"classes":[]},{"id":1154,"url":"https:\/\/cfcontabil.com\/cf\/governo-estuda-dobrar-isencao-de-irpf-e-tributar-os-dividendos\/","url_meta":{"origin":3466,"position":3},"title":"Governo estuda dobrar isen\u00e7\u00e3o de IRPF e tributar os dividendos","author":"Ab\u00edlio Gon\u00e7alves","date":"15 de maio de 2017","format":false,"excerpt":"Com proposta, governo Temer faz novo aceno \u00e0s classes mais populares Depois da libera\u00e7\u00e3o dos saques das contas inativas do FGTS, o governo prepara um novo \"pacote de bondades\" para neutralizar o impacto negativo da aprova\u00e7\u00e3o das reformas da Previd\u00eancia Social e trabalhista. A principal medida em estudo \u00e9 a\u2026","rel":"","context":"Em &quot;Departamento Fiscal&quot;","block_context":{"text":"Departamento Fiscal","link":"https:\/\/cfcontabil.com\/cf\/category\/df\/"},"img":{"alt_text":"","src":"https:\/\/i0.wp.com\/cfcontabil.com\/cf\/wp-content\/uploads\/2017\/01\/leao-imposto-renda-original1-1.jpeg?fit=620%2C349&ssl=1&resize=350%2C200","width":350,"height":200,"srcset":"https:\/\/i0.wp.com\/cfcontabil.com\/cf\/wp-content\/uploads\/2017\/01\/leao-imposto-renda-original1-1.jpeg?fit=620%2C349&ssl=1&resize=350%2C200 1x, https:\/\/i0.wp.com\/cfcontabil.com\/cf\/wp-content\/uploads\/2017\/01\/leao-imposto-renda-original1-1.jpeg?fit=620%2C349&ssl=1&resize=525%2C300 1.5x"},"classes":[]},{"id":1948,"url":"https:\/\/cfcontabil.com\/cf\/tributar-dividendo-e-peca-fundamental-na-reforma-do-imposto-de-renda\/","url_meta":{"origin":3466,"position":4},"title":"Tributar dividendo \u00e9 pe\u00e7a fundamental na reforma do Imposto de Renda","author":"Ab\u00edlio Gon\u00e7alves","date":"26 de novembro de 2019","format":false,"excerpt":"Entre os itens que podem ser alterados no Importo de Renda est\u00e3o as dedu\u00e7\u00f5es de despesas com sa\u00fade e educa\u00e7\u00e3o A cobran\u00e7a de imposto sobre dividendos, hoje isentos, \u00e9 pe\u00e7a fundamental no projeto do governo federal de\u00a0aliviar a carga tribut\u00e1ria sobre empresas e tornar o Imposto de Renda\u00a0das pessoas f\u00edsicas\u2026","rel":"","context":"Em &quot;Departamento Fiscal&quot;","block_context":{"text":"Departamento Fiscal","link":"https:\/\/cfcontabil.com\/cf\/category\/df\/"},"img":{"alt_text":"","src":"https:\/\/i0.wp.com\/cfcontabil.com\/cf\/wp-content\/uploads\/2019\/11\/Receita-Federal.jpg?fit=1200%2C675&ssl=1&resize=350%2C200","width":350,"height":200,"srcset":"https:\/\/i0.wp.com\/cfcontabil.com\/cf\/wp-content\/uploads\/2019\/11\/Receita-Federal.jpg?fit=1200%2C675&ssl=1&resize=350%2C200 1x, https:\/\/i0.wp.com\/cfcontabil.com\/cf\/wp-content\/uploads\/2019\/11\/Receita-Federal.jpg?fit=1200%2C675&ssl=1&resize=525%2C300 1.5x, https:\/\/i0.wp.com\/cfcontabil.com\/cf\/wp-content\/uploads\/2019\/11\/Receita-Federal.jpg?fit=1200%2C675&ssl=1&resize=700%2C400 2x, https:\/\/i0.wp.com\/cfcontabil.com\/cf\/wp-content\/uploads\/2019\/11\/Receita-Federal.jpg?fit=1200%2C675&ssl=1&resize=1050%2C600 3x"},"classes":[]},{"id":1458,"url":"https:\/\/cfcontabil.com\/cf\/irpf-2019-regras-liberadas-mas-contribuintes-terao-uma-semana-a-menos-para-entrega\/","url_meta":{"origin":3466,"position":5},"title":"IRPF 2019 &#8211; Regras liberadas, mas contribuintes ter\u00e3o uma semana a menos para entrega","author":"Ab\u00edlio Gon\u00e7alves","date":"22 de fevereiro de 2019","format":false,"excerpt":"Em 2018, estavam obrigados a acertar as contas com o le\u00e3o todos os contribuintes que receberam mais de R$ 28.559,70 no ano anterior. Publicadas as regras hoje (22.02) no Di\u00e1rio Oficial da Uni\u00e3o. Quem ganhou mais de R$ 28.559,70 em 2018 \u00e9 obrigado a fazer a declara\u00e7\u00e3o do Imposto de\u2026","rel":"","context":"Em &quot;Geral&quot;","block_context":{"text":"Geral","link":"https:\/\/cfcontabil.com\/cf\/category\/geral\/"},"img":{"alt_text":"","src":"https:\/\/i0.wp.com\/cfcontabil.com\/cf\/wp-content\/uploads\/2017\/02\/irpfrfb-1.jpg?fit=640%2C340&ssl=1&resize=350%2C200","width":350,"height":200,"srcset":"https:\/\/i0.wp.com\/cfcontabil.com\/cf\/wp-content\/uploads\/2017\/02\/irpfrfb-1.jpg?fit=640%2C340&ssl=1&resize=350%2C200 1x, https:\/\/i0.wp.com\/cfcontabil.com\/cf\/wp-content\/uploads\/2017\/02\/irpfrfb-1.jpg?fit=640%2C340&ssl=1&resize=525%2C300 1.5x"},"classes":[]}],"jetpack_likes_enabled":true,"_links":{"self":[{"href":"https:\/\/cfcontabil.com\/cf\/wp-json\/wp\/v2\/posts\/3466","targetHints":{"allow":["GET"]}}],"collection":[{"href":"https:\/\/cfcontabil.com\/cf\/wp-json\/wp\/v2\/posts"}],"about":[{"href":"https:\/\/cfcontabil.com\/cf\/wp-json\/wp\/v2\/types\/post"}],"author":[{"embeddable":true,"href":"https:\/\/cfcontabil.com\/cf\/wp-json\/wp\/v2\/users\/1"}],"replies":[{"embeddable":true,"href":"https:\/\/cfcontabil.com\/cf\/wp-json\/wp\/v2\/comments?post=3466"}],"version-history":[{"count":6,"href":"https:\/\/cfcontabil.com\/cf\/wp-json\/wp\/v2\/posts\/3466\/revisions"}],"predecessor-version":[{"id":3474,"href":"https:\/\/cfcontabil.com\/cf\/wp-json\/wp\/v2\/posts\/3466\/revisions\/3474"}],"wp:featuredmedia":[{"embeddable":true,"href":"https:\/\/cfcontabil.com\/cf\/wp-json\/wp\/v2\/media\/3467"}],"wp:attachment":[{"href":"https:\/\/cfcontabil.com\/cf\/wp-json\/wp\/v2\/media?parent=3466"}],"wp:term":[{"taxonomy":"category","embeddable":true,"href":"https:\/\/cfcontabil.com\/cf\/wp-json\/wp\/v2\/categories?post=3466"},{"taxonomy":"post_tag","embeddable":true,"href":"https:\/\/cfcontabil.com\/cf\/wp-json\/wp\/v2\/tags?post=3466"}],"curies":[{"name":"wp","href":"https:\/\/api.w.org\/{rel}","templated":true}]}}