{"id":3476,"date":"2026-01-20T05:00:00","date_gmt":"2026-01-20T08:00:00","guid":{"rendered":"https:\/\/cfcontabil.com\/cf\/?p=3476"},"modified":"2026-01-16T17:45:47","modified_gmt":"2026-01-16T20:45:47","slug":"infografico-entenda-as-novas-regras-do-ir","status":"publish","type":"post","link":"https:\/\/cfcontabil.com\/cf\/infografico-entenda-as-novas-regras-do-ir\/","title":{"rendered":"Infogr\u00e1fico: Entenda as novas regras do IR"},"content":{"rendered":"<div class=\"wp-block-image\">\n<figure class=\"aligncenter size-large is-resized\"><a href=\"https:\/\/i0.wp.com\/cfcontabil.com\/cf\/wp-content\/uploads\/2026\/01\/IRPF-2026-INFOGRAFICO-ENTENDA-scaled.png\"><img data-recalc-dims=\"1\" fetchpriority=\"high\" decoding=\"async\" width=\"572\" height=\"1024\" data-attachment-id=\"3477\" data-permalink=\"https:\/\/cfcontabil.com\/cf\/infografico-entenda-as-novas-regras-do-ir\/irpf-2026-infografico-entenda\/\" data-orig-file=\"https:\/\/i0.wp.com\/cfcontabil.com\/cf\/wp-content\/uploads\/2026\/01\/IRPF-2026-INFOGRAFICO-ENTENDA-scaled.png?fit=1429%2C2560&amp;ssl=1\" data-orig-size=\"1429,2560\" data-comments-opened=\"1\" data-image-meta=\"{&quot;aperture&quot;:&quot;0&quot;,&quot;credit&quot;:&quot;&quot;,&quot;camera&quot;:&quot;&quot;,&quot;caption&quot;:&quot;&quot;,&quot;created_timestamp&quot;:&quot;0&quot;,&quot;copyright&quot;:&quot;&quot;,&quot;focal_length&quot;:&quot;0&quot;,&quot;iso&quot;:&quot;0&quot;,&quot;shutter_speed&quot;:&quot;0&quot;,&quot;title&quot;:&quot;&quot;,&quot;orientation&quot;:&quot;0&quot;}\" data-image-title=\"IRPF 2026 INFOGRAFICO ENTENDA\" data-image-description=\"\" data-image-caption=\"\" data-large-file=\"https:\/\/i0.wp.com\/cfcontabil.com\/cf\/wp-content\/uploads\/2026\/01\/IRPF-2026-INFOGRAFICO-ENTENDA-scaled.png?fit=572%2C1024&amp;ssl=1\" src=\"https:\/\/i0.wp.com\/cfcontabil.com\/cf\/wp-content\/uploads\/2026\/01\/IRPF-2026-INFOGRAFICO-ENTENDA-572x1024.png?resize=572%2C1024\" alt=\"\" class=\"wp-image-3477\" style=\"aspect-ratio:0.5585976870564521;width:840px;height:auto\" srcset=\"https:\/\/i0.wp.com\/cfcontabil.com\/cf\/wp-content\/uploads\/2026\/01\/IRPF-2026-INFOGRAFICO-ENTENDA-scaled.png?resize=572%2C1024&amp;ssl=1 572w, https:\/\/i0.wp.com\/cfcontabil.com\/cf\/wp-content\/uploads\/2026\/01\/IRPF-2026-INFOGRAFICO-ENTENDA-scaled.png?resize=167%2C300&amp;ssl=1 167w, https:\/\/i0.wp.com\/cfcontabil.com\/cf\/wp-content\/uploads\/2026\/01\/IRPF-2026-INFOGRAFICO-ENTENDA-scaled.png?resize=768%2C1376&amp;ssl=1 768w, https:\/\/i0.wp.com\/cfcontabil.com\/cf\/wp-content\/uploads\/2026\/01\/IRPF-2026-INFOGRAFICO-ENTENDA-scaled.png?resize=857%2C1536&amp;ssl=1 857w, https:\/\/i0.wp.com\/cfcontabil.com\/cf\/wp-content\/uploads\/2026\/01\/IRPF-2026-INFOGRAFICO-ENTENDA-scaled.png?w=1429&amp;ssl=1 1429w\" sizes=\"(max-width: 572px) 100vw, 572px\" \/><\/a><\/figure>\n<\/div>\n\n\n<p>Simplifique seu IRPF e Evite a Malha Fina! Fale conosco: 61 33816090.<\/p>\n","protected":false},"excerpt":{"rendered":"<p>Simplifique seu IRPF e Evite a Malha Fina! Fale conosco: 61 33816090.<\/p>\n","protected":false},"author":1,"featured_media":3478,"comment_status":"open","ping_status":"open","sticky":false,"template":"","format":"standard","meta":{"jetpack_post_was_ever_published":false,"_jetpack_newsletter_access":"","_jetpack_dont_email_post_to_subs":false,"_jetpack_newsletter_tier_id":0,"_jetpack_memberships_contains_paywalled_content":false,"_jetpack_memberships_contains_paid_content":false,"footnotes":"","jetpack_publicize_message":"","jetpack_publicize_feature_enabled":true,"jetpack_social_post_already_shared":true,"jetpack_social_options":{"image_generator_settings":{"template":"highway","default_image_id":0,"font":"","enabled":false},"version":2}},"categories":[22],"tags":[],"class_list":["post-3476","post","type-post","status-publish","format-standard","has-post-thumbnail","hentry","category-geral"],"jetpack_publicize_connections":[],"jetpack_featured_media_url":"https:\/\/i0.wp.com\/cfcontabil.com\/cf\/wp-content\/uploads\/2026\/01\/Capa-info-entenda.png?fit=1223%2C415&ssl=1","jetpack_sharing_enabled":true,"jetpack_shortlink":"https:\/\/wp.me\/p2wklX-U4","jetpack-related-posts":[{"id":1231,"url":"https:\/\/cfcontabil.com\/cf\/irpf-2017-a-entrega-da-declaracao-comecou-hoje\/","url_meta":{"origin":3476,"position":0},"title":"IRPF 2017 &#8211; A entrega da declara\u00e7\u00e3o come\u00e7ou hoje","author":"Ab\u00edlio Gon\u00e7alves","date":"2 de mar\u00e7o de 2017","format":false,"excerpt":"A CF Cont\u00e1bil\u00a0est\u00e1 pronta para atender e\u00a0orientar seus clientes e parceiros nas quest\u00f5es relativas \u00e0 entrega da Declara\u00e7\u00e3o de Ajuste Anual, s\u00e3o nossos servi\u00e7os: \u2022\u00a0Preenchimento da DIRPF \u2022 Situa\u00e7\u00f5es de Obrigatoriedade \u2022 C\u00e1lculo e Dedu\u00e7\u00f5es \u2022 Mat\u00e9rias Relacionadas \u2022 Varia\u00e7\u00e3o Patrimonial \u2022 Legisla\u00e7\u00e3o \u2022 Restitui\u00e7\u00e3o \u2022 Anos Anteriores \u2022 Declara\u00e7\u00f5es\u2026","rel":"","context":"Em &quot;Geral&quot;","block_context":{"text":"Geral","link":"https:\/\/cfcontabil.com\/cf\/category\/geral\/"},"img":{"alt_text":"","src":"https:\/\/i0.wp.com\/cfcontabil.com\/cf\/wp-content\/uploads\/2017\/02\/irpf2017-1.png?fit=490%2C247&ssl=1&resize=350%2C200","width":350,"height":200},"classes":[]},{"id":3466,"url":"https:\/\/cfcontabil.com\/cf\/irpf-2026-isencao-de-r-5mil-nova-tabela\/","url_meta":{"origin":3476,"position":1},"title":"IR 2026: Isen\u00e7\u00e3o de R$ 5mil &#8211; Nova Tabela!","author":"Ab\u00edlio Gon\u00e7alves","date":"16 de janeiro de 2026","format":false,"excerpt":"Guia Completo da CF Cont\u00e1bil 1.0 Introdu\u00e7\u00e3o: Voc\u00ea Est\u00e1 Deixando Dinheiro na Mesa?Voc\u00ea sabe se tem direito \u00e0 isen\u00e7\u00e3o total do Imposto de Renda ou se est\u00e1 pagando um imposto que poderia economizar? A resposta pode definir se voc\u00ea receber\u00e1 uma restitui\u00e7\u00e3o maior ou se deixar\u00e1 um dinheiro valioso para\u2026","rel":"","context":"Em &quot;Imposto de Renda&quot;","block_context":{"text":"Imposto de Renda","link":"https:\/\/cfcontabil.com\/cf\/category\/imposto-de-renda\/"},"img":{"alt_text":"","src":"https:\/\/i0.wp.com\/cfcontabil.com\/cf\/wp-content\/uploads\/2026\/01\/IRPF26-NOVA-TABELA-scaled.png?fit=1200%2C670&ssl=1&resize=350%2C200","width":350,"height":200,"srcset":"https:\/\/i0.wp.com\/cfcontabil.com\/cf\/wp-content\/uploads\/2026\/01\/IRPF26-NOVA-TABELA-scaled.png?fit=1200%2C670&ssl=1&resize=350%2C200 1x, https:\/\/i0.wp.com\/cfcontabil.com\/cf\/wp-content\/uploads\/2026\/01\/IRPF26-NOVA-TABELA-scaled.png?fit=1200%2C670&ssl=1&resize=525%2C300 1.5x, https:\/\/i0.wp.com\/cfcontabil.com\/cf\/wp-content\/uploads\/2026\/01\/IRPF26-NOVA-TABELA-scaled.png?fit=1200%2C670&ssl=1&resize=700%2C400 2x, https:\/\/i0.wp.com\/cfcontabil.com\/cf\/wp-content\/uploads\/2026\/01\/IRPF26-NOVA-TABELA-scaled.png?fit=1200%2C670&ssl=1&resize=1050%2C600 3x"},"classes":[]},{"id":1206,"url":"https:\/\/cfcontabil.com\/cf\/nao-entregou-a-declaracao-de-irpf-2016-saiba-o-risco-da-malha-fina\/","url_meta":{"origin":3476,"position":2},"title":"N\u00e3o entregou a Declara\u00e7\u00e3o de IRPF 2016? Saiba o risco da Malha Fina","author":"Ab\u00edlio Gon\u00e7alves","date":"3 de maio de 2016","format":false,"excerpt":"O prazo para envio terminou \u00e0s 23h59 de sexta-feira (29). Multa m\u00ednima \u00e9 de R$ 165,74, mas pode atingir 20% do imposto devido. A Receita Federal recebeu 27.960.663 declara\u00e7\u00f5es do IR, segundo balan\u00e7o divulgado na madrugada deste s\u00e1bado (30). A estimativa \u00e9 que 239 mil contribuintes tenham perdido o prazo\u2026","rel":"","context":"Em &quot;Geral&quot;","block_context":{"text":"Geral","link":"https:\/\/cfcontabil.com\/cf\/category\/geral\/"},"img":{"alt_text":"","src":"https:\/\/i0.wp.com\/cfcontabil.com\/cf\/wp-content\/uploads\/2016\/05\/Imposto_Renda_IR_Prazo-1.jpg?fit=620%2C412&ssl=1&resize=350%2C200","width":350,"height":200,"srcset":"https:\/\/i0.wp.com\/cfcontabil.com\/cf\/wp-content\/uploads\/2016\/05\/Imposto_Renda_IR_Prazo-1.jpg?fit=620%2C412&ssl=1&resize=350%2C200 1x, https:\/\/i0.wp.com\/cfcontabil.com\/cf\/wp-content\/uploads\/2016\/05\/Imposto_Renda_IR_Prazo-1.jpg?fit=620%2C412&ssl=1&resize=525%2C300 1.5x"},"classes":[]},{"id":939,"url":"https:\/\/cfcontabil.com\/cf\/imposto-de-renda-e-o-tema-do-quadro-saiba-mais-stf\/","url_meta":{"origin":3476,"position":3},"title":"Imposto de Renda \u00e9 o tema do quadro Saiba Mais &#8211; STF","author":"Ab\u00edlio Gon\u00e7alves","date":"11 de fevereiro de 2017","format":false,"excerpt":"https:\/\/www.youtube.com\/watch?v=QNQjJekLGyw O advogado tributarista Manuel Arruda J\u00fanior esclarece d\u00favidas sobre normas da Receita Federal que se aplicam \u00e0 declara\u00e7\u00e3o do tributo. Ele fala sobre a exig\u00eancia de CPF para a inclus\u00e3o de dependente acima de 14 anos e quem pode figurar como dependente na declara\u00e7\u00e3o. O tributarista explica quais as\u2026","rel":"","context":"Em &quot;Geral&quot;","block_context":{"text":"Geral","link":"https:\/\/cfcontabil.com\/cf\/category\/geral\/"},"img":{"alt_text":"","src":"https:\/\/i0.wp.com\/cfcontabil.com\/cf\/wp-content\/uploads\/2017\/02\/imposto-de-renda-2017-1.jpg?fit=640%2C365&ssl=1&resize=350%2C200","width":350,"height":200,"srcset":"https:\/\/i0.wp.com\/cfcontabil.com\/cf\/wp-content\/uploads\/2017\/02\/imposto-de-renda-2017-1.jpg?fit=640%2C365&ssl=1&resize=350%2C200 1x, https:\/\/i0.wp.com\/cfcontabil.com\/cf\/wp-content\/uploads\/2017\/02\/imposto-de-renda-2017-1.jpg?fit=640%2C365&ssl=1&resize=525%2C300 1.5x"},"classes":[]},{"id":2133,"url":"https:\/\/cfcontabil.com\/cf\/antecipacao-de-irpf-ofertas-dos-bancos-atraem-contribuintes-atencao-as-regras\/","url_meta":{"origin":3476,"position":4},"title":"Antecipa\u00e7\u00e3o de IRPF: ofertas dos Bancos atraem contribuintes, aten\u00e7\u00e3o as regras!","author":"Ab\u00edlio Gon\u00e7alves","date":"6 de mar\u00e7o de 2020","format":false,"excerpt":"Com juros mais baixos que o normal,\u00a0 muitos contribuintes contratam empr\u00e9stimo para antecipar a devolu\u00e7\u00e3o do IR. Sem planejamento e estudo, na maioria dos casos n\u00e3o \u00e9 muito vantajoso. No geral, s\u00f3 vale a pena se houver urg\u00eancia para receber o dinheiro. Os principais bancos em opera\u00e7\u00e3o no Brasil anunciaram\u2026","rel":"","context":"Em &quot;Departamento Fiscal&quot;","block_context":{"text":"Departamento Fiscal","link":"https:\/\/cfcontabil.com\/cf\/category\/df\/"},"img":{"alt_text":"","src":"https:\/\/i0.wp.com\/cfcontabil.com\/cf\/wp-content\/uploads\/2020\/03\/IRPF-ANTECIPA%C3%87%C3%83O-RESTITUI%C3%87%C3%83O.jpeg?fit=1200%2C675&ssl=1&resize=350%2C200","width":350,"height":200,"srcset":"https:\/\/i0.wp.com\/cfcontabil.com\/cf\/wp-content\/uploads\/2020\/03\/IRPF-ANTECIPA%C3%87%C3%83O-RESTITUI%C3%87%C3%83O.jpeg?fit=1200%2C675&ssl=1&resize=350%2C200 1x, https:\/\/i0.wp.com\/cfcontabil.com\/cf\/wp-content\/uploads\/2020\/03\/IRPF-ANTECIPA%C3%87%C3%83O-RESTITUI%C3%87%C3%83O.jpeg?fit=1200%2C675&ssl=1&resize=525%2C300 1.5x, https:\/\/i0.wp.com\/cfcontabil.com\/cf\/wp-content\/uploads\/2020\/03\/IRPF-ANTECIPA%C3%87%C3%83O-RESTITUI%C3%87%C3%83O.jpeg?fit=1200%2C675&ssl=1&resize=700%2C400 2x, https:\/\/i0.wp.com\/cfcontabil.com\/cf\/wp-content\/uploads\/2020\/03\/IRPF-ANTECIPA%C3%87%C3%83O-RESTITUI%C3%87%C3%83O.jpeg?fit=1200%2C675&ssl=1&resize=1050%2C600 3x"},"classes":[]},{"id":1138,"url":"https:\/\/cfcontabil.com\/cf\/mais-de-7-milhoes-de-contribuintes-deixam-o-ir-para-a-ultima-hora\/","url_meta":{"origin":3476,"position":5},"title":"Mais de 7 milh\u00f5es de contribuintes deixam o IR para a \u00faltima hora","author":"Ab\u00edlio Gon\u00e7alves","date":"26 de abril de 2017","format":false,"excerpt":"A Receita Federal informou que at\u00e9 o fim dessa quarta-feira, dia 26, recebeu cerca de 20,89 milh\u00f5es de declara\u00e7\u00f5es do Imposto de Renda da Pessoa F\u00edsica (IRPF) 2017. O que significa que quase 8 milh\u00f5es de contribuintes est\u00e3o deixando para os \u00faltimos momentos, pois s\u00e3o esperados 28,3 milh\u00f5es de documentos.\u2026","rel":"","context":"Em &quot;Departamento Fiscal&quot;","block_context":{"text":"Departamento Fiscal","link":"https:\/\/cfcontabil.com\/cf\/category\/df\/"},"img":{"alt_text":"","src":"","width":0,"height":0},"classes":[]}],"jetpack_likes_enabled":true,"_links":{"self":[{"href":"https:\/\/cfcontabil.com\/cf\/wp-json\/wp\/v2\/posts\/3476","targetHints":{"allow":["GET"]}}],"collection":[{"href":"https:\/\/cfcontabil.com\/cf\/wp-json\/wp\/v2\/posts"}],"about":[{"href":"https:\/\/cfcontabil.com\/cf\/wp-json\/wp\/v2\/types\/post"}],"author":[{"embeddable":true,"href":"https:\/\/cfcontabil.com\/cf\/wp-json\/wp\/v2\/users\/1"}],"replies":[{"embeddable":true,"href":"https:\/\/cfcontabil.com\/cf\/wp-json\/wp\/v2\/comments?post=3476"}],"version-history":[{"count":2,"href":"https:\/\/cfcontabil.com\/cf\/wp-json\/wp\/v2\/posts\/3476\/revisions"}],"predecessor-version":[{"id":3480,"href":"https:\/\/cfcontabil.com\/cf\/wp-json\/wp\/v2\/posts\/3476\/revisions\/3480"}],"wp:featuredmedia":[{"embeddable":true,"href":"https:\/\/cfcontabil.com\/cf\/wp-json\/wp\/v2\/media\/3478"}],"wp:attachment":[{"href":"https:\/\/cfcontabil.com\/cf\/wp-json\/wp\/v2\/media?parent=3476"}],"wp:term":[{"taxonomy":"category","embeddable":true,"href":"https:\/\/cfcontabil.com\/cf\/wp-json\/wp\/v2\/categories?post=3476"},{"taxonomy":"post_tag","embeddable":true,"href":"https:\/\/cfcontabil.com\/cf\/wp-json\/wp\/v2\/tags?post=3476"}],"curies":[{"name":"wp","href":"https:\/\/api.w.org\/{rel}","templated":true}]}}