{"id":3482,"date":"2026-01-21T11:23:28","date_gmt":"2026-01-21T14:23:28","guid":{"rendered":"https:\/\/cfcontabil.com\/cf\/?p=3482"},"modified":"2026-01-21T11:23:42","modified_gmt":"2026-01-21T14:23:42","slug":"mei-em-2026-guia-completo-sobre-irpf-e-reforma-tributaria","status":"publish","type":"post","link":"https:\/\/cfcontabil.com\/cf\/mei-em-2026-guia-completo-sobre-irpf-e-reforma-tributaria\/","title":{"rendered":"MEI em 2026: Guia Completo sobre IRPF e Reforma Tribut\u00e1ria"},"content":{"rendered":"\t\t<div data-elementor-type=\"wp-post\" data-elementor-id=\"3482\" class=\"elementor elementor-3482\" data-elementor-post-type=\"post\">\n\t\t\t\t<div class=\"elementor-element elementor-element-3f3abbf8 e-flex e-con-boxed e-con e-parent\" data-id=\"3f3abbf8\" data-element_type=\"container\" data-e-type=\"container\">\n\t\t\t\t\t<div class=\"e-con-inner\">\n\t\t\t\t<div class=\"elementor-element elementor-element-df9fafd elementor-widget elementor-widget-image\" data-id=\"df9fafd\" data-element_type=\"widget\" data-e-type=\"widget\" data-widget_type=\"image.default\">\n\t\t\t\t<div class=\"elementor-widget-container\">\n\t\t\t\t\t\t\t\t\t\t\t\t\t\t\t<img fetchpriority=\"high\" decoding=\"async\" data-attachment-id=\"3483\" data-permalink=\"https:\/\/cfcontabil.com\/cf\/mei-em-2026-guia-completo-sobre-irpf-e-reforma-tributaria\/image-18\/\" data-orig-file=\"https:\/\/i0.wp.com\/cfcontabil.com\/cf\/wp-content\/uploads\/2026\/01\/image.png?fit=991%2C553&amp;ssl=1\" data-orig-size=\"991,553\" data-comments-opened=\"1\" data-image-meta=\"{&quot;aperture&quot;:&quot;0&quot;,&quot;credit&quot;:&quot;&quot;,&quot;camera&quot;:&quot;&quot;,&quot;caption&quot;:&quot;&quot;,&quot;created_timestamp&quot;:&quot;0&quot;,&quot;copyright&quot;:&quot;&quot;,&quot;focal_length&quot;:&quot;0&quot;,&quot;iso&quot;:&quot;0&quot;,&quot;shutter_speed&quot;:&quot;0&quot;,&quot;title&quot;:&quot;&quot;,&quot;orientation&quot;:&quot;0&quot;}\" data-image-title=\"image\" data-image-description=\"\" data-image-caption=\"\" data-large-file=\"https:\/\/i0.wp.com\/cfcontabil.com\/cf\/wp-content\/uploads\/2026\/01\/image.png?fit=991%2C553&amp;ssl=1\" width=\"991\" height=\"553\" src=\"https:\/\/i0.wp.com\/cfcontabil.com\/cf\/wp-content\/uploads\/2026\/01\/image.png?fit=991%2C553&amp;ssl=1\" class=\"attachment-large size-large wp-image-3483\" alt=\"\" srcset=\"https:\/\/i0.wp.com\/cfcontabil.com\/cf\/wp-content\/uploads\/2026\/01\/image.png?w=991&amp;ssl=1 991w, https:\/\/i0.wp.com\/cfcontabil.com\/cf\/wp-content\/uploads\/2026\/01\/image.png?resize=300%2C167&amp;ssl=1 300w, https:\/\/i0.wp.com\/cfcontabil.com\/cf\/wp-content\/uploads\/2026\/01\/image.png?resize=768%2C429&amp;ssl=1 768w\" sizes=\"(max-width: 991px) 100vw, 991px\" data-attachment-id=\"3483\" data-permalink=\"https:\/\/cfcontabil.com\/cf\/mei-em-2026-guia-completo-sobre-irpf-e-reforma-tributaria\/image-18\/\" data-orig-file=\"https:\/\/i0.wp.com\/cfcontabil.com\/cf\/wp-content\/uploads\/2026\/01\/image.png?fit=991%2C553&amp;ssl=1\" data-orig-size=\"991,553\" data-comments-opened=\"1\" data-image-meta=\"{&quot;aperture&quot;:&quot;0&quot;,&quot;credit&quot;:&quot;&quot;,&quot;camera&quot;:&quot;&quot;,&quot;caption&quot;:&quot;&quot;,&quot;created_timestamp&quot;:&quot;0&quot;,&quot;copyright&quot;:&quot;&quot;,&quot;focal_length&quot;:&quot;0&quot;,&quot;iso&quot;:&quot;0&quot;,&quot;shutter_speed&quot;:&quot;0&quot;,&quot;title&quot;:&quot;&quot;,&quot;orientation&quot;:&quot;0&quot;}\" data-image-title=\"image\" data-image-description=\"\" data-image-caption=\"\" data-large-file=\"https:\/\/i0.wp.com\/cfcontabil.com\/cf\/wp-content\/uploads\/2026\/01\/image.png?fit=991%2C553&amp;ssl=1\" \/>\t\t\t\t\t\t\t\t\t\t\t\t\t\t\t<\/div>\n\t\t\t\t<\/div>\n\t\t\t\t<div class=\"elementor-element elementor-element-49c0e3d7 elementor-widget elementor-widget-text-editor\" data-id=\"49c0e3d7\" data-element_type=\"widget\" data-e-type=\"widget\" data-widget_type=\"text-editor.default\">\n\t\t\t\t<div class=\"elementor-widget-container\">\n\t\t\t\t\t\t\t\t\t<figure class=\"wp-block-image size-full\"><\/figure>\n<p><!-- \/wp:image --><!-- wp:paragraph --><\/p>\n<p>Mais de 15 milh\u00f5es de MEIs precisam se adaptar \u00e0s novas regras fiscais de 2026, incluindo tributa\u00e7\u00e3o de lucros e emiss\u00e3o obrigat\u00f3ria de notas fiscais. Este guia pr\u00e1tico mostra como transformar obriga\u00e7\u00f5es em vantagens para o seu crescimento. Com exemplos reais e c\u00e1lculos, voc\u00ea sai preparado para declarar corretamente e evitar multas.<\/p>\n<p><!-- \/wp:paragraph --><!-- wp:paragraph --><\/p>\n<p><a><strong>Declara\u00e7\u00e3o Anual do MEI: Sua Base Fundamental<\/strong><\/a><\/p>\n<p><!-- \/wp:paragraph --><!-- wp:paragraph --><\/p>\n<p>Todo MEI deve entregar a Declara\u00e7\u00e3o Anual do Simples Nacional (DASN-SIMEI) at\u00e9 <strong>31 de maio de 2026<\/strong>, informando o faturamento bruto de 2025. Pense nisso como o alicerce do seu hist\u00f3rico fiscal: notas fiscais organizadas abrem portas para financiamentos e expans\u00e3o.<\/p>\n<p><!-- \/wp:paragraph --><!-- wp:paragraph --><\/p>\n<p><strong>Exemplo pr\u00e1tico:<\/strong> Um manicure MEI faturou R$ 60.000 em 2025. Na DASN, ela declara esse valor total. Se exceder o limite anual de R$ 81.000, pode ser desenquadrada para Microempresa.<\/p>\n<p><!-- \/wp:paragraph --><!-- wp:paragraph --><\/p>\n<p><strong>Consequ\u00eancias do atraso:<\/strong> Multa m\u00ednima de R$ 50, mais 2% sobre o DAS mensal (limitado a 20%), bloqueio de CNPJ e impossibilidade de emitir notas fiscais.<\/p>\n<p><!-- \/wp:paragraph --><!-- wp:paragraph --><\/p>\n<p>Um servi\u00e7o de contabilidade digital automatiza a captura de notas, garantindo precis\u00e3o e economia de tempo.<\/p>\n<p><!-- \/wp:paragraph --><!-- wp:paragraph --><\/p>\n<p><a><strong>IRPF para MEI: Quando Declarar e Por Qu\u00ea<\/strong><\/a><\/p>\n<p><!-- \/wp:paragraph --><!-- wp:paragraph --><\/p>\n<p>A d\u00favida comum persiste: fiz a DASN, preciso do IRPF? A resposta depende de crit\u00e9rios da pessoa f\u00edsica (CPF), cruzados com o CNPJ pela Receita Federal.<\/p>\n<p><!-- \/wp:paragraph --><!-- wp:paragraph --><\/p>\n<p><strong>Obrigatoriedade em 2026 (ano-base 2025):<\/strong><\/p>\n<p><!-- \/wp:paragraph --><!-- wp:list --><\/p>\n<ul class=\"wp-block-list\">\n<li style=\"list-style-type: none;\">\n<ul class=\"wp-block-list\"><!-- wp:list-item --><\/ul>\n<\/li>\n<\/ul>\n<ul class=\"wp-block-list\">\n<li style=\"list-style-type: none;\">\n<ul class=\"wp-block-list\">\n<li>Rendimentos tribut\u00e1veis acima de R$ 33.888 anuais<\/li>\n<\/ul>\n<\/li>\n<\/ul>\n<p><!-- \/wp:list-item --><!-- wp:list-item --><\/p>\n<ul class=\"wp-block-list\">\n<li style=\"list-style-type: none;\">\n<ul class=\"wp-block-list\">\n<li>Rendimentos isentos acima de R$ 200.000<\/li>\n<\/ul>\n<\/li>\n<\/ul>\n<p><!-- \/wp:list-item --><!-- wp:list-item --><\/p>\n<ul class=\"wp-block-list\">\n<li style=\"list-style-type: none;\">\n<ul class=\"wp-block-list\">\n<li>Patrim\u00f4nio total superior a R$ 300.000 em 31\/12\/2025<\/li>\n<\/ul>\n<\/li>\n<\/ul>\n<p><!-- \/wp:list-item --><!-- wp:list-item --><\/p>\n<ul class=\"wp-block-list\">\n<li style=\"list-style-type: none;\">\n<ul class=\"wp-block-list\">\n<li>Movimenta\u00e7\u00e3o financeira anual acima de R$ 140.000 (contas + aplica\u00e7\u00f5es)<\/li>\n<\/ul>\n<\/li>\n<\/ul>\n<p><!-- \/wp:list-item --><\/p>\n<p><!-- \/wp:list --><!-- wp:paragraph --><\/p>\n<p><strong>Nova tabela IRPF 2026:<\/strong> Isen\u00e7\u00e3o total para rendas tribut\u00e1veis at\u00e9 R$ 60.000 anuais (ou R$ 5.000 mensais), com redu\u00e7\u00e3o gradual at\u00e9 R$ 88.200.<\/p>\n<p><!-- \/wp:paragraph --><!-- wp:paragraph --><\/p>\n<p><strong>Vantagem estrat\u00e9gica:<\/strong> Mesmo opcional, o IRPF comprova renda oficial para financiamentos. Crucial agora com a <strong>nova tributa\u00e7\u00e3o de 10% na fonte sobre lucros e dividendos distribu\u00eddos a partir de 2026<\/strong> (Lei Complementar 214\/2025).<\/p>\n<p><!-- \/wp:paragraph --><!-- wp:paragraph --><\/p>\n<p><a><strong>Exemplo Pr\u00e1tico de C\u00e1lculo de Lucro Isento (MEI)<\/strong><\/a><\/p>\n<p><!-- \/wp:paragraph --><!-- wp:paragraph --><\/p>\n<p>Para MEIs, aplica-se percentual de lucro presumido sobre receita bruta anual (sem deduzir despesas):<\/p>\n<p><!-- \/wp:paragraph --><!-- wp:table --><\/p>\n<figure class=\"wp-block-table\">\n<table class=\"has-fixed-layout\">\n<tbody>\n<tr>\n<td>Atividade<\/td>\n<td>% Lucro Presumido Isento<\/td>\n<\/tr>\n<tr>\n<td>Com\u00e9rcio\/Ind\u00fastria<\/td>\n<td>8%<a href=\"#fn9\"><sup>[9]<\/sup><\/a><a href=\"#fn10\"><sup>[10]<\/sup><\/a><\/td>\n<\/tr>\n<tr>\n<td>Transporte passageiro<\/td>\n<td>16%<a href=\"#fn9\"><sup>[9]<\/sup><\/a><\/td>\n<\/tr>\n<tr>\n<td>Servi\u00e7os em geral (ex: manicure)<\/td>\n<td>32%<a href=\"#fn9\"><sup>[9]<\/sup><\/a><a href=\"#fn10\"><sup>[10]<\/sup><\/a><\/td>\n<\/tr>\n<\/tbody>\n<\/table>\n<\/figure>\n<p><!-- \/wp:table --><!-- wp:paragraph --><\/p>\n<p><strong>Caso 1: Manicure (servi\u00e7os), faturamento R$ 60.000 em 2025<\/strong><\/p>\n<p><!-- \/wp:paragraph --><!-- wp:list --><\/p>\n<ul class=\"wp-block-list\">\n<li style=\"list-style-type: none;\">\n<ul class=\"wp-block-list\"><!-- wp:list-item --><\/ul>\n<\/li>\n<\/ul>\n<ul class=\"wp-block-list\">\n<li style=\"list-style-type: none;\">\n<ul class=\"wp-block-list\">\n<li>Lucro isento: R$ 60.000 \u00d7 32% = <strong>R$ 19.200<\/strong> (retirada sem IR adicional)<\/li>\n<\/ul>\n<\/li>\n<\/ul>\n<p><!-- \/wp:list-item --><!-- wp:list-item --><\/p>\n<ul class=\"wp-block-list\">\n<li style=\"list-style-type: none;\">\n<ul class=\"wp-block-list\">\n<li>Parcela tribut\u00e1vel: R$ 60.000 \u00d7 68% = <strong>R$ 40.800<\/strong> (sujeita a IRPF se ultrapassar isen\u00e7\u00e3o)<a href=\"#fn10\"><sup>[10]<\/sup><\/a><a href=\"#fn11\"><sup>[11]<\/sup><\/a><\/li>\n<\/ul>\n<\/li>\n<\/ul>\n<p><!-- \/wp:list-item --><\/p>\n<p><!-- \/wp:list --><!-- wp:paragraph --><\/p>\n<p><strong>Caso 2: Comerciante, faturamento R$ 70.000<\/strong><\/p>\n<p><!-- \/wp:paragraph --><!-- wp:list --><\/p>\n<ul class=\"wp-block-list\">\n<li style=\"list-style-type: none;\">\n<ul class=\"wp-block-list\"><!-- wp:list-item --><\/ul>\n<\/li>\n<\/ul>\n<ul class=\"wp-block-list\">\n<li style=\"list-style-type: none;\">\n<ul class=\"wp-block-list\">\n<li>Lucro isento: R$ 70.000 \u00d7 8% = <strong>R$ 5.600<\/strong><\/li>\n<\/ul>\n<\/li>\n<\/ul>\n<p><!-- \/wp:list-item --><!-- wp:list-item --><\/p>\n<ul class=\"wp-block-list\">\n<li style=\"list-style-type: none;\">\n<ul class=\"wp-block-list\">\n<li>Tribut\u00e1vel: R$ 64.400 (verifique obrigatoriedade total de rendas)<\/li>\n<\/ul>\n<\/li>\n<\/ul>\n<p><!-- \/wp:list-item --><\/p>\n<p><!-- \/wp:list --><!-- wp:paragraph --><\/p>\n<p>Declare sempre para construir hist\u00f3rico limpo \u2013 \u00e9 seu passaporte para cr\u00e9dito.<\/p>\n<p><!-- \/wp:paragraph --><!-- wp:paragraph --><\/p>\n<p><a><strong>Reforma Tribut\u00e1ria: Mudan\u00e7as Confirmadas para MEI em 2026<\/strong><\/a><\/p>\n<p><!-- \/wp:paragraph --><!-- wp:paragraph --><\/p>\n<p>O regime MEI \u00e9 mantido, mas com adapta\u00e7\u00f5es da Reforma Tribut\u00e1ria (implementa\u00e7\u00e3o gradual at\u00e9 2033). Substitui\u00e7\u00e3o de PIS, COFINS, ICMS e ISS por IBS (estadual\/municipal) e CBS (federal), recolhidos via DAS simplificado.<\/p>\n<p><!-- \/wp:paragraph --><!-- wp:image {\"id\":3484,\"sizeSlug\":\"full\",\"linkDestination\":\"media\"} --><\/p>\n<p><!-- \/wp:image --><!-- wp:paragraph --><\/p>\n<p><!-- \/wp:paragraph --><\/p>\t\t\t\t\t\t\t\t<\/div>\n\t\t\t\t<\/div>\n\t\t\t\t<div class=\"elementor-element elementor-element-da289e3 elementor-widget elementor-widget-image\" data-id=\"da289e3\" data-element_type=\"widget\" data-e-type=\"widget\" data-widget_type=\"image.default\">\n\t\t\t\t<div class=\"elementor-widget-container\">\n\t\t\t\t\t\t\t\t\t\t\t\t\t\t\t<img decoding=\"async\" data-attachment-id=\"3484\" data-permalink=\"https:\/\/cfcontabil.com\/cf\/mei-em-2026-guia-completo-sobre-irpf-e-reforma-tributaria\/image-19\/\" data-orig-file=\"https:\/\/i0.wp.com\/cfcontabil.com\/cf\/wp-content\/uploads\/2026\/01\/image.jpeg?fit=793%2C442&amp;ssl=1\" data-orig-size=\"793,442\" data-comments-opened=\"1\" data-image-meta=\"{&quot;aperture&quot;:&quot;0&quot;,&quot;credit&quot;:&quot;&quot;,&quot;camera&quot;:&quot;&quot;,&quot;caption&quot;:&quot;&quot;,&quot;created_timestamp&quot;:&quot;0&quot;,&quot;copyright&quot;:&quot;&quot;,&quot;focal_length&quot;:&quot;0&quot;,&quot;iso&quot;:&quot;0&quot;,&quot;shutter_speed&quot;:&quot;0&quot;,&quot;title&quot;:&quot;&quot;,&quot;orientation&quot;:&quot;0&quot;}\" data-image-title=\"image\" data-image-description=\"\" data-image-caption=\"\" data-large-file=\"https:\/\/i0.wp.com\/cfcontabil.com\/cf\/wp-content\/uploads\/2026\/01\/image.jpeg?fit=793%2C442&amp;ssl=1\" width=\"793\" height=\"442\" src=\"https:\/\/i0.wp.com\/cfcontabil.com\/cf\/wp-content\/uploads\/2026\/01\/image.jpeg?fit=793%2C442&amp;ssl=1\" class=\"attachment-large size-large wp-image-3484\" alt=\"\" srcset=\"https:\/\/i0.wp.com\/cfcontabil.com\/cf\/wp-content\/uploads\/2026\/01\/image.jpeg?w=793&amp;ssl=1 793w, https:\/\/i0.wp.com\/cfcontabil.com\/cf\/wp-content\/uploads\/2026\/01\/image.jpeg?resize=300%2C167&amp;ssl=1 300w, https:\/\/i0.wp.com\/cfcontabil.com\/cf\/wp-content\/uploads\/2026\/01\/image.jpeg?resize=768%2C428&amp;ssl=1 768w\" sizes=\"(max-width: 793px) 100vw, 793px\" data-attachment-id=\"3484\" data-permalink=\"https:\/\/cfcontabil.com\/cf\/mei-em-2026-guia-completo-sobre-irpf-e-reforma-tributaria\/image-19\/\" data-orig-file=\"https:\/\/i0.wp.com\/cfcontabil.com\/cf\/wp-content\/uploads\/2026\/01\/image.jpeg?fit=793%2C442&amp;ssl=1\" data-orig-size=\"793,442\" data-comments-opened=\"1\" data-image-meta=\"{&quot;aperture&quot;:&quot;0&quot;,&quot;credit&quot;:&quot;&quot;,&quot;camera&quot;:&quot;&quot;,&quot;caption&quot;:&quot;&quot;,&quot;created_timestamp&quot;:&quot;0&quot;,&quot;copyright&quot;:&quot;&quot;,&quot;focal_length&quot;:&quot;0&quot;,&quot;iso&quot;:&quot;0&quot;,&quot;shutter_speed&quot;:&quot;0&quot;,&quot;title&quot;:&quot;&quot;,&quot;orientation&quot;:&quot;0&quot;}\" data-image-title=\"image\" data-image-description=\"\" data-image-caption=\"\" data-large-file=\"https:\/\/i0.wp.com\/cfcontabil.com\/cf\/wp-content\/uploads\/2026\/01\/image.jpeg?fit=793%2C442&amp;ssl=1\" \/>\t\t\t\t\t\t\t\t\t\t\t\t\t\t\t<\/div>\n\t\t\t\t<\/div>\n\t\t\t\t<div class=\"elementor-element elementor-element-ea2b326 elementor-widget elementor-widget-text-editor\" data-id=\"ea2b326\" data-element_type=\"widget\" data-e-type=\"widget\" data-widget_type=\"text-editor.default\">\n\t\t\t\t<div class=\"elementor-widget-container\">\n\t\t\t\t\t\t\t\t\t<p><strong>Principais mudan\u00e7as:<\/strong><\/p>\n<p><!-- \/wp:paragraph --><!-- wp:list --><\/p>\n<ul class=\"wp-block-list\">\n<li style=\"list-style-type: none;\">\n<ul class=\"wp-block-list\"><!-- wp:list-item --><\/ul>\n<\/li>\n<\/ul>\n<ul class=\"wp-block-list\">\n<li style=\"list-style-type: none;\">\n<ul class=\"wp-block-list\">\n<li><strong>Emiss\u00e3o obrigat\u00f3ria de NF-e\/NFC-e:<\/strong> Gradual a partir de 2026-2027, inclusive para pessoa f\u00edsica (fim da dispensa atual)<\/li>\n<\/ul>\n<\/li>\n<\/ul>\n<p><!-- \/wp:list-item --><!-- wp:list-item --><\/p>\n<ul class=\"wp-block-list\">\n<li style=\"list-style-type: none;\">\n<ul class=\"wp-block-list\">\n<li><strong>Nanoempreendedor:<\/strong> Nova categoria para faturamento at\u00e9 R$ 40.500\/ano, isenta de IBS\/CBS<\/li>\n<\/ul>\n<\/li>\n<\/ul>\n<p><!-- \/wp:list-item --><!-- wp:list-item --><\/p>\n<ul class=\"wp-block-list\">\n<li style=\"list-style-type: none;\">\n<ul class=\"wp-block-list\">\n<li><strong>Controle ampliado:<\/strong> Registros precisos de receitas, com cruzamento CPF\/CNPJ mais rigoroso<\/li>\n<\/ul>\n<\/li>\n<\/ul>\n<p><!-- \/wp:list-item --><!-- wp:list-item --><\/p>\n<ul class=\"wp-block-list\">\n<li style=\"list-style-type: none;\">\n<ul class=\"wp-block-list\">\n<li>Limite MEI: R$ 81.000 anuais em 2026<\/li>\n<\/ul>\n<\/li>\n<\/ul>\n<p><!-- \/wp:list-item --><\/p>\n<p><!-- \/wp:list --><!-- wp:paragraph --><\/p>\n<p><strong>Impacto pr\u00e1tico:<\/strong> Sistemas automatizados de notas deixam de ser opcionais. Prepare-se agora para evitar multas e perda de clientes B2B.<\/p>\n<p><!-- \/wp:paragraph --><!-- wp:paragraph --><\/p>\n<p><a><strong>Prepare-se com Contabilidade Digital: CF Cont\u00e1bil<\/strong><\/a><\/p>\n<p><!-- \/wp:paragraph --><!-- wp:paragraph --><\/p>\n<p>Navegue pelas mudan\u00e7as sem estresse. Na CF Cont\u00e1bil Digital, com mais de 25 anos de expertise em Bras\u00edlia, simplificamos sua gest\u00e3o para 2026.<\/p>\n<p><!-- \/wp:paragraph --><!-- wp:paragraph --><\/p>\n<p><strong>Como ajudamos especificamente:<\/strong><\/p>\n<p><!-- \/wp:paragraph --><!-- wp:list --><\/p>\n<ul class=\"wp-block-list\">\n<li style=\"list-style-type: none;\">\n<ul class=\"wp-block-list\"><!-- wp:list-item --><\/ul>\n<\/li>\n<\/ul>\n<ul class=\"wp-block-list\">\n<li style=\"list-style-type: none;\">\n<ul class=\"wp-block-list\">\n<li><strong>Captura autom\u00e1tica de notas:<\/strong> Pronto para NF-e obrigat\u00f3ria, evitando retrabalho<\/li>\n<\/ul>\n<\/li>\n<\/ul>\n<p><!-- \/wp:list-item --><!-- wp:list-item --><\/p>\n<ul class=\"wp-block-list\">\n<li style=\"list-style-type: none;\">\n<ul class=\"wp-block-list\">\n<li><strong>Otimiza\u00e7\u00e3o de lucros:<\/strong> Calculamos retiradas isentas maximizadas (ex: +R$ 19.200 sem IR no exemplo acima)<\/li>\n<\/ul>\n<\/li>\n<\/ul>\n<p><!-- \/wp:list-item --><!-- wp:list-item --><\/p>\n<ul class=\"wp-block-list\">\n<li style=\"list-style-type: none;\">\n<ul class=\"wp-block-list\">\n<li><strong>Planejamento Reforma:<\/strong> Avaliamos nanoempreendedor vs. MEI tradicional e adapta\u00e7\u00e3o IBS\/CBS<\/li>\n<\/ul>\n<\/li>\n<\/ul>\n<p><!-- \/wp:list-item --><!-- wp:list-item --><\/p>\n<ul class=\"wp-block-list\">\n<li style=\"list-style-type: none;\">\n<ul class=\"wp-block-list\">\n<li><strong>IRPF estrat\u00e9gico:<\/strong> Declara\u00e7\u00f5es que comprovam renda real para financiamentos<\/li>\n<\/ul>\n<\/li>\n<\/ul>\n<p><!-- \/wp:list-item --><\/p>\n<p><!-- \/wp:list --><!-- wp:paragraph --><\/p>\n<p>A clareza fiscal \u00e9 decis\u00e3o estrat\u00e9gica. Profissionalize agora e foque no crescimento.<\/p>\n<p><!-- \/wp:paragraph --><!-- wp:paragraph --><\/p>\n<p><strong>Fale com contador especialista no WhatsApp.<\/strong><br \/><strong>CF Cont\u00e1bil Digital<\/strong>.<\/p>\t\t\t\t\t\t\t\t<\/div>\n\t\t\t\t<\/div>\n\t\t\t\t\t<\/div>\n\t\t\t\t<\/div>\n\t\t<div class=\"elementor-element elementor-element-fdfc6c2 e-flex e-con-boxed e-con e-parent\" data-id=\"fdfc6c2\" data-element_type=\"container\" data-e-type=\"container\" data-settings=\"{&quot;background_background&quot;:&quot;classic&quot;}\">\n\t\t\t\t\t<div class=\"e-con-inner\">\n\t\t\t\t<div class=\"elementor-element elementor-element-3d523d48 elementor-widget elementor-widget-heading\" data-id=\"3d523d48\" data-element_type=\"widget\" data-e-type=\"widget\" data-widget_type=\"heading.default\">\n\t\t\t\t<div class=\"elementor-widget-container\">\n\t\t\t\t\t<h2 class=\"elementor-heading-title elementor-size-default\">FAQ R\u00e1pido para MEI 2026<\/h2>\t\t\t\t<\/div>\n\t\t\t\t<\/div>\n\t\t<div class=\"elementor-element elementor-element-29adb50b e-con-full e-flex e-con e-child\" data-id=\"29adb50b\" data-element_type=\"container\" data-e-type=\"container\">\n\t\t\t\t<div class=\"elementor-element elementor-element-5be05be7 elementor-widget-tablet__width-inherit elementor-widget elementor-widget-toggle\" data-id=\"5be05be7\" data-element_type=\"widget\" data-e-type=\"widget\" data-widget_type=\"toggle.default\">\n\t\t\t\t<div class=\"elementor-widget-container\">\n\t\t\t\t\t\t\t<div class=\"elementor-toggle\">\n\t\t\t\t\t\t\t<div class=\"elementor-toggle-item\">\n\t\t\t\t\t<h4 id=\"elementor-tab-title-1541\" class=\"elementor-tab-title\" data-tab=\"1\" role=\"button\" aria-controls=\"elementor-tab-content-1541\" aria-expanded=\"false\">\n\t\t\t\t\t\t\t\t\t\t\t\t<a class=\"elementor-toggle-title\" tabindex=\"0\">Preciso declarar IRPF se s\u00f3 tenho MEI?<\/a>\n\t\t\t\t\t<\/h4>\n\n\t\t\t\t\t<div id=\"elementor-tab-content-1541\" class=\"elementor-tab-content elementor-clearfix\" data-tab=\"1\" role=\"region\" aria-labelledby=\"elementor-tab-title-1541\"><p>Depende: some rendimentos tribut\u00e1veis. At\u00e9 R$ 60.000 isento.<\/p>\n<p>\u00a0<\/p><\/div>\n\t\t\t\t<\/div>\n\t\t\t\t\t\t\t<div class=\"elementor-toggle-item\">\n\t\t\t\t\t<h4 id=\"elementor-tab-title-1542\" class=\"elementor-tab-title\" data-tab=\"2\" role=\"button\" aria-controls=\"elementor-tab-content-1542\" aria-expanded=\"false\">\n\t\t\t\t\t\t\t\t\t\t\t\t<a class=\"elementor-toggle-title\" tabindex=\"0\">E se atrasar a DASN?<\/a>\n\t\t\t\t\t<\/h4>\n\n\t\t\t\t\t<div id=\"elementor-tab-content-1542\" class=\"elementor-tab-content elementor-clearfix\" data-tab=\"2\" role=\"region\" aria-labelledby=\"elementor-tab-title-1542\"><p>Multa R$ 50 + at\u00e9 20% do DAS, risco de bloqueio CNPJ.<\/p>\n<p>\u00a0<\/p><\/div>\n\t\t\t\t<\/div>\n\t\t\t\t\t\t\t<div class=\"elementor-toggle-item\">\n\t\t\t\t\t<h4 id=\"elementor-tab-title-1543\" class=\"elementor-tab-title\" data-tab=\"3\" role=\"button\" aria-controls=\"elementor-tab-content-1543\" aria-expanded=\"false\">\n\t\t\t\t\t\t\t\t\t\t\t\t<a class=\"elementor-toggle-title\" tabindex=\"0\">Reforma afeta meu DAS?<\/a>\n\t\t\t\t\t<\/h4>\n\n\t\t\t\t\t<div id=\"elementor-tab-content-1543\" class=\"elementor-tab-content elementor-clearfix\" data-tab=\"3\" role=\"region\" aria-labelledby=\"elementor-tab-title-1543\"><p>Sim, internamente (IBS\/CBS), mas recolhimento simplificado mantido.\u00a0<\/p><\/div>\n\t\t\t\t<\/div>\n\t\t\t\t\t\t\t<div class=\"elementor-toggle-item\">\n\t\t\t\t\t<h4 id=\"elementor-tab-title-1544\" class=\"elementor-tab-title\" data-tab=\"4\" role=\"button\" aria-controls=\"elementor-tab-content-1544\" aria-expanded=\"false\">\n\t\t\t\t\t\t\t\t\t\t\t\t<a class=\"elementor-toggle-title\" tabindex=\"0\">Lucro isento mudou?<\/a>\n\t\t\t\t\t<\/h4>\n\n\t\t\t\t\t<div id=\"elementor-tab-content-1544\" class=\"elementor-tab-content elementor-clearfix\" data-tab=\"4\" role=\"region\" aria-labelledby=\"elementor-tab-title-1544\"><p>Percentuais iguais, mas dividendos acima sofrem 10% IR na fonte.<\/p><\/div>\n\t\t\t\t<\/div>\n\t\t\t\t\t\t\t\t<\/div>\n\t\t\t\t\t\t<\/div>\n\t\t\t\t<\/div>\n\t\t\t\t<\/div>\n\t\t\t\t\t<\/div>\n\t\t\t\t<\/div>\n\t\t\t\t<\/div>\n\t\t","protected":false},"excerpt":{"rendered":"<p>Mais de 15 milh\u00f5es de MEIs precisam se adaptar \u00e0s novas regras fiscais de 2026, incluindo tributa\u00e7\u00e3o de lucros e emiss\u00e3o obrigat\u00f3ria de notas fiscais. Este guia pr\u00e1tico mostra como transformar obriga\u00e7\u00f5es em vantagens para o seu crescimento. Com exemplos reais e c\u00e1lculos, voc\u00ea sai preparado para declarar corretamente e evitar multas. Declara\u00e7\u00e3o Anual do [&hellip;]<\/p>\n","protected":false},"author":1,"featured_media":3483,"comment_status":"open","ping_status":"open","sticky":false,"template":"","format":"standard","meta":{"jetpack_post_was_ever_published":false,"_jetpack_newsletter_access":"","_jetpack_dont_email_post_to_subs":false,"_jetpack_newsletter_tier_id":0,"_jetpack_memberships_contains_paywalled_content":false,"_jetpack_memberships_contains_paid_content":false,"footnotes":"","jetpack_publicize_message":"","jetpack_publicize_feature_enabled":true,"jetpack_social_post_already_shared":true,"jetpack_social_options":{"image_generator_settings":{"template":"highway","default_image_id":0,"font":"","enabled":false},"version":2}},"categories":[22],"tags":[],"class_list":["post-3482","post","type-post","status-publish","format-standard","has-post-thumbnail","hentry","category-geral"],"jetpack_publicize_connections":[],"jetpack_featured_media_url":"https:\/\/i0.wp.com\/cfcontabil.com\/cf\/wp-content\/uploads\/2026\/01\/image.png?fit=991%2C553&ssl=1","jetpack_sharing_enabled":true,"jetpack_shortlink":"https:\/\/wp.me\/p2wklX-Ua","jetpack-related-posts":[{"id":3466,"url":"https:\/\/cfcontabil.com\/cf\/irpf-2026-isencao-de-r-5mil-nova-tabela\/","url_meta":{"origin":3482,"position":0},"title":"IR 2026: Isen\u00e7\u00e3o de R$ 5mil &#8211; Nova Tabela!","author":"Ab\u00edlio Gon\u00e7alves","date":"16 de janeiro de 2026","format":false,"excerpt":"Guia Completo da CF Cont\u00e1bil 1.0 Introdu\u00e7\u00e3o: Voc\u00ea Est\u00e1 Deixando Dinheiro na Mesa?Voc\u00ea sabe se tem direito \u00e0 isen\u00e7\u00e3o total do Imposto de Renda ou se est\u00e1 pagando um imposto que poderia economizar? A resposta pode definir se voc\u00ea receber\u00e1 uma restitui\u00e7\u00e3o maior ou se deixar\u00e1 um dinheiro valioso para\u2026","rel":"","context":"Em &quot;Imposto de Renda&quot;","block_context":{"text":"Imposto de Renda","link":"https:\/\/cfcontabil.com\/cf\/category\/imposto-de-renda\/"},"img":{"alt_text":"","src":"https:\/\/i0.wp.com\/cfcontabil.com\/cf\/wp-content\/uploads\/2026\/01\/IRPF26-NOVA-TABELA-scaled.png?fit=1200%2C670&ssl=1&resize=350%2C200","width":350,"height":200,"srcset":"https:\/\/i0.wp.com\/cfcontabil.com\/cf\/wp-content\/uploads\/2026\/01\/IRPF26-NOVA-TABELA-scaled.png?fit=1200%2C670&ssl=1&resize=350%2C200 1x, https:\/\/i0.wp.com\/cfcontabil.com\/cf\/wp-content\/uploads\/2026\/01\/IRPF26-NOVA-TABELA-scaled.png?fit=1200%2C670&ssl=1&resize=525%2C300 1.5x, https:\/\/i0.wp.com\/cfcontabil.com\/cf\/wp-content\/uploads\/2026\/01\/IRPF26-NOVA-TABELA-scaled.png?fit=1200%2C670&ssl=1&resize=700%2C400 2x, https:\/\/i0.wp.com\/cfcontabil.com\/cf\/wp-content\/uploads\/2026\/01\/IRPF26-NOVA-TABELA-scaled.png?fit=1200%2C670&ssl=1&resize=1050%2C600 3x"},"classes":[]},{"id":3490,"url":"https:\/\/cfcontabil.com\/cf\/imposto-de-renda-2026-guia-completo-para-organizar-sua-documentacao-hoje-mesmo\/","url_meta":{"origin":3482,"position":1},"title":"Imposto de Renda 2026: Guia Completo para Organizar sua Documenta\u00e7\u00e3o Hoje Mesmo","author":"Ab\u00edlio Gon\u00e7alves","date":"4 de mar\u00e7o de 2026","format":false,"excerpt":"A temporada do Imposto de Renda Pessoa F\u00edsica (IRPF) est\u00e1 se aproximando. Embora as datas oficiais exatas e as regras finais ainda dependam da publica\u00e7\u00e3o das normas pela Receita Federal, as previs\u00f5es para 2026 indicam que o prazo de entrega deve come\u00e7ar em 16 de mar\u00e7o e se estender at\u00e9\u2026","rel":"","context":"Em &quot;Geral&quot;","block_context":{"text":"Geral","link":"https:\/\/cfcontabil.com\/cf\/category\/geral\/"},"img":{"alt_text":"","src":"https:\/\/i0.wp.com\/cfcontabil.com\/cf\/wp-content\/uploads\/2026\/03\/blog-capa-ir2026-scaled.png?fit=1200%2C670&ssl=1&resize=350%2C200","width":350,"height":200,"srcset":"https:\/\/i0.wp.com\/cfcontabil.com\/cf\/wp-content\/uploads\/2026\/03\/blog-capa-ir2026-scaled.png?fit=1200%2C670&ssl=1&resize=350%2C200 1x, https:\/\/i0.wp.com\/cfcontabil.com\/cf\/wp-content\/uploads\/2026\/03\/blog-capa-ir2026-scaled.png?fit=1200%2C670&ssl=1&resize=525%2C300 1.5x, https:\/\/i0.wp.com\/cfcontabil.com\/cf\/wp-content\/uploads\/2026\/03\/blog-capa-ir2026-scaled.png?fit=1200%2C670&ssl=1&resize=700%2C400 2x, https:\/\/i0.wp.com\/cfcontabil.com\/cf\/wp-content\/uploads\/2026\/03\/blog-capa-ir2026-scaled.png?fit=1200%2C670&ssl=1&resize=1050%2C600 3x"},"classes":[]},{"id":1109,"url":"https:\/\/cfcontabil.com\/cf\/receita-federal-e-fiscos-estaduais-iniciam-fiscalizacao-conjunta\/","url_meta":{"origin":3482,"position":2},"title":"Receita Federal e Fiscos Estaduais iniciam fiscaliza\u00e7\u00e3o conjunta","author":"Ab\u00edlio Gon\u00e7alves","date":"6 de abril de 2017","format":false,"excerpt":"A a\u00e7\u00e3o ter\u00e1 foco nas empresas notificadas pelo Alerta do Simples Nacional 3 de 2016. Expectativa \u00e9 de uma recupera\u00e7\u00e3o de R$ 130 milh\u00f5es em tributos sonegados. A Receita Federal, em conjunto com as Secretarias de Fazenda dos Estados do Tocantins, Piau\u00ed, Alagoas, Rio Grande do Norte, Sergipe, Minas Gerais,\u2026","rel":"","context":"Em &quot;Departamento Fiscal&quot;","block_context":{"text":"Departamento Fiscal","link":"https:\/\/cfcontabil.com\/cf\/category\/df\/"},"img":{"alt_text":"","src":"https:\/\/i0.wp.com\/cfcontabil.com\/cf\/wp-content\/uploads\/2017\/01\/simples-1.jpg?fit=520%2C271&ssl=1&resize=350%2C200","width":350,"height":200},"classes":[]},{"id":687,"url":"https:\/\/cfcontabil.com\/cf\/empresas-do-simples-devem-entregar-a-defis-ate-31-de-marco\/","url_meta":{"origin":3482,"position":3},"title":"Empresas do Simples devem entregar a Defis at\u00e9 31 de mar\u00e7o","author":"Ab\u00edlio Gon\u00e7alves","date":"20 de mar\u00e7o de 2016","format":false,"excerpt":"Termina em 31 de mar\u00e7o o prazo para a entrega da Declara\u00e7\u00e3o de Informa\u00e7\u00f5es Socioecon\u00f4micas e Fiscais - DEFIS, relacionada \u00e0s empresas do Simples Nacional em situa\u00e7\u00e3o normal, e referente ao ano-calend\u00e1rio 2015. A Defis deve ser preenchida e transmitida pela Internet, por meio do aplicativo dispon\u00edvel na RFB, no\u2026","rel":"","context":"Em &quot;Consultoria Empresarial&quot;","block_context":{"text":"Consultoria Empresarial","link":"https:\/\/cfcontabil.com\/cf\/category\/consultoria\/"},"img":{"alt_text":"","src":"https:\/\/i0.wp.com\/cfcontabil.com\/cf\/wp-content\/uploads\/2016\/03\/DEFIS-Simples-1.png?fit=615%2C300&ssl=1&resize=350%2C200","width":350,"height":200,"srcset":"https:\/\/i0.wp.com\/cfcontabil.com\/cf\/wp-content\/uploads\/2016\/03\/DEFIS-Simples-1.png?fit=615%2C300&ssl=1&resize=350%2C200 1x, https:\/\/i0.wp.com\/cfcontabil.com\/cf\/wp-content\/uploads\/2016\/03\/DEFIS-Simples-1.png?fit=615%2C300&ssl=1&resize=525%2C300 1.5x"},"classes":[]},{"id":1050,"url":"https:\/\/cfcontabil.com\/cf\/imposto-de-renda-2017-mei-como-declarar-os-rendimentos\/","url_meta":{"origin":3482,"position":4},"title":"Imposto de Renda 2017: MEI, como declarar os rendimentos?","author":"Ab\u00edlio Gon\u00e7alves","date":"11 de mar\u00e7o de 2017","format":false,"excerpt":"Com o in\u00edcio do per\u00edodo de entrega do do Imposto de Renda de 2017 - de 2 de mar\u00e7o a 28 de abril -, d\u00favidas come\u00e7am a surgir sobre o processo de declara\u00e7\u00e3o. Atrav\u00e9s do servi\u00e7o tira-d\u00favidas lan\u00e7ado por O GLOBO e Extra, leitores enviaram perguntas sobre como deve ser\u2026","rel":"","context":"Em &quot;Departamento Fiscal&quot;","block_context":{"text":"Departamento Fiscal","link":"https:\/\/cfcontabil.com\/cf\/category\/df\/"},"img":{"alt_text":"","src":"https:\/\/i0.wp.com\/cfcontabil.com\/cf\/wp-content\/uploads\/2017\/02\/irpfrfb-1.jpg?fit=640%2C340&ssl=1&resize=350%2C200","width":350,"height":200,"srcset":"https:\/\/i0.wp.com\/cfcontabil.com\/cf\/wp-content\/uploads\/2017\/02\/irpfrfb-1.jpg?fit=640%2C340&ssl=1&resize=350%2C200 1x, https:\/\/i0.wp.com\/cfcontabil.com\/cf\/wp-content\/uploads\/2017\/02\/irpfrfb-1.jpg?fit=640%2C340&ssl=1&resize=525%2C300 1.5x"},"classes":[]},{"id":2951,"url":"https:\/\/cfcontabil.com\/cf\/guia-completo-do-irpf-2024-documentos-e-dicas-essenciais\/","url_meta":{"origin":3482,"position":5},"title":"GUIA COMPLETO DO IRPF 2024: Documentos e Dicas Essenciais","author":"Ab\u00edlio Gon\u00e7alves","date":"8 de fevereiro de 2024","format":false,"excerpt":"Estamos entrando na temporada de acerto de contas com o Le\u00e3o, e para tornar esse processo o mais tranquilo poss\u00edvel, preparamos um guia completo para voc\u00ea entender tudo sobre o Imposto de Renda Pessoa F\u00edsica (IRPF) 2024. O Que \u00c9 o IRPF? O Imposto de Renda Pessoa F\u00edsica \u00e9 uma\u2026","rel":"","context":"Em &quot;Geral&quot;","block_context":{"text":"Geral","link":"https:\/\/cfcontabil.com\/cf\/category\/geral\/"},"img":{"alt_text":"","src":"https:\/\/i0.wp.com\/cfcontabil.com\/cf\/wp-content\/uploads\/2024\/02\/cfcontabil-blog-irpf-2024-2.png?fit=1200%2C675&ssl=1&resize=350%2C200","width":350,"height":200,"srcset":"https:\/\/i0.wp.com\/cfcontabil.com\/cf\/wp-content\/uploads\/2024\/02\/cfcontabil-blog-irpf-2024-2.png?fit=1200%2C675&ssl=1&resize=350%2C200 1x, https:\/\/i0.wp.com\/cfcontabil.com\/cf\/wp-content\/uploads\/2024\/02\/cfcontabil-blog-irpf-2024-2.png?fit=1200%2C675&ssl=1&resize=525%2C300 1.5x, https:\/\/i0.wp.com\/cfcontabil.com\/cf\/wp-content\/uploads\/2024\/02\/cfcontabil-blog-irpf-2024-2.png?fit=1200%2C675&ssl=1&resize=700%2C400 2x, https:\/\/i0.wp.com\/cfcontabil.com\/cf\/wp-content\/uploads\/2024\/02\/cfcontabil-blog-irpf-2024-2.png?fit=1200%2C675&ssl=1&resize=1050%2C600 3x"},"classes":[]}],"jetpack_likes_enabled":true,"_links":{"self":[{"href":"https:\/\/cfcontabil.com\/cf\/wp-json\/wp\/v2\/posts\/3482","targetHints":{"allow":["GET"]}}],"collection":[{"href":"https:\/\/cfcontabil.com\/cf\/wp-json\/wp\/v2\/posts"}],"about":[{"href":"https:\/\/cfcontabil.com\/cf\/wp-json\/wp\/v2\/types\/post"}],"author":[{"embeddable":true,"href":"https:\/\/cfcontabil.com\/cf\/wp-json\/wp\/v2\/users\/1"}],"replies":[{"embeddable":true,"href":"https:\/\/cfcontabil.com\/cf\/wp-json\/wp\/v2\/comments?post=3482"}],"version-history":[{"count":4,"href":"https:\/\/cfcontabil.com\/cf\/wp-json\/wp\/v2\/posts\/3482\/revisions"}],"predecessor-version":[{"id":3488,"href":"https:\/\/cfcontabil.com\/cf\/wp-json\/wp\/v2\/posts\/3482\/revisions\/3488"}],"wp:featuredmedia":[{"embeddable":true,"href":"https:\/\/cfcontabil.com\/cf\/wp-json\/wp\/v2\/media\/3483"}],"wp:attachment":[{"href":"https:\/\/cfcontabil.com\/cf\/wp-json\/wp\/v2\/media?parent=3482"}],"wp:term":[{"taxonomy":"category","embeddable":true,"href":"https:\/\/cfcontabil.com\/cf\/wp-json\/wp\/v2\/categories?post=3482"},{"taxonomy":"post_tag","embeddable":true,"href":"https:\/\/cfcontabil.com\/cf\/wp-json\/wp\/v2\/tags?post=3482"}],"curies":[{"name":"wp","href":"https:\/\/api.w.org\/{rel}","templated":true}]}}