{"id":3490,"date":"2026-03-04T09:05:37","date_gmt":"2026-03-04T12:05:37","guid":{"rendered":"https:\/\/cfcontabil.com\/cf\/?p=3490"},"modified":"2026-03-04T09:05:37","modified_gmt":"2026-03-04T12:05:37","slug":"imposto-de-renda-2026-guia-completo-para-organizar-sua-documentacao-hoje-mesmo","status":"publish","type":"post","link":"https:\/\/cfcontabil.com\/cf\/imposto-de-renda-2026-guia-completo-para-organizar-sua-documentacao-hoje-mesmo\/","title":{"rendered":"Imposto de Renda 2026: Guia Completo para Organizar sua Documenta\u00e7\u00e3o Hoje Mesmo"},"content":{"rendered":"\n<p>A temporada do Imposto de Renda Pessoa F\u00edsica (IRPF) est\u00e1 se aproximando. Embora as datas oficiais exatas e as regras finais ainda dependam da publica\u00e7\u00e3o das normas pela Receita Federal, as previs\u00f5es para 2026 indicam que o prazo de entrega deve come\u00e7ar em <strong>16 de mar\u00e7o e se estender at\u00e9 29 de maio<\/strong>. Parece longe, mas quem se antecipa evita dores de cabe\u00e7a, erros no preenchimento e a temida &#8220;malha fina&#8221;.<\/p>\n\n\n\n<p>A organiza\u00e7\u00e3o pr\u00e9via \u00e9 a chave para uma declara\u00e7\u00e3o tranquila e segura. Neste guia, detalhamos exatamente qual documenta\u00e7\u00e3o voc\u00ea precisa separar agora, dividida por categorias essenciais, com base na legisla\u00e7\u00e3o tribut\u00e1ria brasileira.<\/p>\n\n\n\n<hr class=\"wp-block-separator has-alpha-channel-opacity\"\/>\n\n\n\n<h2 class=\"wp-block-heading\">O que \u00e9 a Antecipa\u00e7\u00e3o e por que ela Importa?<\/h2>\n\n\n\n<p>Antecipar-se n\u00e3o significa enviar a declara\u00e7\u00e3o agora (o programa ainda nem foi liberado!), mas sim <strong>reunir os comprovantes<\/strong> de tudo o que aconteceu na sua vida financeira durante o <strong>ano-calend\u00e1rio de 2025<\/strong>.<\/p>\n\n\n\n<ul class=\"wp-block-list\">\n<li><strong>Evite Erros:<\/strong> Apressar-se no fim do prazo leva a erros de digita\u00e7\u00e3o e esquecimento de informa\u00e7\u00f5es.<\/li>\n\n\n\n<li><strong>Fuja da Malha Fina:<\/strong> Cruzar informa\u00e7\u00f5es divergentes (como um CPF errado de um m\u00e9dico) \u00e9 a causa n\u00famero um de reten\u00e7\u00e3o da declara\u00e7\u00e3o.<\/li>\n\n\n\n<li><strong>Receba Antes:<\/strong> Se tiver restitui\u00e7\u00e3o a receber, quanto antes entregar (corretamente), mais cedo receber\u00e1 o valor.<\/li>\n<\/ul>\n\n\n\n<hr class=\"wp-block-separator has-alpha-channel-opacity\"\/>\n\n\n\n<h2 class=\"wp-block-heading\">Checklist Detalhado da Documenta\u00e7\u00e3o<\/h2>\n\n\n\n<figure class=\"wp-block-image size-large\"><a href=\"https:\/\/i0.wp.com\/cfcontabil.com\/cf\/wp-content\/uploads\/2026\/03\/blog-capa-ir2026-scaled.png\"><img data-recalc-dims=\"1\" fetchpriority=\"high\" decoding=\"async\" width=\"1024\" height=\"572\" data-attachment-id=\"3491\" data-permalink=\"https:\/\/cfcontabil.com\/cf\/imposto-de-renda-2026-guia-completo-para-organizar-sua-documentacao-hoje-mesmo\/blog-capa-ir2026\/\" data-orig-file=\"https:\/\/i0.wp.com\/cfcontabil.com\/cf\/wp-content\/uploads\/2026\/03\/blog-capa-ir2026-scaled.png?fit=2560%2C1429&amp;ssl=1\" data-orig-size=\"2560,1429\" data-comments-opened=\"1\" data-image-meta=\"{&quot;aperture&quot;:&quot;0&quot;,&quot;credit&quot;:&quot;&quot;,&quot;camera&quot;:&quot;&quot;,&quot;caption&quot;:&quot;&quot;,&quot;created_timestamp&quot;:&quot;0&quot;,&quot;copyright&quot;:&quot;&quot;,&quot;focal_length&quot;:&quot;0&quot;,&quot;iso&quot;:&quot;0&quot;,&quot;shutter_speed&quot;:&quot;0&quot;,&quot;title&quot;:&quot;&quot;,&quot;orientation&quot;:&quot;0&quot;}\" data-image-title=\"blog-capa-ir2026\" data-image-description=\"\" data-image-caption=\"\" data-large-file=\"https:\/\/i0.wp.com\/cfcontabil.com\/cf\/wp-content\/uploads\/2026\/03\/blog-capa-ir2026-scaled.png?fit=1024%2C572&amp;ssl=1\" src=\"https:\/\/i0.wp.com\/cfcontabil.com\/cf\/wp-content\/uploads\/2026\/03\/blog-capa-ir2026.png?resize=1024%2C572\" alt=\"\" class=\"wp-image-3491\" srcset=\"https:\/\/i0.wp.com\/cfcontabil.com\/cf\/wp-content\/uploads\/2026\/03\/blog-capa-ir2026-scaled.png?resize=1024%2C572&amp;ssl=1 1024w, https:\/\/i0.wp.com\/cfcontabil.com\/cf\/wp-content\/uploads\/2026\/03\/blog-capa-ir2026-scaled.png?resize=300%2C167&amp;ssl=1 300w, https:\/\/i0.wp.com\/cfcontabil.com\/cf\/wp-content\/uploads\/2026\/03\/blog-capa-ir2026-scaled.png?resize=768%2C429&amp;ssl=1 768w, https:\/\/i0.wp.com\/cfcontabil.com\/cf\/wp-content\/uploads\/2026\/03\/blog-capa-ir2026-scaled.png?resize=1536%2C857&amp;ssl=1 1536w, https:\/\/i0.wp.com\/cfcontabil.com\/cf\/wp-content\/uploads\/2026\/03\/blog-capa-ir2026-scaled.png?w=2340 2340w\" sizes=\"(max-width: 1024px) 100vw, 1024px\" \/><\/a><\/figure>\n\n\n\n<p>Abaixo est\u00e3o os documentos que voc\u00ea j\u00e1 pode come\u00e7ar a agrupar. <\/p>\n\n\n\n<p>Guarde tudo em uma pasta f\u00edsica ou digital.<\/p>\n\n\n\n<h3 class=\"wp-block-heading\">1. Rendimentos (Tudo o que voc\u00ea ganhou)<\/h3>\n\n\n\n<p>Nesta categoria, voc\u00ea comprova a origem do dinheiro que entrou em 2025.<\/p>\n\n\n\n<ul class=\"wp-block-list\">\n<li><strong>Informes de Rendimentos das Empresas:<\/strong> Se voc\u00ea trabalha com carteira assinada (CLT) ou prestou servi\u00e7os como aut\u00f4nomo, sua empresa deve fornecer este documento detalhando sal\u00e1rios, 13\u00ba, f\u00e9rias e impostos j\u00e1 retidos na fonte (IRRF). <em>(Refer\u00eancia Legal: Instru\u00e7\u00e3o Normativa RFB n\u00ba 1215\/2011)<\/em>.<\/li>\n\n\n\n<li><strong>Extratos de Aposentadoria e Pens\u00e3o (INSS\/Privada):<\/strong> Aposentados e pensionistas devem retirar o extrato anual espec\u00edfico para fins de IR no portal &#8220;Meu INSS&#8221; ou junto \u00e0 sua entidade de previd\u00eancia privada.<\/li>\n\n\n\n<li><strong>Informes de Rendimentos Banc\u00e1rios:<\/strong> Onde consta o saldo de todas as contas em 31\/12\/2025 e os rendimentos de poupan\u00e7a ou investimentos pr\u00e9-fixados. Os bancos enviam ou disponibilizam online.<\/li>\n\n\n\n<li><strong>Comprovantes de Alugu\u00e9is Recebidos:<\/strong> Se voc\u00ea alugou um im\u00f3vel, precisa dos comprovantes de recebimento. Se o aluguel foi recebido por pessoa f\u00edsica e ultrapassou o limite de isen\u00e7\u00e3o, os comprovantes de recolhimento mensal (Carn\u00ea-Le\u00e3o) tamb\u00e9m s\u00e3o necess\u00e1rios. <em>(Refer\u00eancia Legal: Lei n\u00ba 7.713\/1988, Art. 2\u00ba)<\/em>.<\/li>\n<\/ul>\n\n\n\n<h3 class=\"wp-block-heading\">2. Bens e Direitos (Seu patrim\u00f4nio)<\/h3>\n\n\n\n<p>Aqui voc\u00ea declara tudo o que possui. <\/p>\n\n\n\n<p>\u00c9 importante para a Receita acompanhar a evolu\u00e7\u00e3o do seu patrim\u00f4nio.<\/p>\n\n\n\n<ul class=\"wp-block-list\">\n<li><strong>Escrituras e Documentos de Im\u00f3veis:<\/strong> Para casas, apartamentos, terrenos. Se comprou ou vendeu em 2025, precisa do contrato ou escritura, valores e datas exatas. \u00c9 crucial ter o n\u00famero da inscri\u00e7\u00e3o municipal (IPTU) e a data de aquisi\u00e7\u00e3o.<\/li>\n\n\n\n<li><strong>Documentos de Ve\u00edculos (CRLV):<\/strong> Para carros, motos, etc. Necess\u00e1rio o n\u00famero do Renavam para preenchimento. <em>(Refer\u00eancia Legal: Lei n\u00ba 9.250\/1995)<\/em>.<\/li>\n\n\n\n<li><strong>Informe de Contas Correntes\/Poupan\u00e7a:<\/strong> Saldo exato em 31\/12\/2025, fornecido pelo banco no Informe de Rendimentos Financeiros.<\/li>\n\n\n\n<li><strong>Comprovantes de Investimentos:<\/strong> A\u00e7\u00f5es, fundos, tesouro direto, criptoativos. O informe banc\u00e1rio geralmente cobre isso, mas \u00e9 bom ter as notas de corretagem se voc\u00ea operou na bolsa.<\/li>\n<\/ul>\n\n\n\n<h3 class=\"wp-block-heading\">3. Dedu\u00e7\u00f5es (Gastos que podem diminuir o imposto)<\/h3>\n\n\n\n<p>Esta \u00e9 a parte onde voc\u00ea pode recuperar dinheiro ou reduzir o valor a pagar, mas precisa de comprovantes rigorosos.<\/p>\n\n\n\n<ul class=\"wp-block-list\">\n<li><strong>Notas Fiscais de Despesas M\u00e9dicas:<\/strong> Sem limite de dedu\u00e7\u00e3o. Inclui consultas, exames, interna\u00e7\u00f5es, planos de sa\u00fade. <strong>Aten\u00e7\u00e3o:<\/strong> Precisa constar o CPF ou CNPJ do prestador e o nome do paciente. <em>(Refer\u00eancia Legal: Regulamento do Imposto de Renda &#8211; RIR\/2018, Art. 73)<\/em>.<\/li>\n\n\n\n<li><strong>Recibos de Educa\u00e7\u00e3o:<\/strong> Para educa\u00e7\u00e3o infantil, fundamental, m\u00e9dio, t\u00e9cnico e superior do contribuinte e dependentes (h\u00e1 limite anual por pessoa). Livros e material escolar n\u00e3o entram. <em>(Refer\u00eancia Legal: RIR\/2018, Art. 74)<\/em>.<\/li>\n\n\n\n<li><strong>Planos de Sa\u00fade:<\/strong> Informe anual da operadora ou comprovante de pagamento mensal.<\/li>\n\n\n\n<li><strong>Extratos de Previd\u00eancia Privada (PGBL):<\/strong> Dedu\u00e7\u00e3o permitida at\u00e9 12% da renda bruta tribut\u00e1vel. <em>(Refer\u00eancia Legal: Lei n\u00ba 9.532\/1997)<\/em>.<\/li>\n<\/ul>\n\n\n\n<h3 class=\"wp-block-heading\">4. Dependentes e Alimentandos<\/h3>\n\n\n\n<ul class=\"wp-block-list\">\n<li><strong>CPF Obrigat\u00f3rio para Todos:<\/strong> Independentemente da idade, todos os dependentes inclu\u00eddos na declara\u00e7\u00e3o devem ter CPF pr\u00f3prio e v\u00e1lido. Certifique-se de que o CPF est\u00e1 regular junto \u00e0 Receita Federal. <em>(Refer\u00eancia Legal: Instru\u00e7\u00e3o Normativa RFB n\u00ba 1765\/2017)<\/em>.<\/li>\n<\/ul>\n\n\n\n<hr class=\"wp-block-separator has-alpha-channel-opacity\"\/>\n\n\n\n<h2 class=\"wp-block-heading\">Dicas Finais de Ouro<\/h2>\n\n\n\n<h3 class=\"wp-block-heading\">Prepare seu Acesso ao Gov.br<\/h3>\n\n\n\n<p>Ter uma conta Gov.br ativa, de n\u00edvel <strong>Prata<\/strong> ou <strong>Ouro<\/strong>, \u00e9 fundamental. Ela facilita o acesso ao programa gerador da declara\u00e7\u00e3o, permite o uso da Declara\u00e7\u00e3o Pr\u00e9-preenchida (que j\u00e1 traz muitos dados automaticamente) e ajuda na valida\u00e7\u00e3o da conta pelo aplicativo.<\/p>\n\n\n\n<h3 class=\"wp-block-heading\">Comece Hoje<\/h3>\n\n\n\n<p>A previs\u00e3o de in\u00edcio \u00e9 mar\u00e7o de 2026, mas os informes de rendimentos banc\u00e1rios e de empresas costumam ser liberados at\u00e9 o final de fevereiro de 2026. N\u00e3o espere as not\u00edcias sa\u00edrem na TV para come\u00e7ar a organizar sua pasta.<\/p>\n\n\n\n<hr class=\"wp-block-separator has-alpha-channel-opacity\"\/>\n\n\n\n<blockquote class=\"wp-block-quote is-layout-flow wp-block-quote-is-layout-flow\">\n<h3 class=\"wp-block-heading\">? Lembrete Importante da CF Cont\u00e1bil<\/h3>\n\n\n\n<p><strong>Recordamos que as informa\u00e7\u00f5es detalhadas nesta postagem baseiam-se em previs\u00f5es de prazos e na legisla\u00e7\u00e3o vigente at\u00e9 o momento. O aplicativo oficial de declara\u00e7\u00e3o e as instru\u00e7\u00f5es espec\u00edficas sobre os limites, faixas de isen\u00e7\u00e3o e regras detalhadas para o exerc\u00edcio de 2026 ainda ser\u00e3o divulgados oficialmente pela Receita Federal, geralmente no in\u00edcio de cada ano.<\/strong><\/p>\n\n\n\n<p>Fique atento \u00e0s nossas atualiza\u00e7\u00f5es e \u00e0s fontes oficiais para as regras finais.<\/p>\n\n\n\n<p>Para mais informa\u00e7\u00f5es e consultoria personalizada, conte com a nossa equipe: <\/p>\n\n\n\n<p>? <strong>WhatsApp (61) 3381-6090<\/strong> | Instagram <strong>@cfcontabil<\/strong><\/p>\n<\/blockquote>\n","protected":false},"excerpt":{"rendered":"<p>A temporada do Imposto de Renda Pessoa F\u00edsica (IRPF) est\u00e1 se aproximando. Embora as datas oficiais exatas e as regras finais ainda dependam da publica\u00e7\u00e3o das normas pela Receita Federal, as previs\u00f5es para 2026 indicam que o prazo de entrega deve come\u00e7ar em 16 de mar\u00e7o e se estender at\u00e9 29 de maio. Parece longe, [&hellip;]<\/p>\n","protected":false},"author":1,"featured_media":3491,"comment_status":"open","ping_status":"open","sticky":false,"template":"","format":"standard","meta":{"jetpack_post_was_ever_published":false,"_jetpack_newsletter_access":"","_jetpack_dont_email_post_to_subs":false,"_jetpack_newsletter_tier_id":0,"_jetpack_memberships_contains_paywalled_content":false,"_jetpack_memberships_contains_paid_content":false,"footnotes":"","jetpack_publicize_message":"","jetpack_publicize_feature_enabled":true,"jetpack_social_post_already_shared":true,"jetpack_social_options":{"image_generator_settings":{"template":"highway","default_image_id":0,"font":"","enabled":false},"version":2}},"categories":[22],"tags":[],"class_list":["post-3490","post","type-post","status-publish","format-standard","has-post-thumbnail","hentry","category-geral"],"jetpack_publicize_connections":[],"jetpack_featured_media_url":"https:\/\/i0.wp.com\/cfcontabil.com\/cf\/wp-content\/uploads\/2026\/03\/blog-capa-ir2026-scaled.png?fit=2560%2C1429&ssl=1","jetpack_sharing_enabled":true,"jetpack_shortlink":"https:\/\/wp.me\/p2wklX-Ui","jetpack-related-posts":[{"id":3466,"url":"https:\/\/cfcontabil.com\/cf\/irpf-2026-isencao-de-r-5mil-nova-tabela\/","url_meta":{"origin":3490,"position":0},"title":"IR 2026: Isen\u00e7\u00e3o de R$ 5mil &#8211; Nova Tabela!","author":"Ab\u00edlio Gon\u00e7alves","date":"16 de janeiro de 2026","format":false,"excerpt":"Guia Completo da CF Cont\u00e1bil 1.0 Introdu\u00e7\u00e3o: Voc\u00ea Est\u00e1 Deixando Dinheiro na Mesa?Voc\u00ea sabe se tem direito \u00e0 isen\u00e7\u00e3o total do Imposto de Renda ou se est\u00e1 pagando um imposto que poderia economizar? A resposta pode definir se voc\u00ea receber\u00e1 uma restitui\u00e7\u00e3o maior ou se deixar\u00e1 um dinheiro valioso para\u2026","rel":"","context":"Em &quot;Imposto de Renda&quot;","block_context":{"text":"Imposto de Renda","link":"https:\/\/cfcontabil.com\/cf\/category\/imposto-de-renda\/"},"img":{"alt_text":"","src":"https:\/\/i0.wp.com\/cfcontabil.com\/cf\/wp-content\/uploads\/2026\/01\/IRPF26-NOVA-TABELA-scaled.png?fit=1200%2C670&ssl=1&resize=350%2C200","width":350,"height":200,"srcset":"https:\/\/i0.wp.com\/cfcontabil.com\/cf\/wp-content\/uploads\/2026\/01\/IRPF26-NOVA-TABELA-scaled.png?fit=1200%2C670&ssl=1&resize=350%2C200 1x, https:\/\/i0.wp.com\/cfcontabil.com\/cf\/wp-content\/uploads\/2026\/01\/IRPF26-NOVA-TABELA-scaled.png?fit=1200%2C670&ssl=1&resize=525%2C300 1.5x, https:\/\/i0.wp.com\/cfcontabil.com\/cf\/wp-content\/uploads\/2026\/01\/IRPF26-NOVA-TABELA-scaled.png?fit=1200%2C670&ssl=1&resize=700%2C400 2x, https:\/\/i0.wp.com\/cfcontabil.com\/cf\/wp-content\/uploads\/2026\/01\/IRPF26-NOVA-TABELA-scaled.png?fit=1200%2C670&ssl=1&resize=1050%2C600 3x"},"classes":[]},{"id":877,"url":"https:\/\/cfcontabil.com\/cf\/atraso-em-liberacao-de-programa-da-dirf-pode-comprometer-a-declaracao-de-imposto-de-renda\/","url_meta":{"origin":3490,"position":1},"title":"Atraso em libera\u00e7\u00e3o de programa da Dirf pode comprometer a declara\u00e7\u00e3o de imposto de renda","author":"Ab\u00edlio Gon\u00e7alves","date":"26 de janeiro de 2017","format":false,"excerpt":"CFC encaminhou\u00a0of\u00edcio para Receita solicitando a imediata disponibiliza\u00e7\u00e3o de programa de transmiss\u00e3o da DIRF O Conselho Federal de Contabilidade (CFC) enviou, nesta ter\u00e7a-feira (24), of\u00edcio ao secret\u00e1rio da Receita Federal, Jorge Rachid, pedindo a prorroga\u00e7\u00e3o do prazo de entrega da Declara\u00e7\u00e3o do Imposto de Renda Retido na Fonte (Dirf), previsto\u2026","rel":"","context":"Em &quot;Departamento Pessoal&quot;","block_context":{"text":"Departamento Pessoal","link":"https:\/\/cfcontabil.com\/cf\/category\/dp\/"},"img":{"alt_text":"","src":"https:\/\/i0.wp.com\/cfcontabil.com\/cf\/wp-content\/uploads\/2017\/01\/DIRF_698x57613-1.jpg?fit=1000%2C826&ssl=1&resize=350%2C200","width":350,"height":200,"srcset":"https:\/\/i0.wp.com\/cfcontabil.com\/cf\/wp-content\/uploads\/2017\/01\/DIRF_698x57613-1.jpg?fit=1000%2C826&ssl=1&resize=350%2C200 1x, https:\/\/i0.wp.com\/cfcontabil.com\/cf\/wp-content\/uploads\/2017\/01\/DIRF_698x57613-1.jpg?fit=1000%2C826&ssl=1&resize=525%2C300 1.5x, https:\/\/i0.wp.com\/cfcontabil.com\/cf\/wp-content\/uploads\/2017\/01\/DIRF_698x57613-1.jpg?fit=1000%2C826&ssl=1&resize=700%2C400 2x"},"classes":[]},{"id":961,"url":"https:\/\/cfcontabil.com\/cf\/solicitacao-de-antecipacao-de-analise-da-dirpf-2016-temporariamente-indisponivel\/","url_meta":{"origin":3490,"position":2},"title":"Solicita\u00e7\u00e3o de Antecipa\u00e7\u00e3o de An\u00e1lise da DIRPF 2016 temporariamente indispon\u00edvel","author":"Ab\u00edlio Gon\u00e7alves","date":"18 de fevereiro de 2017","format":false,"excerpt":"\u00a0A Receita Federal informa que a \"Solicita\u00e7\u00e3o de Antecipa\u00e7\u00e3o de An\u00e1lise de DIRPF\" por meio do extrato da DIRPF no e-CAC, relativa \u00e0 DIRPF exerc\u00edcio 2016 ainda n\u00e3o se encontra dispon\u00edvel. Os contribuintes que, eventualmente, tenham conseguido efetuar o agendamento de \"Solicita\u00e7\u00e3o de Antecipa\u00e7\u00e3o de An\u00e1lise de DIRPF\" por meio\u2026","rel":"","context":"Em &quot;Geral&quot;","block_context":{"text":"Geral","link":"https:\/\/cfcontabil.com\/cf\/category\/geral\/"},"img":{"alt_text":"","src":"https:\/\/i0.wp.com\/cfcontabil.com\/cf\/wp-content\/uploads\/2017\/02\/irpfrfb-1.jpg?fit=640%2C340&ssl=1&resize=350%2C200","width":350,"height":200,"srcset":"https:\/\/i0.wp.com\/cfcontabil.com\/cf\/wp-content\/uploads\/2017\/02\/irpfrfb-1.jpg?fit=640%2C340&ssl=1&resize=350%2C200 1x, https:\/\/i0.wp.com\/cfcontabil.com\/cf\/wp-content\/uploads\/2017\/02\/irpfrfb-1.jpg?fit=640%2C340&ssl=1&resize=525%2C300 1.5x"},"classes":[]},{"id":1225,"url":"https:\/\/cfcontabil.com\/cf\/programa-da-dirpf-2017-ja-esta-disponivel-para-download\/","url_meta":{"origin":3490,"position":3},"title":"Programa da DIRPF 2017 j\u00e1 est\u00e1 dispon\u00edvel para download","author":"Ab\u00edlio Gon\u00e7alves","date":"23 de fevereiro de 2017","format":false,"excerpt":"Encontra-se dispon\u00edvel para instala\u00e7\u00e3o o programa do Imposto de Renda Pessoa F\u00edsica 2017, para quem quer antecipar os lan\u00e7amentos na sua declara\u00e7\u00e3o. Acesse:\u00a0http:\/\/idg.receita.fazenda.gov.br\/interface\/cidadao\/irpf\/2017\/download Lembre-se: a temporada de entrega das declara\u00e7\u00f5es come\u00e7a somente depois do carnaval, em 2 de mar\u00e7o, e se estende at\u00e9 28 de abril. Os contribuintes que enviarem\u2026","rel":"","context":"Em &quot;Departamento Fiscal&quot;","block_context":{"text":"Departamento Fiscal","link":"https:\/\/cfcontabil.com\/cf\/category\/df\/"},"img":{"alt_text":"","src":"https:\/\/i0.wp.com\/cfcontabil.com\/cf\/wp-content\/uploads\/2017\/02\/irpf2017-1.png?fit=490%2C247&ssl=1&resize=350%2C200","width":350,"height":200},"classes":[]},{"id":1234,"url":"https:\/\/cfcontabil.com\/cf\/contribuintes-devem-estar-atentos-aos-termos-do-ir\/","url_meta":{"origin":3490,"position":4},"title":"Contribuintes devem estar atentos aos termos do IR","author":"Ab\u00edlio Gon\u00e7alves","date":"8 de mar\u00e7o de 2017","format":false,"excerpt":"Na retifica\u00e7\u00e3o \u00e9 poss\u00edvel corrigir erros da declara\u00e7\u00e3o enviada Na hora de preencher a declara\u00e7\u00e3o de Imposto de Renda, a quantidade de termos cont\u00e1beis pode confundir quem deve informar os rendimentos \u00e0 Receita Federal. \u00c9 preciso estar atento a esses conceitos para evitar erros e multas por inconsist\u00eancias. Confira alguns\u2026","rel":"","context":"Em &quot;Departamento Fiscal&quot;","block_context":{"text":"Departamento Fiscal","link":"https:\/\/cfcontabil.com\/cf\/category\/df\/"},"img":{"alt_text":"","src":"https:\/\/i0.wp.com\/cfcontabil.com\/cf\/wp-content\/uploads\/2017\/03\/ir-2016-declaracao-retificadora_615x300.png?resize=350%2C200","width":350,"height":200,"srcset":"https:\/\/i0.wp.com\/cfcontabil.com\/cf\/wp-content\/uploads\/2017\/03\/ir-2016-declaracao-retificadora_615x300.png?resize=350%2C200 1x, https:\/\/i0.wp.com\/cfcontabil.com\/cf\/wp-content\/uploads\/2017\/03\/ir-2016-declaracao-retificadora_615x300.png?resize=525%2C300 1.5x"},"classes":[]},{"id":2951,"url":"https:\/\/cfcontabil.com\/cf\/guia-completo-do-irpf-2024-documentos-e-dicas-essenciais\/","url_meta":{"origin":3490,"position":5},"title":"GUIA COMPLETO DO IRPF 2024: Documentos e Dicas Essenciais","author":"Ab\u00edlio Gon\u00e7alves","date":"8 de fevereiro de 2024","format":false,"excerpt":"Estamos entrando na temporada de acerto de contas com o Le\u00e3o, e para tornar esse processo o mais tranquilo poss\u00edvel, preparamos um guia completo para voc\u00ea entender tudo sobre o Imposto de Renda Pessoa F\u00edsica (IRPF) 2024. O Que \u00c9 o IRPF? O Imposto de Renda Pessoa F\u00edsica \u00e9 uma\u2026","rel":"","context":"Em &quot;Geral&quot;","block_context":{"text":"Geral","link":"https:\/\/cfcontabil.com\/cf\/category\/geral\/"},"img":{"alt_text":"","src":"https:\/\/i0.wp.com\/cfcontabil.com\/cf\/wp-content\/uploads\/2024\/02\/cfcontabil-blog-irpf-2024-2.png?fit=1200%2C675&ssl=1&resize=350%2C200","width":350,"height":200,"srcset":"https:\/\/i0.wp.com\/cfcontabil.com\/cf\/wp-content\/uploads\/2024\/02\/cfcontabil-blog-irpf-2024-2.png?fit=1200%2C675&ssl=1&resize=350%2C200 1x, https:\/\/i0.wp.com\/cfcontabil.com\/cf\/wp-content\/uploads\/2024\/02\/cfcontabil-blog-irpf-2024-2.png?fit=1200%2C675&ssl=1&resize=525%2C300 1.5x, https:\/\/i0.wp.com\/cfcontabil.com\/cf\/wp-content\/uploads\/2024\/02\/cfcontabil-blog-irpf-2024-2.png?fit=1200%2C675&ssl=1&resize=700%2C400 2x, https:\/\/i0.wp.com\/cfcontabil.com\/cf\/wp-content\/uploads\/2024\/02\/cfcontabil-blog-irpf-2024-2.png?fit=1200%2C675&ssl=1&resize=1050%2C600 3x"},"classes":[]}],"jetpack_likes_enabled":true,"_links":{"self":[{"href":"https:\/\/cfcontabil.com\/cf\/wp-json\/wp\/v2\/posts\/3490","targetHints":{"allow":["GET"]}}],"collection":[{"href":"https:\/\/cfcontabil.com\/cf\/wp-json\/wp\/v2\/posts"}],"about":[{"href":"https:\/\/cfcontabil.com\/cf\/wp-json\/wp\/v2\/types\/post"}],"author":[{"embeddable":true,"href":"https:\/\/cfcontabil.com\/cf\/wp-json\/wp\/v2\/users\/1"}],"replies":[{"embeddable":true,"href":"https:\/\/cfcontabil.com\/cf\/wp-json\/wp\/v2\/comments?post=3490"}],"version-history":[{"count":1,"href":"https:\/\/cfcontabil.com\/cf\/wp-json\/wp\/v2\/posts\/3490\/revisions"}],"predecessor-version":[{"id":3492,"href":"https:\/\/cfcontabil.com\/cf\/wp-json\/wp\/v2\/posts\/3490\/revisions\/3492"}],"wp:featuredmedia":[{"embeddable":true,"href":"https:\/\/cfcontabil.com\/cf\/wp-json\/wp\/v2\/media\/3491"}],"wp:attachment":[{"href":"https:\/\/cfcontabil.com\/cf\/wp-json\/wp\/v2\/media?parent=3490"}],"wp:term":[{"taxonomy":"category","embeddable":true,"href":"https:\/\/cfcontabil.com\/cf\/wp-json\/wp\/v2\/categories?post=3490"},{"taxonomy":"post_tag","embeddable":true,"href":"https:\/\/cfcontabil.com\/cf\/wp-json\/wp\/v2\/tags?post=3490"}],"curies":[{"name":"wp","href":"https:\/\/api.w.org\/{rel}","templated":true}]}}