{"id":361,"date":"2013-06-19T11:28:48","date_gmt":"2013-06-19T14:28:48","guid":{"rendered":"http:\/\/cfcontabil.com\/cf\/?p=361"},"modified":"2013-06-19T11:28:48","modified_gmt":"2013-06-19T14:28:48","slug":"vaias-e-vandalismo","status":"publish","type":"post","link":"https:\/\/cfcontabil.com\/cf\/vaias-e-vandalismo\/","title":{"rendered":"Vaias e vandalismo contra a p\u00e9ssima gest\u00e3o p\u00fablica"},"content":{"rendered":"<p><img data-recalc-dims=\"1\" decoding=\"async\" class=\"aligncenter\" alt=\"\" src=\"https:\/\/i0.wp.com\/1.bp.blogspot.com\/-EYdnX_EakrM\/UcB1wuV-DpI\/AAAAAAAAD00\/ZNSSqn21mAA\/s1600\/protestos-tarifa-transporte-brasilia-20130617-06-size-598.jpg?w=1170\" \/><\/p>\n<p style=\"text-align: justify\">Bom dia, prezados!<\/p>\n<p style=\"text-align: justify\">Ao longo dos \u00faltimos dias temos presenciado rodadas de manifesta\u00e7\u00f5es de um movimento cada vez mais poderoso, que come\u00e7ou com pequenos protestos sobre as tarifas de \u00f4nibus e tem crescido para um amplo confronto \u00e0 corrup\u00e7\u00e3o pol\u00edtica, ao custo de vida elevado e de qualidade inferior, e aos demais gastos p\u00fablicos exacerbados de modo geral.<\/p>\n<p style=\"text-align: justify\">Na opini\u00e3o de especialistas, o fen\u00f4meno \u00e9 mais social do que pol\u00edtico e concentra-se nas regi\u00f5es metropolitanas, onde as sucessivas pol\u00edticas p\u00fablicas executadas por governantes locais teriam deixado de atender aos principais anseios da popula\u00e7\u00e3o, sobretudo os mais jovens.<\/p>\n<p style=\"text-align: justify\">Nesse contexto, trago a voc\u00eas um artigo do jornalista Jos\u00e9 N\u00eaumanne,\u00a0publicado nessa quarta-feira (19) no s\u00edtio <a title=\"Estad\u00e3o.com\" href=\"http:\/\/www.estadao.com.br\/\" target=\"_blank\" rel=\"noopener noreferrer\">Estad\u00e3o<\/a>. Opini\u00e3o interessante de um bom entendedor. Confira!<!--more--><\/p>\n<p style=\"text-align: justify\"><!--more--><\/p>\n<p style=\"text-align: justify\"><img data-recalc-dims=\"1\" decoding=\"async\" alt=\"\" src=\"https:\/\/i0.wp.com\/correiodobrasil.com.br\/wp-content\/uploads\/2013\/06\/brasil6.jpg?w=1170\" \/><\/p>\n<p style=\"text-align: justify\">\n<p style=\"text-align: justify\"><span style=\"font-size: 10px\">JOS\u00c9 N\u00caUMANNE *<\/span><\/p>\n<p style=\"text-align: justify\"><em>Nunca, desde sempre, a express\u00e3o &#8220;\u00f3bvio ululante&#8221;, cunhada por Nelson Rodrigues, foi t\u00e3o exata quanto neste s\u00e1bado, quando a presidente Dilma Rousseff foi vaiada pela torcida presente \u00e0 estreia da sele\u00e7\u00e3o brasileira na Copa das Confedera\u00e7\u00f5es, na &#8220;arena&#8221; Man\u00e9 Garrincha, em Bras\u00edlia. &#8220;Qualquer pol\u00edtico que fosse anunciado no est\u00e1dio receberia vaias&#8221;, concluiu, em raro rasgo de lucidez, o l\u00edder do Partido dos Trabalhadores (PT) na C\u00e2mara dos Deputados, Jos\u00e9 Guimar\u00e3es (CE), irm\u00e3o do ex-guerrilheiro, ex-presidente nacional petista e r\u00e9u condenado por corrup\u00e7\u00e3o e forma\u00e7\u00e3o de quadrilha no processo do mensal\u00e3o pelo Supremo Tribunal Federal (STF), Jos\u00e9 Genoino. E na ocupa\u00e7\u00e3o da Avenida Rio Branco, no Rio, anteontem, \u00e0 noite &#8211; imagem de grande impacto e significa\u00e7\u00e3o.<\/em><\/p>\n<p><img data-recalc-dims=\"1\" decoding=\"async\" class=\"aligncenter\" alt=\"\" src=\"https:\/\/i0.wp.com\/static.cadaminuto.com.br\/cadaminuto\/public_html\/assets\/cache\/thumbs\/d536ad44f986d9afd993e334526ea273.jpg?w=1170\" \/><\/p>\n<p style=\"text-align: justify\"><em>De fato, torcedor de futebol n\u00e3o tem muita paci\u00eancia com pol\u00edtico que d\u00e1 uma de papagaio de pirata em est\u00e1dio, tentando tirar sua casquinha da paix\u00e3o dele por seus \u00eddolos, seja de clube, seja especialmente da sele\u00e7\u00e3o. O cidad\u00e3o pode at\u00e9 fazer parte da P\u00e1tria &#8220;em&#8221; chuteiras (assim batizada por Nelson) &#8211; e n\u00e3o &#8220;de&#8221; chuteiras, como parodia equivocadamente oportunista an\u00fancio oficial veiculado em r\u00e1dio e TV durante a Copa da Fifa, disputada no Brasil. Mas nunca perdoa demagogia barata feita para tirar proveito de sua paix\u00e3o, principalmente depois de suar em bicas para pagar o ingresso caro do jogo.<\/em><\/p>\n<p><em style=\"text-align: justify\">De qualquer maneira, n\u00e3o deixa de ser tentador relacionar os apupos \u00e0 queda de oito pontos porcentuais na popularidade e de sete na inten\u00e7\u00e3o de votos da chefe do governo, favorita para a reelei\u00e7\u00e3o em 2014. Os \u00edndices apurados ainda lhe garantem a vit\u00f3ria no primeiro turno, mas a tend\u00eancia de queda n\u00e3o deve estar sendo comemorada no Pal\u00e1cio do Planalto. E mais tentador ainda \u00e9 situar as vaias de Bras\u00edlia no panorama de ocupa\u00e7\u00e3o das ruas de 12 metr\u00f3poles brasileiras pela manifesta\u00e7\u00e3o de insatisfa\u00e7\u00e3o generalizada da multid\u00e3o, que teve os canais de debate pol\u00edtico interditados nesta democracia un\u00edvoca do PT e seus aliados.<\/em><\/p>\n<p><img data-recalc-dims=\"1\" decoding=\"async\" class=\"aligncenter\" alt=\"\" src=\"https:\/\/i0.wp.com\/bagarai.com.br\/wp-content\/uploads\/2013\/06\/brasilia.jpg?w=1170\" \/><\/p>\n<p style=\"text-align: justify\"><em>Sem causa aparente pela qual lutar, mas trazendo \u00e0s ruas uma pauta de queixas que os governantes e opositores fingem ouvir, mas para as quais ambos os lados do sistema pol\u00edtico fechado e imperme\u00e1vel aos interesses da cidadania fazem ouvidos de mercador, os manifestantes reclamam de praticamente tudo, com raz\u00e3o e justi\u00e7a. No Twitter, o autor de novelas da Globo Aguinaldo Silva estranhou que as pessoas saiam \u00e0s ruas para reclamar de um reajuste de menos da metade da infla\u00e7\u00e3o do per\u00edodo depois de conquistarem poder de compra para adquirir bens de consumo de valor bem superior, por exemplo, aos 20 centavos a mais nas passagens dos coletivos na capital paulista.<\/em><\/p>\n<p><img data-recalc-dims=\"1\" decoding=\"async\" class=\"aligncenter\" alt=\"\" src=\"https:\/\/i0.wp.com\/s2.glbimg.com\/HJNZA8drzOtD6E08YBnxBqBvWjA%3D\/300x230\/s.glbimg.com\/es\/ge\/f\/original\/2013\/06\/16\/protesto_maracana_vicenteseda-14.jpg?w=1170\" \/><\/p>\n<p style=\"text-align: justify\"><em>\u00c9. Pode ser. Mas, em primeiro lugar, conv\u00e9m levar em conta a observa\u00e7\u00e3o feita pelo aclamado marqueteiro Duda Mendon\u00e7a, um dos r\u00e9us absolvidos do mensal\u00e3o, em entrevista \u00e0 Folha de S.Paulo de domingo. &#8220;As pessoas se habituam com as conquistas. Na hora que sentem que qualquer coisa mexeu, esquecem um pouco tudo de bom que ganharam. Querem mais&#8221;, disse ele, prevendo risco na disputa de um segundo turno no ano que vem, particularmente se o advers\u00e1rio for o ainda aliado Eduardo Campos, governador de Pernambuco e dono do Partido Socialista Brasileiro (PSB).<\/em><\/p>\n<p style=\"text-align: justify\"><em>Esse \u00e9 um lado a considerar, mas h\u00e1 outro ainda mais grave. E os aliados com que a presidente mais conta para ficar no posto m\u00e1ximo percebem muito bem isso. Depois das vaias no Man\u00e9 Garrincha, o contestado, mas poderoso, l\u00edder da bancada da segunda legenda na coaliz\u00e3o governamental, o Partido do Movimento Democr\u00e1tico Brasileiro (PMDB), na C\u00e2mara dos Deputados, Eduardo Cunha (RJ), acertou na mosca ao constatar: &#8220;Estamos tendo um movimento de rea\u00e7\u00e3o \u00e0 infla\u00e7\u00e3o. O que o governo tem de fazer \u00e9 trabalhar para combat\u00ea-la&#8221;. O risco \u00e9 a moeda derreter e a economia desabar.<\/em><\/p>\n<p><img data-recalc-dims=\"1\" decoding=\"async\" class=\"aligncenter\" alt=\"\" src=\"https:\/\/i0.wp.com\/www.redesuldenoticias.com.br\/fotos\/53680.jpg?w=1170\" \/><\/p>\n<p style=\"text-align: justify\"><em>Qualquer um sabe que a sorte de Dilma na sucess\u00e3o depende da mesma receita que reelegeu seu patrono, Luiz In\u00e1cio Lula da Silva, e garantiu a pr\u00f3pria ascens\u00e3o ao topo do p\u00f3dio sem nunca ter disputado cargo algum antes. A an\u00e1lise de Affonso Celso Pastore, ex-presidente do Banco Central (BC), na entrevista das p\u00e1ginas amarelas da Veja, aponta com lucidez nessa dire\u00e7\u00e3o. &#8220;Estamos presos na armadilha do crescimento baixo&#8221;, diagnosticou. E identificou o n\u00f3 g\u00f3rdio na corda que precisa ser decepado para libertar o brasileiro da pris\u00e3o: &#8220;A infla\u00e7\u00e3o est\u00e1 em alta. H\u00e1 um aumento generalizado. Os reajustes no setor de servi\u00e7os mant\u00eam-se acima de 8% ao ano. \u00c9 um quadro grave&#8221;.<\/em><\/p>\n<p><em style=\"text-align: justify\">Dilma e seu ministro Guido Mantega na certa dar\u00e3o aten\u00e7\u00e3o ao alerta de Duda Mendon\u00e7a, mas dificilmente levar\u00e3o a s\u00e9rio o do professor da Universidade de S\u00e3o Paulo (USP) e o do aliado fluminense prevendo dificuldades na economia por culpa da infla\u00e7\u00e3o. Poderiam atentar mais para o instinto de sobreviv\u00eancia de Cunha e saber que Pastore n\u00e3o fala muito e s\u00f3 avisa quando tem certeza.<\/em><\/p>\n<p><img data-recalc-dims=\"1\" decoding=\"async\" class=\"aligncenter\" alt=\"\" src=\"https:\/\/i0.wp.com\/extra.globo.com\/incoming\/8700857-094-861\/w448\/protesto3.JPG?w=1170\" \/><\/p>\n<p style=\"text-align: justify\"><em>A presidente faria bem se contivesse o oportunismo de subordinados que buscam levar vantagem elei\u00e7oeira dos acontecimentos inculpando advers\u00e1rios sem sequer saberem de que se trata. A c\u00fapula federal nada sabe, como reconheceu o ministro Gilberto Carvalho, secret\u00e1rio-geral da Presid\u00eancia, pois, desde que Fernando Collor extinguiu o Servi\u00e7o Nacional de Informa\u00e7\u00f5es (SNI), n\u00e3o disp\u00f5e de uma intelig\u00eancia digna do nome para acompanhar movimentos sociais. Mas salta aos olhos que, mesmo sendo o transporte p\u00fablico muito ruim, a rebeldia popular manifesta o medo da volta da infla\u00e7\u00e3o e a indigna\u00e7\u00e3o contra a p\u00e9ssima gest\u00e3o de um Estado ineficaz, estroina, insens\u00edvel e corrupto. Querer tornar Geraldo Alckmin alvo preferencial para derrot\u00e1-lo na pr\u00f3xima elei\u00e7\u00e3o \u00e9 insensato, pois tamb\u00e9m est\u00e3o em jogo a ambi\u00e7\u00e3o de Dilma Rousseff e a carreira de Fernando Haddad. \u00c9 esperar para conferir.<\/em><\/p>\n<p style=\"text-align: justify\"><span style=\"font-size: 10px\">* JOS\u00c9 N\u00caUMANNE \u00c9 JORNALISTA, POETA E ESCRITOR.<\/span><\/p>\n<p><img data-recalc-dims=\"1\" height=\"330\" width=\"500\" decoding=\"async\" class=\"aligncenter\" alt=\"Lista de cidades do Brasil e do Mundo que v\u00e3o ter manifesta\u00e7\u00f5es esta semana\" src=\"https:\/\/i0.wp.com\/jornalocotidiano.com\/wp-content\/uploads\/2013\/06\/corrupcao-500x330.jpg?resize=500%2C330\" \/><\/p>\n","protected":false},"excerpt":{"rendered":"<p>Bom dia, prezados! Ao longo dos \u00faltimos dias temos presenciado rodadas de manifesta\u00e7\u00f5es de um movimento cada vez mais poderoso, que come\u00e7ou com pequenos protestos sobre as tarifas de \u00f4nibus e tem crescido para um amplo confronto \u00e0 corrup\u00e7\u00e3o pol\u00edtica, ao custo de vida elevado e de qualidade inferior, e aos demais gastos p\u00fablicos exacerbados [&hellip;]<\/p>\n","protected":false},"author":2,"featured_media":0,"comment_status":"open","ping_status":"open","sticky":false,"template":"","format":"standard","meta":{"jetpack_post_was_ever_published":false,"_jetpack_newsletter_access":"","_jetpack_dont_email_post_to_subs":false,"_jetpack_newsletter_tier_id":0,"_jetpack_memberships_contains_paywalled_content":false,"_jetpack_memberships_contains_paid_content":false,"footnotes":"","jetpack_publicize_message":"","jetpack_publicize_feature_enabled":true,"jetpack_social_post_already_shared":true,"jetpack_social_options":{"image_generator_settings":{"template":"highway","default_image_id":0,"font":"","enabled":false},"version":2}},"categories":[69,22],"tags":[119,19,120,121],"class_list":["post-361","post","type-post","status-publish","format-standard","hentry","category-contabilidade-2","category-geral","tag-brasil","tag-brasilia","tag-protestobr","tag-protestobrasil"],"jetpack_publicize_connections":[],"jetpack_featured_media_url":"","jetpack_sharing_enabled":true,"jetpack_shortlink":"https:\/\/wp.me\/p2wklX-5P","jetpack-related-posts":[{"id":875,"url":"https:\/\/cfcontabil.com\/cf\/ministerio-publico-do-trabalho-condena-reforma-trabalhista\/","url_meta":{"origin":361,"position":0},"title":"Minist\u00e9rio P\u00fablico do Trabalho condena reforma trabalhista","author":"Ab\u00edlio Gon\u00e7alves","date":"27 de janeiro de 2017","format":false,"excerpt":"O Minist\u00e9rio P\u00fablico do Trabalho (MPT) afirmou nesta ter\u00e7a-feira, 24, que s\u00e3o \u201cinconstitucionais\u201d as mudan\u00e7as na\u00a0legisla\u00e7\u00e3o trabalhista\u00a0propostas pelo governo federal, que tramitam no Congresso. O estudo, elaborado por 12 procuradores do Trabalho, pede a rejei\u00e7\u00e3o por completo de dois projetos de lei e a altera\u00e7\u00e3o na reda\u00e7\u00e3o de outros dois.\u2026","rel":"","context":"Em &quot;Departamento Pessoal&quot;","block_context":{"text":"Departamento Pessoal","link":"https:\/\/cfcontabil.com\/cf\/category\/dp\/"},"img":{"alt_text":"","src":"https:\/\/i0.wp.com\/cfcontabil.com\/cf\/wp-content\/uploads\/2016\/03\/ctps-1.jpeg?fit=635%2C423&ssl=1&resize=350%2C200","width":350,"height":200,"srcset":"https:\/\/i0.wp.com\/cfcontabil.com\/cf\/wp-content\/uploads\/2016\/03\/ctps-1.jpeg?fit=635%2C423&ssl=1&resize=350%2C200 1x, https:\/\/i0.wp.com\/cfcontabil.com\/cf\/wp-content\/uploads\/2016\/03\/ctps-1.jpeg?fit=635%2C423&ssl=1&resize=525%2C300 1.5x"},"classes":[]},{"id":1202,"url":"https:\/\/cfcontabil.com\/cf\/2013-ano-da-contabilidade-no-brasil\/","url_meta":{"origin":361,"position":1},"title":"2013: ano da Contabilidade no Brasil","author":"Vin\u00edcius Moizinho","date":"9 de janeiro de 2013","format":false,"excerpt":"\u00a0 O ano de 2013 ser\u00e1, sem d\u00favida, um dos mais importantes para a Contabilidade brasileira. Lideran\u00e7as e \u00f3rg\u00e3os ligados \u00e0 profiss\u00e3o est\u00e3o se unindo para que toda a sociedade saiba e reconhe\u00e7a o verdadeiro papel do profissional da contabilidade. \u00a0 \u00a0 \u00a0 Conhe\u00e7a, a seguir, um pouco do projeto.\u2026","rel":"","context":"Em &quot;Consultoria Empresarial&quot;","block_context":{"text":"Consultoria Empresarial","link":"https:\/\/cfcontabil.com\/cf\/category\/consultoria\/"},"img":{"alt_text":"Ano da Contabilidade no Brasil","src":"http:\/\/www.crcsc.org.br\/arquivosSGC\/BANNER_20121211103353Ano20da20Contabilidade.jpg&w=418&h=238&c=s","width":350,"height":200},"classes":[]},{"id":2621,"url":"https:\/\/cfcontabil.com\/cf\/entidades-exigem-criterios-claros-para-remocao-de-conteudo-da-internet\/","url_meta":{"origin":361,"position":2},"title":"Entidades exigem crit\u00e9rios claros para remo\u00e7\u00e3o de conte\u00fado da internet","author":"Ab\u00edlio Gon\u00e7alves","date":"11 de agosto de 2021","format":false,"excerpt":"Organiza\u00e7\u00f5es da sociedade civil defendem que o chamado \"PL de combate das fake news\" exija que as pol\u00edticas de uso, de remo\u00e7\u00e3o e de direcionamento de conte\u00fado das redes sociais sejam mais transparentes para o usu\u00e1rio. O tema foi debatido em audi\u00eancia p\u00fablica, nesta ter\u00e7a-feira (10), do grupo de trabalho\u2026","rel":"","context":"Em &quot;Geral&quot;","block_context":{"text":"Geral","link":"https:\/\/cfcontabil.com\/cf\/category\/geral\/"},"img":{"alt_text":"white and black letter blocks","src":"https:\/\/i0.wp.com\/cfcontabil.com\/cf\/wp-content\/uploads\/2021\/08\/pexels-photo-3989901.jpeg?fit=1200%2C800&ssl=1&resize=350%2C200","width":350,"height":200,"srcset":"https:\/\/i0.wp.com\/cfcontabil.com\/cf\/wp-content\/uploads\/2021\/08\/pexels-photo-3989901.jpeg?fit=1200%2C800&ssl=1&resize=350%2C200 1x, https:\/\/i0.wp.com\/cfcontabil.com\/cf\/wp-content\/uploads\/2021\/08\/pexels-photo-3989901.jpeg?fit=1200%2C800&ssl=1&resize=525%2C300 1.5x, https:\/\/i0.wp.com\/cfcontabil.com\/cf\/wp-content\/uploads\/2021\/08\/pexels-photo-3989901.jpeg?fit=1200%2C800&ssl=1&resize=700%2C400 2x, https:\/\/i0.wp.com\/cfcontabil.com\/cf\/wp-content\/uploads\/2021\/08\/pexels-photo-3989901.jpeg?fit=1200%2C800&ssl=1&resize=1050%2C600 3x"},"classes":[]},{"id":859,"url":"https:\/\/cfcontabil.com\/cf\/ministerio-do-trabalho-lanca-cartilha-para-esclarecer-duvidas-da-rais\/","url_meta":{"origin":361,"position":3},"title":"Minist\u00e9rio do Trabalho lan\u00e7a cartilha para esclarecer d\u00favidas da RAIS","author":"Ab\u00edlio Gon\u00e7alves","date":"26 de janeiro de 2017","format":false,"excerpt":"Publica\u00e7\u00e3o serve para esclarecer d\u00favidas sobre como fazer a declara\u00e7\u00e3o de forma correta O Minist\u00e9rio do Trabalho acaba de lan\u00e7ar a Cartilha da Rais, para esclarecer d\u00favidas sobre como fazer a declara\u00e7\u00e3o anual de forma correta. Desde o dia 17 de janeiro est\u00e1 aberto o prazo para declarar as informa\u00e7\u00f5es\u2026","rel":"","context":"Em &quot;Departamento Pessoal&quot;","block_context":{"text":"Departamento Pessoal","link":"https:\/\/cfcontabil.com\/cf\/category\/dp\/"},"img":{"alt_text":"","src":"https:\/\/i0.wp.com\/cfcontabil.com\/cf\/wp-content\/uploads\/2017\/01\/rais-1280x720-1.jpg?fit=1200%2C675&ssl=1&resize=350%2C200","width":350,"height":200,"srcset":"https:\/\/i0.wp.com\/cfcontabil.com\/cf\/wp-content\/uploads\/2017\/01\/rais-1280x720-1.jpg?fit=1200%2C675&ssl=1&resize=350%2C200 1x, https:\/\/i0.wp.com\/cfcontabil.com\/cf\/wp-content\/uploads\/2017\/01\/rais-1280x720-1.jpg?fit=1200%2C675&ssl=1&resize=525%2C300 1.5x, https:\/\/i0.wp.com\/cfcontabil.com\/cf\/wp-content\/uploads\/2017\/01\/rais-1280x720-1.jpg?fit=1200%2C675&ssl=1&resize=700%2C400 2x, https:\/\/i0.wp.com\/cfcontabil.com\/cf\/wp-content\/uploads\/2017\/01\/rais-1280x720-1.jpg?fit=1200%2C675&ssl=1&resize=1050%2C600 3x"},"classes":[]},{"id":2655,"url":"https:\/\/cfcontabil.com\/cf\/brasil-tem-152-milhoes-de-pessoas-com-acesso-a-internet\/","url_meta":{"origin":361,"position":4},"title":"Brasil tem 152 milh\u00f5es de pessoas com acesso \u00e0 internet","author":"Ab\u00edlio Gon\u00e7alves","date":"24 de agosto de 2021","format":false,"excerpt":"Dia do Internauta mostra que, apesar de amplo, acesso ainda \u00e9 desigual. O internauta tem um dia dedicado a ele, 23 de agosto, data em que, no ano de 1991, a rede mundial de computadores foi aberta ao mundo. No Brasil, tem crescido, ano a ano, o n\u00famero de pessoas\u2026","rel":"","context":"Em &quot;Geral&quot;","block_context":{"text":"Geral","link":"https:\/\/cfcontabil.com\/cf\/category\/geral\/"},"img":{"alt_text":"white switch hub turned on","src":"https:\/\/i0.wp.com\/cfcontabil.com\/cf\/wp-content\/uploads\/2021\/08\/network-cable-ethernet-computer-159304.jpeg?fit=1200%2C800&ssl=1&resize=350%2C200","width":350,"height":200,"srcset":"https:\/\/i0.wp.com\/cfcontabil.com\/cf\/wp-content\/uploads\/2021\/08\/network-cable-ethernet-computer-159304.jpeg?fit=1200%2C800&ssl=1&resize=350%2C200 1x, https:\/\/i0.wp.com\/cfcontabil.com\/cf\/wp-content\/uploads\/2021\/08\/network-cable-ethernet-computer-159304.jpeg?fit=1200%2C800&ssl=1&resize=525%2C300 1.5x, https:\/\/i0.wp.com\/cfcontabil.com\/cf\/wp-content\/uploads\/2021\/08\/network-cable-ethernet-computer-159304.jpeg?fit=1200%2C800&ssl=1&resize=700%2C400 2x, https:\/\/i0.wp.com\/cfcontabil.com\/cf\/wp-content\/uploads\/2021\/08\/network-cable-ethernet-computer-159304.jpeg?fit=1200%2C800&ssl=1&resize=1050%2C600 3x"},"classes":[]},{"id":1047,"url":"https:\/\/cfcontabil.com\/cf\/rais-2016-declaracao-garante-pagamento-de-beneficios\/","url_meta":{"origin":361,"position":5},"title":"RAIS 2016 &#8211; Declara\u00e7\u00e3o garante pagamento de benef\u00edcios","author":"Ab\u00edlio Gon\u00e7alves","date":"10 de mar\u00e7o de 2017","format":false,"excerpt":"Abono Salarial, FGTS e INSS s\u00e3o algumas das informa\u00e7\u00f5es que podem ser checadas pela RAIS. O prazo para entregar a Rela\u00e7\u00e3o Anual de Informa\u00e7\u00f5es Sociais (RAIS) de 2016 termina no pr\u00f3ximo dia 17 de mar\u00e7o.\u00a0 Os contribuintes com CNPJ ativo na Receita Federal em 2016, incluindo os Microempreendedores Individuais (MEI)\u2026","rel":"","context":"Em &quot;Departamento Pessoal&quot;","block_context":{"text":"Departamento Pessoal","link":"https:\/\/cfcontabil.com\/cf\/category\/dp\/"},"img":{"alt_text":"","src":"https:\/\/i0.wp.com\/cfcontabil.com\/cf\/wp-content\/uploads\/2017\/01\/rais-1280x720-1.jpg?fit=1200%2C675&ssl=1&resize=350%2C200","width":350,"height":200,"srcset":"https:\/\/i0.wp.com\/cfcontabil.com\/cf\/wp-content\/uploads\/2017\/01\/rais-1280x720-1.jpg?fit=1200%2C675&ssl=1&resize=350%2C200 1x, https:\/\/i0.wp.com\/cfcontabil.com\/cf\/wp-content\/uploads\/2017\/01\/rais-1280x720-1.jpg?fit=1200%2C675&ssl=1&resize=525%2C300 1.5x, https:\/\/i0.wp.com\/cfcontabil.com\/cf\/wp-content\/uploads\/2017\/01\/rais-1280x720-1.jpg?fit=1200%2C675&ssl=1&resize=700%2C400 2x, https:\/\/i0.wp.com\/cfcontabil.com\/cf\/wp-content\/uploads\/2017\/01\/rais-1280x720-1.jpg?fit=1200%2C675&ssl=1&resize=1050%2C600 3x"},"classes":[]}],"jetpack_likes_enabled":true,"_links":{"self":[{"href":"https:\/\/cfcontabil.com\/cf\/wp-json\/wp\/v2\/posts\/361","targetHints":{"allow":["GET"]}}],"collection":[{"href":"https:\/\/cfcontabil.com\/cf\/wp-json\/wp\/v2\/posts"}],"about":[{"href":"https:\/\/cfcontabil.com\/cf\/wp-json\/wp\/v2\/types\/post"}],"author":[{"embeddable":true,"href":"https:\/\/cfcontabil.com\/cf\/wp-json\/wp\/v2\/users\/2"}],"replies":[{"embeddable":true,"href":"https:\/\/cfcontabil.com\/cf\/wp-json\/wp\/v2\/comments?post=361"}],"version-history":[{"count":0,"href":"https:\/\/cfcontabil.com\/cf\/wp-json\/wp\/v2\/posts\/361\/revisions"}],"wp:attachment":[{"href":"https:\/\/cfcontabil.com\/cf\/wp-json\/wp\/v2\/media?parent=361"}],"wp:term":[{"taxonomy":"category","embeddable":true,"href":"https:\/\/cfcontabil.com\/cf\/wp-json\/wp\/v2\/categories?post=361"},{"taxonomy":"post_tag","embeddable":true,"href":"https:\/\/cfcontabil.com\/cf\/wp-json\/wp\/v2\/tags?post=361"}],"curies":[{"name":"wp","href":"https:\/\/api.w.org\/{rel}","templated":true}]}}