{"id":367,"date":"2013-09-18T10:24:47","date_gmt":"2013-09-18T13:24:47","guid":{"rendered":"http:\/\/cfcontabil.com\/cf\/?p=367"},"modified":"2013-09-18T10:24:47","modified_gmt":"2013-09-18T13:24:47","slug":"o-contador-na-era-tecnologica","status":"publish","type":"post","link":"https:\/\/cfcontabil.com\/cf\/o-contador-na-era-tecnologica\/","title":{"rendered":"O Contador na Era Tecnol\u00f3gica"},"content":{"rendered":"<p style=\"text-align: justify\">Bom dia, prezados!<\/p>\n<p style=\"text-align: justify\" align=\"justify\">\u00c9 fato que a internacionaliza\u00e7\u00e3o das normas cont\u00e1beis deu ao contador outro perfil. A ultrapassada imagem que vinculada ao contador brasileiro, como sendo o guarda-livros de caneta atr\u00e1s da orelha, n\u00e3o passa hoje de folclore e caricatura.<\/p>\n<p style=\"text-align: justify\" align=\"justify\">A abertura dos mercados globais tornou a Contabilidade a quarta profiss\u00e3o com maior demanda em todo o planeta. Novos campos de atua\u00e7\u00e3o deixaram para tr\u00e1s arranjos emp\u00edricos e trouxeram uma linguagem tecnol\u00f3gica e perfis especializados em consultoria, gest\u00e3o e per\u00edcia. A automa\u00e7\u00e3o de procedimentos a partir de softwares especializados mudou o cen\u00e1rio das empresas cont\u00e1beis, independetemente de seu tamanho.<\/p>\n<p style=\"text-align: justify\" align=\"justify\">Se a ci\u00eancia evolui, &#8220;o profissional tamb\u00e9m precisa evoluir a fim de acompanhar os novos conceitos utilizados e esta \u00e9 a rotina dos contabilistas que n\u00e3o podem, em momento algum, deixar de se atualizar e estudar assuntos correlatos \u00e0 contabilidade, ao mercado financeiro, ao sistema de tributa\u00e7\u00e3o e \u00e0 tecnologia que cerca todos estes conceitos&#8221;, conforme somos lembrados pelo professor Reinaldo Lunelli no artigo que estamos disponibilizando aqui hoje.<\/p>\n<p style=\"text-align: justify\" align=\"justify\">Confiram!<\/p>\n<p style=\"text-align: justify\" align=\"justify\"><img data-recalc-dims=\"1\" fetchpriority=\"high\" decoding=\"async\" class=\"alignnone\" alt=\"\" src=\"https:\/\/i0.wp.com\/www.serkat.com.br\/img\/topo\/servicos.jpg?resize=486%2C180\" width=\"486\" height=\"180\" \/><\/p>\n<p style=\"text-align: justify\" align=\"justify\"><!--more--><\/p>\n<p style=\"text-align: center\" align=\"justify\"><strong><span style=\"font-size: 14px\">A Contabilidade e o Avan\u00e7o da Tecnologia <\/span><\/strong><\/p>\n<p style=\"text-align: right\" align=\"justify\"><em>por Reinaldo Luiz Lunelli<\/em><\/p>\n<p style=\"text-align: justify\" align=\"justify\"><em>Com o passar dos anos, a contabilidade tem sofrido constantes muta\u00e7\u00f5es, n\u00e3o apenas legais, mas sim pr\u00e1ticas. Esta evolu\u00e7\u00e3o adv\u00e9m da pr\u00f3pria necessidade do mercado em receber informa\u00e7\u00f5es cada vez mais detalhadas e h\u00e1beis para a tomada de decis\u00f5es gerenciais, administrativas ou financeiras.<\/em><\/p>\n<p style=\"text-align: justify\"><em>Se a ci\u00eancia evolui, o profissional tamb\u00e9m precisa evoluir a fim de acompanhar os novos conceitos utilizados e esta \u00e9 a rotina dos contabilistas que n\u00e3o podem, em momento algum, deixar de se atualizar e estudar assuntos correlatos \u00e0 contabilidade, ao mercado financeiro, ao sistema de tributa\u00e7\u00e3o e \u00e0 tecnologia que cerca todos estes conceitos.<\/em><\/p>\n<p style=\"text-align: justify\"><em>Conforme Julio Cesar Zanluca, em seu artigo O Perfil do Contabilista no S\u00e9culo XXI, &#8220;a principal caracter\u00edstica da profiss\u00e3o, no s\u00e9culo XXI, ser\u00e1 o conhecimento aplicado. N\u00e3o menos importante, \u00e9 que o contabilista precisa ser um profissional flex\u00edvel, autodidata e preparado para enfrentar desafios de uma profiss\u00e3o na qual a competi\u00e7\u00e3o e exig\u00eancias crescem a cada dia&#8221;.<\/em><\/p>\n<p style=\"text-align: justify\"><em>A fim de exemplificar esta afirma\u00e7\u00e3o, n\u00e3o precisamos voltar muito no tempo para ver as modifica\u00e7\u00f5es que a tecnologia trouxe para os profissionais de contabilidade, que a n\u00e3o muitos anos atr\u00e1s ainda entregavam a declara\u00e7\u00e3o do imposto de renda de seus clientes em formul\u00e1rio ou disquete a ser entregue pessoalmente nos endere\u00e7os da Receita Federal.<\/em><\/p>\n<p style=\"text-align: justify\"><img data-recalc-dims=\"1\" decoding=\"async\" class=\"alignnone\" alt=\"\" src=\"https:\/\/i0.wp.com\/www.publistorm.com\/wp-content\/uploads\/2013\/03\/banner-tecnologia-calculadora.jpg?resize=502%2C274\" width=\"502\" height=\"274\" \/><\/p>\n<p style=\"text-align: justify\" align=\"justify\"><em>Hoje, com a internet cada vez mais consolidada dentro das organiza\u00e7\u00f5es, este processo tornou-se muito mais \u00e1gil e pr\u00e1tico. Basicamente todas as obriga\u00e7\u00f5es acess\u00f3rias das entidades podem ser cumpridas atrav\u00e9s de programas de processamento de dados que tratam as informa\u00e7\u00f5es e as remetem ao \u00f3rg\u00e3o competente. \u00c9 claro que com isto, a fiscaliza\u00e7\u00e3o tamb\u00e9m ganhou agilidade.<\/em><\/p>\n<p style=\"text-align: justify\"><em>As empresas, cada vez mais, lan\u00e7am m\u00e3o da tecnologia para auxiliar seus gestores no processo decis\u00f3rio e na elabora\u00e7\u00e3o de planos estrat\u00e9gicos. Dentre v\u00e1rias altera\u00e7\u00f5es, vimos claramente o aumento dos sistemas integrados de gest\u00e3o empresarial, os ditos ERP, que de uma forma bastante eficiente cruzam dados que foram imputados nos seus mais diversos m\u00f3dulos a fim de gerar relat\u00f3rios detalhados sobre qualquer aspecto ou departamento da empresa.<\/em><\/p>\n<p style=\"text-align: justify\"><em>O SPED &#8211; Sistema P\u00fablico de Escritura\u00e7\u00e3o Digital, foi outro passo importante e que merece especial aten\u00e7\u00e3o pelos contabilistas. O modelo de nota fiscal eletr\u00f4nica adotada no Brasil est\u00e1 sendo estudado por diversos outros pa\u00edses que pretendem adotar o modelo brasileiro. Outras altera\u00e7\u00f5es j\u00e1 est\u00e3o previstas para a Escritura\u00e7\u00e3o Cont\u00e1bil Digital e para a Escritura\u00e7\u00e3o Fiscal Digital, como a inclus\u00e3o do e-Lalur, por exemplo.<\/em><\/p>\n<p style=\"text-align: justify\"><em>Os avan\u00e7os tecnol\u00f3gicos tamb\u00e9m for\u00e7aram uma melhora do pensamento cont\u00e1bil, que foram movidos pelo agigantamento da corrup\u00e7\u00e3o e o uso da Contabilidade para fins il\u00edcitos; a euforia normativa com a participa\u00e7\u00e3o interventora do Estado e das entidades de classe; a vis\u00e3o social e a dilata\u00e7\u00e3o do estudo cont\u00e1bil para as rela\u00e7\u00f5es ambientais, al\u00e9m da globaliza\u00e7\u00e3o dos mercados e a necessidade de harmoniza\u00e7\u00e3o \u00e0s normas internacionais.<\/em><\/p>\n<p style=\"text-align: justify\"><em>Enfim, todo este avan\u00e7o valoriza ainda mais o profissional cont\u00e1bil, que frente a estas mudan\u00e7as, trata de se atualizar. A contabilidade tem hoje a miss\u00e3o de informar n\u00e3o somente dados fiscais, mas tamb\u00e9m aspectos econ\u00f4micos e gerenciais aos quais a empresa est\u00e1 sujeita e tudo isto com a maior exatid\u00e3o, clareza e velocidade poss\u00edvel.<\/em><\/p>\n<p><img data-recalc-dims=\"1\" decoding=\"async\" class=\"alignnone\" alt=\"\" src=\"https:\/\/i0.wp.com\/www2.hitecnet.com.br\/post\/wp-content\/uploads\/2012\/11\/Hi-tec-Blog-Dia-do-Tecnico-em-Contabilidade.jpg?resize=502%2C264\" width=\"502\" height=\"264\" \/><\/p>\n<p>&nbsp;<\/p>\n<p style=\"text-align: justify\" align=\"justify\"><span style=\"font-size: 10px\">* O autor Reinaldo Luiz Lunelli \u00e9 contabilista, auditor, consultor de empresas, professor universit\u00e1rio, autor de diversos livros de mat\u00e9ria cont\u00e1bil e tribut\u00e1ria e membro da reda\u00e7\u00e3o dos sites <a title=\"Portal Tribut\u00e1rio\" href=\"http:\/\/www.portaltributario.com.br\/\" target=\"_blank\" rel=\"noopener noreferrer\">Portal Tribut\u00e1rio<\/a> e <a title=\"Portal de Contabilidade\" href=\"http:\/\/www.portaldecontabilidade.com.br\/\" target=\"_blank\" rel=\"noopener noreferrer\">Portal de Contabilidade<\/a>.<\/span><\/p>\n","protected":false},"excerpt":{"rendered":"<p>Bom dia, prezados! \u00c9 fato que a internacionaliza\u00e7\u00e3o das normas cont\u00e1beis deu ao contador outro perfil. A ultrapassada imagem que vinculada ao contador brasileiro, como sendo o guarda-livros de caneta atr\u00e1s da orelha, n\u00e3o passa hoje de folclore e caricatura. A abertura dos mercados globais tornou a Contabilidade a quarta profiss\u00e3o com maior demanda em [&hellip;]<\/p>\n","protected":false},"author":2,"featured_media":0,"comment_status":"open","ping_status":"open","sticky":false,"template":"","format":"standard","meta":{"jetpack_post_was_ever_published":false,"_jetpack_newsletter_access":"","_jetpack_dont_email_post_to_subs":false,"_jetpack_newsletter_tier_id":0,"_jetpack_memberships_contains_paywalled_content":false,"_jetpack_memberships_contains_paid_content":false,"footnotes":"","jetpack_publicize_message":"","jetpack_publicize_feature_enabled":true,"jetpack_social_post_already_shared":true,"jetpack_social_options":{"image_generator_settings":{"template":"highway","default_image_id":0,"font":"","enabled":false},"version":2}},"categories":[60,69,46,29,22],"tags":[119,19,21,122,27],"class_list":["post-367","post","type-post","status-publish","format-standard","hentry","category-consultoria","category-contabilidade-2","category-df","category-dp","category-geral","tag-brasil","tag-brasilia","tag-contabilidade","tag-distrito-federal","tag-tecnologia"],"jetpack_publicize_connections":[],"jetpack_featured_media_url":"","jetpack_sharing_enabled":true,"jetpack_shortlink":"https:\/\/wp.me\/p2wklX-5V","jetpack-related-posts":[{"id":1026,"url":"https:\/\/cfcontabil.com\/cf\/dia-do-contador\/","url_meta":{"origin":367,"position":0},"title":"Dia do Contador","author":"Vin\u00edcius Moizinho","date":"21 de setembro de 2012","format":false,"excerpt":"Nos antecipando um pouquinho aos final de semana, fica a lembran\u00e7a: \u00a0contabilista, parab\u00e9ns pelo seu dia! Como homenagem, reproduzimos texto de Fernando Kitzinger Dannemann, dispon\u00edvel no portal Recando das Letras. Confira! DIA DO CONTADOR - 22 de setembro\u00a0 \u00a0\u00a0\u00a0\u00a0\u00a0\u00a0\u00a0\u00a0\u00a0\u00a0Regulamentada pelo decreto n\u00ba 9295 de 1946, a profiss\u00e3o de contador tem\u2026","rel":"","context":"Em &quot;Geral&quot;","block_context":{"text":"Geral","link":"https:\/\/cfcontabil.com\/cf\/category\/geral\/"},"img":{"alt_text":"","src":"https:\/\/i0.wp.com\/cfcontabil.com\/cf\/wp-content\/uploads\/2012\/09\/Dia-do-Contador.png?resize=350%2C200","width":350,"height":200},"classes":[]},{"id":1814,"url":"https:\/\/cfcontabil.com\/cf\/conta-azul-lanca-solucao-de-folha-de-pagamento\/","url_meta":{"origin":367,"position":1},"title":"Conta Azul lan\u00e7a solu\u00e7\u00e3o de Folha de Pagamento","author":"Ab\u00edlio Gon\u00e7alves","date":"28 de outubro de 2019","format":false,"excerpt":"Com empresas cont\u00e1beis e pequenas empresas como clientes, objetivo \u00e9 fomentar efeito plataforma no mercado B2B. A Conta Azul, fintech de gest\u00e3o B2B mais inovadora do Brasil, realizou na \u00faltima quarta-feira, 23, o lan\u00e7amento de uma solu\u00e7\u00e3o de departamento pessoal que amplia a proposta de valor da Conta Azul Mais,\u2026","rel":"","context":"Em &quot;Contabilidade em geral&quot;","block_context":{"text":"Contabilidade em geral","link":"https:\/\/cfcontabil.com\/cf\/category\/contabilidade-2\/"},"img":{"alt_text":"","src":"https:\/\/i0.wp.com\/cfcontabil.com\/cf\/wp-content\/uploads\/2019\/10\/ContaAzulCON.png?fit=764%2C401&ssl=1&resize=350%2C200","width":350,"height":200,"srcset":"https:\/\/i0.wp.com\/cfcontabil.com\/cf\/wp-content\/uploads\/2019\/10\/ContaAzulCON.png?fit=764%2C401&ssl=1&resize=350%2C200 1x, https:\/\/i0.wp.com\/cfcontabil.com\/cf\/wp-content\/uploads\/2019\/10\/ContaAzulCON.png?fit=764%2C401&ssl=1&resize=525%2C300 1.5x, https:\/\/i0.wp.com\/cfcontabil.com\/cf\/wp-content\/uploads\/2019\/10\/ContaAzulCON.png?fit=764%2C401&ssl=1&resize=700%2C400 2x"},"classes":[]},{"id":611,"url":"https:\/\/cfcontabil.com\/cf\/x-convencao-de-contabildade-do-distrito-federal\/","url_meta":{"origin":367,"position":2},"title":"X Conven\u00e7\u00e3o de Contabildade do Distrito Federal","author":"Ab\u00edlio Gon\u00e7alves","date":"10 de setembro de 2015","format":false,"excerpt":"\u201cCom a Contabilidade o Brasil se faz Transparente\u201d Com este tema que o Conselho Regional de Contabilidade do Distrito Federal (CRCDF) realizou a X Conven\u00e7\u00e3o de Contabilidade do Distrito Federal, \u00a0nos dias 20 e 21 de agosto\u00a0na sede da LBV, situada na SGAS 915 Sul. A Conven\u00e7\u00e3o de\u00a0Contabilidade \u00e9 um\u2026","rel":"","context":"Em &quot;Consultoria Empresarial&quot;","block_context":{"text":"Consultoria Empresarial","link":"https:\/\/cfcontabil.com\/cf\/category\/consultoria\/"},"img":{"alt_text":"","src":"https:\/\/i0.wp.com\/cfcontabil.com\/cf\/wp-content\/uploads\/2015\/09\/xconvencaocontabilidadedf-tema-2.png?fit=600%2C600&ssl=1&resize=350%2C200","width":350,"height":200,"srcset":"https:\/\/i0.wp.com\/cfcontabil.com\/cf\/wp-content\/uploads\/2015\/09\/xconvencaocontabilidadedf-tema-2.png?fit=600%2C600&ssl=1&resize=350%2C200 1x, https:\/\/i0.wp.com\/cfcontabil.com\/cf\/wp-content\/uploads\/2015\/09\/xconvencaocontabilidadedf-tema-2.png?fit=600%2C600&ssl=1&resize=525%2C300 1.5x"},"classes":[]},{"id":2346,"url":"https:\/\/cfcontabil.com\/cf\/o-que-podemos-aprender-com-os-contadores\/","url_meta":{"origin":367,"position":3},"title":"O que podemos aprender com os contadores","author":"Ab\u00edlio Gon\u00e7alves","date":"22 de setembro de 2020","format":false,"excerpt":"Sem d\u00favidas, o cen\u00e1rio atual \u00e9 de desafio imenso para os contadores Muitos podem n\u00e3o saber, mas o contador, celebrado neste 22 de setembro, e\u00eam contribu\u00eddo, cada vez mais, n\u00e3o apenas para o aprimoramento da gest\u00e3o e governan\u00e7a corporativa, como para a transpar\u00eancia e integridade, anseios irrevers\u00edveis da sociedade contempor\u00e2nea.\u2026","rel":"","context":"Em &quot;Geral&quot;","block_context":{"text":"Geral","link":"https:\/\/cfcontabil.com\/cf\/category\/geral\/"},"img":{"alt_text":"","src":"https:\/\/i0.wp.com\/cfcontabil.com\/cf\/wp-content\/uploads\/2019\/09\/tecnologia-na-contabilidade-vantagens-1024x633.jpg?fit=1024%2C633&ssl=1&resize=350%2C200","width":350,"height":200,"srcset":"https:\/\/i0.wp.com\/cfcontabil.com\/cf\/wp-content\/uploads\/2019\/09\/tecnologia-na-contabilidade-vantagens-1024x633.jpg?fit=1024%2C633&ssl=1&resize=350%2C200 1x, https:\/\/i0.wp.com\/cfcontabil.com\/cf\/wp-content\/uploads\/2019\/09\/tecnologia-na-contabilidade-vantagens-1024x633.jpg?fit=1024%2C633&ssl=1&resize=525%2C300 1.5x, https:\/\/i0.wp.com\/cfcontabil.com\/cf\/wp-content\/uploads\/2019\/09\/tecnologia-na-contabilidade-vantagens-1024x633.jpg?fit=1024%2C633&ssl=1&resize=700%2C400 2x"},"classes":[]},{"id":1203,"url":"https:\/\/cfcontabil.com\/cf\/bons-contadores-contatos-ruins\/","url_meta":{"origin":367,"position":4},"title":"Bons contadores, contatos ruins","author":"Vin\u00edcius Moizinho","date":"24 de maio de 2013","format":false,"excerpt":"Salve, salve prezados! Passado quase um m\u00eas do conturbado per\u00edodo onde pessoas f\u00edsicas correm contra o tempo para prestar contas ao n\u00e3o-t\u00e3o-querido-assim le\u00e3o de estima\u00e7\u00e3o do Fisco, volto abordando um tema interessante para reflex\u00e3o. Considere: determinados tipos de servi\u00e7o demandam certo grau de qualifica\u00e7\u00e3o para que sejam realizados. Alguns com\u2026","rel":"","context":"Em &quot;Consultoria Empresarial&quot;","block_context":{"text":"Consultoria Empresarial","link":"https:\/\/cfcontabil.com\/cf\/category\/consultoria\/"},"img":{"alt_text":"","src":"","width":0,"height":0},"classes":[]},{"id":316,"url":"https:\/\/cfcontabil.com\/cf\/caso-cachoeira-braco-direito-nao-e-contador\/","url_meta":{"origin":367,"position":5},"title":"Caso Cachoeira: \u201cBra\u00e7o direito\u201d N\u00c3O \u00e9 Contador","author":"Vin\u00edcius Moizinho","date":"25 de janeiro de 2013","format":false,"excerpt":"Bom dia, prezados! Hoje venho lhes trazer uma informa\u00e7\u00e3o relevante que, infelizmente, tem sido negligenciada pela m\u00eddia em geral. \u00c9 a respeito de Geovani Pereira da Silva, preso por ser considerado o contador da quadrilha desmantelada pela Pol\u00edcia Federal na resolu\u00e7\u00e3o do Caso\u00a0Carlinhos Cachoeira. O Conselho Regional de Contabilidade do\u2026","rel":"","context":"Em &quot;Geral&quot;","block_context":{"text":"Geral","link":"https:\/\/cfcontabil.com\/cf\/category\/geral\/"},"img":{"alt_text":"Conselho Regional de Contabilidade do DF","src":"https:\/\/i0.wp.com\/api.ning.com\/files\/dp5RmXzcyHBAaTQGxS-th1QSkWv34NNAjXClDAZf9qtJost6xYP2BTF5WlAXh7b50XStOJdvLZ1G7XiG3i0pF1KC7TJGeZ7G\/LogoCRCDF_peq.gif?resize=350%2C200","width":350,"height":200},"classes":[]}],"jetpack_likes_enabled":true,"_links":{"self":[{"href":"https:\/\/cfcontabil.com\/cf\/wp-json\/wp\/v2\/posts\/367","targetHints":{"allow":["GET"]}}],"collection":[{"href":"https:\/\/cfcontabil.com\/cf\/wp-json\/wp\/v2\/posts"}],"about":[{"href":"https:\/\/cfcontabil.com\/cf\/wp-json\/wp\/v2\/types\/post"}],"author":[{"embeddable":true,"href":"https:\/\/cfcontabil.com\/cf\/wp-json\/wp\/v2\/users\/2"}],"replies":[{"embeddable":true,"href":"https:\/\/cfcontabil.com\/cf\/wp-json\/wp\/v2\/comments?post=367"}],"version-history":[{"count":0,"href":"https:\/\/cfcontabil.com\/cf\/wp-json\/wp\/v2\/posts\/367\/revisions"}],"wp:attachment":[{"href":"https:\/\/cfcontabil.com\/cf\/wp-json\/wp\/v2\/media?parent=367"}],"wp:term":[{"taxonomy":"category","embeddable":true,"href":"https:\/\/cfcontabil.com\/cf\/wp-json\/wp\/v2\/categories?post=367"},{"taxonomy":"post_tag","embeddable":true,"href":"https:\/\/cfcontabil.com\/cf\/wp-json\/wp\/v2\/tags?post=367"}],"curies":[{"name":"wp","href":"https:\/\/api.w.org\/{rel}","templated":true}]}}