{"id":424,"date":"2013-12-20T08:30:43","date_gmt":"2013-12-20T10:30:43","guid":{"rendered":"http:\/\/cfcontabil.com\/cf\/?p=424"},"modified":"2013-12-20T08:30:43","modified_gmt":"2013-12-20T10:30:43","slug":"recesso-e-ferias-coletivas-2013","status":"publish","type":"post","link":"https:\/\/cfcontabil.com\/cf\/recesso-e-ferias-coletivas-2013\/","title":{"rendered":"Recesso e F\u00e9rias Coletivas 2013"},"content":{"rendered":"<p><img data-recalc-dims=\"1\" decoding=\"async\" alt=\"\" src=\"https:\/\/i0.wp.com\/i.imgur.com\/dvQJNqU.png?w=1170\" \/><\/p>\n","protected":false},"excerpt":{"rendered":"","protected":false},"author":2,"featured_media":0,"comment_status":"open","ping_status":"open","sticky":false,"template":"","format":"standard","meta":{"jetpack_post_was_ever_published":false,"_jetpack_newsletter_access":"","_jetpack_dont_email_post_to_subs":false,"_jetpack_newsletter_tier_id":0,"_jetpack_memberships_contains_paywalled_content":false,"_jetpack_memberships_contains_paid_content":false,"footnotes":"","jetpack_publicize_message":"","jetpack_publicize_feature_enabled":true,"jetpack_social_post_already_shared":true,"jetpack_social_options":{"image_generator_settings":{"template":"highway","default_image_id":0,"font":"","enabled":false},"version":2}},"categories":[60,69,46,29,22],"tags":[19,21,122,138,102],"class_list":["post-424","post","type-post","status-publish","format-standard","hentry","category-consultoria","category-contabilidade-2","category-df","category-dp","category-geral","tag-brasilia","tag-contabilidade","tag-distrito-federal","tag-ferias-coletivas","tag-recesso"],"jetpack_publicize_connections":[],"jetpack_featured_media_url":"","jetpack_sharing_enabled":true,"jetpack_shortlink":"https:\/\/wp.me\/p2wklX-6Q","jetpack-related-posts":[{"id":578,"url":"https:\/\/cfcontabil.com\/cf\/comunicado-recesso-de-fim-de-ano-2014\/","url_meta":{"origin":424,"position":0},"title":"Comunicado: Recesso de Fim de Ano 2014","author":"Vin\u00edcius Moizinho","date":"19 de dezembro de 2014","format":"aside","excerpt":"","rel":"","context":"Em &quot;Consultoria Empresarial&quot;","block_context":{"text":"Consultoria Empresarial","link":"https:\/\/cfcontabil.com\/cf\/category\/consultoria\/"},"img":{"alt_text":"CF CONTABIL - Recesso e Ferias 2014","src":"https:\/\/i0.wp.com\/cfcontabil.com\/cf\/wp-content\/uploads\/2014\/12\/CF-CONTABIL-Recesso-e-Ferias-2014.png?resize=350%2C200","width":350,"height":200,"srcset":"https:\/\/i0.wp.com\/cfcontabil.com\/cf\/wp-content\/uploads\/2014\/12\/CF-CONTABIL-Recesso-e-Ferias-2014.png?resize=350%2C200 1x, https:\/\/i0.wp.com\/cfcontabil.com\/cf\/wp-content\/uploads\/2014\/12\/CF-CONTABIL-Recesso-e-Ferias-2014.png?resize=525%2C300 1.5x, https:\/\/i0.wp.com\/cfcontabil.com\/cf\/wp-content\/uploads\/2014\/12\/CF-CONTABIL-Recesso-e-Ferias-2014.png?resize=700%2C400 2x"},"classes":[]},{"id":778,"url":"https:\/\/cfcontabil.com\/cf\/comunicado-recesso-e-ferias-coletivas-ano-2016\/","url_meta":{"origin":424,"position":1},"title":"COMUNICADO &#8211; Recesso e F\u00e9rias Coletivas &#8211; Ano 2016","author":"Ab\u00edlio Gon\u00e7alves","date":"2 de dezembro de 2016","format":false,"excerpt":"","rel":"","context":"Em &quot;Geral&quot;","block_context":{"text":"Geral","link":"https:\/\/cfcontabil.com\/cf\/category\/geral\/"},"img":{"alt_text":"","src":"https:\/\/i0.wp.com\/cfcontabil.com\/Encarte_Recesso_2016.jpg?resize=350%2C200","width":350,"height":200,"srcset":"https:\/\/i0.wp.com\/cfcontabil.com\/Encarte_Recesso_2016.jpg?resize=350%2C200 1x, https:\/\/i0.wp.com\/cfcontabil.com\/Encarte_Recesso_2016.jpg?resize=525%2C300 1.5x, https:\/\/i0.wp.com\/cfcontabil.com\/Encarte_Recesso_2016.jpg?resize=700%2C400 2x, https:\/\/i0.wp.com\/cfcontabil.com\/Encarte_Recesso_2016.jpg?resize=1050%2C600 3x"},"classes":[]},{"id":584,"url":"https:\/\/cfcontabil.com\/cf\/recesso-no-aniversario-de-brasilia\/","url_meta":{"origin":424,"position":2},"title":"Recesso no anivers\u00e1rio de Bras\u00edlia","author":"Vin\u00edcius Moizinho","date":"17 de abril de 2015","format":"quote","excerpt":"","rel":"","context":"Em &quot;Consultoria Empresarial&quot;","block_context":{"text":"Consultoria Empresarial","link":"https:\/\/cfcontabil.com\/cf\/category\/consultoria\/"},"img":{"alt_text":"Recesso dia 20 de Abril de 2015","src":"https:\/\/i0.wp.com\/cfcontabil.com\/cf\/wp-content\/uploads\/2015\/04\/CF-CONTABIL-Aniversario-de-Brasilia.png?resize=350%2C200","width":350,"height":200,"srcset":"https:\/\/i0.wp.com\/cfcontabil.com\/cf\/wp-content\/uploads\/2015\/04\/CF-CONTABIL-Aniversario-de-Brasilia.png?resize=350%2C200 1x, https:\/\/i0.wp.com\/cfcontabil.com\/cf\/wp-content\/uploads\/2015\/04\/CF-CONTABIL-Aniversario-de-Brasilia.png?resize=525%2C300 1.5x, https:\/\/i0.wp.com\/cfcontabil.com\/cf\/wp-content\/uploads\/2015\/04\/CF-CONTABIL-Aniversario-de-Brasilia.png?resize=700%2C400 2x"},"classes":[]},{"id":622,"url":"https:\/\/cfcontabil.com\/cf\/comunicado-recesso-2015\/","url_meta":{"origin":424,"position":3},"title":"Comunicado: Recesso de Fim de Ano 2015","author":"Vin\u00edcius Moizinho","date":"7 de dezembro de 2015","format":false,"excerpt":"","rel":"","context":"Em &quot;Geral&quot;","block_context":{"text":"Geral","link":"https:\/\/cfcontabil.com\/cf\/category\/geral\/"},"img":{"alt_text":"","src":"https:\/\/i0.wp.com\/cfcontabil.com\/cf\/wp-content\/uploads\/2014\/07\/CF-ENCARTE-NATAL-2015-2.jpg?fit=849%2C1200&ssl=1&resize=350%2C200","width":350,"height":200,"srcset":"https:\/\/i0.wp.com\/cfcontabil.com\/cf\/wp-content\/uploads\/2014\/07\/CF-ENCARTE-NATAL-2015-2.jpg?fit=849%2C1200&ssl=1&resize=350%2C200 1x, https:\/\/i0.wp.com\/cfcontabil.com\/cf\/wp-content\/uploads\/2014\/07\/CF-ENCARTE-NATAL-2015-2.jpg?fit=849%2C1200&ssl=1&resize=525%2C300 1.5x, https:\/\/i0.wp.com\/cfcontabil.com\/cf\/wp-content\/uploads\/2014\/07\/CF-ENCARTE-NATAL-2015-2.jpg?fit=849%2C1200&ssl=1&resize=700%2C400 2x"},"classes":[]},{"id":275,"url":"https:\/\/cfcontabil.com\/cf\/entao-e-natal\/","url_meta":{"origin":424,"position":4},"title":"Ent\u00e3o \u00e9 Natal!","author":"Vin\u00edcius Moizinho","date":"20 de dezembro de 2012","format":false,"excerpt":"Chegou! Mais um ano se encerra.\u00a0Gostar\u00edamos de agradecer a todos pela companhia durante essa longa jornada.\u00a0Nosso\u00a0Natal\u00a0n\u00e3o seria t\u00e3o gratificante sem voc\u00ea!\u00a0Feliz Natal e um 2013 maravilhoso!! Lembrando aos prezados parceiros e queridos amigos leitores que a\u00a0CF Cont\u00e1bil\u00a0estar\u00e1 de recesso no per\u00edodo entre\u00a021 de Dezembro de 2012\u00a0a\u00a002 de Janeiro de 2013.\u2026","rel":"","context":"Em &quot;Geral&quot;","block_context":{"text":"Geral","link":"https:\/\/cfcontabil.com\/cf\/category\/geral\/"},"img":{"alt_text":"\u00c9 Natal!","src":"https:\/\/i0.wp.com\/lh4.googleusercontent.com\/-uoq8jeX_x4w\/UNNQ5a0ZL9I\/AAAAAAAAp04\/6eLu4nxNsro\/s552\/CF%2BNATAL%2BCARD%2B2012%2Bv2.jpg?resize=350%2C200&ssl=1","width":350,"height":200,"srcset":"https:\/\/i0.wp.com\/lh4.googleusercontent.com\/-uoq8jeX_x4w\/UNNQ5a0ZL9I\/AAAAAAAAp04\/6eLu4nxNsro\/s552\/CF%2BNATAL%2BCARD%2B2012%2Bv2.jpg?resize=350%2C200&ssl=1 1x, https:\/\/i0.wp.com\/lh4.googleusercontent.com\/-uoq8jeX_x4w\/UNNQ5a0ZL9I\/AAAAAAAAp04\/6eLu4nxNsro\/s552\/CF%2BNATAL%2BCARD%2B2012%2Bv2.jpg?resize=525%2C300&ssl=1 1.5x"},"classes":[]},{"id":626,"url":"https:\/\/cfcontabil.com\/cf\/feliz-natal-boas-festas\/","url_meta":{"origin":424,"position":5},"title":"Feliz Natal! Boas Festas!","author":"Vin\u00edcius Moizinho","date":"21 de dezembro de 2015","format":"image","excerpt":"","rel":"","context":"Em &quot;Geral&quot;","block_context":{"text":"Geral","link":"https:\/\/cfcontabil.com\/cf\/category\/geral\/"},"img":{"alt_text":"","src":"https:\/\/i0.wp.com\/cfcontabil.com\/cf\/wp-content\/uploads\/2014\/07\/CF-Cart%C3%A3o-Natal-2015-2.jpg?fit=897%2C602&ssl=1&resize=350%2C200","width":350,"height":200,"srcset":"https:\/\/i0.wp.com\/cfcontabil.com\/cf\/wp-content\/uploads\/2014\/07\/CF-Cart%C3%A3o-Natal-2015-2.jpg?fit=897%2C602&ssl=1&resize=350%2C200 1x, https:\/\/i0.wp.com\/cfcontabil.com\/cf\/wp-content\/uploads\/2014\/07\/CF-Cart%C3%A3o-Natal-2015-2.jpg?fit=897%2C602&ssl=1&resize=525%2C300 1.5x, https:\/\/i0.wp.com\/cfcontabil.com\/cf\/wp-content\/uploads\/2014\/07\/CF-Cart%C3%A3o-Natal-2015-2.jpg?fit=897%2C602&ssl=1&resize=700%2C400 2x"},"classes":[]}],"jetpack_likes_enabled":true,"_links":{"self":[{"href":"https:\/\/cfcontabil.com\/cf\/wp-json\/wp\/v2\/posts\/424","targetHints":{"allow":["GET"]}}],"collection":[{"href":"https:\/\/cfcontabil.com\/cf\/wp-json\/wp\/v2\/posts"}],"about":[{"href":"https:\/\/cfcontabil.com\/cf\/wp-json\/wp\/v2\/types\/post"}],"author":[{"embeddable":true,"href":"https:\/\/cfcontabil.com\/cf\/wp-json\/wp\/v2\/users\/2"}],"replies":[{"embeddable":true,"href":"https:\/\/cfcontabil.com\/cf\/wp-json\/wp\/v2\/comments?post=424"}],"version-history":[{"count":0,"href":"https:\/\/cfcontabil.com\/cf\/wp-json\/wp\/v2\/posts\/424\/revisions"}],"wp:attachment":[{"href":"https:\/\/cfcontabil.com\/cf\/wp-json\/wp\/v2\/media?parent=424"}],"wp:term":[{"taxonomy":"category","embeddable":true,"href":"https:\/\/cfcontabil.com\/cf\/wp-json\/wp\/v2\/categories?post=424"},{"taxonomy":"post_tag","embeddable":true,"href":"https:\/\/cfcontabil.com\/cf\/wp-json\/wp\/v2\/tags?post=424"}],"curies":[{"name":"wp","href":"https:\/\/api.w.org\/{rel}","templated":true}]}}