{"id":45,"date":"2012-07-06T11:51:30","date_gmt":"2012-07-06T14:51:30","guid":{"rendered":"http:\/\/cfcontabil.com\/cf\/?p=45"},"modified":"2012-07-06T11:51:30","modified_gmt":"2012-07-06T14:51:30","slug":"estamos-de-olho","status":"publish","type":"post","link":"https:\/\/cfcontabil.com\/cf\/estamos-de-olho\/","title":{"rendered":"Estamos de olho!"},"content":{"rendered":"<p style=\"text-align: left\">Boas not\u00edcias, contadores.<\/p>\n<p style=\"text-align: left\">No \u00faltimo dia 04 (quarta-feira) obtivemos uma importante <s>apesar de n\u00e3o t\u00e3o expressiva<\/s> vit\u00f3ria. Representantes da classe cont\u00e1bil do pa\u00eds, acompanhados da Vice-Presiidente de Fiscaliza\u00e7\u00e3o, \u00c9tica e Disciplina do CRC\/DF, Sandra Maria Batista, foram ao gabinete do Senador Armando Monteiro (PTB\/PE) para discutir o Projeto de Lei n. 289\/2008.<\/p>\n<p style=\"text-align: left\">N\u00e3o sabe do que se trata? Bom, simplificando, podemos dizer que tem a ver com a dispensa da obriga\u00e7\u00f5es de manter a contabilidade e levantar anualmente Balan\u00e7o Patrimonial e resultado econ\u00f4mico por parte das empresas optantes pelo Simples Nacional.<\/p>\n<p style=\"text-align: left\">Pois bem. O assunto j\u00e1 havia sido tratado dias antes pelo presidente do CRC\/DF, Adriano Marrocos, e o senador Gim Argello. O grupo liderado pelo presidente da Fenacon, Valdir Pietrobon, e pela ex-presidente do CFC, Maria Clara Bugarim, argumentou ao Senador Armando Monteiro sobre a import\u00e2ncia da Contabilidade para o desenvolvimento das empresas e sobre os riscos que a desobriga\u00e7\u00e3o poderia gerar \u00e0 economia do pa\u00eds.<\/p>\n<p style=\"text-align: left\">Micro e pequenas empresas, muitas delas optantes pelo regime Simples Nacional, possuem um papel de grande import\u00e2ncia no cen\u00e1rio nacional devido \u00e0 grande capacidade de gera\u00e7\u00e3o de empregos, por sua distribui\u00e7\u00e3o geogr\u00e1fica que n\u00e3o \u00e9 concentrada apenas nas principais regi\u00f5es de grande poder econ\u00f4mico e por essa categoria representar 25% do PIB brasileiro.<\/p>\n<p style=\"text-align: left\">O Senador entendeu a situa\u00e7\u00e3o e determinou a retirada do projeto da pauta da Comiss\u00e3o de Constitui\u00e7\u00e3o, Justi\u00e7a e Cidadania, onde tramitava. O texto vai passar por nova an\u00e1lise, agora considerando a simplifica\u00e7\u00e3o da contabilidade, e n\u00e3o mais sua desobriga\u00e7\u00e3o.<\/p>\n<p style=\"text-align: center\">Estamos de olho!<\/p>\n<p style=\"text-align: left\"><a href=\"http:\/\/www.crcdf.org.br\/\"><img data-recalc-dims=\"1\" fetchpriority=\"high\" decoding=\"async\" class=\"aligncenter\" src=\"https:\/\/i0.wp.com\/2.bp.blogspot.com\/-QYahUhbnBrk\/TaO68CjbxtI\/AAAAAAAAAKw\/oD_MP2Jsxug\/s1600\/Contabilidade.JPG?resize=295%2C324\" alt=\"\" width=\"295\" height=\"324\" \/><\/a><\/p>\n","protected":false},"excerpt":{"rendered":"<p>Boas not\u00edcias, contadores. No \u00faltimo dia 04 (quarta-feira) obtivemos uma importante apesar de n\u00e3o t\u00e3o expressiva vit\u00f3ria. Representantes da classe cont\u00e1bil do pa\u00eds, acompanhados da Vice-Presiidente de Fiscaliza\u00e7\u00e3o, \u00c9tica e Disciplina do CRC\/DF, Sandra Maria Batista, foram ao gabinete do Senador Armando Monteiro (PTB\/PE) para discutir o Projeto de Lei n. 289\/2008. N\u00e3o sabe do [&hellip;]<\/p>\n","protected":false},"author":2,"featured_media":0,"comment_status":"open","ping_status":"open","sticky":false,"template":"","format":"standard","meta":{"jetpack_post_was_ever_published":false,"_jetpack_newsletter_access":"","_jetpack_dont_email_post_to_subs":false,"_jetpack_newsletter_tier_id":0,"_jetpack_memberships_contains_paywalled_content":false,"_jetpack_memberships_contains_paid_content":false,"footnotes":"","jetpack_publicize_message":"","jetpack_publicize_feature_enabled":true,"jetpack_social_post_already_shared":false,"jetpack_social_options":{"image_generator_settings":{"template":"highway","default_image_id":0,"font":"","enabled":false},"version":2}},"categories":[22],"tags":[19,20,21,23,24,25],"class_list":["post-45","post","type-post","status-publish","format-standard","hentry","category-geral","tag-brasilia","tag-cf-contabil","tag-contabilidade","tag-informacao","tag-noticias","tag-redes-sociais"],"jetpack_publicize_connections":[],"jetpack_featured_media_url":"","jetpack_sharing_enabled":true,"jetpack_shortlink":"https:\/\/wp.me\/p2wklX-J","jetpack-related-posts":[{"id":316,"url":"https:\/\/cfcontabil.com\/cf\/caso-cachoeira-braco-direito-nao-e-contador\/","url_meta":{"origin":45,"position":0},"title":"Caso Cachoeira: \u201cBra\u00e7o direito\u201d N\u00c3O \u00e9 Contador","author":"Vin\u00edcius Moizinho","date":"25 de janeiro de 2013","format":false,"excerpt":"Bom dia, prezados! Hoje venho lhes trazer uma informa\u00e7\u00e3o relevante que, infelizmente, tem sido negligenciada pela m\u00eddia em geral. \u00c9 a respeito de Geovani Pereira da Silva, preso por ser considerado o contador da quadrilha desmantelada pela Pol\u00edcia Federal na resolu\u00e7\u00e3o do Caso\u00a0Carlinhos Cachoeira. O Conselho Regional de Contabilidade do\u2026","rel":"","context":"Em &quot;Geral&quot;","block_context":{"text":"Geral","link":"https:\/\/cfcontabil.com\/cf\/category\/geral\/"},"img":{"alt_text":"Conselho Regional de Contabilidade do DF","src":"https:\/\/i0.wp.com\/api.ning.com\/files\/dp5RmXzcyHBAaTQGxS-th1QSkWv34NNAjXClDAZf9qtJost6xYP2BTF5WlAXh7b50XStOJdvLZ1G7XiG3i0pF1KC7TJGeZ7G\/LogoCRCDF_peq.gif?resize=350%2C200","width":350,"height":200},"classes":[]},{"id":865,"url":"https:\/\/cfcontabil.com\/cf\/1-exame-de-suficiencia-de-2017-boletos-podem-ser-pagos-ate-o-dia-26\/","url_meta":{"origin":45,"position":1},"title":"1\u00b0 Exame de Sufici\u00eancia de 2017: boletos podem ser pagos at\u00e9 o dia 26","author":"Ab\u00edlio Gon\u00e7alves","date":"24 de janeiro de 2017","format":false,"excerpt":"Foi publicada no Di\u00e1rio Oficial da Uni\u00e3o (DOU), desta ter\u00e7a-feira (24), se\u00e7\u00e3o 3, p\u00e1g. 130, a retifica\u00e7\u00e3o do Edital do 1\u00b0 Exame de Sufici\u00eancia, que altera a data de pagamento do boleto. Os itens alterados no edital foram 2.2, 2.2.1 e 3.13. A data final para o pagamento, ap\u00f3s a\u2026","rel":"","context":"Em &quot;Geral&quot;","block_context":{"text":"Geral","link":"https:\/\/cfcontabil.com\/cf\/category\/geral\/"},"img":{"alt_text":"","src":"https:\/\/i0.wp.com\/cfcontabil.com\/cf\/wp-content\/uploads\/2017\/01\/exame_suficiencia_2016-1.jpg?fit=675%2C302&ssl=1&resize=350%2C200","width":350,"height":200,"srcset":"https:\/\/i0.wp.com\/cfcontabil.com\/cf\/wp-content\/uploads\/2017\/01\/exame_suficiencia_2016-1.jpg?fit=675%2C302&ssl=1&resize=350%2C200 1x, https:\/\/i0.wp.com\/cfcontabil.com\/cf\/wp-content\/uploads\/2017\/01\/exame_suficiencia_2016-1.jpg?fit=675%2C302&ssl=1&resize=525%2C300 1.5x"},"classes":[]},{"id":3006,"url":"https:\/\/cfcontabil.com\/cf\/contabil-summit-brasilia-2024-transformando-desafios-em-oportunidades\/","url_meta":{"origin":45,"position":2},"title":"Cont\u00e1bil Summit Bras\u00edlia 2024: Transformando Desafios em Oportunidades\u00a0","author":"Ab\u00edlio Gon\u00e7alves","date":"22 de julho de 2024","format":false,"excerpt":"No dia 17 de julho, o audit\u00f3rio Sicoob (SIG) foi palco de um evento imperd\u00edvel para empreendedores do setor cont\u00e1bil. Organizado pelo Conselho Regional de Contabilidade do Distrito Federal (CRCDF) e SICOOB Executive, o Cont\u00e1bil Summit Bras\u00edlia reuniu grandes nomes do setor para um dia repleto de palestras sobre gest\u00e3o,\u2026","rel":"","context":"Em &quot;Contabilidade em geral&quot;","block_context":{"text":"Contabilidade em geral","link":"https:\/\/cfcontabil.com\/cf\/category\/contabilidade-2\/"},"img":{"alt_text":"","src":"https:\/\/i0.wp.com\/cfcontabil.com\/cf\/wp-content\/uploads\/2024\/07\/Contabil-Summit-Brasilia.png?fit=1200%2C602&ssl=1&resize=350%2C200","width":350,"height":200,"srcset":"https:\/\/i0.wp.com\/cfcontabil.com\/cf\/wp-content\/uploads\/2024\/07\/Contabil-Summit-Brasilia.png?fit=1200%2C602&ssl=1&resize=350%2C200 1x, https:\/\/i0.wp.com\/cfcontabil.com\/cf\/wp-content\/uploads\/2024\/07\/Contabil-Summit-Brasilia.png?fit=1200%2C602&ssl=1&resize=525%2C300 1.5x, https:\/\/i0.wp.com\/cfcontabil.com\/cf\/wp-content\/uploads\/2024\/07\/Contabil-Summit-Brasilia.png?fit=1200%2C602&ssl=1&resize=700%2C400 2x, https:\/\/i0.wp.com\/cfcontabil.com\/cf\/wp-content\/uploads\/2024\/07\/Contabil-Summit-Brasilia.png?fit=1200%2C602&ssl=1&resize=1050%2C600 3x"},"classes":[]},{"id":1061,"url":"https:\/\/cfcontabil.com\/cf\/prova-para-peritos-contabeis-abrangera-todas-as-areas-de-atuacao\/","url_meta":{"origin":45,"position":3},"title":"Prova para peritos cont\u00e1beis abranger\u00e1 todas as \u00e1reas de atua\u00e7\u00e3o","author":"Ab\u00edlio Gon\u00e7alves","date":"14 de mar\u00e7o de 2017","format":false,"excerpt":"Comiss\u00e3o organizadora da prova est\u00e1 reunida para definir as quest\u00f5es. A Comiss\u00e3o Administradora do Exame de Qualidade T\u00e9cnica - Peritos Cont\u00e1beis (CAE-EQT-PC) reuniu-se nesta quinta (9) e sexta-feira (10), na sede do Conselho Federal de Contabilidade (CFC), em Bras\u00edlia, para elaborar e validar as quest\u00f5es do primeiro exame, que ser\u00e1\u2026","rel":"","context":"Em &quot;Geral&quot;","block_context":{"text":"Geral","link":"https:\/\/cfcontabil.com\/cf\/category\/geral\/"},"img":{"alt_text":"","src":"https:\/\/i0.wp.com\/cfcontabil.com\/cf\/wp-content\/uploads\/2017\/03\/perito-contabil-1.jpg?fit=424%2C283&ssl=1&resize=350%2C200","width":350,"height":200},"classes":[]},{"id":611,"url":"https:\/\/cfcontabil.com\/cf\/x-convencao-de-contabildade-do-distrito-federal\/","url_meta":{"origin":45,"position":4},"title":"X Conven\u00e7\u00e3o de Contabildade do Distrito Federal","author":"Ab\u00edlio Gon\u00e7alves","date":"10 de setembro de 2015","format":false,"excerpt":"\u201cCom a Contabilidade o Brasil se faz Transparente\u201d Com este tema que o Conselho Regional de Contabilidade do Distrito Federal (CRCDF) realizou a X Conven\u00e7\u00e3o de Contabilidade do Distrito Federal, \u00a0nos dias 20 e 21 de agosto\u00a0na sede da LBV, situada na SGAS 915 Sul. A Conven\u00e7\u00e3o de\u00a0Contabilidade \u00e9 um\u2026","rel":"","context":"Em &quot;Consultoria Empresarial&quot;","block_context":{"text":"Consultoria Empresarial","link":"https:\/\/cfcontabil.com\/cf\/category\/consultoria\/"},"img":{"alt_text":"","src":"https:\/\/i0.wp.com\/cfcontabil.com\/cf\/wp-content\/uploads\/2015\/09\/xconvencaocontabilidadedf-tema-2.png?fit=600%2C600&ssl=1&resize=350%2C200","width":350,"height":200,"srcset":"https:\/\/i0.wp.com\/cfcontabil.com\/cf\/wp-content\/uploads\/2015\/09\/xconvencaocontabilidadedf-tema-2.png?fit=600%2C600&ssl=1&resize=350%2C200 1x, https:\/\/i0.wp.com\/cfcontabil.com\/cf\/wp-content\/uploads\/2015\/09\/xconvencaocontabilidadedf-tema-2.png?fit=600%2C600&ssl=1&resize=525%2C300 1.5x"},"classes":[]},{"id":1094,"url":"https:\/\/cfcontabil.com\/cf\/grupo-finaliza-minuta-de-cinco-novas-normas-de-contabilidade-da-area-publica\/","url_meta":{"origin":45,"position":5},"title":"Grupo finaliza minuta de cinco novas normas de contabilidade da \u00e1rea p\u00fablica","author":"Ab\u00edlio Gon\u00e7alves","date":"29 de mar\u00e7o de 2017","format":false,"excerpt":"Normas relativas ao patrim\u00f4nio devem entrar em audi\u00eancia p\u00fablica ainda este semestre O Grupo Assessor de Normas Brasileiras de Contabilidade Aplicadas ao Setor P\u00fablico (GA NBCASP), do Conselho Federal de Contabilidade (CFC), se reuniu nos dias 21 e 22 de mar\u00e7o, para dar continuidade ao processo de converg\u00eancia \u00e0s normas\u2026","rel":"","context":"Em &quot;Geral&quot;","block_context":{"text":"Geral","link":"https:\/\/cfcontabil.com\/cf\/category\/geral\/"},"img":{"alt_text":"","src":"https:\/\/i0.wp.com\/cfcontabil.com\/cf\/wp-content\/uploads\/2017\/03\/ci%C3%AAncias-cont%C3%A1beis-1.jpg?fit=856%2C415&ssl=1&resize=350%2C200","width":350,"height":200,"srcset":"https:\/\/i0.wp.com\/cfcontabil.com\/cf\/wp-content\/uploads\/2017\/03\/ci%C3%AAncias-cont%C3%A1beis-1.jpg?fit=856%2C415&ssl=1&resize=350%2C200 1x, https:\/\/i0.wp.com\/cfcontabil.com\/cf\/wp-content\/uploads\/2017\/03\/ci%C3%AAncias-cont%C3%A1beis-1.jpg?fit=856%2C415&ssl=1&resize=525%2C300 1.5x, https:\/\/i0.wp.com\/cfcontabil.com\/cf\/wp-content\/uploads\/2017\/03\/ci%C3%AAncias-cont%C3%A1beis-1.jpg?fit=856%2C415&ssl=1&resize=700%2C400 2x"},"classes":[]}],"jetpack_likes_enabled":true,"_links":{"self":[{"href":"https:\/\/cfcontabil.com\/cf\/wp-json\/wp\/v2\/posts\/45","targetHints":{"allow":["GET"]}}],"collection":[{"href":"https:\/\/cfcontabil.com\/cf\/wp-json\/wp\/v2\/posts"}],"about":[{"href":"https:\/\/cfcontabil.com\/cf\/wp-json\/wp\/v2\/types\/post"}],"author":[{"embeddable":true,"href":"https:\/\/cfcontabil.com\/cf\/wp-json\/wp\/v2\/users\/2"}],"replies":[{"embeddable":true,"href":"https:\/\/cfcontabil.com\/cf\/wp-json\/wp\/v2\/comments?post=45"}],"version-history":[{"count":0,"href":"https:\/\/cfcontabil.com\/cf\/wp-json\/wp\/v2\/posts\/45\/revisions"}],"wp:attachment":[{"href":"https:\/\/cfcontabil.com\/cf\/wp-json\/wp\/v2\/media?parent=45"}],"wp:term":[{"taxonomy":"category","embeddable":true,"href":"https:\/\/cfcontabil.com\/cf\/wp-json\/wp\/v2\/categories?post=45"},{"taxonomy":"post_tag","embeddable":true,"href":"https:\/\/cfcontabil.com\/cf\/wp-json\/wp\/v2\/tags?post=45"}],"curies":[{"name":"wp","href":"https:\/\/api.w.org\/{rel}","templated":true}]}}