{"id":466,"date":"2014-02-20T16:00:12","date_gmt":"2014-02-20T19:00:12","guid":{"rendered":"http:\/\/cfcontabil.com\/cf\/?p=466"},"modified":"2014-02-20T16:00:12","modified_gmt":"2014-02-20T19:00:12","slug":"imposto-de-renda-2014-1o-de-marco-a-30-de-abril","status":"publish","type":"post","link":"https:\/\/cfcontabil.com\/cf\/imposto-de-renda-2014-1o-de-marco-a-30-de-abril\/","title":{"rendered":"Imposto de Renda 2014 ~ Regras e Esclarecimentos"},"content":{"rendered":"<p style=\"text-align: justify;\">Boa tarde, prezados.<\/p>\n<p style=\"text-align: justify;\">Como deve ser de seu conhecimento, estamos em \u00e9poca de elabora\u00e7\u00e3o das <strong>Declara\u00e7\u00f5es de Imposto de Renda &#8211; Pessoa F\u00edsica 2014<\/strong>, per\u00edodo compreendido entre <strong>06\u00a0de Mar\u00e7o<\/strong> e <strong>30 de Abril<\/strong>, de acordo com os <strong>rendimentos referentes ao ano-calend\u00e1rio 2013<\/strong>.<\/p>\n<p style=\"text-align: justify;\">Est\u00e1 com d\u00favidas? Quer saber mais a respeito?<\/p>\n<p><img data-recalc-dims=\"1\" decoding=\"async\" class=\"aligncenter\" alt=\"\" src=\"https:\/\/i0.wp.com\/www.bemparana.com.br\/upload\/image\/noticia\/noticia_232841_img1_ir.jpg?w=1170\" \/><\/p>\n<p style=\"text-align: justify;\">Confira!<\/p>\n<p style=\"text-align: justify;\"><!--more--><\/p>\n<p style=\"text-align: center;\"><strong>Declara\u00e7\u00e3o de Imposto de Renda &#8211; Pessoa F\u00edsica 2014<\/strong><\/p>\n<p style=\"text-align: justify;\">Faltando pouco mais de um semana para o m\u00eas de Mar\u00e7o, per\u00edodo em que se inicia o prazo para fazer a declara\u00e7\u00e3o do Imposto de Renda 2014, os contribuintes devem se apressar. Isso porque quanto mais r\u00e1pido for feita a transmiss\u00e3o do documento digital, mais depressa ser\u00e1 realizado o processamento de sua declara\u00e7\u00e3o, reduzindo o prazo para recebimento de uma poss\u00edvel restitui\u00e7\u00e3o.\u00a0J\u00e1 os trabalhadores que tiverem impostos a pagar, tamb\u00e9m ter\u00e3o mais tempo para decidir qual ser\u00e1 a melhor forma de efetuar o pagamento.<\/p>\n<p style=\"text-align: justify;\">A entrega \u00e9 feita pela internet, por meio do programa da Receita Federal (Receitanet).<\/p>\n<p><img data-recalc-dims=\"1\" decoding=\"async\" class=\"aligncenter\" alt=\"\" src=\"https:\/\/i0.wp.com\/www.dci.com.br\/imagens\/fotos\/2013\/2\/leao-receita-federal-imposto-de-renda--pluud22164829-f3.jpg?w=1170\" \/><\/p>\n<p style=\"text-align: center;\"><strong>Faixas de tributa\u00e7\u00e3o<\/strong><\/p>\n<p style=\"text-align: justify;\">Com a nova tabela do Imposto de Renda corrigida em 4,5% em 2014, a faixa de isen\u00e7\u00e3o do IR passar\u00e1 de at\u00e9 R$ 1.710,78 para R$ 1.787,77 por m\u00eas, ao mesmo tempo em que a al\u00edquota de 7,5% ser\u00e1 aplicada para rendimentos entre R$ 1.787,78 e R$ 2.679,29.<\/p>\n<p style=\"text-align: justify;\">J\u00e1 a tributa\u00e7\u00e3o de 15% incidir\u00e1 na faixa de R$ 2.679,30 at\u00e9 R$ 3.572,43.<\/p>\n<p style=\"text-align: justify;\">Para valores entre R$ 3.572,44 e R$ 4.463,81, ser\u00e3o cobrados 22,5% de IR a partir de janeiro e, para rendimentos acima de R$ 4.463,81, a taxa\u00e7\u00e3o ser\u00e1 de 27,5%.<\/p>\n<p><img data-recalc-dims=\"1\" decoding=\"async\" class=\"aligncenter\" alt=\"\" src=\"https:\/\/i0.wp.com\/4.bp.blogspot.com\/-7UVsVzifAaE\/Tz6K_xsJiVI\/AAAAAAAAAUg\/1nlOt2IMyhM\/s1600\/leao_isento.jpg?w=1170\" \/><\/p>\n<p style=\"text-align: justify;\"><span style=\"line-height: 1.5em;\">\u00a0<\/span><\/p>\n<p style=\"text-align: center;\"><strong>Aten\u00e7\u00e3o \u00e0s informa\u00e7\u00f5es b\u00e1sicas<\/strong><\/p>\n<p style=\"text-align: justify;\">Para que tudo d\u00ea certo no momento da declara\u00e7\u00e3o, \u00e9 aconselh\u00e1vel que o contribuinte organize ao longo dos meses recibos que comprovem gastos com\u00a0<strong>sa\u00fade<\/strong>,\u00a0<strong>educa\u00e7\u00e3o<\/strong>,\u00a0<strong>previd\u00eancia privada<\/strong>,\u00a0<strong>investimentos<\/strong>,\u00a0<strong>aluguel<\/strong>, entre outros.<\/p>\n<p style=\"text-align: justify;\">As empresas devem fornecer os comprovantes de rendimentos aos funcion\u00e1rios at\u00e9 28 de Fevereiro. Ap\u00f3s a data, quem n\u00e3o receber os documentos deve entrar em contato com a empresa e solicitar os comprovantes com urg\u00eancia.\u00a0Por meio da Instru\u00e7\u00e3o Normativa RFB 1416\/2013 foi criada a possibilidade de as fontes pagadoras entregarem para seus empregados arquivos contendo informa\u00e7\u00f5es dos comprovantes de rendimentos (Comprovante Eletr\u00f4nico de Rendimentos) com as mesmas informa\u00e7\u00f5es contidas no informe em papel. O contribuinte, ao criar sua declara\u00e7\u00e3o no Programa Gerador de Declara\u00e7\u00e3o de Impostos de Renda 2014, poder\u00e1 importar esse arquivo que ir\u00e1 automaticamente povoar todos os campos da declara\u00e7\u00e3o com as informa\u00e7\u00f5es da fonte pagadora.<\/p>\n<p style=\"text-align: justify;\">Aposentados do INSS receber\u00e3o o documento via Correios, mas poder\u00e3o consultar seus rendimentos no\u00a0<a title=\"Minist\u00e9rio da Previd\u00eancia Social\" href=\"http:\/\/www.previdencia.gov.br\/servicos-ao-cidadao\/todos-os-servicos\/\" target=\"_blank\" rel=\"noopener noreferrer\">portal da Previd\u00eancia Social<\/a>\u00a0tamb\u00e9m a partir de 28 de Fevereiro.<\/p>\n<p style=\"text-align: justify;\">Caso o contribuinte tenha adquirido em 2013 algum im\u00f3vel ou ve\u00edculo, tamb\u00e9m precisar\u00e1 ter em m\u00e3os a documenta\u00e7\u00e3o referente ao bem. Mesmo que o bem tenha sofrido valoriza\u00e7\u00e3o ou deprecia\u00e7\u00e3o, o valor a ser informado \u00e9 o da aquisi\u00e7\u00e3o.<\/p>\n<p style=\"text-align: justify;\">Quem possui investimentos com rendimentos tribut\u00e1veis, como o mercado de a\u00e7\u00f5es, j\u00e1 pode verificar nos sites dos bancos ou corretoras se o informe de rendimentos foi liberado. O mesmo pode ser feito por quem \u00e9 assalariado.<\/p>\n<p style=\"text-align: justify;\">A Instru\u00e7\u00e3o Normativa RFB 1416\/2013 tamb\u00e9m criou a possibilidade de os planos de sa\u00fade fornecerem para seus clientes arquivos digitais contendo informa\u00e7\u00f5es dos pagamentos do plano de sa\u00fade, dos pagamentos de servi\u00e7os e reembolsos recebidos. O contribuinte, ao criar sua declara\u00e7\u00e3o no Programa Gerador de Declara\u00e7\u00e3o de Impostos de Renda 2014 poder\u00e1 importar esse arquivo, que preencher\u00e1 automaticamente todos os campos da declara\u00e7\u00e3o com as informa\u00e7\u00f5es relativas ao plano de sa\u00fade.\u00a0Ao importar esses arquivos as informa\u00e7\u00f5es ser\u00e3o adicionadas \u00e0 declara\u00e7\u00e3o sem comprometimento dos demais dados preenchidos anteriormente.<\/p>\n<p style=\"text-align: justify;\">Uma outra novidade \u00e9 que o Comunicado da Condi\u00e7\u00e3o de N\u00e3o Residente poder\u00e1 ser gerado, tamb\u00e9m, atrav\u00e9s do Programa Gerador de Declara\u00e7\u00e3o de Impostos de Renda 2014\u00a0para ser entregue \u00e0s suas fontes pagadoras, informando a data de sa\u00edda do pa\u00eds.<\/p>\n<p style=\"text-align: justify;\">Havendo erros de informa\u00e7\u00e3o em algum dos comprovantes fornecidos, como sal\u00e1rios que n\u00e3o foram pagos ou rendimentos isentos colocados como tribut\u00e1veis, ser\u00e1 necess\u00e1rio pedir um novo informe com as devidas corre\u00e7\u00f5es.\u00a0Se n\u00e3o houver a possibilidade da fonte pagadora fornecer um novo informe, o declarante deve utilizar seus pr\u00f3prios comprovantes mensais.<\/p>\n<p><img data-recalc-dims=\"1\" decoding=\"async\" class=\"aligncenter\" alt=\"\" src=\"https:\/\/i0.wp.com\/www.oradarsindical.com.br\/oradarsindical\/blogdoneto\/wp-content\/uploads\/2012\/12\/isen%C3%A7%C3%A3o-imposto-de-renda.jpg?w=1170\" \/><\/p>\n<p style=\"text-align: center;\"><strong style=\"line-height: 1.5em;\">Preenchimento<\/strong><\/p>\n<p style=\"text-align: justify;\">Para facilitar o processo, o contribuinte que j\u00e1 entregou declara\u00e7\u00f5es anteriormente pode usar como base a declara\u00e7\u00e3o de 2013, referente aos rendimentos e gastos de 2012. No processo de elabora\u00e7\u00e3o da declara\u00e7\u00e3o pela internet, dados do ano anterior poder\u00e3o ser importados, ficando a cargo do contribuinte a atualiza\u00e7\u00e3o das informa\u00e7\u00f5es referente ao ano-base 2013. A confer\u00eancia de campos e informa\u00e7\u00f5es modificadas \u00e9 essencial para evitar riscos de futuros problemas no procedimento administrativo de fiscaliza\u00e7\u00e3o da Receita Federal.<\/p>\n<p style=\"text-align: justify;\">Este ano, pela primeira vez ser\u00e1 poss\u00edvel ter uma declara\u00e7\u00e3o pr\u00e9-preenchida pela Receita Federal com todas as opera\u00e7\u00f5es feitas no CPF do contribuinte. Trata-se da <strong>DIRPF Pr\u00e9-preenchida<\/strong>, dispon\u00edvel para download no <a title=\"Portal e-Cac RFB\" href=\"http:\/\/www.receita.fazenda.gov.br\/atendvirtual\/defaultatendcertdigital.htm\" target=\"_blank\" rel=\"noopener noreferrer\">Portal e-CAC<\/a> para os contribuintes que possuam certifica\u00e7\u00e3o digital (assinatura virtual obtida em empresas certificadoras)\u00a0ou para representantes com procura\u00e7\u00e3o eletr\u00f4nica.<\/p>\n<p style=\"text-align: justify;\">Ser\u00e1 disponibilizado\u00a0ao contribuinte um arquivo que dever\u00e1 ser importado no Programa Gerador da Declara\u00e7\u00e3o IRPF 2014 (PGD 2014). Esse arquivo ter\u00e1 algumas informa\u00e7\u00f5es relativas a rendimentos, dedu\u00e7\u00f5es, bens, direitos e d\u00edvidas e \u00f4nus reais. A DIRPF Pr\u00e9-preenchida estar\u00e1 dispon\u00edvel desde que as fontes pagadoras tenham enviado para a RFB a Declara\u00e7\u00e3o do Imposto sobre a Renda Retido na Fonte (Dirf) referente ao exerc\u00edcio de 2014, ano-calend\u00e1rio de 2013; e desde que\u00a0o contribuinte tenha apresentado a Declara\u00e7\u00e3o de Ajuste Anual referente ao exerc\u00edcio de 2013, ano-calend\u00e1rio de 2012.<\/p>\n<p style=\"text-align: justify;\">N\u00e3o ser\u00e1 poss\u00edvel obter declara\u00e7\u00f5es pr\u00e9-preenchidas caso o\u00a0contribuinte n\u00e3o tenha apresentado declara\u00e7\u00e3o de ajuste ou sa\u00edda definitiva do exerc\u00edcio do ano anterior como titular; caso\u00a0a \u00faltima declara\u00e7\u00e3o enviada pelo contribuinte esteja em malha ou tenha sofrido altera\u00e7\u00e3o pela malha; caso a\u00a0DIRF de alguma fonte pagadora do contribuinte esteja em lista inid\u00f4nea (lista de fraude das fontes pagadoras); ou caso o\u00a0benefici\u00e1rio esteja em malha da DIRF que indique IR Fonte a comprovar (par\u00e2metro da DIRF com indica\u00e7\u00e3o de fraude).<\/p>\n<p style=\"text-align: justify;\">A partir de 6 de mar\u00e7o, tamb\u00e9m estar\u00e1 dispon\u00edvel a modalidade do <strong>m-IRPF<\/strong>, por meio da qual as declara\u00e7\u00f5es poder\u00e3o ser elaboradas em tablets e smartphones conectados \u00e0 Internet.\u00a0Lan\u00e7ado em 2013, o m-IRPF possibilita que as declara\u00e7\u00f5es do imposto de renda das pessoas f\u00edsicas sejam elaboradas atrav\u00e9s de dispositivos m\u00f3veis (tablets e smartphones para sistemas operacionais Android e iOS), conectados \u00e0 internet, podendo ser apresentada a qualquer momento e de qualquer lugar.<\/p>\n<p style=\"text-align: justify;\">Uma das principais vantagens do aplicativo em rela\u00e7\u00e3o \u00e0 aplica\u00e7\u00e3o para desktop \u00e9 a utiliza\u00e7\u00e3o de apenas um aplicativo para preencher, salvar, recuperar ou transmitir a declara\u00e7\u00e3o, trazendo mais simplicidade e agilidade ao processo.\u00a0O contribuinte pode salvar um rascunho da declara\u00e7\u00e3o e continuar o preenchimento em outro momento, inclusive em outro dispositivo m\u00f3vel. A transmiss\u00e3o da declara\u00e7\u00e3o \u00e9 feita de forma simples, sem a necessidade da instala\u00e7\u00e3o de outros aplicativos.<\/p>\n<p style=\"text-align: justify;\">A Receita n\u00e3o receber\u00e1 mais as declara\u00e7\u00f5es em disquete, que eram entregues no Banco do Brasil e na Caixa Econ\u00f4mica Federal. Os formul\u00e1rios de papel j\u00e1 haviam sido abolidos pela Receita Federal.<\/p>\n<p style=\"text-align: justify;\">O preenchimento da Declara\u00e7\u00e3o de Ajuste Anual ficar\u00e1 mais r\u00e1pido e com menor possibilidade de que erros sejam cometidos, uma vez que todas essas informa\u00e7\u00f5es deixar\u00e3o de ser digitadas, pois ser\u00e3o importadas diretamente de arquivos disponibilizados ao contribuinte.<\/p>\n<p><img data-recalc-dims=\"1\" decoding=\"async\" class=\"aligncenter\" alt=\"\" src=\"https:\/\/i0.wp.com\/wp.clicrbs.com.br\/acertodecontas\/files\/2013\/09\/ir.jpg?w=1170\" \/><\/p>\n<p>&nbsp;<\/p>\n<p style=\"text-align: center;\"><strong>Modelo Simplificado, Completo e Dedu\u00e7\u00f5es<\/strong><\/p>\n<p style=\"text-align: justify;\">A Receita Federal lembra que os contribuintes podem optar por dois modelos na entrega do documento em 2014: o <strong>simplificado<\/strong> ou o <strong>completo<\/strong>.<\/p>\n<p style=\"text-align: justify;\">A regra para fazer a declara\u00e7\u00e3o simplificada continua a mesma, ou seja, embute um desconto de 20% na renda tribut\u00e1vel. Este abatimento substitui todas as dedu\u00e7\u00f5es legais da declara\u00e7\u00e3o completa. No IR de 2014, o limite do desconto ser\u00e1 de R$ 15.197,02, o que representa uma corre\u00e7\u00e3o de 4,5% frente ao IR deste ano &#8211; quando o limite foi de R$ 14.542,60.<\/p>\n<p style=\"text-align: justify;\">No caso da dedu\u00e7\u00e3o por dependentes, poss\u00edvel apenas por meio da declara\u00e7\u00e3o completa, o valor subiu de at\u00e9 R$ 1.974,72 em 2013 para at\u00e9 R$ 2.063,64 na declara\u00e7\u00e3o do IR de 2014. Nas despesas com educa\u00e7\u00e3o (ensino infantil, fundamental, m\u00e9dio, t\u00e9cnico e superior, o que engloba gradua\u00e7\u00e3o e p\u00f3s-gradua\u00e7\u00e3o), o limite individual de dedu\u00e7\u00e3o passou de at\u00e9 R$ 3.091,35, em 2013, para at\u00e9 R$ 3.230,46 na declara\u00e7\u00e3o de IR deste ano.<\/p>\n<p style=\"text-align: justify;\">Para despesas m\u00e9dicas, as dedu\u00e7\u00f5es continuam sem limite m\u00e1ximo. Podem ser deduzidos pagamentos a m\u00e9dicos, dentistas, psic\u00f3logos, fisioterapeutas, terapeutas ocupacionais, fonoaudi\u00f3logos, hospitais, al\u00e9m de exames laboratoriais, servi\u00e7os radiol\u00f3gicos, aparelhos ortop\u00e9dicos e pr\u00f3teses ortop\u00e9dicas e dent\u00e1rias.<\/p>\n<p align=\"center\"><b>Programa do Imposto de Renda \u2013 PIR 2014<\/b><\/p>\n<div>\n<table cellspacing=\"0\" cellpadding=\"0\" align=\"center\">\n<colgroup>\n<col width=\"365\" \/>\n<col width=\"142\" \/>\n<col width=\"134\" \/><\/colgroup>\n<tbody>\n<tr>\n<td width=\"365\" height=\"18\"><span style=\"font-size: 14px;\"><b>Obrigatoriedade 2014<\/b><\/span><\/td>\n<td width=\"142\">\n<h2 align=\"center\"><span style=\"font-size: 16px;\">Ano anterior<\/span><\/h2>\n<\/td>\n<td bgcolor=\"#ffff99\" width=\"134\">\n<h2 align=\"center\"><span style=\"font-size: 16px;\">2014<\/span><\/h2>\n<\/td>\n<\/tr>\n<tr valign=\"top\">\n<td width=\"365\"><span style=\"font-size: 12px;\"><b>Rendimentos Tribut\u00e1veis &#8211; R$<\/b><\/span><\/td>\n<td width=\"142\">\n<h2 align=\"right\"><span style=\"font-size: 14px;\"><b>R$ 24.556,65<\/b><\/span><\/h2>\n<\/td>\n<td bgcolor=\"#ffff99\" width=\"134\">\n<h2 align=\"right\"><span style=\"font-size: 14px;\"><b>R$ 25.661,70<\/b><\/span><\/h2>\n<\/td>\n<\/tr>\n<tr valign=\"top\">\n<td width=\"365\"><span style=\"font-size: 12px;\">Rendimentos Isentos -R$<\/span><\/td>\n<td width=\"142\">\n<p align=\"right\"><span style=\"font-size: 12px;\">R$ 40.000,00<\/span><\/p>\n<\/td>\n<td bgcolor=\"#ffff99\" width=\"134\">\n<p align=\"right\"><span style=\"font-size: 12px;\">R$ 40.000,00<\/span><\/p>\n<\/td>\n<\/tr>\n<tr valign=\"top\">\n<td width=\"365\"><span style=\"font-size: 12px;\">Atividade Rural &#8211; R$<\/span><\/td>\n<td width=\"142\">\n<p align=\"right\"><span style=\"font-size: 12px;\">R$ 122.783,25<\/span><\/p>\n<\/td>\n<td bgcolor=\"#ffff99\" width=\"134\">\n<p align=\"right\"><span style=\"font-size: 12px;\">R$ 128.308,50<\/span><\/p>\n<\/td>\n<\/tr>\n<tr valign=\"top\">\n<td width=\"365\"><span style=\"font-size: 12px;\">Bens 31.12<\/span><\/td>\n<td width=\"142\">\n<p align=\"right\"><span style=\"font-size: 12px;\">R$ 300.000,00<\/span><\/p>\n<\/td>\n<td bgcolor=\"#ffff99\" width=\"134\">\n<p align=\"right\"><span style=\"font-size: 12px;\">R$ 300.000,00<\/span><\/p>\n<\/td>\n<\/tr>\n<tr valign=\"top\">\n<td width=\"365\"><span style=\"font-size: 12px;\">Ganho de capital<\/span><\/td>\n<td width=\"142\">\n<p align=\"right\"><span style=\"font-size: 12px;\">\u00a0<\/span><\/p>\n<\/td>\n<td bgcolor=\"#ffff99\" width=\"134\">\n<p align=\"right\"><span style=\"font-size: 12px;\">\u00a0<\/span><\/p>\n<\/td>\n<\/tr>\n<tr valign=\"top\">\n<td width=\"365\"><span style=\"font-size: 12px;\">Opera\u00e7\u00f5es em Bolsa<\/span><\/td>\n<td width=\"142\">\n<p align=\"right\"><span style=\"font-size: 12px;\">\u00a0<\/span><\/p>\n<\/td>\n<td bgcolor=\"#ffff99\" width=\"134\">\n<p align=\"right\"><span style=\"font-size: 12px;\">\u00a0<\/span><\/p>\n<\/td>\n<\/tr>\n<tr>\n<td colspan=\"3\" valign=\"top\" width=\"641\"><span style=\"font-size: 12px;\"><b>Desconto Simplificado<\/b><b>\u00a0<\/b><\/span><\/td>\n<\/tr>\n<tr valign=\"top\">\n<td width=\"365\"><span style=\"font-size: 12px;\">20% &#8211; limitado a R$<\/span><\/td>\n<td width=\"142\">\n<p align=\"right\"><span style=\"font-size: 12px;\">R$ 14.542,60<\/span><\/p>\n<\/td>\n<td bgcolor=\"#ffff99\" width=\"134\">\n<p align=\"right\"><span style=\"font-size: 12px;\">R$ 15.197,02<\/span><\/p>\n<\/td>\n<\/tr>\n<tr>\n<td colspan=\"3\" valign=\"top\" width=\"641\">\n<h3><span style=\"font-size: 12px;\">Dedu\u00e7\u00f5es<\/span><\/h3>\n<\/td>\n<\/tr>\n<tr valign=\"top\">\n<td width=\"365\"><span style=\"font-size: 12px;\">Dependentes &#8211; R$<\/span><\/td>\n<td width=\"142\">\n<p align=\"right\"><span style=\"font-size: 12px;\">R$ 1.974,72<\/span><\/p>\n<\/td>\n<td bgcolor=\"#ffff99\" width=\"134\">\n<p align=\"right\"><span style=\"font-size: 12px;\">R$ 2.063,64<\/span><\/p>\n<\/td>\n<\/tr>\n<tr valign=\"top\">\n<td width=\"365\"><span style=\"font-size: 12px;\">Instru\u00e7\u00e3o &#8211; R$<\/span><\/td>\n<td width=\"142\">\n<p align=\"right\"><span style=\"font-size: 12px;\">R$ 3.091,35<\/span><\/p>\n<\/td>\n<td bgcolor=\"#ffff99\" width=\"134\">\n<p align=\"right\"><span style=\"font-size: 12px;\">R$ 3.230,46<\/span><\/p>\n<\/td>\n<\/tr>\n<tr valign=\"top\">\n<td width=\"365\"><span style=\"font-size: 12px;\">Contribui\u00e7\u00e3o Oficial<\/span><\/td>\n<td width=\"142\">\n<p align=\"right\"><span style=\"font-size: 12px;\">\u00a0<\/span><\/p>\n<\/td>\n<td bgcolor=\"#ffff99\" width=\"134\">\n<p align=\"right\"><span style=\"font-size: 12px;\">\u00a0<\/span><\/p>\n<\/td>\n<\/tr>\n<tr valign=\"top\">\n<td width=\"365\"><span style=\"font-size: 12px;\">Contribui\u00e7\u00e3o \u00e0 Previd\u00eancia Complementar<\/span><\/td>\n<td width=\"142\">\n<p align=\"right\"><span style=\"font-size: 12px;\">\u00a0<\/span><\/p>\n<\/td>\n<td bgcolor=\"#ffff99\" width=\"134\">\n<p align=\"right\"><span style=\"font-size: 12px;\">12% rend. trib.<\/span><\/p>\n<\/td>\n<\/tr>\n<tr valign=\"top\">\n<td width=\"365\"><span style=\"font-size: 12px;\">Despesas M\u00e9dicas<\/span><\/td>\n<td width=\"142\">\n<p align=\"right\"><span style=\"font-size: 12px;\">\u00a0<\/span><\/p>\n<\/td>\n<td bgcolor=\"#ffff99\" width=\"134\">\n<p align=\"right\"><span style=\"font-size: 12px;\">\u00a0<\/span><\/p>\n<\/td>\n<\/tr>\n<tr valign=\"top\">\n<td width=\"365\"><span style=\"font-size: 12px;\">Dedu\u00e7\u00e3o Empregada dom\u00e9stica &#8211; R$<\/span><\/td>\n<td width=\"142\">\n<p align=\"right\"><span style=\"font-size: 12px;\">R$\u00a0985,96<\/span><\/p>\n<\/td>\n<td bgcolor=\"#ffff99\" width=\"134\">\n<p align=\"right\"><span style=\"font-size: 12px;\">R$\u00a01.078,08<\/span><\/p>\n<\/td>\n<\/tr>\n<tr>\n<td valign=\"top\" width=\"365\"><span style=\"font-size: 12px;\">Doa\u00e7\u00f5es- ECA &#8211; Incentivo a Cultura \u2013 a Atividade Audiovisual &#8211; ao Desporto e ao Estatuto do Idoso.<\/span><\/td>\n<td valign=\"top\" width=\"142\">\n<p align=\"right\"><span style=\"font-size: 12px;\">\u00a0<\/span><\/p>\n<\/td>\n<td bgcolor=\"#ffff99\" width=\"134\">\n<p align=\"right\"><span style=\"font-size: 12px;\">6%<\/span><\/p>\n<\/td>\n<\/tr>\n<tr>\n<td colspan=\"3\" valign=\"top\" width=\"641\"><span style=\"font-size: 12px;\"><b>Prazo de Entrega:\u00a0<\/b>06 de mar\u00e7o a 30 de abril de 2014:<\/span><\/td>\n<\/tr>\n<tr>\n<td colspan=\"3\" valign=\"top\" width=\"641\"><span style=\"font-size: 12px;\"><b>Multa por atraso :\u00a0<\/b>1% (um por cento) ao m\u00eas-calend\u00e1rio &#8211; valor m\u00ednimo R$ 165,74<\/span><\/td>\n<\/tr>\n<tr valign=\"top\">\n<td width=\"365\"><span style=\"font-size: 12px;\"><b>Entrega tempestiva<\/b><\/span><\/td>\n<td width=\"142\">\n<p align=\"right\"><span style=\"font-size: 12px;\"><b>26 milh\u00f5es<\/b><\/span><\/p>\n<\/td>\n<td bgcolor=\"#ffff99\" width=\"134\">\n<p align=\"right\"><span style=\"font-size: 12px;\"><b>27 milh\u00f5es<\/b><\/span><\/p>\n<\/td>\n<\/tr>\n<\/tbody>\n<\/table>\n<p>&nbsp;<\/p>\n<\/div>\n<p><img data-recalc-dims=\"1\" decoding=\"async\" class=\"aligncenter\" alt=\"\" src=\"https:\/\/i0.wp.com\/blogs.diariodepernambuco.com.br\/economia\/wp-content\/uploads\/2010\/04\/Imposto-de-Renda.jpg?w=1170\" \/><\/p>\n<p>&nbsp;<\/p>\n<p style=\"text-align: center;\"><strong>Restitui\u00e7\u00e3o<\/strong><\/p>\n<p style=\"text-align: justify;\">Como nos outros anos, o contribuinte que enviar no in\u00edcio do prazo dever\u00e1 receber a restitui\u00e7\u00f5es nos primeiros lotes, salvo inconsist\u00eancias, erros ou omiss\u00f5es no preenchimento da declara\u00e7\u00e3o. Tamb\u00e9m ter\u00e3o prioridade no recebimento das restitui\u00e7\u00f5es, os contribuintes com mais de 60 anos, conforme previsto no Estatuto do Idoso, al\u00e9m de portadores de mol\u00e9stia grave e deficientes f\u00edsicos ou mentais.<\/p>\n<p style=\"text-align: justify;\">Os lotes regulares come\u00e7am a ser liberados no <strong>dia 16 de junho<\/strong> e terminam em <strong>15 de dezembro<\/strong> de 2014. Ap\u00f3s a libera\u00e7\u00e3o desses lotes, as restitui\u00e7\u00f5es ser\u00e3o pagas em lotes residuais para os contribuintes que corrigirem as declara\u00e7\u00f5es.<\/p>\n<p><img data-recalc-dims=\"1\" decoding=\"async\" class=\"aligncenter\" alt=\"\" src=\"https:\/\/i0.wp.com\/1.bp.blogspot.com\/_3nwhZWlbNwI\/TQ7wNGxGo4I\/AAAAAAAAAOY\/fGfDWcdh2vU\/s1600\/restituicao_imposto_de_renda.jpg?w=1170\" \/><\/p>\n<p>&nbsp;<\/p>\n<p style=\"text-align: center;\"><strong>Quando procurar um especialista<\/strong><\/p>\n<p style=\"text-align: justify;\">Declara\u00e7\u00f5es mais simples, com poucas informa\u00e7\u00f5es, podem ser feitas pelo pr\u00f3prio contribuinte, desde que ele tenha seguran\u00e7a e n\u00e3o fique com d\u00favidas.<\/p>\n<p style=\"text-align: justify;\">A necessidade de contratar um contador ou um advogado tributarista, por exemplo, pode surgir em declara\u00e7\u00f5es mais complexas (com muitas fontes de renda, dependentes, compras, vendas e aplica\u00e7\u00f5es, por exemplo).<\/p>\n<p style=\"text-align: justify;\">Contudo, n\u00e3o h\u00e1 uma regra e contadores tamb\u00e9m aconselham que o servi\u00e7o seja procurado sempre que existirem d\u00favidas por parte do contribuinte, j\u00e1 que erros podem levar mesmo o contribuinte mais bem intencionado \u00e0 malha fina.<\/p>\n<p><img data-recalc-dims=\"1\" decoding=\"async\" class=\"alignnone\" alt=\"\" src=\"https:\/\/i0.wp.com\/comaxcontabilidade.com.br\/novo\/wp-content\/uploads\/2010\/04\/leaocorsino.jpg?w=1170\" \/><\/p>\n<p style=\"text-align: center;\"><strong style=\"line-height: 1.5em;\">LISTA DE DOCUMENTOS INDISPENS\u00c1VEIS\u00a0<\/strong><strong style=\"line-height: 1.5em;\">PARA ELABORAR A DECLARA\u00c7\u00c3O<\/strong><\/p>\n<p style=\"text-align: justify;\"><strong>Documentos pessoais<\/strong>:<\/p>\n<p style=\"text-align: justify;\">&#8211; RG (Registro Geral);<br \/>\n&#8211; CPF (Cadastro de Pessoa F\u00edsica);<br \/>\n&#8211; T\u00edtulo de eleitor;<br \/>\n&#8211; Comprovante de endere\u00e7o;<br \/>\n&#8211; Documento ou anota\u00e7\u00e3o com sua profiss\u00e3o;<br \/>\n&#8211; Cart\u00e3o do banco para informar n\u00fameros da ag\u00eancia e da conta para restitui\u00e7\u00e3o ou d\u00e9bito.<\/p>\n<p style=\"text-align: justify;\"><strong>Outros comprovantes<\/strong><\/p>\n<p style=\"text-align: justify;\">&#8211; Copia da declara\u00e7\u00e3o do IR 2013, que vai facilitar o preenchimento do documento;<br \/>\n&#8211; Informes de rendimentos de institui\u00e7\u00f5es financeiras;<br \/>\n&#8211; Rela\u00e7\u00e3o de compra e venda de a\u00e7\u00f5es, inclusive com a apura\u00e7\u00e3o mensal de imposto;<br \/>\n&#8211; Informes de rendimentos de sal\u00e1rios, distribui\u00e7\u00e3o de lucros, alugu\u00e9is, entre outras fontes de renda;<br \/>\n&#8211; Outras rendas recebidas em 2013, como heran\u00e7a, doa\u00e7\u00f5es, indeniza\u00e7\u00f5es por a\u00e7\u00e3o, resgate do FGTS;<br \/>\n&#8211; Recibos de venda ou compra de bens, como carros e im\u00f3veis, ocorridos em 2013;<br \/>\n&#8211; Documentos da aquisi\u00e7\u00e3o de d\u00edvidas ou empr\u00e9stimos em 2013;<br \/>\n&#8211; Recibos de pagamentos de plano de sa\u00fade (\u00e9 necess\u00e1rio informar o CNPJ do conv\u00eanio);<br \/>\n&#8211; Recibo de despesas m\u00e9dicas e odontol\u00f3gicas (\u00e9 necess\u00e1rio informar o CNPJ);<br \/>\n&#8211; Recibos de despesas com educa\u00e7\u00e3o (\u00e9 necess\u00e1rio informar o CNPJ);<br \/>\n&#8211; Comprovante de pagamento de previd\u00eancia social e privada (\u00e9 necess\u00e1rio informar o CNPJ);<br \/>\n&#8211; Comprovante de doa\u00e7\u00f5es realizadas;<br \/>\n&#8211; Recibos de empregada dom\u00e9stica &#8211; s\u00f3 \u00e9 poss\u00edvel deduzir os gastos com uma funcion\u00e1ria (\u00e9 preciso informar n\u00famero NIT).<\/p>\n<p><img data-recalc-dims=\"1\" fetchpriority=\"high\" decoding=\"async\" class=\"aligncenter\" alt=\"\" src=\"https:\/\/i0.wp.com\/www.pavablog.com\/wp-content\/uploads\/2012\/03\/470423_3567747836346_1352458002_5458882_1995199572_o.jpg?resize=737%2C372\" width=\"737\" height=\"372\" \/><\/p>\n","protected":false},"excerpt":{"rendered":"<p>Boa tarde, prezados. Como deve ser de seu conhecimento, estamos em \u00e9poca de elabora\u00e7\u00e3o das Declara\u00e7\u00f5es de Imposto de Renda &#8211; Pessoa F\u00edsica 2014, per\u00edodo compreendido entre 06\u00a0de Mar\u00e7o e 30 de Abril, de acordo com os rendimentos referentes ao ano-calend\u00e1rio 2013. Est\u00e1 com d\u00favidas? Quer saber mais a respeito? Confira!<\/p>\n","protected":false},"author":2,"featured_media":1477,"comment_status":"open","ping_status":"open","sticky":false,"template":"","format":"standard","meta":{"jetpack_post_was_ever_published":false,"_jetpack_newsletter_access":"","_jetpack_dont_email_post_to_subs":false,"_jetpack_newsletter_tier_id":0,"_jetpack_memberships_contains_paywalled_content":false,"_jetpack_memberships_contains_paid_content":false,"footnotes":"","jetpack_publicize_message":"","jetpack_publicize_feature_enabled":true,"jetpack_social_post_already_shared":true,"jetpack_social_options":{"image_generator_settings":{"template":"highway","default_image_id":0,"font":"","enabled":false},"version":2}},"categories":[46,22],"tags":[21,140,141,142,143],"class_list":["post-466","post","type-post","status-publish","format-standard","has-post-thumbnail","hentry","category-df","category-geral","tag-contabilidade","tag-dirpf-2014","tag-imposto-de-renda","tag-irpf-2014","tag-malha-fina"],"jetpack_publicize_connections":[],"jetpack_featured_media_url":"https:\/\/i0.wp.com\/cfcontabil.com\/cf\/wp-content\/uploads\/2013\/10\/IMPOSTO-597x245-2.jpg?fit=597%2C245&ssl=1","jetpack_sharing_enabled":true,"jetpack_shortlink":"https:\/\/wp.me\/p2wklX-7w","jetpack-related-posts":[{"id":741,"url":"https:\/\/cfcontabil.com\/cf\/mei-deve-declarar-imposto-de-renda\/","url_meta":{"origin":466,"position":0},"title":"MEI Deve Declarar Imposto de Renda?","author":"Ab\u00edlio Gon\u00e7alves","date":"13 de abril de 2016","format":false,"excerpt":"O Microempreendedor Individual (MEI) deve declarar imposto de renda em seu CPF pr\u00f3prio se estiver sujeito \u00e0 obrigatoriedade de entrega. Est\u00e1 obrigada a apresentar a Declara\u00e7\u00e3o de Ajuste Anual referente ao exerc\u00edcio de 2015, a pessoa f\u00edsica residente no Brasil que, no ano-calend\u00e1rio de 2014: I \u2013 recebeu rendimentos tribut\u00e1veis,\u2026","rel":"","context":"Em &quot;Consultoria Empresarial&quot;","block_context":{"text":"Consultoria Empresarial","link":"https:\/\/cfcontabil.com\/cf\/category\/consultoria\/"},"img":{"alt_text":"","src":"https:\/\/i0.wp.com\/cfcontabil.com\/cf\/wp-content\/uploads\/2016\/04\/leao_do_imposto_de_renda-1.jpg?fit=620%2C345&ssl=1&resize=350%2C200","width":350,"height":200,"srcset":"https:\/\/i0.wp.com\/cfcontabil.com\/cf\/wp-content\/uploads\/2016\/04\/leao_do_imposto_de_renda-1.jpg?fit=620%2C345&ssl=1&resize=350%2C200 1x, https:\/\/i0.wp.com\/cfcontabil.com\/cf\/wp-content\/uploads\/2016\/04\/leao_do_imposto_de_renda-1.jpg?fit=620%2C345&ssl=1&resize=525%2C300 1.5x"},"classes":[]},{"id":2748,"url":"https:\/\/cfcontabil.com\/cf\/imposto-de-renda-2022-prepare-seus-documentos-esta-semana\/","url_meta":{"origin":466,"position":1},"title":"Imposto de Renda 2022: prepare seus documentos esta semana!","author":"Ab\u00edlio Gon\u00e7alves","date":"23 de fevereiro de 2022","format":false,"excerpt":"Separe seus documentos para fazer a declara\u00e7\u00e3o a partir de 2 de mar\u00e7o.","rel":"","context":"Em &quot;Imposto de Renda&quot;","block_context":{"text":"Imposto de Renda","link":"https:\/\/cfcontabil.com\/cf\/category\/imposto-de-renda\/"},"img":{"alt_text":"","src":"https:\/\/i0.wp.com\/cfcontabil.com\/cf\/wp-content\/uploads\/2022\/02\/Banner-na-imposto-de-renda-Miniatura-do-YouTube.png?fit=1200%2C675&ssl=1&resize=350%2C200","width":350,"height":200,"srcset":"https:\/\/i0.wp.com\/cfcontabil.com\/cf\/wp-content\/uploads\/2022\/02\/Banner-na-imposto-de-renda-Miniatura-do-YouTube.png?fit=1200%2C675&ssl=1&resize=350%2C200 1x, https:\/\/i0.wp.com\/cfcontabil.com\/cf\/wp-content\/uploads\/2022\/02\/Banner-na-imposto-de-renda-Miniatura-do-YouTube.png?fit=1200%2C675&ssl=1&resize=525%2C300 1.5x, https:\/\/i0.wp.com\/cfcontabil.com\/cf\/wp-content\/uploads\/2022\/02\/Banner-na-imposto-de-renda-Miniatura-do-YouTube.png?fit=1200%2C675&ssl=1&resize=700%2C400 2x, https:\/\/i0.wp.com\/cfcontabil.com\/cf\/wp-content\/uploads\/2022\/02\/Banner-na-imposto-de-renda-Miniatura-do-YouTube.png?fit=1200%2C675&ssl=1&resize=1050%2C600 3x"},"classes":[]},{"id":1218,"url":"https:\/\/cfcontabil.com\/cf\/instrucoes-normativas-sobre-imposto-de-renda\/","url_meta":{"origin":466,"position":2},"title":"Instru\u00e7\u00f5es Normativas sobre Imposto de Renda","author":"Ab\u00edlio Gon\u00e7alves","date":"22 de fevereiro de 2017","format":false,"excerpt":"A Receita Federal publicou hoje (22.02) v\u00e1rias Instru\u00e7\u00f5es Normativas com regras sobre o imposto de renda, para o exerc\u00edcio de 2017: Instru\u00e7\u00e3o Normativa 1696 - programa multiplataforma da Declara\u00e7\u00e3o de Ajuste Anual do Imposto sobre a Renda da Pessoa F\u00edsica, da Declara\u00e7\u00e3o Final de Esp\u00f3lio e da Declara\u00e7\u00e3o de Sa\u00edda\u2026","rel":"","context":"Em &quot;Departamento Fiscal&quot;","block_context":{"text":"Departamento Fiscal","link":"https:\/\/cfcontabil.com\/cf\/category\/df\/"},"img":{"alt_text":"","src":"","width":0,"height":0},"classes":[]},{"id":1050,"url":"https:\/\/cfcontabil.com\/cf\/imposto-de-renda-2017-mei-como-declarar-os-rendimentos\/","url_meta":{"origin":466,"position":3},"title":"Imposto de Renda 2017: MEI, como declarar os rendimentos?","author":"Ab\u00edlio Gon\u00e7alves","date":"11 de mar\u00e7o de 2017","format":false,"excerpt":"Com o in\u00edcio do per\u00edodo de entrega do do Imposto de Renda de 2017 - de 2 de mar\u00e7o a 28 de abril -, d\u00favidas come\u00e7am a surgir sobre o processo de declara\u00e7\u00e3o. Atrav\u00e9s do servi\u00e7o tira-d\u00favidas lan\u00e7ado por O GLOBO e Extra, leitores enviaram perguntas sobre como deve ser\u2026","rel":"","context":"Em &quot;Departamento Fiscal&quot;","block_context":{"text":"Departamento Fiscal","link":"https:\/\/cfcontabil.com\/cf\/category\/df\/"},"img":{"alt_text":"","src":"https:\/\/i0.wp.com\/cfcontabil.com\/cf\/wp-content\/uploads\/2017\/02\/irpfrfb-1.jpg?fit=640%2C340&ssl=1&resize=350%2C200","width":350,"height":200,"srcset":"https:\/\/i0.wp.com\/cfcontabil.com\/cf\/wp-content\/uploads\/2017\/02\/irpfrfb-1.jpg?fit=640%2C340&ssl=1&resize=350%2C200 1x, https:\/\/i0.wp.com\/cfcontabil.com\/cf\/wp-content\/uploads\/2017\/02\/irpfrfb-1.jpg?fit=640%2C340&ssl=1&resize=525%2C300 1.5x"},"classes":[]},{"id":1146,"url":"https:\/\/cfcontabil.com\/cf\/perdeu-o-prazo-para-a-declaracao-do-imposto-de-renda-veja-o-que-fazer\/","url_meta":{"origin":466,"position":4},"title":"Perdeu o prazo para a declara\u00e7\u00e3o do Imposto de Renda? Veja o que fazer","author":"Ab\u00edlio Gon\u00e7alves","date":"29 de abril de 2017","format":false,"excerpt":"O prazo para enviar a declara\u00e7\u00e3o do imposto de renda acabou na sexta-feira (28). Alguns brasileiros perderam o prazo e n\u00e3o acertaram as contas com o Le\u00e3o. A especialista em imposto de renda da Thompson Reuters, Vanessa Miranda, explica que o melhor caminho \u00e9 baixar o programa e mandar a\u2026","rel":"","context":"Em &quot;Departamento Fiscal&quot;","block_context":{"text":"Departamento Fiscal","link":"https:\/\/cfcontabil.com\/cf\/category\/df\/"},"img":{"alt_text":"","src":"https:\/\/i0.wp.com\/cfcontabil.com\/cf\/wp-content\/uploads\/2017\/02\/irpf2017-1.png?fit=490%2C247&ssl=1&resize=350%2C200","width":350,"height":200},"classes":[]},{"id":321,"url":"https:\/\/cfcontabil.com\/cf\/imposto-de-renda-pf-2013\/","url_meta":{"origin":466,"position":5},"title":"Imposto de Renda PF 2013","author":"Ab\u00edlio Gon\u00e7alves","date":"20 de fevereiro de 2013","format":false,"excerpt":"Declara\u00e7\u00e3o de Ajuste do Imposto de Renda Pessoa F\u00edsica 2013 Se aproxima o dia da libera\u00e7\u00e3o do programa para elabora\u00e7\u00e3o da DIRPF 2013 (dispon\u00edvel em 25\/02 \u00e1s 8h) e o prazo para a entrega da declara\u00e7\u00e3o do exerc\u00edcio 2013 inicia em 01 de mar\u00e7o e encerra dia 30 de abril.\u2026","rel":"","context":"Em &quot;Geral&quot;","block_context":{"text":"Geral","link":"https:\/\/cfcontabil.com\/cf\/category\/geral\/"},"img":{"alt_text":"imposto de renda","src":"https:\/\/i0.wp.com\/mundoconectado.net\/wp-content\/uploads\/2013\/02\/entrega-do-imposto-de-renda.jpg?resize=350%2C200","width":350,"height":200,"srcset":"https:\/\/i0.wp.com\/mundoconectado.net\/wp-content\/uploads\/2013\/02\/entrega-do-imposto-de-renda.jpg?resize=350%2C200 1x, https:\/\/i0.wp.com\/mundoconectado.net\/wp-content\/uploads\/2013\/02\/entrega-do-imposto-de-renda.jpg?resize=525%2C300 1.5x"},"classes":[]}],"jetpack_likes_enabled":true,"_links":{"self":[{"href":"https:\/\/cfcontabil.com\/cf\/wp-json\/wp\/v2\/posts\/466","targetHints":{"allow":["GET"]}}],"collection":[{"href":"https:\/\/cfcontabil.com\/cf\/wp-json\/wp\/v2\/posts"}],"about":[{"href":"https:\/\/cfcontabil.com\/cf\/wp-json\/wp\/v2\/types\/post"}],"author":[{"embeddable":true,"href":"https:\/\/cfcontabil.com\/cf\/wp-json\/wp\/v2\/users\/2"}],"replies":[{"embeddable":true,"href":"https:\/\/cfcontabil.com\/cf\/wp-json\/wp\/v2\/comments?post=466"}],"version-history":[{"count":0,"href":"https:\/\/cfcontabil.com\/cf\/wp-json\/wp\/v2\/posts\/466\/revisions"}],"wp:featuredmedia":[{"embeddable":true,"href":"https:\/\/cfcontabil.com\/cf\/wp-json\/wp\/v2\/media\/1477"}],"wp:attachment":[{"href":"https:\/\/cfcontabil.com\/cf\/wp-json\/wp\/v2\/media?parent=466"}],"wp:term":[{"taxonomy":"category","embeddable":true,"href":"https:\/\/cfcontabil.com\/cf\/wp-json\/wp\/v2\/categories?post=466"},{"taxonomy":"post_tag","embeddable":true,"href":"https:\/\/cfcontabil.com\/cf\/wp-json\/wp\/v2\/tags?post=466"}],"curies":[{"name":"wp","href":"https:\/\/api.w.org\/{rel}","templated":true}]}}