{"id":532,"date":"2014-06-13T13:07:19","date_gmt":"2014-06-13T16:07:19","guid":{"rendered":"http:\/\/cfcontabil.com\/cf\/?p=532"},"modified":"2014-06-13T13:07:19","modified_gmt":"2014-06-13T16:07:19","slug":"funcionamento-durante-a-copa-do-mundo","status":"publish","type":"post","link":"https:\/\/cfcontabil.com\/cf\/funcionamento-durante-a-copa-do-mundo\/","title":{"rendered":"Funcionamento durante a Copa do Mundo"},"content":{"rendered":"<p style=\"text-align: center\"><img data-recalc-dims=\"1\" decoding=\"async\" src=\"https:\/\/i0.wp.com\/mlb-s2-p.mlstatic.com\/10-modelos-do-fuleco-vetores-copa-mundo-2014-coreldraw-12531-MLB20062004432_032014-O.jpg?w=1170\" alt=\"\" \/><\/p>\n<p>&nbsp;<\/p>\n<p>Em decorr\u00eancia dos jogos do Brasil na Copa do Mundo e do hor\u00e1rio de funcionamento do Edif\u00edcio QE 07, informamos que nos dias <strong>12 e<\/strong>\u00a0<strong>17<\/strong> <strong>de Junho de 2014<\/strong>\u00a0o expediente da CF CONTABILIDADE <strong>ser\u00e1 de 8h \u00e0s 12h<\/strong>.<\/p>\n<p>&nbsp;<\/p>\n<p><strong>N\u00e3o haver\u00e1 expediente <\/strong>no dia<strong> 23 de Junho<\/strong>, data em que acontece o jogo da Sele\u00e7\u00e3o Brasileira em Bras\u00edlia\/DF.<\/p>\n<p>&nbsp;<\/p>\n<p>Atenciosamente,<\/p>\n<p>Equipe CF Cont\u00e1bil<\/p>\n","protected":false},"excerpt":{"rendered":"<p>&nbsp; Em decorr\u00eancia dos jogos do Brasil na Copa do Mundo e do hor\u00e1rio de funcionamento do Edif\u00edcio QE 07, informamos que nos dias 12 e\u00a017 de Junho de 2014\u00a0o expediente da CF CONTABILIDADE ser\u00e1 de 8h \u00e0s 12h. &nbsp; N\u00e3o haver\u00e1 expediente no dia 23 de Junho, data em que acontece o jogo da [&hellip;]<\/p>\n","protected":false},"author":2,"featured_media":0,"comment_status":"open","ping_status":"open","sticky":false,"template":"","format":"standard","meta":{"jetpack_post_was_ever_published":false,"_jetpack_newsletter_access":"","_jetpack_dont_email_post_to_subs":false,"_jetpack_newsletter_tier_id":0,"_jetpack_memberships_contains_paywalled_content":false,"_jetpack_memberships_contains_paid_content":false,"footnotes":"","jetpack_publicize_message":"","jetpack_publicize_feature_enabled":true,"jetpack_social_post_already_shared":true,"jetpack_social_options":{"image_generator_settings":{"template":"highway","default_image_id":0,"font":"","enabled":false},"version":2}},"categories":[22],"tags":[119,19,144,145],"class_list":["post-532","post","type-post","status-publish","format-standard","hentry","category-geral","tag-brasil","tag-brasilia","tag-copa-do-mundo","tag-fifa"],"jetpack_publicize_connections":[],"jetpack_featured_media_url":"","jetpack_sharing_enabled":true,"jetpack_shortlink":"https:\/\/wp.me\/p2wklX-8A","jetpack-related-posts":[{"id":1202,"url":"https:\/\/cfcontabil.com\/cf\/2013-ano-da-contabilidade-no-brasil\/","url_meta":{"origin":532,"position":0},"title":"2013: ano da Contabilidade no Brasil","author":"Vin\u00edcius Moizinho","date":"9 de janeiro de 2013","format":false,"excerpt":"\u00a0 O ano de 2013 ser\u00e1, sem d\u00favida, um dos mais importantes para a Contabilidade brasileira. Lideran\u00e7as e \u00f3rg\u00e3os ligados \u00e0 profiss\u00e3o est\u00e3o se unindo para que toda a sociedade saiba e reconhe\u00e7a o verdadeiro papel do profissional da contabilidade. \u00a0 \u00a0 \u00a0 Conhe\u00e7a, a seguir, um pouco do projeto.\u2026","rel":"","context":"Em &quot;Consultoria Empresarial&quot;","block_context":{"text":"Consultoria Empresarial","link":"https:\/\/cfcontabil.com\/cf\/category\/consultoria\/"},"img":{"alt_text":"Ano da Contabilidade no Brasil","src":"http:\/\/www.crcsc.org.br\/arquivosSGC\/BANNER_20121211103353Ano20da20Contabilidade.jpg&w=418&h=238&c=s","width":350,"height":200},"classes":[]},{"id":584,"url":"https:\/\/cfcontabil.com\/cf\/recesso-no-aniversario-de-brasilia\/","url_meta":{"origin":532,"position":1},"title":"Recesso no anivers\u00e1rio de Bras\u00edlia","author":"Vin\u00edcius Moizinho","date":"17 de abril de 2015","format":"quote","excerpt":"","rel":"","context":"Em &quot;Consultoria Empresarial&quot;","block_context":{"text":"Consultoria Empresarial","link":"https:\/\/cfcontabil.com\/cf\/category\/consultoria\/"},"img":{"alt_text":"Recesso dia 20 de Abril de 2015","src":"https:\/\/i0.wp.com\/cfcontabil.com\/cf\/wp-content\/uploads\/2015\/04\/CF-CONTABIL-Aniversario-de-Brasilia.png?resize=350%2C200","width":350,"height":200,"srcset":"https:\/\/i0.wp.com\/cfcontabil.com\/cf\/wp-content\/uploads\/2015\/04\/CF-CONTABIL-Aniversario-de-Brasilia.png?resize=350%2C200 1x, https:\/\/i0.wp.com\/cfcontabil.com\/cf\/wp-content\/uploads\/2015\/04\/CF-CONTABIL-Aniversario-de-Brasilia.png?resize=525%2C300 1.5x, https:\/\/i0.wp.com\/cfcontabil.com\/cf\/wp-content\/uploads\/2015\/04\/CF-CONTABIL-Aniversario-de-Brasilia.png?resize=700%2C400 2x"},"classes":[]},{"id":1467,"url":"https:\/\/cfcontabil.com\/cf\/cf-contabil-recebe-o-premio-referencia-nacional-e-qualidade-empresarial-de-2019\/","url_meta":{"origin":532,"position":2},"title":"CF Cont\u00e1bil recebe o Premio Referencia Nacional e Qualidade Empresarial de 2019","author":"Ab\u00edlio Gon\u00e7alves","date":"9 de abril de 2019","format":false,"excerpt":"Na noite de 8 de Abril, no Minas Hall em Bras\u00edlia, a Ag\u00eancia Nacional de Cultura, Empreendedorismo e Comunica\u00e7\u00e3o (ANCEC) homenageou personalidades, advogados, autoridades e empres\u00e1rios que se destacaram nas \u00e1reas de empreendedorismo, comunica\u00e7\u00e3o, arte e entretenimento ao promoverem a cultura e comunica\u00e7\u00e3o no Brasil. A ANCEC \u00e9 a ag\u00eancia\u2026","rel":"","context":"Em &quot;Geral&quot;","block_context":{"text":"Geral","link":"https:\/\/cfcontabil.com\/cf\/category\/geral\/"},"img":{"alt_text":"","src":"https:\/\/i0.wp.com\/cfcontabil.com\/cf\/wp-content\/uploads\/2019\/04\/ANCEC-CF-2019-1.jpg?fit=960%2C960&ssl=1&resize=350%2C200","width":350,"height":200,"srcset":"https:\/\/i0.wp.com\/cfcontabil.com\/cf\/wp-content\/uploads\/2019\/04\/ANCEC-CF-2019-1.jpg?fit=960%2C960&ssl=1&resize=350%2C200 1x, https:\/\/i0.wp.com\/cfcontabil.com\/cf\/wp-content\/uploads\/2019\/04\/ANCEC-CF-2019-1.jpg?fit=960%2C960&ssl=1&resize=525%2C300 1.5x, https:\/\/i0.wp.com\/cfcontabil.com\/cf\/wp-content\/uploads\/2019\/04\/ANCEC-CF-2019-1.jpg?fit=960%2C960&ssl=1&resize=700%2C400 2x"},"classes":[]},{"id":865,"url":"https:\/\/cfcontabil.com\/cf\/1-exame-de-suficiencia-de-2017-boletos-podem-ser-pagos-ate-o-dia-26\/","url_meta":{"origin":532,"position":3},"title":"1\u00b0 Exame de Sufici\u00eancia de 2017: boletos podem ser pagos at\u00e9 o dia 26","author":"Ab\u00edlio Gon\u00e7alves","date":"24 de janeiro de 2017","format":false,"excerpt":"Foi publicada no Di\u00e1rio Oficial da Uni\u00e3o (DOU), desta ter\u00e7a-feira (24), se\u00e7\u00e3o 3, p\u00e1g. 130, a retifica\u00e7\u00e3o do Edital do 1\u00b0 Exame de Sufici\u00eancia, que altera a data de pagamento do boleto. Os itens alterados no edital foram 2.2, 2.2.1 e 3.13. A data final para o pagamento, ap\u00f3s a\u2026","rel":"","context":"Em &quot;Geral&quot;","block_context":{"text":"Geral","link":"https:\/\/cfcontabil.com\/cf\/category\/geral\/"},"img":{"alt_text":"","src":"https:\/\/i0.wp.com\/cfcontabil.com\/cf\/wp-content\/uploads\/2017\/01\/exame_suficiencia_2016-1.jpg?fit=675%2C302&ssl=1&resize=350%2C200","width":350,"height":200,"srcset":"https:\/\/i0.wp.com\/cfcontabil.com\/cf\/wp-content\/uploads\/2017\/01\/exame_suficiencia_2016-1.jpg?fit=675%2C302&ssl=1&resize=350%2C200 1x, https:\/\/i0.wp.com\/cfcontabil.com\/cf\/wp-content\/uploads\/2017\/01\/exame_suficiencia_2016-1.jpg?fit=675%2C302&ssl=1&resize=525%2C300 1.5x"},"classes":[]},{"id":2275,"url":"https:\/\/cfcontabil.com\/cf\/gdf-determina-abertura-de-novos-espacos\/","url_meta":{"origin":532,"position":4},"title":"GDF determina abertura de novos espa\u00e7os","author":"Ab\u00edlio Gon\u00e7alves","date":"22 de abril de 2020","format":false,"excerpt":"Medida publicada em edi\u00e7\u00e3o extra do DODF desta quarta-feira (22), libera reabertura de escrit\u00f3rios de advocacia, contabilidade, engenharia e arquitetura, al\u00e9m de imobili\u00e1rias Escrit\u00f3rios de advocacia, contabilidade, engenharia e arquitetura passam a funcionar a partir de hoje (22). Decreto liberando as atividades desses setores foi publicado na tarde desta quarta-feira\u2026","rel":"","context":"Em &quot;Geral&quot;","block_context":{"text":"Geral","link":"https:\/\/cfcontabil.com\/cf\/category\/geral\/"},"img":{"alt_text":"","src":"https:\/\/i0.wp.com\/cfcontabil.com\/cf\/wp-content\/uploads\/2020\/04\/abertura_contabilidade_blog.jpeg?fit=1200%2C675&ssl=1&resize=350%2C200","width":350,"height":200,"srcset":"https:\/\/i0.wp.com\/cfcontabil.com\/cf\/wp-content\/uploads\/2020\/04\/abertura_contabilidade_blog.jpeg?fit=1200%2C675&ssl=1&resize=350%2C200 1x, https:\/\/i0.wp.com\/cfcontabil.com\/cf\/wp-content\/uploads\/2020\/04\/abertura_contabilidade_blog.jpeg?fit=1200%2C675&ssl=1&resize=525%2C300 1.5x, https:\/\/i0.wp.com\/cfcontabil.com\/cf\/wp-content\/uploads\/2020\/04\/abertura_contabilidade_blog.jpeg?fit=1200%2C675&ssl=1&resize=700%2C400 2x, https:\/\/i0.wp.com\/cfcontabil.com\/cf\/wp-content\/uploads\/2020\/04\/abertura_contabilidade_blog.jpeg?fit=1200%2C675&ssl=1&resize=1050%2C600 3x"},"classes":[]},{"id":424,"url":"https:\/\/cfcontabil.com\/cf\/recesso-e-ferias-coletivas-2013\/","url_meta":{"origin":532,"position":5},"title":"Recesso e F\u00e9rias Coletivas 2013","author":"Vin\u00edcius Moizinho","date":"20 de dezembro de 2013","format":false,"excerpt":"","rel":"","context":"Em &quot;Consultoria Empresarial&quot;","block_context":{"text":"Consultoria Empresarial","link":"https:\/\/cfcontabil.com\/cf\/category\/consultoria\/"},"img":{"alt_text":"","src":"","width":0,"height":0},"classes":[]}],"jetpack_likes_enabled":true,"_links":{"self":[{"href":"https:\/\/cfcontabil.com\/cf\/wp-json\/wp\/v2\/posts\/532","targetHints":{"allow":["GET"]}}],"collection":[{"href":"https:\/\/cfcontabil.com\/cf\/wp-json\/wp\/v2\/posts"}],"about":[{"href":"https:\/\/cfcontabil.com\/cf\/wp-json\/wp\/v2\/types\/post"}],"author":[{"embeddable":true,"href":"https:\/\/cfcontabil.com\/cf\/wp-json\/wp\/v2\/users\/2"}],"replies":[{"embeddable":true,"href":"https:\/\/cfcontabil.com\/cf\/wp-json\/wp\/v2\/comments?post=532"}],"version-history":[{"count":0,"href":"https:\/\/cfcontabil.com\/cf\/wp-json\/wp\/v2\/posts\/532\/revisions"}],"wp:attachment":[{"href":"https:\/\/cfcontabil.com\/cf\/wp-json\/wp\/v2\/media?parent=532"}],"wp:term":[{"taxonomy":"category","embeddable":true,"href":"https:\/\/cfcontabil.com\/cf\/wp-json\/wp\/v2\/categories?post=532"},{"taxonomy":"post_tag","embeddable":true,"href":"https:\/\/cfcontabil.com\/cf\/wp-json\/wp\/v2\/tags?post=532"}],"curies":[{"name":"wp","href":"https:\/\/api.w.org\/{rel}","templated":true}]}}