{"id":540,"date":"2014-07-25T10:02:52","date_gmt":"2014-07-25T13:02:52","guid":{"rendered":"http:\/\/cfcontabil.com\/cf\/?p=540"},"modified":"2014-07-25T10:02:52","modified_gmt":"2014-07-25T13:02:52","slug":"programa-de-recuperacao-de-creditos-tributarios-do-distrito-federal-recuperadf","status":"publish","type":"post","link":"https:\/\/cfcontabil.com\/cf\/programa-de-recuperacao-de-creditos-tributarios-do-distrito-federal-recuperadf\/","title":{"rendered":"PROGRAMA DE RECUPERA\u00c7\u00c3O DE CR\u00c9DITOS TRIBUT\u00c1RIOS DO DISTRITO FEDERAL (RECUPERA\/DF)"},"content":{"rendered":"<p><img data-recalc-dims=\"1\" decoding=\"async\" class=\"aligncenter\" src=\"https:\/\/i0.wp.com\/www.agacielmaia.com\/wp-content\/uploads\/2014\/07\/recupera-df.jpg?w=1170\" alt=\"\" \/><\/p>\n<p style=\"text-align: justify\">O Governador do Distrito Federal, atrav\u00e9s do <a title=\"Decreto n\u00ba 35.648\/2014\" href=\"http:\/\/www.econeteditora.com.br\/index.asp?url=icms_df\/decretos\/2014\/decreto_35648_2014.php\" target=\"_blank\" rel=\"noopener noreferrer\">Decreto n\u00ba 35.648\/2014<\/a> (DOE de 23\/07\/2014), regulamentou a <a title=\"Lei n\u00ba 5.365\/2014\" href=\"http:\/\/www.econeteditora.com.br\/index.asp?url=icms_df\/leis\/2014\/lei_5365_2014.php\" target=\"_blank\" rel=\"noopener noreferrer\">Lei n\u00ba 5.365\/2014<\/a>, que institui a <strong>terceira fase do Programa de Recupera\u00e7\u00e3o de Cr\u00e9ditos Tribut\u00e1rios do Distrito Federal (RECUPERA-DF)<\/strong>, destinado a promover a recupera\u00e7\u00e3o e a regulariza\u00e7\u00e3o de cr\u00e9ditos tribut\u00e1rios, inscritos ou n\u00e3o em d\u00edvida ativa, ajuizados ou n\u00e3o, consistindo na redu\u00e7\u00e3o de juros de mora e multa, inclusive a morat\u00f3ria, do d\u00e9bito consolidado, da forma que especifica.<\/p>\n<p style=\"text-align: justify\">Al\u00e9m das considera\u00e7\u00f5es j\u00e1 divulgadas por meio da referida lei, foram inclu\u00eddos na terceira fase do programa os <strong>saldos de parcelamento deferidos, ainda que posteriormente cancelados de of\u00edcio pela autoridade competente<\/strong>, referentes a <strong>fatos geradores ocorridos at\u00e9 31 de Dezembro de 2013<\/strong>.<\/p>\n<p><img data-recalc-dims=\"1\" decoding=\"async\" class=\"aligncenter\" src=\"https:\/\/i0.wp.com\/www.camaraempauta.com.br\/portal\/public\/img\/general\/imagens_upload\/_medias\/M_6793payment400x300.jpg?w=1170\" alt=\"\" \/><\/p>\n<p style=\"text-align: justify\">Os d\u00e9bitos relativos a per\u00edodo posterior a 31 de Dezembro de 2013, desmembrados na forma\u00a0prevista no <a href=\"http:\/\/www.econeteditora.com.br\/icms_df\/decretos\/2014\/decreto_35648_2014.php#art2_p6\" target=\"_blank\" rel=\"noopener noreferrer\">\u00a7 6\u00ba<\/a> do <a href=\"http:\/\/www.econeteditora.com.br\/icms_df\/decretos\/2014\/decreto_35648_2014.php#art2\" target=\"_blank\" rel=\"noopener noreferrer\">artigo 2\u00ba<\/a> do <a href=\"http:\/\/www.econeteditora.com.br\/index.asp?url=icms_df\/decretos\/2014\/decreto_35648_2014.php\" target=\"_blank\" rel=\"noopener noreferrer\">Decreto n\u00ba 35.648\/2014<\/a>, que pela lei poderiam ser liquidados em 60 dias, t\u00eam seu <strong>prazo modificado para liquida\u00e7\u00e3o at\u00e9 22 de Dezembro de 2014<\/strong>, sob pena de inscri\u00e7\u00e3o em d\u00edvida ativa e exclus\u00e3o do aludido programa.<\/p>\n<p style=\"text-align: justify\">Por fim, a <strong>ades\u00e3o \u00e0 terceira fase do RECUPERA-DF deve ser feita at\u00e9 22 de Outubro de 2014<\/strong>, e fica condicionada ao recolhimento do valor constante de documento emitido somente pela Secretaria de Estado de Fazenda, bem como \u00e0 aceita\u00e7\u00e3o de todas as condi\u00e7\u00f5es previstas no referido decreto e \u00e0 apresenta\u00e7\u00e3o de requerimento no local e nas datas que especifica.<\/p>\n<p><img data-recalc-dims=\"1\" decoding=\"async\" class=\"aligncenter\" src=\"https:\/\/i0.wp.com\/sindifiscodf.org.br\/site\/wp-content\/uploads\/2013\/06\/recupera.jpg?w=1170\" alt=\"\" \/><\/p>\n<p style=\"text-align: right\"><em>Fonte<\/em>: <strong>Econet Editora Empresarial Ltda<\/strong><\/p>\n","protected":false},"excerpt":{"rendered":"<p>O Governador do Distrito Federal, atrav\u00e9s do Decreto n\u00ba 35.648\/2014 (DOE de 23\/07\/2014), regulamentou a Lei n\u00ba 5.365\/2014, que institui a terceira fase do Programa de Recupera\u00e7\u00e3o de Cr\u00e9ditos Tribut\u00e1rios do Distrito Federal (RECUPERA-DF), destinado a promover a recupera\u00e7\u00e3o e a regulariza\u00e7\u00e3o de cr\u00e9ditos tribut\u00e1rios, inscritos ou n\u00e3o em d\u00edvida ativa, ajuizados ou n\u00e3o, consistindo [&hellip;]<\/p>\n","protected":false},"author":2,"featured_media":0,"comment_status":"open","ping_status":"open","sticky":false,"template":"","format":"standard","meta":{"jetpack_post_was_ever_published":false,"_jetpack_newsletter_access":"","_jetpack_dont_email_post_to_subs":false,"_jetpack_newsletter_tier_id":0,"_jetpack_memberships_contains_paywalled_content":false,"_jetpack_memberships_contains_paid_content":false,"footnotes":"","jetpack_publicize_message":"","jetpack_publicize_feature_enabled":true,"jetpack_social_post_already_shared":true,"jetpack_social_options":{"image_generator_settings":{"template":"highway","default_image_id":0,"font":"","enabled":false},"version":2}},"categories":[69,46,22],"tags":[19,21,146,114],"class_list":["post-540","post","type-post","status-publish","format-standard","hentry","category-contabilidade-2","category-df","category-geral","tag-brasilia","tag-contabilidade","tag-recupera-df","tag-recuperacao-fiscal"],"jetpack_publicize_connections":[],"jetpack_featured_media_url":"","jetpack_sharing_enabled":true,"jetpack_shortlink":"https:\/\/wp.me\/p2wklX-8I","jetpack-related-posts":[{"id":338,"url":"https:\/\/cfcontabil.com\/cf\/parcelamento-tributario-recuperadf\/","url_meta":{"origin":540,"position":0},"title":"Parcelamento Tribut\u00e1rio \u2013 RECUPERA\/DF","author":"Vin\u00edcius Moizinho","date":"16 de abril de 2013","format":false,"excerpt":"A C\u00e2mara Legislativa do Distrito Federal decretou e o Governador do Distrito Federal sancionou a Lei n\u00ba 5.096, de 10\/04\/2013, que instituiu o Recupera\/DF, novo programa de parcelamento tribut\u00e1rio\u00a0que vai ajudar os empres\u00e1rios e pessoas f\u00edsicas a sanar d\u00e9bitos contra\u00eddos com o GDF at\u00e9 31 de dezembro de 2011. Pela\u2026","rel":"","context":"Em &quot;Contabilidade em geral&quot;","block_context":{"text":"Contabilidade em geral","link":"https:\/\/cfcontabil.com\/cf\/category\/contabilidade-2\/"},"img":{"alt_text":"Governo do Distritp Federal","src":"https:\/\/i0.wp.com\/www.fernandovasconcelos.com\/wp-content\/uploads\/2012\/08\/Logomarca-do-GDF.jpg?resize=350%2C200","width":350,"height":200},"classes":[]},{"id":2264,"url":"https:\/\/cfcontabil.com\/cf\/df-tera-refis-mais-eficaz-de-sua-historia\/","url_meta":{"origin":540,"position":1},"title":"DF ter\u00e1 Refis mais eficaz de sua hist\u00f3ria","author":"Ab\u00edlio Gon\u00e7alves","date":"13 de abril de 2020","format":false,"excerpt":"Secret\u00e1rio de Economia explica que novo programa tem redu\u00e7\u00f5es significativas de al\u00edquotas e pode gerar economia de R$ 823,2 milh\u00f5es \u00e0s empresas Manter a economia nos eixos \u00e9 uma das prioridades do Governo do Distrito Federal. Principalmente em momentos de crise, como \u00e9 o caso das incertezas geradas pela pandemia\u2026","rel":"","context":"Em \"Ativa\"","block_context":{"text":"Ativa","link":"https:\/\/cfcontabil.com\/cf\/tag\/ativa\/"},"img":{"alt_text":"","src":"https:\/\/i0.wp.com\/cfcontabil.com\/cf\/wp-content\/uploads\/2020\/04\/REFIS-DF.jpg?fit=512%2C287&ssl=1&resize=350%2C200","width":350,"height":200},"classes":[]},{"id":1188,"url":"https:\/\/cfcontabil.com\/cf\/baixe-o-pgd-dctf-inativa-v3-4-inativa\/","url_meta":{"origin":540,"position":2},"title":"Baixe o PGD DCTF Inativa v3.4 (Inativa)","author":"Ab\u00edlio Gon\u00e7alves","date":"19 de junho de 2017","format":false,"excerpt":"Ap\u00f3s dois adiamentos de prazos e muito estresse para contabilistas e respons\u00e1veis pelos departamentos tribut\u00e1rios das empresas, foi aprovado a\u00a0vers\u00e3o 3.4 do Programa Gerador da Declara\u00e7\u00e3o (PGD) de D\u00e9bitos e Cr\u00e9ditos Tribut\u00e1rios Federais (DCTF) Mensal que inclui a informa\u00e7\u00e3o de empresa inativa. Neste programa, houve a inclus\u00e3o da Caixa de\u2026","rel":"","context":"Em &quot;Departamento Fiscal&quot;","block_context":{"text":"Departamento Fiscal","link":"https:\/\/cfcontabil.com\/cf\/category\/df\/"},"img":{"alt_text":"","src":"https:\/\/i0.wp.com\/cfcontabil.com\/cf\/wp-content\/uploads\/2017\/06\/download-1.png?fit=1200%2C544&ssl=1&resize=350%2C200","width":350,"height":200,"srcset":"https:\/\/i0.wp.com\/cfcontabil.com\/cf\/wp-content\/uploads\/2017\/06\/download-1.png?fit=1200%2C544&ssl=1&resize=350%2C200 1x, https:\/\/i0.wp.com\/cfcontabil.com\/cf\/wp-content\/uploads\/2017\/06\/download-1.png?fit=1200%2C544&ssl=1&resize=525%2C300 1.5x, https:\/\/i0.wp.com\/cfcontabil.com\/cf\/wp-content\/uploads\/2017\/06\/download-1.png?fit=1200%2C544&ssl=1&resize=700%2C400 2x, https:\/\/i0.wp.com\/cfcontabil.com\/cf\/wp-content\/uploads\/2017\/06\/download-1.png?fit=1200%2C544&ssl=1&resize=1050%2C600 3x"},"classes":[]},{"id":2853,"url":"https:\/\/cfcontabil.com\/cf\/dirf-dasn-ecf-ecd-as-principais-declaracoes-anuais-para-empresas\/","url_meta":{"origin":540,"position":3},"title":"DIRF, DASN, ECF, ECD: as principais declara\u00e7\u00f5es anuais para empresas","author":"Ab\u00edlio Gon\u00e7alves","date":"23 de fevereiro de 2023","format":false,"excerpt":"As empresas s\u00e3o obrigadas a fornecer v\u00e1rias declara\u00e7\u00f5es anuais ao governo para cumprir suas obriga\u00e7\u00f5es fiscais e cont\u00e1beis.","rel":"","context":"Em &quot;Geral&quot;","block_context":{"text":"Geral","link":"https:\/\/cfcontabil.com\/cf\/category\/geral\/"},"img":{"alt_text":"Free business woman with laptop","src":"https:\/\/i0.wp.com\/cfcontabil.com\/cf\/wp-content\/uploads\/2023\/02\/czNmcy1wcml2YXRlL3Jhd3BpeGVsX2ltYWdlcy93ZWJzaXRlX2NvbnRlbnQvbHIvbnMxODExLWltYWdlLWt3dnljbzN4LmpwZw.jpg?fit=1200%2C900&ssl=1&resize=350%2C200","width":350,"height":200,"srcset":"https:\/\/i0.wp.com\/cfcontabil.com\/cf\/wp-content\/uploads\/2023\/02\/czNmcy1wcml2YXRlL3Jhd3BpeGVsX2ltYWdlcy93ZWJzaXRlX2NvbnRlbnQvbHIvbnMxODExLWltYWdlLWt3dnljbzN4LmpwZw.jpg?fit=1200%2C900&ssl=1&resize=350%2C200 1x, https:\/\/i0.wp.com\/cfcontabil.com\/cf\/wp-content\/uploads\/2023\/02\/czNmcy1wcml2YXRlL3Jhd3BpeGVsX2ltYWdlcy93ZWJzaXRlX2NvbnRlbnQvbHIvbnMxODExLWltYWdlLWt3dnljbzN4LmpwZw.jpg?fit=1200%2C900&ssl=1&resize=525%2C300 1.5x, https:\/\/i0.wp.com\/cfcontabil.com\/cf\/wp-content\/uploads\/2023\/02\/czNmcy1wcml2YXRlL3Jhd3BpeGVsX2ltYWdlcy93ZWJzaXRlX2NvbnRlbnQvbHIvbnMxODExLWltYWdlLWt3dnljbzN4LmpwZw.jpg?fit=1200%2C900&ssl=1&resize=700%2C400 2x, https:\/\/i0.wp.com\/cfcontabil.com\/cf\/wp-content\/uploads\/2023\/02\/czNmcy1wcml2YXRlL3Jhd3BpeGVsX2ltYWdlcy93ZWJzaXRlX2NvbnRlbnQvbHIvbnMxODExLWltYWdlLWt3dnljbzN4LmpwZw.jpg?fit=1200%2C900&ssl=1&resize=1050%2C600 3x"},"classes":[]},{"id":1772,"url":"https:\/\/cfcontabil.com\/cf\/ibaneis-aprova-lei-fixando-prazo-de-7-dias-para-o-governo-liberar-alvara-de-construcao-no-df\/","url_meta":{"origin":540,"position":4},"title":"Ibaneis aprova lei fixando prazo de 7 dias para o governo liberar alvar\u00e1 de constru\u00e7\u00e3o no DF","author":"Ab\u00edlio Gon\u00e7alves","date":"16 de outubro de 2019","format":false,"excerpt":"Tamb\u00e9m foram criados pontos de apoio para caminhoneiros nas vias de acesso \u00e0s cidades do DF O governador do Distrito Federal, Ibaneis Rocha (MDB), obteve vit\u00f3rias expressivas na vota\u00e7\u00e3o de projetos de origem do Poder Executivo nesta ter\u00e7a-feira (15), na C\u00e2mara Legislativa. Foram seus projetos aprovados no total, incluindo o\u2026","rel":"","context":"Em &quot;Consultoria Empresarial&quot;","block_context":{"text":"Consultoria Empresarial","link":"https:\/\/cfcontabil.com\/cf\/category\/consultoria\/"},"img":{"alt_text":"","src":"https:\/\/i0.wp.com\/cfcontabil.com\/cf\/wp-content\/uploads\/2019\/10\/alvara.jpg?fit=767%2C400&ssl=1&resize=350%2C200","width":350,"height":200,"srcset":"https:\/\/i0.wp.com\/cfcontabil.com\/cf\/wp-content\/uploads\/2019\/10\/alvara.jpg?fit=767%2C400&ssl=1&resize=350%2C200 1x, https:\/\/i0.wp.com\/cfcontabil.com\/cf\/wp-content\/uploads\/2019\/10\/alvara.jpg?fit=767%2C400&ssl=1&resize=525%2C300 1.5x, https:\/\/i0.wp.com\/cfcontabil.com\/cf\/wp-content\/uploads\/2019\/10\/alvara.jpg?fit=767%2C400&ssl=1&resize=700%2C400 2x"},"classes":[]},{"id":2010,"url":"https:\/\/cfcontabil.com\/cf\/cresceu-19-a-economia-do-df-no-terceiro-trimestre-de-2019\/","url_meta":{"origin":540,"position":5},"title":"Cresceu 1,9% a economia do DF no terceiro trimestre de 2019","author":"Ab\u00edlio Gon\u00e7alves","date":"12 de dezembro de 2019","format":false,"excerpt":"Todos os setores locais evolu\u00edram, com destaque para a Constru\u00e7\u00e3o Civil que reverteu uma s\u00e9rie de resultados negativos desde 2013 e ascendeu 0,8% Segundo o \u00cdndice de Desempenho Econ\u00f4mico do Distrito Federal (Idecon-DF), a economia do Distrito Federal cresceu 1,8% no terceiro trimestre de 2019 na compara\u00e7\u00e3o com o mesmo\u2026","rel":"","context":"Em &quot;Consultoria Empresarial&quot;","block_context":{"text":"Consultoria Empresarial","link":"https:\/\/cfcontabil.com\/cf\/category\/consultoria\/"},"img":{"alt_text":"","src":"https:\/\/i0.wp.com\/cfcontabil.com\/cf\/wp-content\/uploads\/2019\/10\/empresarios.jpg?fit=640%2C433&ssl=1&resize=350%2C200","width":350,"height":200,"srcset":"https:\/\/i0.wp.com\/cfcontabil.com\/cf\/wp-content\/uploads\/2019\/10\/empresarios.jpg?fit=640%2C433&ssl=1&resize=350%2C200 1x, https:\/\/i0.wp.com\/cfcontabil.com\/cf\/wp-content\/uploads\/2019\/10\/empresarios.jpg?fit=640%2C433&ssl=1&resize=525%2C300 1.5x"},"classes":[]}],"jetpack_likes_enabled":true,"_links":{"self":[{"href":"https:\/\/cfcontabil.com\/cf\/wp-json\/wp\/v2\/posts\/540","targetHints":{"allow":["GET"]}}],"collection":[{"href":"https:\/\/cfcontabil.com\/cf\/wp-json\/wp\/v2\/posts"}],"about":[{"href":"https:\/\/cfcontabil.com\/cf\/wp-json\/wp\/v2\/types\/post"}],"author":[{"embeddable":true,"href":"https:\/\/cfcontabil.com\/cf\/wp-json\/wp\/v2\/users\/2"}],"replies":[{"embeddable":true,"href":"https:\/\/cfcontabil.com\/cf\/wp-json\/wp\/v2\/comments?post=540"}],"version-history":[{"count":0,"href":"https:\/\/cfcontabil.com\/cf\/wp-json\/wp\/v2\/posts\/540\/revisions"}],"wp:attachment":[{"href":"https:\/\/cfcontabil.com\/cf\/wp-json\/wp\/v2\/media?parent=540"}],"wp:term":[{"taxonomy":"category","embeddable":true,"href":"https:\/\/cfcontabil.com\/cf\/wp-json\/wp\/v2\/categories?post=540"},{"taxonomy":"post_tag","embeddable":true,"href":"https:\/\/cfcontabil.com\/cf\/wp-json\/wp\/v2\/tags?post=540"}],"curies":[{"name":"wp","href":"https:\/\/api.w.org\/{rel}","templated":true}]}}