{"id":545,"date":"2014-07-30T17:13:28","date_gmt":"2014-07-30T20:13:28","guid":{"rendered":"http:\/\/cfcontabil.com\/cf\/?p=545"},"modified":"2014-07-30T17:13:28","modified_gmt":"2014-07-30T20:13:28","slug":"distrito-federal-omissao-de-livro-fiscal-eletronico","status":"publish","type":"post","link":"https:\/\/cfcontabil.com\/cf\/distrito-federal-omissao-de-livro-fiscal-eletronico\/","title":{"rendered":"Distrito Federal &#8211; Omiss\u00e3o de Livro Fiscal Eletr\u00f4nico"},"content":{"rendered":"<p><img data-recalc-dims=\"1\" decoding=\"async\" src=\"https:\/\/i0.wp.com\/spaces.setdata.com.br\/emkt\/dados\/17085\/16012\/Image\/Imagens\/OMISSAO_LFE_2014.png?w=1170\" alt=\"\" \/><\/p>\n","protected":false},"excerpt":{"rendered":"","protected":false},"author":2,"featured_media":549,"comment_status":"open","ping_status":"open","sticky":false,"template":"","format":"image","meta":{"jetpack_post_was_ever_published":false,"_jetpack_newsletter_access":"","_jetpack_dont_email_post_to_subs":false,"_jetpack_newsletter_tier_id":0,"_jetpack_memberships_contains_paywalled_content":false,"_jetpack_memberships_contains_paid_content":false,"footnotes":"","jetpack_publicize_message":"","jetpack_publicize_feature_enabled":true,"jetpack_social_post_already_shared":true,"jetpack_social_options":{"image_generator_settings":{"template":"highway","default_image_id":0,"font":"","enabled":false},"version":2}},"categories":[69,46],"tags":[19,21,112,147],"class_list":["post-545","post","type-post","status-publish","format-image","has-post-thumbnail","hentry","category-contabilidade-2","category-df","tag-brasilia","tag-contabilidade","tag-gdf","tag-livro-fiscal-eletronico","post_format-post-format-image"],"jetpack_publicize_connections":[],"jetpack_featured_media_url":"https:\/\/i0.wp.com\/cfcontabil.com\/cf\/wp-content\/uploads\/2014\/08\/CF-CONTABIL-placa1-2.jpg?fit=2048%2C1152&ssl=1","jetpack_sharing_enabled":true,"jetpack_shortlink":"https:\/\/wp.me\/p2wklX-8N","jetpack-related-posts":[{"id":367,"url":"https:\/\/cfcontabil.com\/cf\/o-contador-na-era-tecnologica\/","url_meta":{"origin":545,"position":0},"title":"O Contador na Era Tecnol\u00f3gica","author":"Vin\u00edcius Moizinho","date":"18 de setembro de 2013","format":false,"excerpt":"Bom dia, prezados! \u00c9 fato que a internacionaliza\u00e7\u00e3o das normas cont\u00e1beis deu ao contador outro perfil. A ultrapassada imagem que vinculada ao contador brasileiro, como sendo o guarda-livros de caneta atr\u00e1s da orelha, n\u00e3o passa hoje de folclore e caricatura. A abertura dos mercados globais tornou a Contabilidade a quarta\u2026","rel":"","context":"Em &quot;Consultoria Empresarial&quot;","block_context":{"text":"Consultoria Empresarial","link":"https:\/\/cfcontabil.com\/cf\/category\/consultoria\/"},"img":{"alt_text":"","src":"https:\/\/i0.wp.com\/www.serkat.com.br\/img\/topo\/servicos.jpg?resize=350%2C200","width":350,"height":200},"classes":[]},{"id":1878,"url":"https:\/\/cfcontabil.com\/cf\/empresario-vitima-do-fisco\/","url_meta":{"origin":545,"position":1},"title":"Empres\u00e1rio vitima do fisco","author":"Ab\u00edlio Gon\u00e7alves","date":"13 de novembro de 2019","format":false,"excerpt":"As leis aplicadas no resultado de uma fiscaliza\u00e7\u00e3o pelo fisco penaliza o empres\u00e1rio As leis aplicadas no resultado de uma fiscaliza\u00e7\u00e3o pelo fisco penaliza o empres\u00e1rio pelo crime contra a ordem tribut\u00e1ria, n\u00e3o est\u00e3o vinculadas as normas que disciplinam a escritura\u00e7\u00e3o fiscal e cont\u00e1bil. As autoridades envolvidas n\u00e3o podem aceitar\u2026","rel":"","context":"Em &quot;Consultoria Empresarial&quot;","block_context":{"text":"Consultoria Empresarial","link":"https:\/\/cfcontabil.com\/cf\/category\/consultoria\/"},"img":{"alt_text":"","src":"https:\/\/i0.wp.com\/cfcontabil.com\/cf\/wp-content\/uploads\/2019\/11\/dinheiro-nota-real.jpg?fit=678%2C452&ssl=1&resize=350%2C200","width":350,"height":200,"srcset":"https:\/\/i0.wp.com\/cfcontabil.com\/cf\/wp-content\/uploads\/2019\/11\/dinheiro-nota-real.jpg?fit=678%2C452&ssl=1&resize=350%2C200 1x, https:\/\/i0.wp.com\/cfcontabil.com\/cf\/wp-content\/uploads\/2019\/11\/dinheiro-nota-real.jpg?fit=678%2C452&ssl=1&resize=525%2C300 1.5x"},"classes":[]},{"id":119,"url":"https:\/\/cfcontabil.com\/cf\/tecnologia-na-governanca-triburaria\/","url_meta":{"origin":545,"position":2},"title":"Tecnologia na Governan\u00e7a Tribur\u00e1ria","author":"Vin\u00edcius Moizinho","date":"22 de agosto de 2012","format":false,"excerpt":"Bom dia, prezados! Hoje trago a voc\u00eas um excelente artigo produzido por\u00a0Luciano Silva, atual diretor executivo da SPL Fiscal, empresa especializada na presta\u00e7\u00e3o de servi\u00e7os de terceiriza\u00e7\u00e3o de processos fiscais. Nele o autor aborta a import\u00e2ncia do controle tribut\u00e1rio para as empresas brasileiras, destacando como contribuintes podem se beneficiar com\u2026","rel":"","context":"Em &quot;Geral&quot;","block_context":{"text":"Geral","link":"https:\/\/cfcontabil.com\/cf\/category\/geral\/"},"img":{"alt_text":"","src":"https:\/\/i0.wp.com\/thumbs.dreamstime.com\/thumblarge_545\/12865050587MYJsS.jpg?resize=350%2C200","width":350,"height":200},"classes":[]},{"id":1267,"url":"https:\/\/cfcontabil.com\/cf\/termina-em-31-de-julho-prazo-de-entrega-da-escrituracao-contabil-fiscal\/","url_meta":{"origin":545,"position":3},"title":"Termina em 31 de julho prazo de entrega da Escritura\u00e7\u00e3o Cont\u00e1bil Fiscal","author":"Ab\u00edlio Gon\u00e7alves","date":"28 de julho de 2017","format":false,"excerpt":"Diretor da Fenacon recomenda que n\u00e3o seja deixada para o \u00faltimo dia Empresas que n\u00e3o enviarem as informa\u00e7\u00f5es \u00e0 Receita Federal at\u00e9 a data final ficar\u00e3o impedidas de emitir certid\u00e3o negativa de d\u00e9bitos e ter\u00e3o de pagar multa O prazo de entrega da Escritura\u00e7\u00e3o Cont\u00e1bil Fiscal (ECF) termina no \u00faltimo\u2026","rel":"","context":"Em &quot;Departamento Fiscal&quot;","block_context":{"text":"Departamento Fiscal","link":"https:\/\/cfcontabil.com\/cf\/category\/df\/"},"img":{"alt_text":"","src":"https:\/\/i0.wp.com\/cfcontabil.com\/cf\/wp-content\/uploads\/2017\/07\/ecf-1406658540-1-1.jpg?fit=800%2C588&ssl=1&resize=350%2C200","width":350,"height":200,"srcset":"https:\/\/i0.wp.com\/cfcontabil.com\/cf\/wp-content\/uploads\/2017\/07\/ecf-1406658540-1-1.jpg?fit=800%2C588&ssl=1&resize=350%2C200 1x, https:\/\/i0.wp.com\/cfcontabil.com\/cf\/wp-content\/uploads\/2017\/07\/ecf-1406658540-1-1.jpg?fit=800%2C588&ssl=1&resize=525%2C300 1.5x, https:\/\/i0.wp.com\/cfcontabil.com\/cf\/wp-content\/uploads\/2017\/07\/ecf-1406658540-1-1.jpg?fit=800%2C588&ssl=1&resize=700%2C400 2x"},"classes":[]},{"id":100,"url":"https:\/\/cfcontabil.com\/cf\/de-quem-e-a-obrigacao-de-gerar-o-sped-fiscal\/","url_meta":{"origin":545,"position":4},"title":"De quem \u00e9 a obriga\u00e7\u00e3o de gerar o SPED Fiscal?","author":"Vin\u00edcius Moizinho","date":"1 de agosto de 2012","format":false,"excerpt":"Bom dia! Hoje disponibilizo para voc\u00eas um excelente texto produzido pelo colega\u00a0Leandro Felizali, diretor da Vinco\u00a0(empresa brasileira especializada na integra\u00e7\u00e3o de sistemas e na migra\u00e7\u00e3o de dados). Afinal, de quem \u00e9 a obriga\u00e7\u00e3o de gerar o SPED Fiscal? Leandro tem a resposta. Confira logo a seguir. Boa leitura! As exig\u00eancias\u2026","rel":"","context":"Em &quot;Departamento Fiscal&quot;","block_context":{"text":"Departamento Fiscal","link":"https:\/\/cfcontabil.com\/cf\/category\/df\/"},"img":{"alt_text":"","src":"https:\/\/i0.wp.com\/www.gdcorp.com.br\/neoadmin\/imglib\/fnl\/61.jpg?resize=350%2C200","width":350,"height":200},"classes":[]},{"id":563,"url":"https:\/\/cfcontabil.com\/cf\/como-ter-uma-boa-contabilidade-na-sua-empresa\/","url_meta":{"origin":545,"position":5},"title":"Como ter uma boa contabilidade na sua empresa","author":"Vin\u00edcius Moizinho","date":"17 de novembro de 2014","format":"aside","excerpt":"\u00c9 importante encarar a contabilidade como uma ferramenta que contribui para o gerenciamento do neg\u00f3cio, independente do tamanho ou ramo de atividade da empresa. Pensar dessa forma traz muitas vantagens corporativas, principalmente quanto \u00e0 transpar\u00eancia das transa\u00e7\u00f5es e a real apura\u00e7\u00e3o do lucro ou preju\u00edzo. A primeira dica e a\u2026","rel":"","context":"Em &quot;Geral&quot;","block_context":{"text":"Geral","link":"https:\/\/cfcontabil.com\/cf\/category\/geral\/"},"img":{"alt_text":"","src":"","width":0,"height":0},"classes":[]}],"jetpack_likes_enabled":true,"_links":{"self":[{"href":"https:\/\/cfcontabil.com\/cf\/wp-json\/wp\/v2\/posts\/545","targetHints":{"allow":["GET"]}}],"collection":[{"href":"https:\/\/cfcontabil.com\/cf\/wp-json\/wp\/v2\/posts"}],"about":[{"href":"https:\/\/cfcontabil.com\/cf\/wp-json\/wp\/v2\/types\/post"}],"author":[{"embeddable":true,"href":"https:\/\/cfcontabil.com\/cf\/wp-json\/wp\/v2\/users\/2"}],"replies":[{"embeddable":true,"href":"https:\/\/cfcontabil.com\/cf\/wp-json\/wp\/v2\/comments?post=545"}],"version-history":[{"count":0,"href":"https:\/\/cfcontabil.com\/cf\/wp-json\/wp\/v2\/posts\/545\/revisions"}],"wp:featuredmedia":[{"embeddable":true,"href":"https:\/\/cfcontabil.com\/cf\/wp-json\/wp\/v2\/media\/549"}],"wp:attachment":[{"href":"https:\/\/cfcontabil.com\/cf\/wp-json\/wp\/v2\/media?parent=545"}],"wp:term":[{"taxonomy":"category","embeddable":true,"href":"https:\/\/cfcontabil.com\/cf\/wp-json\/wp\/v2\/categories?post=545"},{"taxonomy":"post_tag","embeddable":true,"href":"https:\/\/cfcontabil.com\/cf\/wp-json\/wp\/v2\/tags?post=545"}],"curies":[{"name":"wp","href":"https:\/\/api.w.org\/{rel}","templated":true}]}}