{"id":563,"date":"2014-11-17T09:36:29","date_gmt":"2014-11-17T11:36:29","guid":{"rendered":"http:\/\/cfcontabil.com\/cf\/?p=563"},"modified":"2014-11-17T09:36:29","modified_gmt":"2014-11-17T11:36:29","slug":"como-ter-uma-boa-contabilidade-na-sua-empresa","status":"publish","type":"post","link":"https:\/\/cfcontabil.com\/cf\/como-ter-uma-boa-contabilidade-na-sua-empresa\/","title":{"rendered":"Como ter uma boa contabilidade na sua empresa"},"content":{"rendered":"<p style=\"text-align: justify\">\u00c9 importante encarar a contabilidade como uma ferramenta que contribui para o gerenciamento do neg\u00f3cio, independente do tamanho ou ramo de atividade da empresa. Pensar dessa forma traz muitas vantagens corporativas, principalmente quanto \u00e0 transpar\u00eancia das transa\u00e7\u00f5es e a real apura\u00e7\u00e3o do lucro ou preju\u00edzo.<\/p>\n<p><img data-recalc-dims=\"1\" decoding=\"async\" class=\"aligncenter\" src=\"https:\/\/i0.wp.com\/www.inet.edu.br\/site\/images\/contabilidade.jpg?w=1170\" alt=\"\" \/><\/p>\n<p style=\"text-align: justify\"><!--more--><\/p>\n<p style=\"text-align: justify\">A primeira dica e a mais importante \u00e9 a transpar\u00eancia. Com a elevada carga tribut\u00e1ria e a forte concorr\u00eancia que alguns setores enfrentam, muitas vezes, os administradores arranjam formas alternativas de se manterem vivos no mercado, realizando opera\u00e7\u00f5es sem emiss\u00f5es de documentos fiscais, por exemplo.<\/p>\n<p style=\"text-align: justify\">Essa pr\u00e1tica, entretanto, conhecida como caixa dois \u00e9 facilmente detectada pela Receita Federal, que est\u00e1 bem aparelhada para cruzar as informa\u00e7\u00f5es eletr\u00f4nicas transmitidas por todos os contribuintes. Agindo com clareza e transpar\u00eancia, o empreendedor ter\u00e1 mais tranquilidade para estruturar a sua empresa para crescer.<\/p>\n<p style=\"text-align: justify\">A escolha do profissional ou organiza\u00e7\u00e3o cont\u00e1bil \u00e9 outro ponto importante. Normalmente, as pequenas empresas preferem terceirizar a responsabilidade para uma organiza\u00e7\u00e3o especializada no ramo e focar no neg\u00f3cio. Essa \u00e9 uma boa decis\u00e3o? Sim, mas devem ser analisados alguns pontos antes da contrata\u00e7\u00e3o.<\/p>\n<p style=\"text-align: justify\">Ap\u00f3s a contrata\u00e7\u00e3o, \u00e9 importante acompanhar a realiza\u00e7\u00e3o dos servi\u00e7os, pessoalmente, ou atrav\u00e9s de um colaborador de confian\u00e7a. \u00c9 necess\u00e1rio fazer reuni\u00f5es peri\u00f3dicas com o contador e se certificar de que a contabilidade esteja em ordem.<\/p>\n<p style=\"text-align: justify\">O segredo de sucesso da terceiriza\u00e7\u00e3o\u00a0de servi\u00e7os \u00e9 o gerenciamento. A empresa contratada \u00e9 uma extens\u00e3o da sua, portanto, o acompanhamento \u00e9 fundamental para saber se o servi\u00e7o prestado est\u00e1 adequado. Uma boa informa\u00e7\u00e3o cont\u00e1bil e fiscal assegura o atendimento \u00e0s exig\u00eancias da Receita Federal, que \u00e9 a grande preocupa\u00e7\u00e3o do empres\u00e1rio.<\/p>\n<p>&nbsp;<\/p>\n<p style=\"text-align: justify\"><span style=\"font-size: 8pt\">Fonte: <em>Informativo CF Cont\u00e1bil. Edi\u00e7\u00e3o Dezembro\/2014.\u00a0<\/em>Dispon\u00edvel em . Editora\u00e7\u00e3o, Dire\u00e7\u00e3o T\u00e9cnica e Impress\u00e3o por Business Editora e Publica\u00e7\u00e3o de Informativos Ltda.\u00a0<\/span><\/p>\n","protected":false},"excerpt":{"rendered":"<p>\u00c9 importante encarar a contabilidade como uma ferramenta que contribui para o gerenciamento do neg\u00f3cio, independente do tamanho ou ramo de atividade da empresa. Pensar dessa forma traz muitas vantagens corporativas, principalmente quanto \u00e0 transpar\u00eancia das transa\u00e7\u00f5es e a real apura\u00e7\u00e3o do lucro ou preju\u00edzo.<\/p>\n","protected":false},"author":2,"featured_media":0,"comment_status":"open","ping_status":"open","sticky":false,"template":"","format":"aside","meta":{"jetpack_post_was_ever_published":false,"_jetpack_newsletter_access":"","_jetpack_dont_email_post_to_subs":false,"_jetpack_newsletter_tier_id":0,"_jetpack_memberships_contains_paywalled_content":false,"_jetpack_memberships_contains_paid_content":false,"footnotes":"","jetpack_publicize_message":"","jetpack_publicize_feature_enabled":true,"jetpack_social_post_already_shared":true,"jetpack_social_options":{"image_generator_settings":{"template":"highway","default_image_id":0,"font":"","enabled":false},"version":2}},"categories":[22],"tags":[151,21,152],"class_list":["post-563","post","type-post","status-publish","format-aside","hentry","category-geral","tag-administracao","tag-contabilidade","tag-empreendedorismo","post_format-post-format-aside"],"jetpack_publicize_connections":[],"jetpack_featured_media_url":"","jetpack_sharing_enabled":true,"jetpack_shortlink":"https:\/\/wp.me\/p2wklX-95","jetpack-related-posts":[{"id":1091,"url":"https:\/\/cfcontabil.com\/cf\/quando-a-contabilidade-alcanca-a-diretoria-das-empresas\/","url_meta":{"origin":563,"position":0},"title":"Quando a contabilidade alcan\u00e7a a diretoria das empresas","author":"Ab\u00edlio Gon\u00e7alves","date":"28 de mar\u00e7o de 2017","format":false,"excerpt":"Durante s\u00e9culos a contabilidade foi encarada por muitos executivos como sendo um \u201cmal necess\u00e1rio\u201d para atender a reguladores e \u00e0s autoridades fiscais. Para muitos, a contabilidade n\u00e3o merecia considera\u00e7\u00e3o por ser uma ci\u00eancia que sempre olhava para a empresa pelo \u201cretrovisor\u201d, privilegiando o passado ao inv\u00e9s do futuro. Estes, infelizmente,\u2026","rel":"","context":"Em &quot;Geral&quot;","block_context":{"text":"Geral","link":"https:\/\/cfcontabil.com\/cf\/category\/geral\/"},"img":{"alt_text":"","src":"https:\/\/i0.wp.com\/cfcontabil.com\/cf\/wp-content\/uploads\/2017\/03\/placa-diretoria-D_NQ_NP_14395-MLB209863706_6078-F-1.jpg?fit=1200%2C266&ssl=1&resize=350%2C200","width":350,"height":200,"srcset":"https:\/\/i0.wp.com\/cfcontabil.com\/cf\/wp-content\/uploads\/2017\/03\/placa-diretoria-D_NQ_NP_14395-MLB209863706_6078-F-1.jpg?fit=1200%2C266&ssl=1&resize=350%2C200 1x, https:\/\/i0.wp.com\/cfcontabil.com\/cf\/wp-content\/uploads\/2017\/03\/placa-diretoria-D_NQ_NP_14395-MLB209863706_6078-F-1.jpg?fit=1200%2C266&ssl=1&resize=525%2C300 1.5x, https:\/\/i0.wp.com\/cfcontabil.com\/cf\/wp-content\/uploads\/2017\/03\/placa-diretoria-D_NQ_NP_14395-MLB209863706_6078-F-1.jpg?fit=1200%2C266&ssl=1&resize=700%2C400 2x, https:\/\/i0.wp.com\/cfcontabil.com\/cf\/wp-content\/uploads\/2017\/03\/placa-diretoria-D_NQ_NP_14395-MLB209863706_6078-F-1.jpg?fit=1200%2C266&ssl=1&resize=1050%2C600 3x"},"classes":[]},{"id":611,"url":"https:\/\/cfcontabil.com\/cf\/x-convencao-de-contabildade-do-distrito-federal\/","url_meta":{"origin":563,"position":1},"title":"X Conven\u00e7\u00e3o de Contabildade do Distrito Federal","author":"Ab\u00edlio Gon\u00e7alves","date":"10 de setembro de 2015","format":false,"excerpt":"\u201cCom a Contabilidade o Brasil se faz Transparente\u201d Com este tema que o Conselho Regional de Contabilidade do Distrito Federal (CRCDF) realizou a X Conven\u00e7\u00e3o de Contabilidade do Distrito Federal, \u00a0nos dias 20 e 21 de agosto\u00a0na sede da LBV, situada na SGAS 915 Sul. A Conven\u00e7\u00e3o de\u00a0Contabilidade \u00e9 um\u2026","rel":"","context":"Em &quot;Consultoria Empresarial&quot;","block_context":{"text":"Consultoria Empresarial","link":"https:\/\/cfcontabil.com\/cf\/category\/consultoria\/"},"img":{"alt_text":"","src":"https:\/\/i0.wp.com\/cfcontabil.com\/cf\/wp-content\/uploads\/2015\/09\/xconvencaocontabilidadedf-tema-2.png?fit=600%2C600&ssl=1&resize=350%2C200","width":350,"height":200,"srcset":"https:\/\/i0.wp.com\/cfcontabil.com\/cf\/wp-content\/uploads\/2015\/09\/xconvencaocontabilidadedf-tema-2.png?fit=600%2C600&ssl=1&resize=350%2C200 1x, https:\/\/i0.wp.com\/cfcontabil.com\/cf\/wp-content\/uploads\/2015\/09\/xconvencaocontabilidadedf-tema-2.png?fit=600%2C600&ssl=1&resize=525%2C300 1.5x"},"classes":[]},{"id":3045,"url":"https:\/\/cfcontabil.com\/cf\/a-importancia-da-contabilidade-no-terceiro-setor-sustentabilidade-e-transparencia-para-associacoes-e-ongs\/","url_meta":{"origin":563,"position":2},"title":"A Import\u00e2ncia da Contabilidade no Terceiro Setor: Sustentabilidade e Transpar\u00eancia para Associa\u00e7\u00f5es e ONGs","author":"Ab\u00edlio Gon\u00e7alves","date":"9 de dezembro de 2024","format":false,"excerpt":"A contabilidade no terceiro setor desempenha um papel crucial para garantir a integridade e a efici\u00eancia de organiza\u00e7\u00f5es sem fins lucrativos. Associa\u00e7\u00f5es e ONGs, que frequentemente dependem de doa\u00e7\u00f5es e parcerias, precisam de uma base cont\u00e1bil s\u00f3lida para gerenciar recursos, prestar contas e assegurar sua sustentabilidade. Vamos explorar os pilares\u2026","rel":"","context":"Em &quot;Geral&quot;","block_context":{"text":"Geral","link":"https:\/\/cfcontabil.com\/cf\/category\/geral\/"},"img":{"alt_text":"","src":"https:\/\/i0.wp.com\/cfcontabil.com\/cf\/wp-content\/uploads\/2024\/12\/DALL%C2%B7E-2024-12-09-11.02.42-3setor.webp?fit=1200%2C686&ssl=1&resize=350%2C200","width":350,"height":200,"srcset":"https:\/\/i0.wp.com\/cfcontabil.com\/cf\/wp-content\/uploads\/2024\/12\/DALL%C2%B7E-2024-12-09-11.02.42-3setor.webp?fit=1200%2C686&ssl=1&resize=350%2C200 1x, https:\/\/i0.wp.com\/cfcontabil.com\/cf\/wp-content\/uploads\/2024\/12\/DALL%C2%B7E-2024-12-09-11.02.42-3setor.webp?fit=1200%2C686&ssl=1&resize=525%2C300 1.5x, https:\/\/i0.wp.com\/cfcontabil.com\/cf\/wp-content\/uploads\/2024\/12\/DALL%C2%B7E-2024-12-09-11.02.42-3setor.webp?fit=1200%2C686&ssl=1&resize=700%2C400 2x, https:\/\/i0.wp.com\/cfcontabil.com\/cf\/wp-content\/uploads\/2024\/12\/DALL%C2%B7E-2024-12-09-11.02.42-3setor.webp?fit=1200%2C686&ssl=1&resize=1050%2C600 3x"},"classes":[]},{"id":1,"url":"https:\/\/cfcontabil.com\/cf\/seja-bem-vindo\/","url_meta":{"origin":563,"position":3},"title":"Seja Bem Vindo! Blog da CF Cont\u00e1bil","author":"Ab\u00edlio Gon\u00e7alves","date":"3 de fevereiro de 2012","format":false,"excerpt":"NOVO SITE! O mercado cont\u00e1bil vem passando por diversas mudan\u00e7as, sendo imprescind\u00edvel maior capacita\u00e7\u00e3o por parte dos profissionais que atuam nesse seguimento. A CF Cont\u00e1bil entendendo a necessidade de manter-se atualizada, busca constantemente se aperfei\u00e7oar, tornando-se parceira de seus clientes para gerar informa\u00e7\u00f5es mais detalhadas, precisas e que sejam mais\u2026","rel":"","context":"Em &quot;Geral&quot;","block_context":{"text":"Geral","link":"https:\/\/cfcontabil.com\/cf\/category\/geral\/"},"img":{"alt_text":"","src":"","width":0,"height":0},"classes":[]},{"id":1202,"url":"https:\/\/cfcontabil.com\/cf\/2013-ano-da-contabilidade-no-brasil\/","url_meta":{"origin":563,"position":4},"title":"2013: ano da Contabilidade no Brasil","author":"Vin\u00edcius Moizinho","date":"9 de janeiro de 2013","format":false,"excerpt":"\u00a0 O ano de 2013 ser\u00e1, sem d\u00favida, um dos mais importantes para a Contabilidade brasileira. Lideran\u00e7as e \u00f3rg\u00e3os ligados \u00e0 profiss\u00e3o est\u00e3o se unindo para que toda a sociedade saiba e reconhe\u00e7a o verdadeiro papel do profissional da contabilidade. \u00a0 \u00a0 \u00a0 Conhe\u00e7a, a seguir, um pouco do projeto.\u2026","rel":"","context":"Em &quot;Consultoria Empresarial&quot;","block_context":{"text":"Consultoria Empresarial","link":"https:\/\/cfcontabil.com\/cf\/category\/consultoria\/"},"img":{"alt_text":"Ano da Contabilidade no Brasil","src":"http:\/\/www.crcsc.org.br\/arquivosSGC\/BANNER_20121211103353Ano20da20Contabilidade.jpg&w=418&h=238&c=s","width":350,"height":200},"classes":[]},{"id":367,"url":"https:\/\/cfcontabil.com\/cf\/o-contador-na-era-tecnologica\/","url_meta":{"origin":563,"position":5},"title":"O Contador na Era Tecnol\u00f3gica","author":"Vin\u00edcius Moizinho","date":"18 de setembro de 2013","format":false,"excerpt":"Bom dia, prezados! \u00c9 fato que a internacionaliza\u00e7\u00e3o das normas cont\u00e1beis deu ao contador outro perfil. A ultrapassada imagem que vinculada ao contador brasileiro, como sendo o guarda-livros de caneta atr\u00e1s da orelha, n\u00e3o passa hoje de folclore e caricatura. A abertura dos mercados globais tornou a Contabilidade a quarta\u2026","rel":"","context":"Em &quot;Consultoria Empresarial&quot;","block_context":{"text":"Consultoria Empresarial","link":"https:\/\/cfcontabil.com\/cf\/category\/consultoria\/"},"img":{"alt_text":"","src":"https:\/\/i0.wp.com\/www.serkat.com.br\/img\/topo\/servicos.jpg?resize=350%2C200","width":350,"height":200},"classes":[]}],"jetpack_likes_enabled":true,"_links":{"self":[{"href":"https:\/\/cfcontabil.com\/cf\/wp-json\/wp\/v2\/posts\/563","targetHints":{"allow":["GET"]}}],"collection":[{"href":"https:\/\/cfcontabil.com\/cf\/wp-json\/wp\/v2\/posts"}],"about":[{"href":"https:\/\/cfcontabil.com\/cf\/wp-json\/wp\/v2\/types\/post"}],"author":[{"embeddable":true,"href":"https:\/\/cfcontabil.com\/cf\/wp-json\/wp\/v2\/users\/2"}],"replies":[{"embeddable":true,"href":"https:\/\/cfcontabil.com\/cf\/wp-json\/wp\/v2\/comments?post=563"}],"version-history":[{"count":0,"href":"https:\/\/cfcontabil.com\/cf\/wp-json\/wp\/v2\/posts\/563\/revisions"}],"wp:attachment":[{"href":"https:\/\/cfcontabil.com\/cf\/wp-json\/wp\/v2\/media?parent=563"}],"wp:term":[{"taxonomy":"category","embeddable":true,"href":"https:\/\/cfcontabil.com\/cf\/wp-json\/wp\/v2\/categories?post=563"},{"taxonomy":"post_tag","embeddable":true,"href":"https:\/\/cfcontabil.com\/cf\/wp-json\/wp\/v2\/tags?post=563"}],"curies":[{"name":"wp","href":"https:\/\/api.w.org\/{rel}","templated":true}]}}