{"id":580,"date":"2015-01-09T09:28:04","date_gmt":"2015-01-09T11:28:04","guid":{"rendered":"http:\/\/cfcontabil.com\/cf\/?p=580"},"modified":"2015-01-09T09:28:04","modified_gmt":"2015-01-09T11:28:04","slug":"a-real-situacao-financeira-do-df","status":"publish","type":"post","link":"https:\/\/cfcontabil.com\/cf\/a-real-situacao-financeira-do-df\/","title":{"rendered":"A real situa\u00e7\u00e3o financeira do DF"},"content":{"rendered":"<p><img data-recalc-dims=\"1\" decoding=\"async\" class=\"aligncenter\" src=\"https:\/\/i0.wp.com\/imgsapp2.correiobraziliense.com.br\/app\/noticia_127983242361\/2015\/01\/01\/464153\/20141231140549293533i.jpg?w=1170\" alt=\"\" \/><\/p>\n<p style=\"text-align: justify\">At\u00e9 31 de janeiro, o d\u00e9ficit financeiro do Governo do Distrito Federal ser\u00e1 de pelo menos <strong>R$ 3.519.008.787,74<\/strong>. O valor foi divulgado pelo secret\u00e1rio de Fazenda, Leonardo Colombini, em coletiva \u00e0 imprensa na \u00faltima\u00a0ter\u00e7a-feira (6).<\/p>\n<p style=\"text-align: justify\"><!--more--><\/p>\n<p style=\"text-align: justify\">A d\u00edvida deixada pelo governo anterior \u00e9 de <strong>R$ 3.166.364.466,44<\/strong>, e os compromissos financeiros de janeiro incluindo alguns sal\u00e1rios atrasados de dezembro chegam a R$ 2.445.844.758,30. A receita do primeiro m\u00eas do ano, de R$ 2.093.200.441,00, ser\u00e1 insuficiente, portanto, para quitar at\u00e9 mesmo as necessidades de janeiro.<\/p>\n<p style=\"text-align: justify\">&#8220;N\u00e3o s\u00e3o valores completamente fechados, mas n\u00fameros preliminares que conseguimos identificar&#8221;, explicou Colombini, acompanhado dos secret\u00e1rios H\u00e9lio Doyle, da Casa Civil, Leany Lemos, de Planejamento, Or\u00e7amento e Gest\u00e3o, e Ant\u00f4nio Paulo Vogel, de Gest\u00e3o Administrativa e Desburocratiza\u00e7\u00e3o.<\/p>\n<p style=\"text-align: justify\">Os secret\u00e1rios tamb\u00e9m refor\u00e7aram a informa\u00e7\u00e3o dada por meio de nota oficial: o saldo da Conta \u00danica do Tesouro do Governo do Distrito Federal, com data base em 31 de dezembro de 2014, \u00e9 de R$ 64.201,07. &#8220;O caixa est\u00e1 praticamente zerado&#8221;, ressaltou o secret\u00e1rio de Fazenda. A arrecada\u00e7\u00e3o dos seis primeiros dias do ano est\u00e1 estimada em R$ 14 milh\u00f5es.<\/p>\n<p style=\"text-align: justify\">Os gestores destacaram que o governo anterior aumentou as despesas sem ter dinheiro para pagar. &#8220;N\u00e3o adianta dar reajustes e contratar por concursos se voc\u00ea n\u00e3o pode pagar os sal\u00e1rios em dia. Foi isso que aconteceu&#8221;, afirmou H\u00e9lio Doyle.<\/p>\n<p style=\"text-align: justify\">Quanto ao pagamento dos sal\u00e1rios atrasados de 2014, o chefe da Casa Civil reiterou que todos os esfor\u00e7os est\u00e3o sendo feitos para que isso ocorra o mais r\u00e1pido poss\u00edvel.\u00a0O Governo do Distrito Federal (GDF) prometeu que o sal\u00e1rio dos mais de 47 mil servidores ativos e inativos da Secretaria da Sa\u00fade estar\u00e1 na conta dos trabalhadores\u00a0na manh\u00e3 do pr\u00f3ximo dia 10. O montante, relativo a dezembro e que n\u00e3o foi pago com o restante da folha do GDF, \u00e9 de quase R$ 520 milh\u00f5es. Sem dinheiro suficiente para pagar a todos, ele optou por destinar o valor j\u00e1 recebido ao pagamento dos servidores da sa\u00fade. Os funcion\u00e1rios da \u00e1rea de educa\u00e7\u00e3o v\u00e3o receber depois.<\/p>\n<p><img data-recalc-dims=\"1\" decoding=\"async\" class=\"aligncenter\" src=\"https:\/\/i0.wp.com\/s2.glbimg.com\/nSFtGbFhA1eNxU705CqeR6AY31c%3D\/s.glbimg.com\/jo\/g1\/f\/original\/2014\/12\/09\/servidor.jpg?w=1170\" alt=\"\" \/><\/p>\n<p style=\"text-align: justify\"><strong>Solu\u00e7\u00f5es<\/strong><\/p>\n<p style=\"text-align: justify\">Em 2 de janeiro, primeiro dia \u00fatil da nova gest\u00e3o, o Di\u00e1rio Oficial do DF publicou sete decretos com medidas para conter os gastos e aumentar as receitas, a exemplo da racionaliza\u00e7\u00e3o e do controle de despesas. O governo estuda outras provid\u00eancias a serem tomadas para equilibrar as contas. &#8220;As medidas dos decretos do dia 2 ainda n\u00e3o resolvem o problema&#8221;, observou H\u00e9lio Doyle, chefe da Casa Civil.<\/p>\n<p style=\"text-align: justify\">O pagamento da folha de dezembro da sa\u00fade ocorrer\u00e1 gra\u00e7as ao dep\u00f3sito do restante dos recursos do Fundo Constitucional do DF \u2014 cerca de R$ 600 milh\u00f5es. Enquanto a promessa de ajuda do governo federal n\u00e3o chega, o repasse de R$ 547,2 milh\u00f5es para arcar com os sal\u00e1rios de 62,6 mil professores e demais funcion\u00e1rios do setor ficou para 14 de janeiro, quando j\u00e1 devem estar em caixa recursos provenientes de arrecada\u00e7\u00e3o tribut\u00e1ria.<\/p>\n<p style=\"text-align: justify\"><a href=\"http:\/\/www.df.gov.br\/images\/agencia_brasilia\/Coletiva%20-%20Situa%C3%A7%C3%A3o%20Financeira%20do%20DF%201.pdf\">Veja<\/a> o documento sobre a Situa\u00e7\u00e3o Financeira do Distrito Federal.<\/p>\n<p style=\"text-align: justify\">\n<p style=\"text-align: justify\"><span style=\"font-size: 8pt\">Por: Ag\u00eancia Bras\u00edlia e Correio Braziliense, com adapta\u00e7\u00f5es.<\/span><\/p>\n","protected":false},"excerpt":{"rendered":"<p>At\u00e9 31 de janeiro, o d\u00e9ficit financeiro do Governo do Distrito Federal ser\u00e1 de pelo menos R$ 3.519.008.787,74. O valor foi divulgado pelo secret\u00e1rio de Fazenda, Leonardo Colombini, em coletiva \u00e0 imprensa na \u00faltima\u00a0ter\u00e7a-feira (6).<\/p>\n","protected":false},"author":2,"featured_media":0,"comment_status":"open","ping_status":"open","sticky":false,"template":"","format":"standard","meta":{"jetpack_post_was_ever_published":false,"_jetpack_newsletter_access":"","_jetpack_dont_email_post_to_subs":false,"_jetpack_newsletter_tier_id":0,"_jetpack_memberships_contains_paywalled_content":false,"_jetpack_memberships_contains_paid_content":false,"footnotes":"","jetpack_publicize_message":"","jetpack_publicize_feature_enabled":true,"jetpack_social_post_already_shared":true,"jetpack_social_options":{"image_generator_settings":{"template":"highway","default_image_id":0,"font":"","enabled":false},"version":2}},"categories":[22],"tags":[19,157,158],"class_list":["post-580","post","type-post","status-publish","format-standard","hentry","category-geral","tag-brasilia","tag-crise-financeira","tag-governo-do-distrito-federal"],"jetpack_publicize_connections":[],"jetpack_featured_media_url":"","jetpack_sharing_enabled":true,"jetpack_shortlink":"https:\/\/wp.me\/p2wklX-9m","jetpack-related-posts":[{"id":2264,"url":"https:\/\/cfcontabil.com\/cf\/df-tera-refis-mais-eficaz-de-sua-historia\/","url_meta":{"origin":580,"position":0},"title":"DF ter\u00e1 Refis mais eficaz de sua hist\u00f3ria","author":"Ab\u00edlio Gon\u00e7alves","date":"13 de abril de 2020","format":false,"excerpt":"Secret\u00e1rio de Economia explica que novo programa tem redu\u00e7\u00f5es significativas de al\u00edquotas e pode gerar economia de R$ 823,2 milh\u00f5es \u00e0s empresas Manter a economia nos eixos \u00e9 uma das prioridades do Governo do Distrito Federal. Principalmente em momentos de crise, como \u00e9 o caso das incertezas geradas pela pandemia\u2026","rel":"","context":"Em \"Ativa\"","block_context":{"text":"Ativa","link":"https:\/\/cfcontabil.com\/cf\/tag\/ativa\/"},"img":{"alt_text":"","src":"https:\/\/i0.wp.com\/cfcontabil.com\/cf\/wp-content\/uploads\/2020\/04\/REFIS-DF.jpg?fit=512%2C287&ssl=1&resize=350%2C200","width":350,"height":200},"classes":[]},{"id":2357,"url":"https:\/\/cfcontabil.com\/cf\/aprovacao-do-refis-salvara-diversas-empresas-afirma-fecomercio-df\/","url_meta":{"origin":580,"position":1},"title":"\u201cAprova\u00e7\u00e3o do Refis salvar\u00e1 diversas empresas\u201d, afirma Fecom\u00e9rcio-DF","author":"Ab\u00edlio Gon\u00e7alves","date":"4 de novembro de 2020","format":false,"excerpt":"Projeto foi aprovado nesta ter\u00e7a-feira na CLDF e seguiu para san\u00e7\u00e3o do governador Ibaneis Rocha Muito aguardado pelo setor produtivo do Distrito Federal, o Programa de Incentivo \u00e0 Regulariza\u00e7\u00e3o Fiscal do Distrito Federal (Refis-DF) foi aprovado pela C\u00e2mara Legislativa na noite desta ter\u00e7a-feira (3\/11). Agora, o texto segue para an\u00e1lise\u2026","rel":"","context":"Em &quot;Departamento Fiscal&quot;","block_context":{"text":"Departamento Fiscal","link":"https:\/\/cfcontabil.com\/cf\/category\/df\/"},"img":{"alt_text":"","src":"https:\/\/i0.wp.com\/cfcontabil.com\/cf\/wp-content\/uploads\/2020\/11\/cldf-01-fb.jpg?fit=600%2C315&ssl=1&resize=350%2C200","width":350,"height":200,"srcset":"https:\/\/i0.wp.com\/cfcontabil.com\/cf\/wp-content\/uploads\/2020\/11\/cldf-01-fb.jpg?fit=600%2C315&ssl=1&resize=350%2C200 1x, https:\/\/i0.wp.com\/cfcontabil.com\/cf\/wp-content\/uploads\/2020\/11\/cldf-01-fb.jpg?fit=600%2C315&ssl=1&resize=525%2C300 1.5x"},"classes":[]},{"id":2219,"url":"https:\/\/cfcontabil.com\/cf\/governo-decide-manter-cronograma-de-restituicao-do-imposto-de-renda\/","url_meta":{"origin":580,"position":2},"title":"Governo decide manter cronograma de restitui\u00e7\u00e3o do Imposto de Renda","author":"Ab\u00edlio Gon\u00e7alves","date":"4 de abril de 2020","format":false,"excerpt":"No primeiro lote, previsto para maio, ser\u00e1 dada prioridade para idosos, portadores de defici\u00eancia e doen\u00e7a grave O governo federal anunciou nesta quinta-feira (2) que decidiu manter o cronograma previsto para restitui\u00e7\u00f5es do Imposto de Renda. \"Considerando toda esta situa\u00e7\u00e3o excepcional que estamos vivenciando neste momento, decidimos manter o cronograma\u2026","rel":"","context":"Em &quot;Departamento Fiscal&quot;","block_context":{"text":"Departamento Fiscal","link":"https:\/\/cfcontabil.com\/cf\/category\/df\/"},"img":{"alt_text":"","src":"https:\/\/i0.wp.com\/cfcontabil.com\/cf\/wp-content\/uploads\/2017\/02\/restituicao-imposto-de-renda-1.jpg?fit=600%2C300&ssl=1&resize=350%2C200","width":350,"height":200,"srcset":"https:\/\/i0.wp.com\/cfcontabil.com\/cf\/wp-content\/uploads\/2017\/02\/restituicao-imposto-de-renda-1.jpg?fit=600%2C300&ssl=1&resize=350%2C200 1x, https:\/\/i0.wp.com\/cfcontabil.com\/cf\/wp-content\/uploads\/2017\/02\/restituicao-imposto-de-renda-1.jpg?fit=600%2C300&ssl=1&resize=525%2C300 1.5x"},"classes":[]},{"id":1772,"url":"https:\/\/cfcontabil.com\/cf\/ibaneis-aprova-lei-fixando-prazo-de-7-dias-para-o-governo-liberar-alvara-de-construcao-no-df\/","url_meta":{"origin":580,"position":3},"title":"Ibaneis aprova lei fixando prazo de 7 dias para o governo liberar alvar\u00e1 de constru\u00e7\u00e3o no DF","author":"Ab\u00edlio Gon\u00e7alves","date":"16 de outubro de 2019","format":false,"excerpt":"Tamb\u00e9m foram criados pontos de apoio para caminhoneiros nas vias de acesso \u00e0s cidades do DF O governador do Distrito Federal, Ibaneis Rocha (MDB), obteve vit\u00f3rias expressivas na vota\u00e7\u00e3o de projetos de origem do Poder Executivo nesta ter\u00e7a-feira (15), na C\u00e2mara Legislativa. Foram seus projetos aprovados no total, incluindo o\u2026","rel":"","context":"Em &quot;Consultoria Empresarial&quot;","block_context":{"text":"Consultoria Empresarial","link":"https:\/\/cfcontabil.com\/cf\/category\/consultoria\/"},"img":{"alt_text":"","src":"https:\/\/i0.wp.com\/cfcontabil.com\/cf\/wp-content\/uploads\/2019\/10\/alvara.jpg?fit=767%2C400&ssl=1&resize=350%2C200","width":350,"height":200,"srcset":"https:\/\/i0.wp.com\/cfcontabil.com\/cf\/wp-content\/uploads\/2019\/10\/alvara.jpg?fit=767%2C400&ssl=1&resize=350%2C200 1x, https:\/\/i0.wp.com\/cfcontabil.com\/cf\/wp-content\/uploads\/2019\/10\/alvara.jpg?fit=767%2C400&ssl=1&resize=525%2C300 1.5x, https:\/\/i0.wp.com\/cfcontabil.com\/cf\/wp-content\/uploads\/2019\/10\/alvara.jpg?fit=767%2C400&ssl=1&resize=700%2C400 2x"},"classes":[]},{"id":1455,"url":"https:\/\/cfcontabil.com\/cf\/o-perigo-da-divida-do-fgts-no-esocial\/","url_meta":{"origin":580,"position":4},"title":"O perigo da d\u00edvida do FGTS no eSocial","author":"Ab\u00edlio Gon\u00e7alves","date":"22 de fevereiro de 2019","format":false,"excerpt":"Caso voc\u00ea ainda n\u00e3o tenha ci\u00eancia, o governo federal recentemente expediu uma lei proibindo o cr\u00e9dito a empresas devedoras do FGTS. E se voc\u00ea est\u00e1 em d\u00e9bito com o FGTS, todo o cuidado \u00e9 pouco: notifica\u00e7\u00e3o, multa e autua\u00e7\u00e3o podem bater na sua porta. A Lei n\u00ba 13.805\/19 prev\u00ea que\u2026","rel":"","context":"Em &quot;Departamento Pessoal&quot;","block_context":{"text":"Departamento Pessoal","link":"https:\/\/cfcontabil.com\/cf\/category\/dp\/"},"img":{"alt_text":"","src":"https:\/\/i0.wp.com\/cfcontabil.com\/cf\/wp-content\/uploads\/2019\/02\/fgtsCAIXA-1.jpg?fit=600%2C293&ssl=1&resize=350%2C200","width":350,"height":200,"srcset":"https:\/\/i0.wp.com\/cfcontabil.com\/cf\/wp-content\/uploads\/2019\/02\/fgtsCAIXA-1.jpg?fit=600%2C293&ssl=1&resize=350%2C200 1x, https:\/\/i0.wp.com\/cfcontabil.com\/cf\/wp-content\/uploads\/2019\/02\/fgtsCAIXA-1.jpg?fit=600%2C293&ssl=1&resize=525%2C300 1.5x"},"classes":[]},{"id":1229,"url":"https:\/\/cfcontabil.com\/cf\/governo-regulamenta-saque-das-contas-inativas-do-fgts-previsto-na-mp-7632016\/","url_meta":{"origin":580,"position":5},"title":"Governo regulamenta saque das contas inativas do FGTS previsto na MP 763\/2016","author":"Ab\u00edlio Gon\u00e7alves","date":"3 de mar\u00e7o de 2017","format":false,"excerpt":"DECRETO 8.989, DE 14-2-2017 (DO-U DE 15-2-2017) \u00a0 MOVIMENTA\u00c7\u00c3O DA CONTA \u2013 Hip\u00f3teses \u00a0 Governo regulamenta saque das contas inativas do FGTS previsto na MP 763\/2016 O Ato em refer\u00eancia acrescenta os \u00a7\u00a7 9\u00ba e 10 ao artigo 35 do\u00a0Decreto 99.684, de 8-11-90, que consolida as normas relativas ao FGTS,\u2026","rel":"","context":"Em &quot;Departamento Pessoal&quot;","block_context":{"text":"Departamento Pessoal","link":"https:\/\/cfcontabil.com\/cf\/category\/dp\/"},"img":{"alt_text":"","src":"https:\/\/i0.wp.com\/cfcontabil.com\/cf\/wp-content\/uploads\/2017\/03\/FGTS1-1.jpg?fit=1200%2C702&ssl=1&resize=350%2C200","width":350,"height":200,"srcset":"https:\/\/i0.wp.com\/cfcontabil.com\/cf\/wp-content\/uploads\/2017\/03\/FGTS1-1.jpg?fit=1200%2C702&ssl=1&resize=350%2C200 1x, https:\/\/i0.wp.com\/cfcontabil.com\/cf\/wp-content\/uploads\/2017\/03\/FGTS1-1.jpg?fit=1200%2C702&ssl=1&resize=525%2C300 1.5x, https:\/\/i0.wp.com\/cfcontabil.com\/cf\/wp-content\/uploads\/2017\/03\/FGTS1-1.jpg?fit=1200%2C702&ssl=1&resize=700%2C400 2x, https:\/\/i0.wp.com\/cfcontabil.com\/cf\/wp-content\/uploads\/2017\/03\/FGTS1-1.jpg?fit=1200%2C702&ssl=1&resize=1050%2C600 3x"},"classes":[]}],"jetpack_likes_enabled":true,"_links":{"self":[{"href":"https:\/\/cfcontabil.com\/cf\/wp-json\/wp\/v2\/posts\/580","targetHints":{"allow":["GET"]}}],"collection":[{"href":"https:\/\/cfcontabil.com\/cf\/wp-json\/wp\/v2\/posts"}],"about":[{"href":"https:\/\/cfcontabil.com\/cf\/wp-json\/wp\/v2\/types\/post"}],"author":[{"embeddable":true,"href":"https:\/\/cfcontabil.com\/cf\/wp-json\/wp\/v2\/users\/2"}],"replies":[{"embeddable":true,"href":"https:\/\/cfcontabil.com\/cf\/wp-json\/wp\/v2\/comments?post=580"}],"version-history":[{"count":0,"href":"https:\/\/cfcontabil.com\/cf\/wp-json\/wp\/v2\/posts\/580\/revisions"}],"wp:attachment":[{"href":"https:\/\/cfcontabil.com\/cf\/wp-json\/wp\/v2\/media?parent=580"}],"wp:term":[{"taxonomy":"category","embeddable":true,"href":"https:\/\/cfcontabil.com\/cf\/wp-json\/wp\/v2\/categories?post=580"},{"taxonomy":"post_tag","embeddable":true,"href":"https:\/\/cfcontabil.com\/cf\/wp-json\/wp\/v2\/tags?post=580"}],"curies":[{"name":"wp","href":"https:\/\/api.w.org\/{rel}","templated":true}]}}