{"id":596,"date":"2015-04-30T16:52:08","date_gmt":"2015-04-30T19:52:08","guid":{"rendered":"http:\/\/cfcontabil.com\/cf\/?p=596"},"modified":"2015-04-30T16:52:08","modified_gmt":"2015-04-30T19:52:08","slug":"ultimo-dia-para-o-irpf-2015-e-hoje","status":"publish","type":"post","link":"https:\/\/cfcontabil.com\/cf\/ultimo-dia-para-o-irpf-2015-e-hoje\/","title":{"rendered":"\u00daltimo dia para o IRPF 2015 \u00e9 hoje!"},"content":{"rendered":"<p style=\"text-align: center;\">Faltando poucas horas para encerrar o prazo da Declara\u00e7\u00e3o do Imposto de Renda ainda tem muito contribuinte em busca de acertar as contas com o le\u00e3o.<\/p>\n<p><a href=\"https:\/\/i0.wp.com\/cfcontabil.com\/cf\/wp-content\/uploads\/2015\/04\/irpf2015.jpg\"><img data-recalc-dims=\"1\" fetchpriority=\"high\" decoding=\"async\" data-attachment-id=\"598\" data-permalink=\"https:\/\/cfcontabil.com\/cf\/irpf2015\/\" data-orig-file=\"https:\/\/i0.wp.com\/cfcontabil.com\/cf\/wp-content\/uploads\/2015\/04\/irpf2015-2.jpg?fit=1021%2C686&amp;ssl=1\" data-orig-size=\"1021,686\" data-comments-opened=\"1\" data-image-meta=\"{&quot;aperture&quot;:&quot;0&quot;,&quot;credit&quot;:&quot;&quot;,&quot;camera&quot;:&quot;&quot;,&quot;caption&quot;:&quot;&quot;,&quot;created_timestamp&quot;:&quot;0&quot;,&quot;copyright&quot;:&quot;&quot;,&quot;focal_length&quot;:&quot;0&quot;,&quot;iso&quot;:&quot;0&quot;,&quot;shutter_speed&quot;:&quot;0&quot;,&quot;title&quot;:&quot;&quot;,&quot;orientation&quot;:&quot;1&quot;}\" data-image-title=\"irpf2015\" data-image-description=\"\" data-image-caption=\"\" data-large-file=\"https:\/\/i0.wp.com\/cfcontabil.com\/cf\/wp-content\/uploads\/2015\/04\/irpf2015-2.jpg?fit=1021%2C686&amp;ssl=1\" class=\"alignright size-full wp-image-598\" src=\"https:\/\/i0.wp.com\/cfcontabil.com\/cf\/wp-content\/uploads\/2015\/04\/irpf2015.jpg?resize=1021%2C686\" alt=\"irpf2015\" width=\"1021\" height=\"686\" \/><\/a><\/p>\n<p style=\"text-align: justify;\">E para quem deixou a declara\u00e7\u00e3o do Imposto de Renda 2015 para as \u00faltimas horas do prazo, <strong>\u00e0s 23h59min de hoje,<\/strong>\u00a0vale ficar atento \u00e0s principais d\u00favidas dos contribuintes.<\/p>\n<p><!--more--><\/p>\n<p><a href=\"https:\/\/i0.wp.com\/cfcontabil.com\/cf\/wp-content\/uploads\/2015\/04\/leao.jpg\"><img data-recalc-dims=\"1\" decoding=\"async\" data-attachment-id=\"599\" data-permalink=\"https:\/\/cfcontabil.com\/cf\/leao\/\" data-orig-file=\"https:\/\/i0.wp.com\/cfcontabil.com\/cf\/wp-content\/uploads\/2015\/04\/leao-2.jpg?fit=620%2C412&amp;ssl=1\" data-orig-size=\"620,412\" data-comments-opened=\"1\" data-image-meta=\"{&quot;aperture&quot;:&quot;0&quot;,&quot;credit&quot;:&quot;&quot;,&quot;camera&quot;:&quot;&quot;,&quot;caption&quot;:&quot;&quot;,&quot;created_timestamp&quot;:&quot;0&quot;,&quot;copyright&quot;:&quot;&quot;,&quot;focal_length&quot;:&quot;0&quot;,&quot;iso&quot;:&quot;0&quot;,&quot;shutter_speed&quot;:&quot;0&quot;,&quot;title&quot;:&quot;&quot;,&quot;orientation&quot;:&quot;0&quot;}\" data-image-title=\"leao\" data-image-description=\"\" data-image-caption=\"\" data-large-file=\"https:\/\/i0.wp.com\/cfcontabil.com\/cf\/wp-content\/uploads\/2015\/04\/leao-2.jpg?fit=620%2C412&amp;ssl=1\" class=\"alignright size-full wp-image-599\" src=\"https:\/\/i0.wp.com\/cfcontabil.com\/cf\/wp-content\/uploads\/2015\/04\/leao.jpg?resize=620%2C412\" alt=\"leao\" width=\"620\" height=\"412\" \/><\/a><\/p>\n<p>Veja alguns pontos importantes:<\/p>\n<p><strong>Multa para quem perder o prazo<\/strong><br \/>\nQuem n\u00e3o declarar at\u00e9 as 23h59h desta quinta-feira, paga multa de R$ 165,74 no m\u00ednimo, podendo chegar a um m\u00e1ximo de 20% do imposto devido. O sistema da Receita s\u00f3 aceitar\u00e1 novas declara\u00e7\u00f5es a partir das 8h do dia 4 de maio. A exce\u00e7\u00e3o \u00e9 para<a class=\"link-corpo\" href=\"http:\/\/idg.receita.fazenda.gov.br\/noticias\/ascom\/2015\/abril\/estado-de-calamidade-no-municipio-de-xanxere-sc\" target=\"_blank\" rel=\"noopener noreferrer\"><strong>moradores de Xanxer\u00ea<\/strong><\/a><strong>,<\/strong> que ter\u00e3o at\u00e9 dia 31 de julho para declarar, em fun\u00e7\u00e3o do tornado que atingiu a cidade.<\/p>\n<p><strong>Documenta\u00e7\u00e3o incompleta<\/strong><br \/>\nOs especialistas recomendam que mesmo que faltem alguns documentos, o contribuinte declare o imposto e fa\u00e7a uma &#8220;declara\u00e7\u00e3o retificadora&#8221; assim que consegui-los, para inclu\u00ed-los na declara\u00e7\u00e3o. S\u00f3 o que n\u00e3o pode faltar nesta primeira etapa s\u00e3o os rendimentos tribut\u00e1veis (sal\u00e1rio, aposentadoria, aluguel, pens\u00e3o aliment\u00edcia, etc.)\u00a0porque\u00a0influenciam o\u00a0resultado da declara\u00e7\u00e3o, e podem gerar multa se n\u00e3o forem declarados.<\/p>\n<p><strong>Declara\u00e7\u00e3o retificadora<\/strong><br \/>\nEssa declara\u00e7\u00e3o \u00e9 feita no mesmo programa usado para a declara\u00e7\u00e3o original, caso tenha faltado algum documento ou algum valor ou dado\u00a0tenha sido preenchido errado. N\u00e3o h\u00e1 prazo para preench\u00ea-la, mas deve ser feita o mais r\u00e1pido poss\u00edvel, para evitar cair na malha fina.\u00a0\u00c9 preciso ter em m\u00e3os o n\u00famero do recibo da declara\u00e7\u00e3o anterior. Caso n\u00e3o saiba, procure um <a class=\"link-corpo\" href=\"http:\/\/www.receita.fazenda.gov.br\/atendcontrib\/atendimento\/unidatendimento\/centroatendimento.htm\" target=\"_blank\" rel=\"noopener noreferrer\"><strong>posto da Receita Federal<\/strong><\/a>.<\/p>\n<p><strong>Declara\u00e7\u00e3o simplificada x completa<\/strong><br \/>\nN\u00e3o \u00e9 preciso saber qual tipo se encaixa melhor em cada caso, pois o pr\u00f3prio\u00a0sistema da Receita Federal indica a melhor op\u00e7\u00e3o, logo ap\u00f3s o preenchimento da declara\u00e7\u00e3o.<\/p>\n<div class=\"materia-corpo entry-content\">\n<p><strong>Como declarar<br \/>\n<\/strong>A declara\u00e7\u00e3o pode ser preenchida no computador, com a utiliza\u00e7\u00e3o do programa gerador, ou em dispositivos m\u00f3veis, como tablets ou smartphones. Para isso, \u00e9 necess\u00e1rio usar o aplicativo m-IRPF ou acessar diretamente o site da Receita Federal, por meio do Centro Virtual de Atendimento (e-CAC).<\/p>\n<p>O <a class=\"link-corpo\" href=\"https:\/\/www.youtube.com\/user\/TVReceitaFederal\/videos\" target=\"_blank\" rel=\"noopener noreferrer\"><strong>canal da Receita no Youtube<\/strong><\/a> disponibiliza v\u00eddeos tutoriais e tira-d\u00favidas. Veja um exemplo:<\/p>\n<p><iframe src=\"https:\/\/www.youtube.com\/embed\/qLgDZFjvzUA\" width=\"560\" height=\"315\" frameborder=\"0\" allowfullscreen=\"allowfullscreen\"><\/iframe><strong><br \/>\n<\/strong><\/p>\n<p>Fonte:\u00a0http:\/\/diariocatarinense.clicrbs.com.br\/sc\/economia\/noticia\/2015\/04\/imposto-de-renda-o-que-voce-precisa-saber-no-ultimo-dia-de-declaracao-4750895.html<\/p>\n<\/div>\n<div class=\"materia-rodape clearfix\"><\/div>\n","protected":false},"excerpt":{"rendered":"<p>Faltando poucas horas para encerrar o prazo da Declara\u00e7\u00e3o do Imposto de Renda ainda tem muito contribuinte em busca de acertar as contas com o le\u00e3o. E para quem deixou a declara\u00e7\u00e3o do Imposto de Renda 2015 para as \u00faltimas horas do prazo, \u00e0s 23h59min de hoje,\u00a0vale ficar atento \u00e0s principais d\u00favidas dos contribuintes.<\/p>\n","protected":false},"author":3,"featured_media":599,"comment_status":"open","ping_status":"open","sticky":false,"template":"","format":"standard","meta":{"jetpack_post_was_ever_published":false,"_jetpack_newsletter_access":"","_jetpack_dont_email_post_to_subs":false,"_jetpack_newsletter_tier_id":0,"_jetpack_memberships_contains_paywalled_content":false,"_jetpack_memberships_contains_paid_content":false,"footnotes":"","jetpack_publicize_message":"","jetpack_publicize_feature_enabled":true,"jetpack_social_post_already_shared":true,"jetpack_social_options":{"image_generator_settings":{"template":"highway","default_image_id":0,"font":"","enabled":false},"version":2}},"categories":[22],"tags":[166,106,108,115,109,111],"class_list":["post-596","post","type-post","status-publish","format-standard","has-post-thumbnail","hentry","category-geral","tag-166","tag-declaracao","tag-imposto","tag-irpf","tag-leao","tag-renda"],"jetpack_publicize_connections":[],"jetpack_featured_media_url":"https:\/\/i0.wp.com\/cfcontabil.com\/cf\/wp-content\/uploads\/2015\/04\/leao-2.jpg?fit=620%2C412&ssl=1","jetpack_sharing_enabled":true,"jetpack_shortlink":"https:\/\/wp.me\/p2wklX-9C","jetpack-related-posts":[{"id":752,"url":"https:\/\/cfcontabil.com\/cf\/ate-ontem-mais-de-6-milhoes-ainda-nao-declararam-ir\/","url_meta":{"origin":596,"position":0},"title":"At\u00e9 ontem mais de 6 milh\u00f5es ainda n\u00e3o declararam IR","author":"Ab\u00edlio Gon\u00e7alves","date":"29 de abril de 2016","format":false,"excerpt":"Esse total esperado\u00a0representa 22,1% das 28,5 milh\u00f5es de declara\u00e7\u00f5es esperadas. Prazo vai at\u00e9 dia 29; Fisco recebeu at\u00e9 hoje 22,18 milh\u00f5es de declara\u00e7\u00f5es. A Receita Federal informou que recebeu, at\u00e9 as 11h desta quinta-feira (28), 22,18 milh\u00f5es de declara\u00e7\u00f5es de Imposto de Renda Pessoa F\u00edsica (IRPF) 2016, ano-base 2015. Com\u2026","rel":"","context":"Em &quot;Geral&quot;","block_context":{"text":"Geral","link":"https:\/\/cfcontabil.com\/cf\/category\/geral\/"},"img":{"alt_text":"IRPF","src":"https:\/\/i0.wp.com\/cfcontabil.com\/cf\/wp-content\/uploads\/2016\/04\/IRPF.jpg?resize=350%2C200","width":350,"height":200,"srcset":"https:\/\/i0.wp.com\/cfcontabil.com\/cf\/wp-content\/uploads\/2016\/04\/IRPF.jpg?resize=350%2C200 1x, https:\/\/i0.wp.com\/cfcontabil.com\/cf\/wp-content\/uploads\/2016\/04\/IRPF.jpg?resize=525%2C300 1.5x, https:\/\/i0.wp.com\/cfcontabil.com\/cf\/wp-content\/uploads\/2016\/04\/IRPF.jpg?resize=700%2C400 2x"},"classes":[]},{"id":1138,"url":"https:\/\/cfcontabil.com\/cf\/mais-de-7-milhoes-de-contribuintes-deixam-o-ir-para-a-ultima-hora\/","url_meta":{"origin":596,"position":1},"title":"Mais de 7 milh\u00f5es de contribuintes deixam o IR para a \u00faltima hora","author":"Ab\u00edlio Gon\u00e7alves","date":"26 de abril de 2017","format":false,"excerpt":"A Receita Federal informou que at\u00e9 o fim dessa quarta-feira, dia 26, recebeu cerca de 20,89 milh\u00f5es de declara\u00e7\u00f5es do Imposto de Renda da Pessoa F\u00edsica (IRPF) 2017. O que significa que quase 8 milh\u00f5es de contribuintes est\u00e3o deixando para os \u00faltimos momentos, pois s\u00e3o esperados 28,3 milh\u00f5es de documentos.\u2026","rel":"","context":"Em &quot;Departamento Fiscal&quot;","block_context":{"text":"Departamento Fiscal","link":"https:\/\/cfcontabil.com\/cf\/category\/df\/"},"img":{"alt_text":"","src":"","width":0,"height":0},"classes":[]},{"id":2137,"url":"https:\/\/cfcontabil.com\/cf\/mais-de-16-mi-de-contribuintes-ja-entregaram-declaracao-do-ir\/","url_meta":{"origin":596,"position":2},"title":"Mais de 1,6 mi de contribuintes j\u00e1 entregaram declara\u00e7\u00e3o do IR","author":"Ab\u00edlio Gon\u00e7alves","date":"6 de mar\u00e7o de 2020","format":false,"excerpt":"Receita Federal espera receber 32 milh\u00f5es de declara\u00e7\u00f5es em 2020 No quarto dia de entrega da declara\u00e7\u00e3o do Imposto de Renda Pessoa F\u00edsica (IRPF) 2020, pouco mais de 1,6 milh\u00e3o de contribuintes acertaram as contas com o Le\u00e3o. Esse \u00e9 o n\u00famero de documentos enviados desde a \u00faltima\u00a0segunda-feira (2) at\u00e9\u2026","rel":"","context":"Em &quot;Departamento Fiscal&quot;","block_context":{"text":"Departamento Fiscal","link":"https:\/\/cfcontabil.com\/cf\/category\/df\/"},"img":{"alt_text":"","src":"https:\/\/i0.wp.com\/cfcontabil.com\/cf\/wp-content\/uploads\/2020\/03\/IRPF-CELULAR-NOT.jpg?fit=1170%2C700&ssl=1&resize=350%2C200","width":350,"height":200,"srcset":"https:\/\/i0.wp.com\/cfcontabil.com\/cf\/wp-content\/uploads\/2020\/03\/IRPF-CELULAR-NOT.jpg?fit=1170%2C700&ssl=1&resize=350%2C200 1x, https:\/\/i0.wp.com\/cfcontabil.com\/cf\/wp-content\/uploads\/2020\/03\/IRPF-CELULAR-NOT.jpg?fit=1170%2C700&ssl=1&resize=525%2C300 1.5x, https:\/\/i0.wp.com\/cfcontabil.com\/cf\/wp-content\/uploads\/2020\/03\/IRPF-CELULAR-NOT.jpg?fit=1170%2C700&ssl=1&resize=700%2C400 2x, https:\/\/i0.wp.com\/cfcontabil.com\/cf\/wp-content\/uploads\/2020\/03\/IRPF-CELULAR-NOT.jpg?fit=1170%2C700&ssl=1&resize=1050%2C600 3x"},"classes":[]},{"id":1458,"url":"https:\/\/cfcontabil.com\/cf\/irpf-2019-regras-liberadas-mas-contribuintes-terao-uma-semana-a-menos-para-entrega\/","url_meta":{"origin":596,"position":3},"title":"IRPF 2019 &#8211; Regras liberadas, mas contribuintes ter\u00e3o uma semana a menos para entrega","author":"Ab\u00edlio Gon\u00e7alves","date":"22 de fevereiro de 2019","format":false,"excerpt":"Em 2018, estavam obrigados a acertar as contas com o le\u00e3o todos os contribuintes que receberam mais de R$ 28.559,70 no ano anterior. Publicadas as regras hoje (22.02) no Di\u00e1rio Oficial da Uni\u00e3o. Quem ganhou mais de R$ 28.559,70 em 2018 \u00e9 obrigado a fazer a declara\u00e7\u00e3o do Imposto de\u2026","rel":"","context":"Em &quot;Geral&quot;","block_context":{"text":"Geral","link":"https:\/\/cfcontabil.com\/cf\/category\/geral\/"},"img":{"alt_text":"","src":"https:\/\/i0.wp.com\/cfcontabil.com\/cf\/wp-content\/uploads\/2017\/02\/irpfrfb-1.jpg?fit=640%2C340&ssl=1&resize=350%2C200","width":350,"height":200,"srcset":"https:\/\/i0.wp.com\/cfcontabil.com\/cf\/wp-content\/uploads\/2017\/02\/irpfrfb-1.jpg?fit=640%2C340&ssl=1&resize=350%2C200 1x, https:\/\/i0.wp.com\/cfcontabil.com\/cf\/wp-content\/uploads\/2017\/02\/irpfrfb-1.jpg?fit=640%2C340&ssl=1&resize=525%2C300 1.5x"},"classes":[]},{"id":1225,"url":"https:\/\/cfcontabil.com\/cf\/programa-da-dirpf-2017-ja-esta-disponivel-para-download\/","url_meta":{"origin":596,"position":4},"title":"Programa da DIRPF 2017 j\u00e1 est\u00e1 dispon\u00edvel para download","author":"Ab\u00edlio Gon\u00e7alves","date":"23 de fevereiro de 2017","format":false,"excerpt":"Encontra-se dispon\u00edvel para instala\u00e7\u00e3o o programa do Imposto de Renda Pessoa F\u00edsica 2017, para quem quer antecipar os lan\u00e7amentos na sua declara\u00e7\u00e3o. Acesse:\u00a0http:\/\/idg.receita.fazenda.gov.br\/interface\/cidadao\/irpf\/2017\/download Lembre-se: a temporada de entrega das declara\u00e7\u00f5es come\u00e7a somente depois do carnaval, em 2 de mar\u00e7o, e se estende at\u00e9 28 de abril. Os contribuintes que enviarem\u2026","rel":"","context":"Em &quot;Departamento Fiscal&quot;","block_context":{"text":"Departamento Fiscal","link":"https:\/\/cfcontabil.com\/cf\/category\/df\/"},"img":{"alt_text":"","src":"https:\/\/i0.wp.com\/cfcontabil.com\/cf\/wp-content\/uploads\/2017\/02\/irpf2017-1.png?fit=490%2C247&ssl=1&resize=350%2C200","width":350,"height":200},"classes":[]},{"id":802,"url":"https:\/\/cfcontabil.com\/cf\/divulgado-o-cronograma-do-irpf-2017-pela-receita-federal\/","url_meta":{"origin":596,"position":5},"title":"Divulgado o cronograma do IRPF 2017 pela Receita Federal","author":"Ab\u00edlio Gon\u00e7alves","date":"9 de janeiro de 2017","format":false,"excerpt":"\u00c9 importante saber que al\u00e9m da \u00a0Declara\u00e7\u00e3o de Ajuste Anual da Pessoa F\u00edsica, v\u00e1rios programas e aplicativos auxiliares que visam facilitar o cumprimento das obriga\u00e7\u00f5es tribut\u00e1rias por parte dos contribuintes. Fique atento as datas e n\u00e3o perca os prazos, na d\u00favida, busque um contador para ajudar: A Secretaria da Receita\u2026","rel":"","context":"Em &quot;Geral&quot;","block_context":{"text":"Geral","link":"https:\/\/cfcontabil.com\/cf\/category\/geral\/"},"img":{"alt_text":"","src":"https:\/\/i0.wp.com\/cfcontabil.com\/cf\/wp-content\/uploads\/2017\/01\/leao-imposto-renda-original1-1.jpeg?fit=620%2C349&ssl=1&resize=350%2C200","width":350,"height":200,"srcset":"https:\/\/i0.wp.com\/cfcontabil.com\/cf\/wp-content\/uploads\/2017\/01\/leao-imposto-renda-original1-1.jpeg?fit=620%2C349&ssl=1&resize=350%2C200 1x, https:\/\/i0.wp.com\/cfcontabil.com\/cf\/wp-content\/uploads\/2017\/01\/leao-imposto-renda-original1-1.jpeg?fit=620%2C349&ssl=1&resize=525%2C300 1.5x"},"classes":[]}],"jetpack_likes_enabled":true,"_links":{"self":[{"href":"https:\/\/cfcontabil.com\/cf\/wp-json\/wp\/v2\/posts\/596","targetHints":{"allow":["GET"]}}],"collection":[{"href":"https:\/\/cfcontabil.com\/cf\/wp-json\/wp\/v2\/posts"}],"about":[{"href":"https:\/\/cfcontabil.com\/cf\/wp-json\/wp\/v2\/types\/post"}],"author":[{"embeddable":true,"href":"https:\/\/cfcontabil.com\/cf\/wp-json\/wp\/v2\/users\/3"}],"replies":[{"embeddable":true,"href":"https:\/\/cfcontabil.com\/cf\/wp-json\/wp\/v2\/comments?post=596"}],"version-history":[{"count":0,"href":"https:\/\/cfcontabil.com\/cf\/wp-json\/wp\/v2\/posts\/596\/revisions"}],"wp:featuredmedia":[{"embeddable":true,"href":"https:\/\/cfcontabil.com\/cf\/wp-json\/wp\/v2\/media\/599"}],"wp:attachment":[{"href":"https:\/\/cfcontabil.com\/cf\/wp-json\/wp\/v2\/media?parent=596"}],"wp:term":[{"taxonomy":"category","embeddable":true,"href":"https:\/\/cfcontabil.com\/cf\/wp-json\/wp\/v2\/categories?post=596"},{"taxonomy":"post_tag","embeddable":true,"href":"https:\/\/cfcontabil.com\/cf\/wp-json\/wp\/v2\/tags?post=596"}],"curies":[{"name":"wp","href":"https:\/\/api.w.org\/{rel}","templated":true}]}}