{"id":603,"date":"2015-07-06T15:17:54","date_gmt":"2015-07-06T18:17:54","guid":{"rendered":"http:\/\/cfcontabil.com\/cf\/?p=603"},"modified":"2015-07-06T15:17:54","modified_gmt":"2015-07-06T18:17:54","slug":"ferias-do-empreendedor","status":"publish","type":"post","link":"https:\/\/cfcontabil.com\/cf\/ferias-do-empreendedor\/","title":{"rendered":"F\u00e9rias do empreendedor"},"content":{"rendered":"<h2 class=\"entry-title-post\" style=\"text-align: center;\">5 raz\u00f5es para tirar um tempo de descanso<\/h2>\n<p><img data-recalc-dims=\"1\" fetchpriority=\"high\" decoding=\"async\" class=\"aligncenter size-full wp-image-5268\" title=\"Tirar f\u00e9rias?\" src=\"https:\/\/i0.wp.com\/bobsoftware.com.br\/wp-content\/uploads\/2013\/12\/empreendedor-pode-tirar-ferias.jpg?resize=600%2C229\" alt=\"empreendedor-pode-tirar-ferias\" width=\"600\" height=\"229\" \/><\/p>\n<p style=\"text-align: justify;\">Os compromissos n\u00e3o param de surgir? As tarefas parecem se multiplicar a cada segundo? Voc\u00ea est\u00e1 sempre ligado no \u201c220?? Pois \u00e9, ser empreendedor passa por esses desafios, principalmente quando se tem uma <strong>micro ou pequena empresa<\/strong>, pois, nesse caso, as responsabilidades tendem a cair todas sobre <strong>aquele que est\u00e1 \u00e0 frente<\/strong> do neg\u00f3cio.<\/p>\n<p style=\"text-align: justify;\"><!--more--><\/p>\n<h2><strong>Tirar f\u00e9rias, como assim?<br \/>\n<\/strong><\/h2>\n<p><img data-recalc-dims=\"1\" decoding=\"async\" data-attachment-id=\"604\" data-permalink=\"https:\/\/cfcontabil.com\/cf\/ferias-do-trabalho-computador\/\" data-orig-file=\"https:\/\/i0.wp.com\/cfcontabil.com\/cf\/wp-content\/uploads\/2015\/07\/ferias-do-trabalho-computador-2.jpg?fit=381%2C132&amp;ssl=1\" data-orig-size=\"381,132\" data-comments-opened=\"1\" data-image-meta=\"{&quot;aperture&quot;:&quot;0&quot;,&quot;credit&quot;:&quot;&quot;,&quot;camera&quot;:&quot;&quot;,&quot;caption&quot;:&quot;&quot;,&quot;created_timestamp&quot;:&quot;0&quot;,&quot;copyright&quot;:&quot;&quot;,&quot;focal_length&quot;:&quot;0&quot;,&quot;iso&quot;:&quot;0&quot;,&quot;shutter_speed&quot;:&quot;0&quot;,&quot;title&quot;:&quot;&quot;,&quot;orientation&quot;:&quot;0&quot;}\" data-image-title=\"ferias do trabalho computador\" data-image-description=\"\" data-image-caption=\"\" data-large-file=\"https:\/\/i0.wp.com\/cfcontabil.com\/cf\/wp-content\/uploads\/2015\/07\/ferias-do-trabalho-computador-2.jpg?fit=381%2C132&amp;ssl=1\" class=\" size-full wp-image-604 aligncenter\" src=\"https:\/\/i0.wp.com\/cfcontabil.com\/cf\/wp-content\/uploads\/2015\/07\/ferias-do-trabalho-computador.jpg?resize=381%2C132\" alt=\"ferias do trabalho computador\" width=\"381\" height=\"132\" \/><\/p>\n<p style=\"text-align: justify;\">Por\u00e9m, \u00e9 preciso ponderar. Ningu\u00e9m \u00e9 de ferro e at\u00e9 mesmo esse camarada tem <strong>direitos fundamentais<\/strong> como qualquer outro mortal. Um desses direitos \u00e9 o <strong>descanso<\/strong>. Ok, a gente sabe que o pequeno empreendedor tem de estar diretamente e o <strong>tempo todo cuidando daquilo que \u00e9 seu<\/strong>, sobretudo durante os 3 primeiros anos. Sua presen\u00e7a faz toda a diferen\u00e7a para o andamento das atividades, e \u00e9 justamente por isso que se ele n\u00e3o estiver bem <strong>a empresa tamb\u00e9m n\u00e3o estar\u00e1<\/strong>.<\/p>\n<p style=\"text-align: justify;\">Portanto, dar uma <strong>paradinha b\u00e1sica<\/strong> a fim de reabastecer as energias e as ideias \u00e9 mais que necess\u00e1rio. Obviamente que isso deve ser feito de maneira <strong>planejada<\/strong>. Com cuidado e organiza\u00e7\u00e3o nada ser\u00e1 prejudicado. O intuito \u00e9 que o trabalho <strong>flua de maneira saud\u00e1vel e produtiva<\/strong>,\u00a0tanto para a organiza\u00e7\u00e3o quanto para o ser humano que est\u00e1 o conduzindo.<\/p>\n<p style=\"text-align: justify;\">Agora no fim do ano muitos desses pequenos empreendedores, como voc\u00ea, est\u00e3o se perguntando: <strong>ser\u00e1 que eu posso tirar f\u00e9rias?<\/strong> A resposta \u00e9: n\u00e3o s\u00f3 pode como deve. Quer dizer,<strong>cada neg\u00f3cio tem uma din\u00e2mica pr\u00f3pria<\/strong>, a qual deve ser respeitada.\u00a0Fique atento! Muitos deles t\u00eam sua demanda reduzida no per\u00edodo das festas ou no come\u00e7o do ano, enquanto outros, como hot\u00e9is e pousadas, recebem uma <strong>procura acima da m\u00e9dia<\/strong>. Nesse segundo caso o afastamento entre dezembro e janeiro n\u00e3o \u00e9 nada indicado. Ali\u00e1s, a dedica\u00e7\u00e3o a\u00ed deve ser redobrada. Haver\u00e1 outras ocasi\u00f5es mais tranquilas que permitir\u00e3o o t\u00e3o merecido <strong>descanso<\/strong>. O segredo, como falei, \u00e9 o <strong>planejamento<\/strong>.<\/p>\n<p style=\"text-align: justify;\">Bem, tendo em vista todas essas vari\u00e1veis que giram em torno do tema, vamos come\u00e7ar hoje uma s\u00e9rie que batizei de <strong>\u201cF\u00e9rias do Empreendedor\u201d<\/strong>. Com este, ser\u00e3o 4 <em>posts<\/em> abordando quest\u00f5es relacionadas, cada um com <strong>5 dicas<\/strong> para tornar esse momento ainda mais oportuno. Como esses conte\u00fados se complementar\u00e3o, o ideal \u00e9 que voc\u00ea siga\u00a0<strong>acompanhando o blog<\/strong>, ok?<\/p>\n<p style=\"text-align: justify;\">Para come\u00e7ar vamos dar boas raz\u00f5es, especialmente aos cabe\u00e7as-duras, a respeito do fato de que:<\/p>\n<p style=\"text-align: justify;\"><strong>Voc\u00ea deve tirar f\u00e9rias porque\u2026<\/strong><\/p>\n<p style=\"text-align: justify;\"><a href=\"https:\/\/i0.wp.com\/bobsoftware.com.br\/wp-content\/uploads\/2013\/12\/motivos-empreendedor-tirar-ferias.jpg\"><img data-recalc-dims=\"1\" decoding=\"async\" class=\"aligncenter size-full wp-image-5275\" title=\"F\u00e9rias\" src=\"https:\/\/i0.wp.com\/bobsoftware.com.br\/wp-content\/uploads\/2013\/12\/motivos-empreendedor-tirar-ferias.jpg?resize=600%2C229\" alt=\"motivos-empreendedor-tirar-ferias\" width=\"600\" height=\"229\" \/><\/a><\/p>\n<p style=\"text-align: justify;\"><strong>1. \u00c9 bom para a sa\u00fade:<\/strong>\u00a0O corpo e a mente se cansam, ficam estressados e geram consequ\u00eancias que <strong>comprometem o indiv\u00edduo<\/strong>, como dores nas costas e de cabe\u00e7a. Al\u00e9m disso, de acordo com informa\u00e7\u00f5es do <strong><a title=\"Veja aqui!\" href=\"http:\/\/blog.intuit.com\/trends\/the-small-business-owners-guide-to-taking-a-vacation\/\" target=\"_blank\" rel=\"noopener noreferrer\">infogr\u00e1fico do site da\u00a0Intuit<\/a><\/strong>,\u00a0pesquisas mostram que homens que tiram f\u00e9rias s\u00e3o <strong>32% menos prop\u00edcios<\/strong> a morrer de ataque card\u00edaco. J\u00e1 mulheres que n\u00e3o tiram esse tempo para descansar s\u00e3o <strong>8 vezes mais suscet\u00edveis<\/strong> a sofrer de doen\u00e7as card\u00edacas em rela\u00e7\u00e3o \u00e0quelas que saem de f\u00e9rias duas vezes por ano;<\/p>\n<p style=\"text-align: justify;\"><strong>2. Te obriga a planejar:<\/strong> Antes de se ausentar da empresa \u00e9 necess\u00e1rio verificar se est\u00e1 tudo ok e ainda <strong>organizar com anteced\u00eancia suas coisas pessoais e profissionais<\/strong>. Dessa forma, voc\u00ea passa a ter uma <strong>vis\u00e3o geral da casa<\/strong>, se esfor\u00e7ando para deix\u00e1-la em ordem, tanto para antes de sair quando para quando voltar;<\/p>\n<p style=\"text-align: justify;\"><strong>3.\u00a0<strong>D\u00e1 novo \u00e2nimo:<\/strong><\/strong>\u00a0Depois de um ano inteiro de muito trabalho, pensar nas f\u00e9rias e planej\u00e1-las ajudar\u00e1 a arejar a cabe\u00e7a e as energias. Se envolvendo nesse \u201cprojeto\u201d voc\u00ea ter\u00e1 um\u00a0est\u00edmulo novo para<strong> encerrar com chave de ouro mais um ciclo<\/strong>;<\/p>\n<p style=\"text-align: justify;\"><strong>4. Novas ideias vir\u00e3o: <\/strong>Visitar lugares diferentes, conhecer outras pessoas, ficar perto de quem se ama, se desligar do estresse cotidiano e descansar exercer\u00e1 um <strong>incr\u00edvel poder terap\u00eautico<\/strong>\u00a0e ainda ampliar\u00e1 o seu repert\u00f3rio, fazendo com que voc\u00ea tenha novas ideias e inspira\u00e7\u00f5es, inclusive com rela\u00e7\u00e3o aos neg\u00f3cios. Somado a isso, sua produtividade aumentar\u00e1 quando retomar o trabalho;<\/p>\n<p style=\"text-align: justify;\"><strong>5. \u00c9 interessante que outras\u00a0pessoas assumam mais responsabilidades:<\/strong>\u00a0Sua estrutura \u00e9 enxuta, mas isso n\u00e3o significa que voc\u00ea tenha que cuidar de absolutamente tudo 24 horas por dia. Uma vez ou outra n\u00e3o ser\u00e1 poss\u00edvel estar na empresa ou reponder por ela, e para esses casos \u00e9 fundamental contar com <strong>algu\u00e9m de confian\u00e7a<\/strong>. Isso ajuda a dividir a responsabilidade e a treinar uma pessoa para ser aquele \u201cbra\u00e7o direito\u201d. Que tal come\u00e7ar<strong>delegando fun\u00e7\u00f5es<\/strong> agora nas f\u00e9rias?<\/p>\n<p style=\"text-align: justify;\">Veja bem, ningu\u00e9m est\u00e1 dizendo para voc\u00ea <strong>se afastar<\/strong>\u00a0<strong>1 m\u00eas inteiro<\/strong>\u00a0da empresa \u2013 sobretudo para quem est\u00e1 no come\u00e7o isso seria um tanto desastroso. Reserve uma ou duas semanas, se for o caso. Analise sua situa\u00e7\u00e3o e veja o que \u00e9 poss\u00edvel fazer, s\u00f3 <strong>n\u00e3o deixe de separar um tempo de descanso durante o ano<\/strong>.<\/p>\n<p style=\"text-align: justify;\">Aproveitando que eu citei o<strong>\u00a0infogr\u00e1fico da Intuit<\/strong>\u00a0no t\u00f3pico 1, veja voc\u00ea mesmo o que o material revela (os dados s\u00e3o de 2011):<\/p>\n<p><a title=\"Clique para ampliar!\" href=\"https:\/\/i0.wp.com\/bobsoftware.com.br\/wp-content\/uploads\/2013\/12\/infografico-ferias-empreendedor-ampliado.jpg\" target=\"_blank\" rel=\"noopener noreferrer\"><img data-recalc-dims=\"1\" loading=\"lazy\" decoding=\"async\" class=\"aligncenter size-full wp-image-5284\" src=\"https:\/\/i0.wp.com\/bobsoftware.com.br\/wp-content\/uploads\/2013\/12\/infografico-ferias-empreendedor.jpg.jpg?resize=600%2C869\" alt=\"infografico-ferias-empreendedor.jpg\" width=\"600\" height=\"869\" \/><\/a><\/p>\n<p>Interessante, n\u00e3o? Mas a pauta continua! No pr\u00f3ximo <strong>post<\/strong> vou falar das\u00a0<strong>5 provid\u00eancias<\/strong> que devem ser tomadas antes que voc\u00ea tire as suas merecidas f\u00e9rias.<\/p>\n<p>Fonte:\u00a0<a href=\"http:\/\/bobsoftware.com.br\/ferias-empreendedor-razoes-tirar-tempo-descanso\/\" target=\"_blank\" rel=\"noopener noreferrer\">http:\/\/bobsoftware.com.br\/ferias-empreendedor-razoes-tirar-tempo-descanso\/<\/a><\/p>\n","protected":false},"excerpt":{"rendered":"<p>5 raz\u00f5es para tirar um tempo de descanso Os compromissos n\u00e3o param de surgir? As tarefas parecem se multiplicar a cada segundo? Voc\u00ea est\u00e1 sempre ligado no \u201c220?? Pois \u00e9, ser empreendedor passa por esses desafios, principalmente quando se tem uma micro ou pequena empresa, pois, nesse caso, as responsabilidades tendem a cair todas sobre [&hellip;]<\/p>\n","protected":false},"author":3,"featured_media":604,"comment_status":"open","ping_status":"open","sticky":false,"template":"","format":"standard","meta":{"jetpack_post_was_ever_published":false,"_jetpack_newsletter_access":"","_jetpack_dont_email_post_to_subs":false,"_jetpack_newsletter_tier_id":0,"_jetpack_memberships_contains_paywalled_content":false,"_jetpack_memberships_contains_paid_content":false,"footnotes":"","jetpack_publicize_message":"","jetpack_publicize_feature_enabled":true,"jetpack_social_post_already_shared":true,"jetpack_social_options":{"image_generator_settings":{"template":"highway","default_image_id":0,"font":"","enabled":false},"version":2}},"categories":[22],"tags":[167,168,169,91,170],"class_list":["post-603","post","type-post","status-publish","format-standard","has-post-thumbnail","hentry","category-geral","tag-descanso","tag-empreendedor","tag-empresario","tag-ferias","tag-tempo"],"jetpack_publicize_connections":[],"jetpack_featured_media_url":"https:\/\/i0.wp.com\/cfcontabil.com\/cf\/wp-content\/uploads\/2015\/07\/ferias-do-trabalho-computador-2.jpg?fit=381%2C132&ssl=1","jetpack_sharing_enabled":true,"jetpack_shortlink":"https:\/\/wp.me\/p2wklX-9J","jetpack-related-posts":[{"id":2430,"url":"https:\/\/cfcontabil.com\/cf\/7-habitos-de-empreendedores-de-sucesso-voce-os-pratica\/","url_meta":{"origin":603,"position":0},"title":"7 h\u00e1bitos de empreendedores de sucesso (voc\u00ea os pratica?)","author":"Ab\u00edlio Gon\u00e7alves","date":"4 de agosto de 2021","format":false,"excerpt":"Grandes empreendedores n\u00e3o chegaram onde est\u00e3o \u00e0 toa. Confira uma lista de 7 h\u00e1bitos seguidos por representantes de grandes empresas e inspire-se! Se voc\u00ea deseja se tornar empreendedor, saiba que ter uma mentalidade orientada para o sucesso \u00e9 t\u00e3o importante quanto o sucesso em si. Mas isso n\u00e3o significa que\u2026","rel":"","context":"Em &quot;Geral&quot;","block_context":{"text":"Geral","link":"https:\/\/cfcontabil.com\/cf\/category\/geral\/"},"img":{"alt_text":"","src":"https:\/\/i0.wp.com\/cfcontabil.com\/cf\/wp-content\/uploads\/2019\/11\/contabilidade-neg%C3%B3cio.jpg?fit=679%2C451&ssl=1&resize=350%2C200","width":350,"height":200,"srcset":"https:\/\/i0.wp.com\/cfcontabil.com\/cf\/wp-content\/uploads\/2019\/11\/contabilidade-neg%C3%B3cio.jpg?fit=679%2C451&ssl=1&resize=350%2C200 1x, https:\/\/i0.wp.com\/cfcontabil.com\/cf\/wp-content\/uploads\/2019\/11\/contabilidade-neg%C3%B3cio.jpg?fit=679%2C451&ssl=1&resize=525%2C300 1.5x"},"classes":[]},{"id":778,"url":"https:\/\/cfcontabil.com\/cf\/comunicado-recesso-e-ferias-coletivas-ano-2016\/","url_meta":{"origin":603,"position":1},"title":"COMUNICADO &#8211; Recesso e F\u00e9rias Coletivas &#8211; Ano 2016","author":"Ab\u00edlio Gon\u00e7alves","date":"2 de dezembro de 2016","format":false,"excerpt":"","rel":"","context":"Em &quot;Geral&quot;","block_context":{"text":"Geral","link":"https:\/\/cfcontabil.com\/cf\/category\/geral\/"},"img":{"alt_text":"","src":"https:\/\/i0.wp.com\/cfcontabil.com\/Encarte_Recesso_2016.jpg?resize=350%2C200","width":350,"height":200,"srcset":"https:\/\/i0.wp.com\/cfcontabil.com\/Encarte_Recesso_2016.jpg?resize=350%2C200 1x, https:\/\/i0.wp.com\/cfcontabil.com\/Encarte_Recesso_2016.jpg?resize=525%2C300 1.5x, https:\/\/i0.wp.com\/cfcontabil.com\/Encarte_Recesso_2016.jpg?resize=700%2C400 2x, https:\/\/i0.wp.com\/cfcontabil.com\/Encarte_Recesso_2016.jpg?resize=1050%2C600 3x"},"classes":[]},{"id":1924,"url":"https:\/\/cfcontabil.com\/cf\/lei-da-liberdade-economica-deve-ser-aplicada-diz-presidente-do-sebrae\/","url_meta":{"origin":603,"position":2},"title":"Lei da Liberdade econ\u00f4mica deve ser aplicada, diz presidente do Sebrae","author":"Ab\u00edlio Gon\u00e7alves","date":"19 de novembro de 2019","format":false,"excerpt":"A nova\u00a0Lei da Liberdade Econ\u00f4mica\u00a0deve facilitar o ambiente de trabalho para as pequenas e m\u00e9dias empresas do pa\u00eds. Essa \u00e9 a opini\u00e3o do diretor-presidente do Servi\u00e7o Brasileiro de Apoio \u00e0s Micro e Pequenas Empresas (Sebrae), Carlos Melles. A lei foi sancionada pelo governo\u00a0h\u00e1 cerca de dois meses. \u201cA gente tem\u2026","rel":"","context":"Em &quot;Consultoria Empresarial&quot;","block_context":{"text":"Consultoria Empresarial","link":"https:\/\/cfcontabil.com\/cf\/category\/consultoria\/"},"img":{"alt_text":"","src":"https:\/\/i0.wp.com\/cfcontabil.com\/cf\/wp-content\/uploads\/2019\/11\/Liberdade.jpg?fit=600%2C310&ssl=1&resize=350%2C200","width":350,"height":200,"srcset":"https:\/\/i0.wp.com\/cfcontabil.com\/cf\/wp-content\/uploads\/2019\/11\/Liberdade.jpg?fit=600%2C310&ssl=1&resize=350%2C200 1x, https:\/\/i0.wp.com\/cfcontabil.com\/cf\/wp-content\/uploads\/2019\/11\/Liberdade.jpg?fit=600%2C310&ssl=1&resize=525%2C300 1.5x"},"classes":[]},{"id":1080,"url":"https:\/\/cfcontabil.com\/cf\/mei-pais-tem-67-milhoes-de-microempreendedores\/","url_meta":{"origin":603,"position":3},"title":"MEI: pa\u00eds tem 6,7 milh\u00f5es de microempreendedores","author":"Ab\u00edlio Gon\u00e7alves","date":"22 de mar\u00e7o de 2017","format":false,"excerpt":"Desde 2012, a cada ano, cerca de um milh\u00e3o de pessoas se registram no Portal do Empreendedor como microempreendedor individual. At\u00e9 fevereiro, o pa\u00eds tinha 6,7 milh\u00f5es de pessoas registradas com a atividade de microempresa individual (MEI). A cada ano, cerca de um milh\u00e3o de pessoas se registram no Portal\u2026","rel":"","context":"Em &quot;Geral&quot;","block_context":{"text":"Geral","link":"https:\/\/cfcontabil.com\/cf\/category\/geral\/"},"img":{"alt_text":"","src":"https:\/\/i0.wp.com\/cfcontabil.com\/cf\/wp-content\/uploads\/2017\/03\/mei-micro-empreendedor-individual-696x287-1.jpg?fit=696%2C287&ssl=1&resize=350%2C200","width":350,"height":200,"srcset":"https:\/\/i0.wp.com\/cfcontabil.com\/cf\/wp-content\/uploads\/2017\/03\/mei-micro-empreendedor-individual-696x287-1.jpg?fit=696%2C287&ssl=1&resize=350%2C200 1x, https:\/\/i0.wp.com\/cfcontabil.com\/cf\/wp-content\/uploads\/2017\/03\/mei-micro-empreendedor-individual-696x287-1.jpg?fit=696%2C287&ssl=1&resize=525%2C300 1.5x"},"classes":[]},{"id":2060,"url":"https:\/\/cfcontabil.com\/cf\/tudo-no-azul-para-2020\/","url_meta":{"origin":603,"position":4},"title":"TUDO NO AZUL PARA 2020!","author":"Ab\u00edlio Gon\u00e7alves","date":"8 de janeiro de 2020","format":false,"excerpt":". https:\/\/www.youtube.com\/watch?v=7qWmSX5F85g FALE CONOSCO Quero apresentar uma solu\u00e7\u00e3o definitiva para a gest\u00e3o financeira e cont\u00e1bil para voc\u00ea, empres\u00e1rio ou futuro empreendedor, nesta sexta, dia 10 de janeiro, em uma live que ter\u00e1 in\u00edcio \u00e1s 7h da manh\u00e3. . Facebook Twitter Instagram","rel":"","context":"Em &quot;Consultoria Empresarial&quot;","block_context":{"text":"Consultoria Empresarial","link":"https:\/\/cfcontabil.com\/cf\/category\/consultoria\/"},"img":{"alt_text":"","src":"https:\/\/i0.wp.com\/cfcontabil.com\/cf\/wp-content\/uploads\/2020\/01\/tudo-azul-2.jpeg?fit=1200%2C675&ssl=1&resize=350%2C200","width":350,"height":200,"srcset":"https:\/\/i0.wp.com\/cfcontabil.com\/cf\/wp-content\/uploads\/2020\/01\/tudo-azul-2.jpeg?fit=1200%2C675&ssl=1&resize=350%2C200 1x, https:\/\/i0.wp.com\/cfcontabil.com\/cf\/wp-content\/uploads\/2020\/01\/tudo-azul-2.jpeg?fit=1200%2C675&ssl=1&resize=525%2C300 1.5x, https:\/\/i0.wp.com\/cfcontabil.com\/cf\/wp-content\/uploads\/2020\/01\/tudo-azul-2.jpeg?fit=1200%2C675&ssl=1&resize=700%2C400 2x, https:\/\/i0.wp.com\/cfcontabil.com\/cf\/wp-content\/uploads\/2020\/01\/tudo-azul-2.jpeg?fit=1200%2C675&ssl=1&resize=1050%2C600 3x"},"classes":[]},{"id":1972,"url":"https:\/\/cfcontabil.com\/cf\/dez-opcoes-de-contas-digitais-para-meis-e-pequenos-empresarios\/","url_meta":{"origin":603,"position":5},"title":"Dez op\u00e7\u00f5es de contas digitais para MEIs e pequenos empres\u00e1rios","author":"Ab\u00edlio Gon\u00e7alves","date":"3 de dezembro de 2019","format":false,"excerpt":"De olho neste mercado, fintechs oferecem desde tarifa de manuten\u00e7\u00e3o zero a boletos sem custos e Ted's gratuitos A onda de fintechs que atingiu seis em cada dez brasileiros (64%) que t\u00eam acesso a computadores e celulares est\u00e1 cada vez mais pr\u00f3xima de atingir tamb\u00e9m os microempreendedores e pequenos neg\u00f3cios.\u2026","rel":"","context":"Em &quot;Consultoria Empresarial&quot;","block_context":{"text":"Consultoria Empresarial","link":"https:\/\/cfcontabil.com\/cf\/category\/consultoria\/"},"img":{"alt_text":"","src":"https:\/\/i0.wp.com\/cfcontabil.com\/cf\/wp-content\/uploads\/2019\/12\/contas-digitais.jpg?fit=678%2C452&ssl=1&resize=350%2C200","width":350,"height":200,"srcset":"https:\/\/i0.wp.com\/cfcontabil.com\/cf\/wp-content\/uploads\/2019\/12\/contas-digitais.jpg?fit=678%2C452&ssl=1&resize=350%2C200 1x, https:\/\/i0.wp.com\/cfcontabil.com\/cf\/wp-content\/uploads\/2019\/12\/contas-digitais.jpg?fit=678%2C452&ssl=1&resize=525%2C300 1.5x"},"classes":[]}],"jetpack_likes_enabled":true,"_links":{"self":[{"href":"https:\/\/cfcontabil.com\/cf\/wp-json\/wp\/v2\/posts\/603","targetHints":{"allow":["GET"]}}],"collection":[{"href":"https:\/\/cfcontabil.com\/cf\/wp-json\/wp\/v2\/posts"}],"about":[{"href":"https:\/\/cfcontabil.com\/cf\/wp-json\/wp\/v2\/types\/post"}],"author":[{"embeddable":true,"href":"https:\/\/cfcontabil.com\/cf\/wp-json\/wp\/v2\/users\/3"}],"replies":[{"embeddable":true,"href":"https:\/\/cfcontabil.com\/cf\/wp-json\/wp\/v2\/comments?post=603"}],"version-history":[{"count":0,"href":"https:\/\/cfcontabil.com\/cf\/wp-json\/wp\/v2\/posts\/603\/revisions"}],"wp:featuredmedia":[{"embeddable":true,"href":"https:\/\/cfcontabil.com\/cf\/wp-json\/wp\/v2\/media\/604"}],"wp:attachment":[{"href":"https:\/\/cfcontabil.com\/cf\/wp-json\/wp\/v2\/media?parent=603"}],"wp:term":[{"taxonomy":"category","embeddable":true,"href":"https:\/\/cfcontabil.com\/cf\/wp-json\/wp\/v2\/categories?post=603"},{"taxonomy":"post_tag","embeddable":true,"href":"https:\/\/cfcontabil.com\/cf\/wp-json\/wp\/v2\/tags?post=603"}],"curies":[{"name":"wp","href":"https:\/\/api.w.org\/{rel}","templated":true}]}}