{"id":628,"date":"2016-01-04T10:18:06","date_gmt":"2016-01-04T12:18:06","guid":{"rendered":"http:\/\/cfcontabil.com\/cf\/?p=628"},"modified":"2016-01-04T10:18:06","modified_gmt":"2016-01-04T12:18:06","slug":"de-volta-ao-batente","status":"publish","type":"post","link":"https:\/\/cfcontabil.com\/cf\/de-volta-ao-batente\/","title":{"rendered":"De volta ao batente!"},"content":{"rendered":"<p>&nbsp;<\/p>\n<figure id=\"attachment_629\" aria-describedby=\"caption-attachment-629\" style=\"width: 1366px\" class=\"wp-caption aligncenter\"><a href=\"https:\/\/i0.wp.com\/cfcontabil.com\/cf\/wp-content\/uploads\/2016\/01\/2016-01-04.png\"><img data-recalc-dims=\"1\" fetchpriority=\"high\" decoding=\"async\" data-attachment-id=\"629\" data-permalink=\"https:\/\/cfcontabil.com\/cf\/2016-01-04\/\" data-orig-file=\"https:\/\/i0.wp.com\/cfcontabil.com\/cf\/wp-content\/uploads\/2016\/01\/2016-01-04-2.png?fit=1366%2C728&amp;ssl=1\" data-orig-size=\"1366,728\" data-comments-opened=\"1\" data-image-meta=\"{&quot;aperture&quot;:&quot;0&quot;,&quot;credit&quot;:&quot;&quot;,&quot;camera&quot;:&quot;&quot;,&quot;caption&quot;:&quot;&quot;,&quot;created_timestamp&quot;:&quot;0&quot;,&quot;copyright&quot;:&quot;&quot;,&quot;focal_length&quot;:&quot;0&quot;,&quot;iso&quot;:&quot;0&quot;,&quot;shutter_speed&quot;:&quot;0&quot;,&quot;title&quot;:&quot;&quot;,&quot;orientation&quot;:&quot;0&quot;}\" data-image-title=\"PackUp Alterdata\" data-image-description=\"\" data-image-caption=\"&lt;p&gt;Acesso f\u00e1cil a seus documentos e solicita\u00e7\u00f5es!&lt;\/p&gt;\n\" data-large-file=\"https:\/\/i0.wp.com\/cfcontabil.com\/cf\/wp-content\/uploads\/2016\/01\/2016-01-04-2.png?fit=1024%2C546&amp;ssl=1\" class=\"size-full wp-image-629\" src=\"https:\/\/i0.wp.com\/cfcontabil.com\/cf\/wp-content\/uploads\/2016\/01\/2016-01-04.png?resize=1170%2C624\" alt=\"Acesso f\u00e1cil a seus documentos e solicita\u00e7\u00f5es!\" width=\"1170\" height=\"624\" \/><\/a><figcaption id=\"caption-attachment-629\" class=\"wp-caption-text\">Acesso f\u00e1cil a seus documentos e solicita\u00e7\u00f5es!<\/figcaption><\/figure>\n<p>&nbsp;<\/p>\n<p style=\"text-align: justify\">Mais um ano se inicia, repleto de novas possibilidades e promessas.\u00a0E como n\u00e3o poderia ser diferente, estamos de volta ao trabalho! De segunda a sexta-feira, em nossos hor\u00e1rios habituais de atendimento nos per\u00edodos matutino (das 8h \u00e0s 12h) e vespertino (13h \u00e0s 17h30).<\/p>\n<p style=\"text-align: justify\">Fique \u00e0 vontade para entrar em contato pelos telefones (61) 3381-6090 e (61) 3382-7378, ou pelo email <a href=\"mailto:cfcontabil@cfcontabil.com\" target=\"_blank\" rel=\"noopener noreferrer\">cfcontabil@cfcontabil.com<\/a>. Tamb\u00e9m \u00e9 poss\u00edvel nos contatar pelas principais redes sociais, como <a href=\"http:\/\/facebook.com\/cfcontabil\" target=\"_blank\" rel=\"noopener noreferrer\">Facebook<\/a>, <a href=\"http:\/\/twitter.com\/cfcontabil\" target=\"_blank\" rel=\"noopener noreferrer\">Twitter<\/a>, <a href=\"http:\/\/instagram.com\/cfcontabil\" target=\"_blank\" rel=\"noopener noreferrer\">Instagram<\/a>\u00a0e <a href=\"https:\/\/plus.google.com\/+CFCont\u00e1bilBras\u00edlia\" target=\"_blank\" rel=\"noopener noreferrer\">Google+<\/a><a href=\"https:\/\/plus.google.com\/+CFCont\u00e1bilBras\u00edlia\" target=\"_blank\" rel=\"noopener noreferrer\"><\/a>. Estamos \u00e0s ordens para atende-los sempre da melhor maneira poss\u00edvel!<\/p>\n<p style=\"text-align: justify\">\n<p style=\"text-align: justify\"><strong>COME\u00c7A A INDICA\u00c7\u00c3O PARA CR\u00c9DITOS DO NOTAL LEGAL<\/strong><\/p>\n<p style=\"text-align: justify\">E j\u00e1 aproveitando a sua visita, gostar\u00edamos de informar que come\u00e7a nesta segunda-feira (4) o prazo para que os <strong>consumidores do Distrito Federal<\/strong> indiquem como querem usar os cr\u00e9ditos do <strong>programa Nota Legal<\/strong>. Os valores s\u00e3o acumulados quando os contribuintes pedem &#8220;CPF na nota&#8221;, durante uma compra, e podem ser usados para pagar<strong> IPTU<\/strong> e<strong> IPVA<\/strong> deste ano.<\/p>\n<p style=\"text-align: justify\">Segundo o GDF, o <strong>prazo para indica\u00e7\u00e3o dos cr\u00e9ditos vai at\u00e9 o fim de janeiro<\/strong> no <a href=\"http:\/\/www.notalegal.df.gov.br\/\" target=\"_blank\" rel=\"noopener noreferrer\">site do programa<\/a>. At\u00e9 outubro, o Nota Legal acumulava R$ 776,7 milh\u00f5es em registros de cupons fiscais. A consulta aos cr\u00e9ditos fica dispon\u00edvel dois meses<strong> ap\u00f3s <\/strong>a aquisi\u00e7\u00e3o do bem ou servi\u00e7o.<\/p>\n<p style=\"text-align: justify\">Al\u00e9m de solicitar a inscri\u00e7\u00e3o do CPF, <strong>o contribuinte precisa se cadastrar no site para que o benef\u00edcio seja validado<\/strong>. Os cr\u00e9ditos inscritos antes do cadastro tamb\u00e9m valem, mas n\u00e3o podem ser resgatados sem o preenchimento dos formul\u00e1rios.<\/p>\n<p style=\"text-align: justify\">Apenas os cr\u00e9ditos acumulados at\u00e9 31 de outubro poder\u00e3o ser usados para abater as faturas de IPTU e IPVA deste ano. Benef\u00edcios recebidos em novembro e dezembro ficam guardados, e s\u00f3 poder\u00e3o ser usados nos boletos de 2017.<\/p>\n<p style=\"text-align: justify\">Quem n\u00e3o paga IPTU e IPVA pode optar pelo ressarcimento dos cr\u00e9ditos em dinheiro vivo. A op\u00e7\u00e3o, no entanto, <strong>s\u00f3 estar\u00e1 dispon\u00edvel no segundo semestre do ano<\/strong>, em data a ser divulgada pelo GDF. Nesta modalidade, o valor tamb\u00e9m \u00e9 recebido na \u00edntegra, sem descontos.<\/p>\n<p><span style=\"font-size: 8pt\">Fonte: <a href=\"http:\/\/g1.globo.com\/distrito-federal\/noticia\/2016\/01\/indicacao-para-creditos-do-nota-legal-comeca-nesta-segunda-no-df.html\" target=\"_blank\" rel=\"noopener noreferrer\">G1<\/a>, com adapta\u00e7\u00f5es.<\/span><\/p>\n","protected":false},"excerpt":{"rendered":"<p>&nbsp; &nbsp; Mais um ano se inicia, repleto de novas possibilidades e promessas.\u00a0E como n\u00e3o poderia ser diferente, estamos de volta ao trabalho! De segunda a sexta-feira, em nossos hor\u00e1rios habituais de atendimento nos per\u00edodos matutino (das 8h \u00e0s 12h) e vespertino (13h \u00e0s 17h30). Fique \u00e0 vontade para entrar em contato pelos telefones (61) [&hellip;]<\/p>\n","protected":false},"author":2,"featured_media":629,"comment_status":"open","ping_status":"open","sticky":false,"template":"","format":"standard","meta":{"jetpack_post_was_ever_published":false,"_jetpack_newsletter_access":"","_jetpack_dont_email_post_to_subs":false,"_jetpack_newsletter_tier_id":0,"_jetpack_memberships_contains_paywalled_content":false,"_jetpack_memberships_contains_paid_content":false,"footnotes":"","jetpack_publicize_message":"","jetpack_publicize_feature_enabled":true,"jetpack_social_post_already_shared":true,"jetpack_social_options":{"image_generator_settings":{"template":"highway","default_image_id":0,"font":"","enabled":false},"version":2}},"categories":[60,69,46,29,22],"tags":[99,19,21,122,91,175,176,45],"class_list":["post-628","post","type-post","status-publish","format-standard","has-post-thumbnail","hentry","category-consultoria","category-contabilidade-2","category-df","category-dp","category-geral","tag-ano-novo","tag-brasilia","tag-contabilidade","tag-distrito-federal","tag-ferias","tag-nota-legal","tag-retorno","tag-trabalho"],"jetpack_publicize_connections":[],"jetpack_featured_media_url":"https:\/\/i0.wp.com\/cfcontabil.com\/cf\/wp-content\/uploads\/2016\/01\/2016-01-04-2.png?fit=1366%2C728&ssl=1","jetpack_sharing_enabled":true,"jetpack_shortlink":"https:\/\/wp.me\/p2wklX-a8","jetpack-related-posts":[{"id":578,"url":"https:\/\/cfcontabil.com\/cf\/comunicado-recesso-de-fim-de-ano-2014\/","url_meta":{"origin":628,"position":0},"title":"Comunicado: Recesso de Fim de Ano 2014","author":"Vin\u00edcius Moizinho","date":"19 de dezembro de 2014","format":"aside","excerpt":"","rel":"","context":"Em &quot;Consultoria Empresarial&quot;","block_context":{"text":"Consultoria Empresarial","link":"https:\/\/cfcontabil.com\/cf\/category\/consultoria\/"},"img":{"alt_text":"CF CONTABIL - Recesso e Ferias 2014","src":"https:\/\/i0.wp.com\/cfcontabil.com\/cf\/wp-content\/uploads\/2014\/12\/CF-CONTABIL-Recesso-e-Ferias-2014.png?resize=350%2C200","width":350,"height":200,"srcset":"https:\/\/i0.wp.com\/cfcontabil.com\/cf\/wp-content\/uploads\/2014\/12\/CF-CONTABIL-Recesso-e-Ferias-2014.png?resize=350%2C200 1x, https:\/\/i0.wp.com\/cfcontabil.com\/cf\/wp-content\/uploads\/2014\/12\/CF-CONTABIL-Recesso-e-Ferias-2014.png?resize=525%2C300 1.5x, https:\/\/i0.wp.com\/cfcontabil.com\/cf\/wp-content\/uploads\/2014\/12\/CF-CONTABIL-Recesso-e-Ferias-2014.png?resize=700%2C400 2x"},"classes":[]},{"id":590,"url":"https:\/\/cfcontabil.com\/cf\/homenagem-ao-dia-do-trabalhador\/","url_meta":{"origin":628,"position":1},"title":"Homenagem ao Dia do Trabalhador","author":"Ab\u00edlio Gon\u00e7alves","date":"30 de abril de 2015","format":"image","excerpt":"","rel":"","context":"Em &quot;Consultoria Empresarial&quot;","block_context":{"text":"Consultoria Empresarial","link":"https:\/\/cfcontabil.com\/cf\/category\/consultoria\/"},"img":{"alt_text":"","src":"https:\/\/i0.wp.com\/cfcontabil.com\/cf\/wp-content\/uploads\/2015\/04\/cropped-contabilidade-assessoria-financeira-brasilia-df2-1410x600_c-2.jpg?fit=1200%2C312&ssl=1&resize=350%2C200","width":350,"height":200,"srcset":"https:\/\/i0.wp.com\/cfcontabil.com\/cf\/wp-content\/uploads\/2015\/04\/cropped-contabilidade-assessoria-financeira-brasilia-df2-1410x600_c-2.jpg?fit=1200%2C312&ssl=1&resize=350%2C200 1x, https:\/\/i0.wp.com\/cfcontabil.com\/cf\/wp-content\/uploads\/2015\/04\/cropped-contabilidade-assessoria-financeira-brasilia-df2-1410x600_c-2.jpg?fit=1200%2C312&ssl=1&resize=525%2C300 1.5x, https:\/\/i0.wp.com\/cfcontabil.com\/cf\/wp-content\/uploads\/2015\/04\/cropped-contabilidade-assessoria-financeira-brasilia-df2-1410x600_c-2.jpg?fit=1200%2C312&ssl=1&resize=700%2C400 2x, https:\/\/i0.wp.com\/cfcontabil.com\/cf\/wp-content\/uploads\/2015\/04\/cropped-contabilidade-assessoria-financeira-brasilia-df2-1410x600_c-2.jpg?fit=1200%2C312&ssl=1&resize=1050%2C600 3x"},"classes":[]},{"id":1204,"url":"https:\/\/cfcontabil.com\/cf\/entao-e-natal-2\/","url_meta":{"origin":628,"position":2},"title":"Ent\u00e3o&#8230; \u00c9 Natal!","author":"Vin\u00edcius Moizinho","date":"10 de dezembro de 2014","format":"aside","excerpt":"","rel":"","context":"Em &quot;Consultoria Empresarial&quot;","block_context":{"text":"Consultoria Empresarial","link":"https:\/\/cfcontabil.com\/cf\/category\/consultoria\/"},"img":{"alt_text":"Boas Festas! Feliz Natal!","src":"https:\/\/i0.wp.com\/cfcontabil.com\/cf\/wp-content\/uploads\/2014\/12\/CF-CONTABIL-NATAL-2014-V.21.png?resize=350%2C200","width":350,"height":200,"srcset":"https:\/\/i0.wp.com\/cfcontabil.com\/cf\/wp-content\/uploads\/2014\/12\/CF-CONTABIL-NATAL-2014-V.21.png?resize=350%2C200 1x, https:\/\/i0.wp.com\/cfcontabil.com\/cf\/wp-content\/uploads\/2014\/12\/CF-CONTABIL-NATAL-2014-V.21.png?resize=525%2C300 1.5x, https:\/\/i0.wp.com\/cfcontabil.com\/cf\/wp-content\/uploads\/2014\/12\/CF-CONTABIL-NATAL-2014-V.21.png?resize=700%2C400 2x"},"classes":[]},{"id":1202,"url":"https:\/\/cfcontabil.com\/cf\/2013-ano-da-contabilidade-no-brasil\/","url_meta":{"origin":628,"position":3},"title":"2013: ano da Contabilidade no Brasil","author":"Vin\u00edcius Moizinho","date":"9 de janeiro de 2013","format":false,"excerpt":"\u00a0 O ano de 2013 ser\u00e1, sem d\u00favida, um dos mais importantes para a Contabilidade brasileira. Lideran\u00e7as e \u00f3rg\u00e3os ligados \u00e0 profiss\u00e3o est\u00e3o se unindo para que toda a sociedade saiba e reconhe\u00e7a o verdadeiro papel do profissional da contabilidade. \u00a0 \u00a0 \u00a0 Conhe\u00e7a, a seguir, um pouco do projeto.\u2026","rel":"","context":"Em &quot;Consultoria Empresarial&quot;","block_context":{"text":"Consultoria Empresarial","link":"https:\/\/cfcontabil.com\/cf\/category\/consultoria\/"},"img":{"alt_text":"Ano da Contabilidade no Brasil","src":"http:\/\/www.crcsc.org.br\/arquivosSGC\/BANNER_20121211103353Ano20da20Contabilidade.jpg&w=418&h=238&c=s","width":350,"height":200},"classes":[]},{"id":1203,"url":"https:\/\/cfcontabil.com\/cf\/bons-contadores-contatos-ruins\/","url_meta":{"origin":628,"position":4},"title":"Bons contadores, contatos ruins","author":"Vin\u00edcius Moizinho","date":"24 de maio de 2013","format":false,"excerpt":"Salve, salve prezados! Passado quase um m\u00eas do conturbado per\u00edodo onde pessoas f\u00edsicas correm contra o tempo para prestar contas ao n\u00e3o-t\u00e3o-querido-assim le\u00e3o de estima\u00e7\u00e3o do Fisco, volto abordando um tema interessante para reflex\u00e3o. Considere: determinados tipos de servi\u00e7o demandam certo grau de qualifica\u00e7\u00e3o para que sejam realizados. Alguns com\u2026","rel":"","context":"Em &quot;Consultoria Empresarial&quot;","block_context":{"text":"Consultoria Empresarial","link":"https:\/\/cfcontabil.com\/cf\/category\/consultoria\/"},"img":{"alt_text":"","src":"","width":0,"height":0},"classes":[]},{"id":1814,"url":"https:\/\/cfcontabil.com\/cf\/conta-azul-lanca-solucao-de-folha-de-pagamento\/","url_meta":{"origin":628,"position":5},"title":"Conta Azul lan\u00e7a solu\u00e7\u00e3o de Folha de Pagamento","author":"Ab\u00edlio Gon\u00e7alves","date":"28 de outubro de 2019","format":false,"excerpt":"Com empresas cont\u00e1beis e pequenas empresas como clientes, objetivo \u00e9 fomentar efeito plataforma no mercado B2B. A Conta Azul, fintech de gest\u00e3o B2B mais inovadora do Brasil, realizou na \u00faltima quarta-feira, 23, o lan\u00e7amento de uma solu\u00e7\u00e3o de departamento pessoal que amplia a proposta de valor da Conta Azul Mais,\u2026","rel":"","context":"Em &quot;Contabilidade em geral&quot;","block_context":{"text":"Contabilidade em geral","link":"https:\/\/cfcontabil.com\/cf\/category\/contabilidade-2\/"},"img":{"alt_text":"","src":"https:\/\/i0.wp.com\/cfcontabil.com\/cf\/wp-content\/uploads\/2019\/10\/ContaAzulCON.png?fit=764%2C401&ssl=1&resize=350%2C200","width":350,"height":200,"srcset":"https:\/\/i0.wp.com\/cfcontabil.com\/cf\/wp-content\/uploads\/2019\/10\/ContaAzulCON.png?fit=764%2C401&ssl=1&resize=350%2C200 1x, https:\/\/i0.wp.com\/cfcontabil.com\/cf\/wp-content\/uploads\/2019\/10\/ContaAzulCON.png?fit=764%2C401&ssl=1&resize=525%2C300 1.5x, https:\/\/i0.wp.com\/cfcontabil.com\/cf\/wp-content\/uploads\/2019\/10\/ContaAzulCON.png?fit=764%2C401&ssl=1&resize=700%2C400 2x"},"classes":[]}],"jetpack_likes_enabled":true,"_links":{"self":[{"href":"https:\/\/cfcontabil.com\/cf\/wp-json\/wp\/v2\/posts\/628","targetHints":{"allow":["GET"]}}],"collection":[{"href":"https:\/\/cfcontabil.com\/cf\/wp-json\/wp\/v2\/posts"}],"about":[{"href":"https:\/\/cfcontabil.com\/cf\/wp-json\/wp\/v2\/types\/post"}],"author":[{"embeddable":true,"href":"https:\/\/cfcontabil.com\/cf\/wp-json\/wp\/v2\/users\/2"}],"replies":[{"embeddable":true,"href":"https:\/\/cfcontabil.com\/cf\/wp-json\/wp\/v2\/comments?post=628"}],"version-history":[{"count":0,"href":"https:\/\/cfcontabil.com\/cf\/wp-json\/wp\/v2\/posts\/628\/revisions"}],"wp:featuredmedia":[{"embeddable":true,"href":"https:\/\/cfcontabil.com\/cf\/wp-json\/wp\/v2\/media\/629"}],"wp:attachment":[{"href":"https:\/\/cfcontabil.com\/cf\/wp-json\/wp\/v2\/media?parent=628"}],"wp:term":[{"taxonomy":"category","embeddable":true,"href":"https:\/\/cfcontabil.com\/cf\/wp-json\/wp\/v2\/categories?post=628"},{"taxonomy":"post_tag","embeddable":true,"href":"https:\/\/cfcontabil.com\/cf\/wp-json\/wp\/v2\/tags?post=628"}],"curies":[{"name":"wp","href":"https:\/\/api.w.org\/{rel}","templated":true}]}}