{"id":67,"date":"2012-07-17T18:08:26","date_gmt":"2012-07-17T21:08:26","guid":{"rendered":"http:\/\/cfcontabil.com\/cf\/?p=67"},"modified":"2012-07-17T18:08:26","modified_gmt":"2012-07-17T21:08:26","slug":"prorrogacao-basta","status":"publish","type":"post","link":"https:\/\/cfcontabil.com\/cf\/prorrogacao-basta\/","title":{"rendered":"Prorroga\u00e7\u00e3o basta?"},"content":{"rendered":"<p style=\"text-align: justify\">Boas noites, prezados!<\/p>\n<p style=\"text-align: justify\">Aqui estamos uma vez mais, agora trazendo um tema para reflex\u00e3o.<\/p>\n<p style=\"text-align: justify\">Mais cedo publicamos em\u00a0<a title=\"EFD Prorrogada\" href=\"https:\/\/www.facebook.com\/cfcontabil\/posts\/479996822013471?ref=notif&amp;notif_t=like\">nossa p\u00e1gina do Facebook<\/a>\u00a0que foi adiado\u00a0de Julho de 2012 para Janeiro de 2013 o in\u00edcio do projeto da EFD Contribui\u00e7\u00f5es para as empresas do Lucro Presumido, com a entrega da Escritura\u00e7\u00e3o Fiscal Digital apenas em Mar\u00e7o do pr\u00f3ximo ano.<\/p>\n<p style=\"text-align: justify\">Muito embora a publica\u00e7\u00e3o beneficie uma grande gama de contribuintes (e por conseguinte seus fi\u00e9is contadores), o governo federal novamente promove uma a\u00e7\u00e3o de efeito limitado.<\/p>\n<p style=\"text-align: justify\">\u00c9 assim que avalia o professor Roberto Dias Duarte, autor da s\u00e9rie de livros &#8220;Big Bang Fiscal&#8221; e um dos mais renomados especialistas no tema, que tem defendido para o cumprimento desta obriga\u00e7\u00e3o um cronograma progressivo de inclus\u00e3o em quatro anos, por faixa de faturamento.<\/p>\n<p style=\"text-align: justify\">\u201cIsso daria tempo para o amadurecimento da rela\u00e7\u00e3o contador\/empresa, com a consequente adapta\u00e7\u00e3o de ambos \u00e0 realidade digital\u201d, argumenta.<\/p>\n<p style=\"text-align: justify\">Em sua opini\u00e3o publicada hoje na <a title=\"Revista INcorporativa\" href=\"http:\/\/www.incorporativa.com.br\" target=\"_blank\" rel=\"noopener noreferrer\">revista INcorporativa<\/a>,\u00a0a Receita Federal est\u00e1 usando uma estrat\u00e9gia de implanta\u00e7\u00e3o faseada da EFD-Contribui\u00e7\u00f5es. \u201cContudo, do ponto de vista da maioria das organiza\u00e7\u00f5es cont\u00e1beis e de seus clientes do Lucro Presumido, a estrat\u00e9gia \u00e9 percebida como um verdadeiro Big Bang que vai estourar mais adiante\u201d, explica.<\/p>\n<p style=\"text-align: justify\">\u00a0Duarte relembra que em projetos de mudan\u00e7a organizacional h\u00e1 duas estrat\u00e9gias b\u00e1sicas: implanta\u00e7\u00e3o faseada, realizada em etapas; e a \u201cBig Bang\u201d, onde todas as mudan\u00e7as ocorrem em um \u00fanico momento.\u00a0&#8220;Esta segunda envolve riscos maiores e exige um planejamento minucioso e comprometimento total dos envolvidos\u201d, pondera.<\/p>\n<p style=\"text-align: justify\">\u00a0Para as autoridades tribut\u00e1rias o projeto tem implanta\u00e7\u00e3o faseada, j\u00e1 que a primeira etapa, ocorrida em Mar\u00e7o de 2012, envolveu as empresas de Lucro Real. \u201cMas neste segundo instante, a maioria das 70 mil organiza\u00e7\u00f5es cont\u00e1beis ser\u00e1 obrigada a mudar (de uma s\u00f3 vez) processos, sistemas e, sobretudo, o relacionamento com seus 1,5 milh\u00e3o de clientes, o que claramente caracteriza um projeto \u201cBig Bang\u201d, conclui o professor.<\/p>\n<p style=\"text-align: justify\">Faz sentido. H\u00e1 de se considerar que a grande maioria das empresas cont\u00e1beis cujo publico alvo s\u00e3o empresas de menor porte optantes pelo regime Lucro Presumido ainda n\u00e3o est\u00e1 preparada para lidar com mais este sistema de informa\u00e7\u00f5es complexas.<\/p>\n<p style=\"text-align: justify\">Prorrogar basta?<\/p>\n<p style=\"text-align: justify\"><a href=\"https:\/\/www.facebook.com\/cfcontabil\/posts\/479996822013471?ref=notif&amp;notif_t=like\"><img data-recalc-dims=\"1\" fetchpriority=\"high\" decoding=\"async\" class=\"aligncenter\" src=\"https:\/\/i0.wp.com\/www.rhedesistemas.com.br\/site\/media\/k2\/items\/cache\/85b62d4a27ea43297eb1ab349b6e06c6_XL.jpg?resize=900%2C873\" alt=\"\" width=\"900\" height=\"873\" \/><\/a><\/p>\n","protected":false},"excerpt":{"rendered":"<p>Boas noites, prezados! Aqui estamos uma vez mais, agora trazendo um tema para reflex\u00e3o. Mais cedo publicamos em\u00a0nossa p\u00e1gina do Facebook\u00a0que foi adiado\u00a0de Julho de 2012 para Janeiro de 2013 o in\u00edcio do projeto da EFD Contribui\u00e7\u00f5es para as empresas do Lucro Presumido, com a entrega da Escritura\u00e7\u00e3o Fiscal Digital apenas em Mar\u00e7o do pr\u00f3ximo [&hellip;]<\/p>\n","protected":false},"author":2,"featured_media":0,"comment_status":"open","ping_status":"open","sticky":false,"template":"","format":"standard","meta":{"jetpack_post_was_ever_published":false,"_jetpack_newsletter_access":"","_jetpack_dont_email_post_to_subs":false,"_jetpack_newsletter_tier_id":0,"_jetpack_memberships_contains_paywalled_content":false,"_jetpack_memberships_contains_paid_content":false,"footnotes":"","jetpack_publicize_message":"","jetpack_publicize_feature_enabled":true,"jetpack_social_post_already_shared":false,"jetpack_social_options":{"image_generator_settings":{"template":"highway","default_image_id":0,"font":"","enabled":false},"version":2}},"categories":[22],"tags":[21,33,34,35,36,37],"class_list":["post-67","post","type-post","status-publish","format-standard","hentry","category-geral","tag-contabilidade","tag-contribuicoes","tag-efd","tag-fisco","tag-receita-federal","tag-sped"],"jetpack_publicize_connections":[],"jetpack_featured_media_url":"","jetpack_sharing_enabled":true,"jetpack_shortlink":"https:\/\/wp.me\/p2wklX-15","jetpack-related-posts":[{"id":1072,"url":"https:\/\/cfcontabil.com\/cf\/receita-federal-estabelece-a-obrigatoriedade-a-escrituracao-digital-de-retencoes-e-outras-informacoes-fiscais-efd-reinf\/","url_meta":{"origin":67,"position":0},"title":"Receita Federal estabelece a obrigatoriedade \u00e0 Escritura\u00e7\u00e3o Digital de Reten\u00e7\u00f5es e Outras Informa\u00e7\u00f5es Fiscais (EFD-Reinf)","author":"Ab\u00edlio Gon\u00e7alves","date":"17 de mar\u00e7o de 2017","format":false,"excerpt":"EFD-Reinf tem informa\u00e7\u00f5es prestadas na Dirf e na GFIP. Foi publicada hoje no Di\u00e1rio Ofical da Uni\u00e3o a IN RFB n\u00b0 1701 que estabelece a obrigatoriedade \u00e0 Escritura\u00e7\u00e3o Digital de Reten\u00e7\u00f5es e Outras Informa\u00e7\u00f5es Fiscais (EFD-Reinf). Com a institui\u00e7\u00e3o da EFD-Reinf, cuja obriga\u00e7\u00e3o de entrega dever\u00e1 ser cumprida a partir\u2026","rel":"","context":"Em &quot;Departamento Fiscal&quot;","block_context":{"text":"Departamento Fiscal","link":"https:\/\/cfcontabil.com\/cf\/category\/df\/"},"img":{"alt_text":"","src":"https:\/\/i0.wp.com\/cfcontabil.com\/cf\/wp-content\/uploads\/2017\/02\/receita-federal-1-1.png?fit=702%2C325&ssl=1&resize=350%2C200","width":350,"height":200,"srcset":"https:\/\/i0.wp.com\/cfcontabil.com\/cf\/wp-content\/uploads\/2017\/02\/receita-federal-1-1.png?fit=702%2C325&ssl=1&resize=350%2C200 1x, https:\/\/i0.wp.com\/cfcontabil.com\/cf\/wp-content\/uploads\/2017\/02\/receita-federal-1-1.png?fit=702%2C325&ssl=1&resize=525%2C300 1.5x, https:\/\/i0.wp.com\/cfcontabil.com\/cf\/wp-content\/uploads\/2017\/02\/receita-federal-1-1.png?fit=702%2C325&ssl=1&resize=700%2C400 2x"},"classes":[]},{"id":1414,"url":"https:\/\/cfcontabil.com\/cf\/portal-web-da-efd-reinf\/","url_meta":{"origin":67,"position":1},"title":"Portal Web da EFD-REINF","author":"Ab\u00edlio Gon\u00e7alves","date":"30 de outubro de 2018","format":false,"excerpt":"Com a disponibiliza\u00e7\u00e3o de Portal Web para a EFD-REINF, ser\u00e1 necess\u00e1rio efetivar o novo perfil \"EFD-REINF-Geral\" para acesso por procura\u00e7\u00e3o. O Portal Web da EFD-REINF entra em produ\u00e7\u00e3o a partir do dia 29\/10\/2018 e estar\u00e1 dispon\u00edvel no Centro Virtual de Atendimento da Receita Federal do Brasil - e-CAC, no link:\u00a0https:\/\/cav.receita.fazenda.gov.br\/autenticacao\/login\/index\u2026","rel":"","context":"Em &quot;Departamento Fiscal&quot;","block_context":{"text":"Departamento Fiscal","link":"https:\/\/cfcontabil.com\/cf\/category\/df\/"},"img":{"alt_text":"","src":"https:\/\/i0.wp.com\/cfcontabil.com\/cf\/wp-content\/uploads\/2018\/10\/sped-1.png?fit=557%2C268&ssl=1&resize=350%2C200","width":350,"height":200,"srcset":"https:\/\/i0.wp.com\/cfcontabil.com\/cf\/wp-content\/uploads\/2018\/10\/sped-1.png?fit=557%2C268&ssl=1&resize=350%2C200 1x, https:\/\/i0.wp.com\/cfcontabil.com\/cf\/wp-content\/uploads\/2018\/10\/sped-1.png?fit=557%2C268&ssl=1&resize=525%2C300 1.5x"},"classes":[]},{"id":1380,"url":"https:\/\/cfcontabil.com\/cf\/dctfweb-entra-em-producao-e-substituira-a-gfip\/","url_meta":{"origin":67,"position":2},"title":"DCTFWeb entra em produ\u00e7\u00e3o e substituir\u00e1 a GFIP","author":"Ab\u00edlio Gon\u00e7alves","date":"31 de agosto de 2018","format":false,"excerpt":"A exig\u00eancia da declara\u00e7\u00e3o se dar\u00e1 de forma gradual Est\u00e1 dispon\u00edvel, no s\u00edtio da Receita Federal na internet, a Declara\u00e7\u00e3o de D\u00e9bitos e Cr\u00e9ditos Tribut\u00e1rios Federais Previdenci\u00e1rios e de Outras Entidades e Fundos (DCTFWeb). A DCTFWeb \u00e9 a declara\u00e7\u00e3o que substituir\u00e1 a Guia de Recolhimento do FGTS e Informa\u00e7\u00f5es \u00e0\u2026","rel":"","context":"Em &quot;Departamento Pessoal&quot;","block_context":{"text":"Departamento Pessoal","link":"https:\/\/cfcontabil.com\/cf\/category\/dp\/"},"img":{"alt_text":"","src":"","width":0,"height":0},"classes":[]},{"id":1399,"url":"https:\/\/cfcontabil.com\/cf\/receita-esclarece-instrucoes-para-emissao-de-darf-avulso\/","url_meta":{"origin":67,"position":3},"title":"Receita esclarece instru\u00e7\u00f5es para emiss\u00e3o de Darf Avulso","author":"Ab\u00edlio Gon\u00e7alves","date":"17 de outubro de 2018","format":false,"excerpt":"Caso de n\u00e3o fechamento completo da folha no eSocial ou dificuldades no Reinf Instru\u00e7\u00f5es para emiss\u00e3o de DARF Avulso no caso de n\u00e3o fechamento completo da folha no e-Social ou de dificuldades com o fechamento do Reinf A Receita Federal informa que, no per\u00edodo de apura\u00e7\u00e3o de setembro de 2018,\u2026","rel":"","context":"Em &quot;Departamento Pessoal&quot;","block_context":{"text":"Departamento Pessoal","link":"https:\/\/cfcontabil.com\/cf\/category\/dp\/"},"img":{"alt_text":"","src":"https:\/\/i0.wp.com\/cfcontabil.com\/cf\/wp-content\/uploads\/2018\/10\/de-darf-avulso-1.png.600x335_q85_box-60915506_crop_detail-1.png?fit=600%2C335&ssl=1&resize=350%2C200","width":350,"height":200,"srcset":"https:\/\/i0.wp.com\/cfcontabil.com\/cf\/wp-content\/uploads\/2018\/10\/de-darf-avulso-1.png.600x335_q85_box-60915506_crop_detail-1.png?fit=600%2C335&ssl=1&resize=350%2C200 1x, https:\/\/i0.wp.com\/cfcontabil.com\/cf\/wp-content\/uploads\/2018\/10\/de-darf-avulso-1.png.600x335_q85_box-60915506_crop_detail-1.png?fit=600%2C335&ssl=1&resize=525%2C300 1.5x"},"classes":[]},{"id":1094,"url":"https:\/\/cfcontabil.com\/cf\/grupo-finaliza-minuta-de-cinco-novas-normas-de-contabilidade-da-area-publica\/","url_meta":{"origin":67,"position":4},"title":"Grupo finaliza minuta de cinco novas normas de contabilidade da \u00e1rea p\u00fablica","author":"Ab\u00edlio Gon\u00e7alves","date":"29 de mar\u00e7o de 2017","format":false,"excerpt":"Normas relativas ao patrim\u00f4nio devem entrar em audi\u00eancia p\u00fablica ainda este semestre O Grupo Assessor de Normas Brasileiras de Contabilidade Aplicadas ao Setor P\u00fablico (GA NBCASP), do Conselho Federal de Contabilidade (CFC), se reuniu nos dias 21 e 22 de mar\u00e7o, para dar continuidade ao processo de converg\u00eancia \u00e0s normas\u2026","rel":"","context":"Em &quot;Geral&quot;","block_context":{"text":"Geral","link":"https:\/\/cfcontabil.com\/cf\/category\/geral\/"},"img":{"alt_text":"","src":"https:\/\/i0.wp.com\/cfcontabil.com\/cf\/wp-content\/uploads\/2017\/03\/ci%C3%AAncias-cont%C3%A1beis-1.jpg?fit=856%2C415&ssl=1&resize=350%2C200","width":350,"height":200,"srcset":"https:\/\/i0.wp.com\/cfcontabil.com\/cf\/wp-content\/uploads\/2017\/03\/ci%C3%AAncias-cont%C3%A1beis-1.jpg?fit=856%2C415&ssl=1&resize=350%2C200 1x, https:\/\/i0.wp.com\/cfcontabil.com\/cf\/wp-content\/uploads\/2017\/03\/ci%C3%AAncias-cont%C3%A1beis-1.jpg?fit=856%2C415&ssl=1&resize=525%2C300 1.5x, https:\/\/i0.wp.com\/cfcontabil.com\/cf\/wp-content\/uploads\/2017\/03\/ci%C3%AAncias-cont%C3%A1beis-1.jpg?fit=856%2C415&ssl=1&resize=700%2C400 2x"},"classes":[]},{"id":1216,"url":"https:\/\/cfcontabil.com\/cf\/entenda-como-aderir-ao-programa-de-regularizacao-tributaria\/","url_meta":{"origin":67,"position":5},"title":"Entenda como aderir ao Programa de Regulariza\u00e7\u00e3o Tribut\u00e1ria","author":"Ab\u00edlio Gon\u00e7alves","date":"21 de fevereiro de 2017","format":false,"excerpt":"A op\u00e7\u00e3o pelo Programa \u00e9 feita no site da Receita Federal Com o intuito de facilitar a compreens\u00e3o das regras do Programa, foi publicado no s\u00edtio da Receita Federal, na Internet, documento contendo informa\u00e7\u00f5es b\u00e1sicas ao contribuinte, bem como um passo a passo com o roteiro para a ades\u00e3o. A\u2026","rel":"","context":"Em &quot;Departamento Fiscal&quot;","block_context":{"text":"Departamento Fiscal","link":"https:\/\/cfcontabil.com\/cf\/category\/df\/"},"img":{"alt_text":"","src":"https:\/\/i0.wp.com\/cfcontabil.com\/cf\/wp-content\/uploads\/2017\/02\/receita-federal-1-1.png?fit=702%2C325&ssl=1&resize=350%2C200","width":350,"height":200,"srcset":"https:\/\/i0.wp.com\/cfcontabil.com\/cf\/wp-content\/uploads\/2017\/02\/receita-federal-1-1.png?fit=702%2C325&ssl=1&resize=350%2C200 1x, https:\/\/i0.wp.com\/cfcontabil.com\/cf\/wp-content\/uploads\/2017\/02\/receita-federal-1-1.png?fit=702%2C325&ssl=1&resize=525%2C300 1.5x, https:\/\/i0.wp.com\/cfcontabil.com\/cf\/wp-content\/uploads\/2017\/02\/receita-federal-1-1.png?fit=702%2C325&ssl=1&resize=700%2C400 2x"},"classes":[]}],"jetpack_likes_enabled":true,"_links":{"self":[{"href":"https:\/\/cfcontabil.com\/cf\/wp-json\/wp\/v2\/posts\/67","targetHints":{"allow":["GET"]}}],"collection":[{"href":"https:\/\/cfcontabil.com\/cf\/wp-json\/wp\/v2\/posts"}],"about":[{"href":"https:\/\/cfcontabil.com\/cf\/wp-json\/wp\/v2\/types\/post"}],"author":[{"embeddable":true,"href":"https:\/\/cfcontabil.com\/cf\/wp-json\/wp\/v2\/users\/2"}],"replies":[{"embeddable":true,"href":"https:\/\/cfcontabil.com\/cf\/wp-json\/wp\/v2\/comments?post=67"}],"version-history":[{"count":0,"href":"https:\/\/cfcontabil.com\/cf\/wp-json\/wp\/v2\/posts\/67\/revisions"}],"wp:attachment":[{"href":"https:\/\/cfcontabil.com\/cf\/wp-json\/wp\/v2\/media?parent=67"}],"wp:term":[{"taxonomy":"category","embeddable":true,"href":"https:\/\/cfcontabil.com\/cf\/wp-json\/wp\/v2\/categories?post=67"},{"taxonomy":"post_tag","embeddable":true,"href":"https:\/\/cfcontabil.com\/cf\/wp-json\/wp\/v2\/tags?post=67"}],"curies":[{"name":"wp","href":"https:\/\/api.w.org\/{rel}","templated":true}]}}