{"id":726,"date":"2016-04-03T15:00:10","date_gmt":"2016-04-03T18:00:10","guid":{"rendered":"http:\/\/cfcontabil.com\/cf\/?p=726"},"modified":"2016-04-03T15:00:10","modified_gmt":"2016-04-03T18:00:10","slug":"a-responsabilidade-criminal-do-contador-no-crime-de-sonegacao-fiscal","status":"publish","type":"post","link":"https:\/\/cfcontabil.com\/cf\/a-responsabilidade-criminal-do-contador-no-crime-de-sonegacao-fiscal\/","title":{"rendered":"A Responsabilidade Criminal do Contador no crime de Sonega\u00e7\u00e3o Fiscal"},"content":{"rendered":"<h5 class=\"subtitulo\" style=\"text-align: center;\">O delito \u00e9 apenado com multa e reclus\u00e3o, de 2 (dois) a 5 (cinco) anos.<\/h5>\n<p><a href=\"https:\/\/i0.wp.com\/cfcontabil.com\/cf\/wp-content\/uploads\/2016\/04\/criminal.jpg\" rel=\"attachment wp-att-727\"><img data-recalc-dims=\"1\" fetchpriority=\"high\" decoding=\"async\" data-attachment-id=\"727\" data-permalink=\"https:\/\/cfcontabil.com\/cf\/criminal\/\" data-orig-file=\"https:\/\/i0.wp.com\/cfcontabil.com\/cf\/wp-content\/uploads\/2016\/04\/criminal-1.jpg?fit=1061%2C708&amp;ssl=1\" data-orig-size=\"1061,708\" data-comments-opened=\"1\" data-image-meta=\"{&quot;aperture&quot;:&quot;0&quot;,&quot;credit&quot;:&quot;&quot;,&quot;camera&quot;:&quot;&quot;,&quot;caption&quot;:&quot;&quot;,&quot;created_timestamp&quot;:&quot;0&quot;,&quot;copyright&quot;:&quot;&quot;,&quot;focal_length&quot;:&quot;0&quot;,&quot;iso&quot;:&quot;0&quot;,&quot;shutter_speed&quot;:&quot;0&quot;,&quot;title&quot;:&quot;&quot;,&quot;orientation&quot;:&quot;1&quot;}\" data-image-title=\"criminal\" data-image-description=\"\" data-image-caption=\"\" data-large-file=\"https:\/\/i0.wp.com\/cfcontabil.com\/cf\/wp-content\/uploads\/2016\/04\/criminal-1.jpg?fit=1024%2C683&amp;ssl=1\" class=\"size-full wp-image-727 aligncenter\" src=\"https:\/\/i0.wp.com\/cfcontabil.com\/cf\/wp-content\/uploads\/2016\/04\/criminal.jpg?resize=1061%2C708\" alt=\"criminal\" width=\"1061\" height=\"708\" \/><\/a><\/p>\n<p style=\"text-align: justify;\">\u00c9 importante tanto o empres\u00e1rio ou o pr\u00f3prio Contador conhecer seus limites e responsabilidades. Veja neste artigo<\/p>\n<p><!--more--><\/p>\n<p style=\"text-align: justify;\">O ordenamento jur\u00eddico prev\u00ea diversos crimes tribut\u00e1rios e, dentre eles, o delito de sonega\u00e7\u00e3o fiscal, consoante o art. 1\u00ba, da Lei 8.137\/90, <em>verbis<\/em>:<\/p>\n<blockquote><p><strong>Art. 1\u00b0<\/strong> Constitui crime contra a ordem tribut\u00e1ria suprimir ou reduzir tributo, ou contribui\u00e7\u00e3o social e qualquer acess\u00f3rio, mediante as seguintes condutas:<\/p>\n<p><strong>I<\/strong> \u2013 omitir informa\u00e7\u00e3o, ou prestar declara\u00e7\u00e3o falsa \u00e0s autoridades fazend\u00e1rias;<\/p>\n<p><strong>II<\/strong> \u2013 fraudar a fiscaliza\u00e7\u00e3o tribut\u00e1ria, inserindo elementos inexatos, ou omitindo opera\u00e7\u00e3o de qualquer natureza, em documento ou livro exigido pela lei fiscal;<\/p>\n<p><strong>III<\/strong> \u2013 falsificar ou alterar nota fiscal, fatura, duplicata, nota de venda, ou qualquer outro documento relativo \u00e0 opera\u00e7\u00e3o tribut\u00e1vel;<\/p>\n<p><strong>IV<\/strong> \u2013 elaborar, distribuir, fornecer, emitir ou utilizar documento que saiba ou deva saber falso ou inexato;<\/p>\n<p><strong>V<\/strong> \u2013 negar ou deixar de fornecer, quando obrigat\u00f3rio, nota fiscal ou documento equivalente, relativa a venda de mercadoria ou presta\u00e7\u00e3o de servi\u00e7o, efetivamente realizada, ou fornec\u00ea-la em desacordo com a legisla\u00e7\u00e3o.<\/p><\/blockquote>\n<p style=\"text-align: justify;\">O delito \u00e9 apenado com multa e reclus\u00e3o, de 2 (dois) a 5 (cinco) anos.<\/p>\n<p style=\"text-align: justify;\">A regra supracitada \u00e9 complementada pelo art. 11, da mesma Lei, o qual disp\u00f5e que \u201c<em>quem, de qualquer modo, concorre para os crimes definidos nessa lei, incide nas penas a este cominadas, na medida de sua culpabilidade<\/em>.\u201d<\/p>\n<p style=\"text-align: justify;\">An\u00e1lise conjugada destes dois dispositivos legais permite concluir que, na atual conjuntura, admite-se a responsabiliza\u00e7\u00e3o criminal do contador que, no exerc\u00edcio de seu mister, desenvolva t\u00e9cnicas de elis\u00e3o fiscal praticadas atrav\u00e9s de condutas que ludibriem ou induzam o fisco em erro.<\/p>\n<p style=\"text-align: justify;\">Evidentemente, essa responsabilidade criminal \u00e9 subjetiva, o que significa dizer que \u201c<em>depende sempre da efetiva participa\u00e7\u00e3o do acusado no cometimento do il\u00edcito<\/em>\u201d (MACHADO, 2002, p. 81). Em outras palavras, o ordenamento jur\u00eddico n\u00e3o admite a responsabiliza\u00e7\u00e3o penal objetiva. Assim, <strong>nem sempre a atua\u00e7\u00e3o profissional do contador que culmina com les\u00e3o ao fisco acarreta, necessariamente, na exist\u00eancia de crime tribut\u00e1rio<\/strong>.<\/p>\n<p style=\"text-align: justify;\">Em sede jurisprudencial, \u00e9 poss\u00edvel identificar algumas situa\u00e7\u00f5es distintas a evidenciar o limite da responsabiliza\u00e7\u00e3o criminal na atua\u00e7\u00e3o do contador. Uma delas diz respeito ao contador que, trabalhando para uma empresa, presta informa\u00e7\u00f5es err\u00f4neas ao fisco \u2013 sem o conhecimento e consentimento dos s\u00f3cios da empresa -, que acarretam na obten\u00e7\u00e3o de vantagem fiscal indevida para a pessoa jur\u00eddica. Nesta hip\u00f3tese, pode-se reconhecer como penalmente relevante sua conduta, se praticada de forma deliberada, livre e consciente (na modalidade <em>dolosa<\/em>):<\/p>\n<blockquote><p><em>\u201cLei n\u00ba 8.137\/90 \u2013 Sonega\u00e7\u00e3o de tributo estadual \u2013 <strong>Simples condi\u00e7\u00e3o de propriet\u00e1rio da empresa que seria beneficiada com a sonega\u00e7\u00e3o \u00e9 insuficiente para o reconhecimento da responsabilidade penal se o pr\u00f3prio contador da empresa assume ser o respons\u00e1vel pela transmiss\u00e3o de informa\u00e7\u00f5es para autoridades fazend\u00e1rias<\/strong> \u2013 Aus\u00eancia de prova de que o r\u00e9u tivesse agido com inten\u00e7\u00e3o de lesar o fisco \u2013 Absolvi\u00e7\u00e3o bem decretada \u2013 Senten\u00e7a mantida \u2013 Recurso improvido.\u201d (TJ\/SP \u2013 ApCrim 16.388-86.2004.8.26.0050) \u2013 g.n. \u2013<\/em><\/p><\/blockquote>\n<p style=\"text-align: justify;\">A jurisprud\u00eancia n\u00e3o admite, por outro lado, a responsabilidade penal culposa (neste sentido, cf.: <strong>TJ\/DF \u2013 ApCrim 234080220108070001, <\/strong>Rel. Des. Jo\u00e3o Batista Teixeira, DJe 13.3.2012), sendo ainda poss\u00edvel cogitar, em decorr\u00eancia de diversas regras administrativas que envolvem o direito tribut\u00e1rio, da exist\u00eancia de erro inevit\u00e1vel na atua\u00e7\u00e3o do contador, pass\u00edvel de exclus\u00e3o da conduta delituosa:<\/p>\n<blockquote><p><em>\u201cDiante do emaranhado legislativo tribut\u00e1rio, n\u00e3o seria dif\u00edcil ao agente, de boa-f\u00e9 e de forma escus\u00e1vel, errar quanto \u00e0 circunst\u00e2ncia f\u00e1tica do delito, por exemplo, acreditando que a emiss\u00e3o de determinado documento deva ser feita da forma \u2018x\u2019 e n\u00e3o \u2018y&#8217;; ou que determinada opera\u00e7\u00e3o deva ou n\u00e3o ser escriturada, caracterizando o erro de tipo. Tamb\u00e9m \u00e9 poss\u00edvel se observar erro de proibi\u00e7\u00e3o, quando o agente, por erro na an\u00e1lise da legisla\u00e7\u00e3o tribut\u00e1ria, acredita estar amparado por circunst\u00e2ncia caracterizadora de isen\u00e7\u00e3o fiscal, imunidade tribut\u00e1ria ou outro privil\u00e9gio fiscal, como, por exemplo, quando deixa de lan\u00e7ar tributo sobre determinada opera\u00e7\u00e3o acreditando se tratar de opera\u00e7\u00e3o isenta. (SILVA; BONINI; LAVORENTI, 2010, p. 240)\u201d.<\/em><\/p><\/blockquote>\n<p style=\"text-align: justify;\">Outra situa\u00e7\u00e3o \u00e9 pass\u00edvel de ser representada pela conduta do contador que, ao receber informa\u00e7\u00f5es prestadas pelo seu cliente e <strong>aparentemente<\/strong> fidedignas, repassa-as ao fisco, causando preju\u00edzos fiscais ao Estado (<em>e consequente proveito econ\u00f4mico \u00e0 empresa<\/em>). Se o contador n\u00e3o possui absolutamente nenhum meio de identificar a fraude praticada pelo seu cliente e, igualmente, n\u00e3o se locupletou financeiramente desta fraude ao fisco, conclui-se pela aus\u00eancia de responsabilidade criminal do contador:<\/p>\n<blockquote><p><em>\u201c(\u2026) Inadmiss\u00edvel a responsabiliza\u00e7\u00e3o do contador da empresa, pois somente o apelante, sendo s\u00f3cio-propriet\u00e1rio, obteve proveito econ\u00f4mico com a sonega\u00e7\u00e3o fiscal \u2013 Eventual infra\u00e7\u00e3o \u00e9tica por parte do contador, que n\u00e3o isenta o apelante da responsabilidade penal, por ser o \u00fanico benefici\u00e1rio das fraudes. (\u2026).\u201d (<strong>TJ\/SP \u2013 ApCrim 990.08.017399-5<\/strong>, Rel. Des. Djalma Rubens Lofrano Filho, julg. 25.8.2008).<\/em><\/p><\/blockquote>\n<p style=\"text-align: justify;\">O quadro abaixo elucida as situa\u00e7\u00f5es acima referidas:<\/p>\n<blockquote><p><img data-recalc-dims=\"1\" decoding=\"async\" src=\"https:\/\/i0.wp.com\/canalcienciascriminais.com.br\/site\/wp-content\/uploads\/2016\/01\/Sem-t%C3%ADtulo.png?w=1170\" alt=\"Sem t\u00edtulo\" \/><\/p><\/blockquote>\n<p style=\"text-align: justify;\">N\u00e3o se deve descurar, por fim, que os Tribunais somente reconhecem o crime tribut\u00e1rio praticado pelo contador em hip\u00f3teses nas quais o <em>dolo<\/em> (vontade livre e consciente) \u00e9 comprovado. Havendo d\u00favida, a absolvi\u00e7\u00e3o \u00e9 medida de rigor:<\/p>\n<blockquote>\n<p style=\"text-align: justify;\"><em>\u201cPENAL. APELA\u00c7\u00c3O CRIMINAL. SONEGA\u00c7\u00c3O FISCAL. DOLO N\u00c3O COMPROVADO. ABSOLVI\u00c7\u00c3O MANTIDA. 1. N\u00e3o obstante a materialidade delitiva encontrar-se sobejamente comprovada, n\u00e3o restou demonstrado que os apelados tenham agido com o dolo de lesar o fisco federal. 2. Todas as declara\u00e7\u00f5es colhidas apontam no sentido de que o acusado (\u2026), encarregava-se t\u00e3o-somente da contabilidade visando a tributa\u00e7\u00e3o estadual de ICMS, deixando para o propriet\u00e1rio os assuntos relativos aos tributos federais. (\u2026)3. O fato do nome do apelado (\u2026) constar das declara\u00e7\u00f5es apresentadas \u00e0 Receita Federal, ao lado do nome do respons\u00e1vel perante a SRF (\u2026), n\u00e3o tem o cond\u00e3o de, por si s\u00f3, sustentar a emiss\u00e3o de um decreto condenat\u00f3rio contra ele, porquanto n\u00e3o se desincumbiu a acusa\u00e7\u00e3o de comprovar que o mesmo tenha concorrido efetivamente para a supress\u00e3o dos tributos. (\u2026) 6. <strong>N\u00e3o comprovado o dolo em fraudar o fisco por parte dos acusados, n\u00e3o merece reforma a r. senten\u00e7a a quo, que os absolveu da pr\u00e1tica do crime capitulado no art.1\u00ba, inciso I, da Lei n. 8.137\/90.<\/strong>\u201d (<strong>TRF-1 \u2013 ApCrim 2005.35.00.013296-3<\/strong>, Rel. Des. M\u00e1rio C\u00e9sar Ribeiro, DJ 30.4.2009) \u2013 g.n. \u2013<\/em><\/p>\n<\/blockquote>\n<p><strong class=\"autores\">Autor: Bruno Milanez<\/strong><\/p>\n<p><span class=\"fontes\">Fonte: <\/span><em class=\"link\"><a href=\"http:\/\/canalcienciascriminais.com.br\/artigo\/a-responsabilidade-criminal-do-contador-no-crime-de-sonegacao-fiscal\/\" target=\"_blank\" rel=\"nofollow noopener noreferrer\">http:\/\/canalcienciascriminais.com.br\/artigo\/a-responsabilidade-criminal-do-contador-no-crime-de-sonegacao-fiscal\/<\/a><\/em><\/p>\n","protected":false},"excerpt":{"rendered":"<p>O delito \u00e9 apenado com multa e reclus\u00e3o, de 2 (dois) a 5 (cinco) anos. \u00c9 importante tanto o empres\u00e1rio ou o pr\u00f3prio Contador conhecer seus limites e responsabilidades. Veja neste artigo<\/p>\n","protected":false},"author":3,"featured_media":728,"comment_status":"open","ping_status":"open","sticky":false,"template":"","format":"standard","meta":{"jetpack_post_was_ever_published":false,"_jetpack_newsletter_access":"","_jetpack_dont_email_post_to_subs":false,"_jetpack_newsletter_tier_id":0,"_jetpack_memberships_contains_paywalled_content":false,"_jetpack_memberships_contains_paid_content":false,"footnotes":"","jetpack_publicize_message":"","jetpack_publicize_feature_enabled":true,"jetpack_social_post_already_shared":true,"jetpack_social_options":{"image_generator_settings":{"template":"highway","default_image_id":0,"font":"","enabled":false},"version":2}},"categories":[69],"tags":[21,134,242,243,199,244,245],"class_list":["post-726","post","type-post","status-publish","format-standard","has-post-thumbnail","hentry","category-contabilidade-2","tag-contabilidade","tag-contador","tag-crime","tag-criminal","tag-fiscal","tag-responsabilidade","tag-sonegacao"],"jetpack_publicize_connections":[],"jetpack_featured_media_url":"https:\/\/i0.wp.com\/cfcontabil.com\/cf\/wp-content\/uploads\/2016\/04\/criminal2-1.jpg?fit=880%2C380&ssl=1","jetpack_sharing_enabled":true,"jetpack_shortlink":"https:\/\/wp.me\/p2wklX-bI","jetpack-related-posts":[{"id":1878,"url":"https:\/\/cfcontabil.com\/cf\/empresario-vitima-do-fisco\/","url_meta":{"origin":726,"position":0},"title":"Empres\u00e1rio vitima do fisco","author":"Ab\u00edlio Gon\u00e7alves","date":"13 de novembro de 2019","format":false,"excerpt":"As leis aplicadas no resultado de uma fiscaliza\u00e7\u00e3o pelo fisco penaliza o empres\u00e1rio As leis aplicadas no resultado de uma fiscaliza\u00e7\u00e3o pelo fisco penaliza o empres\u00e1rio pelo crime contra a ordem tribut\u00e1ria, n\u00e3o est\u00e3o vinculadas as normas que disciplinam a escritura\u00e7\u00e3o fiscal e cont\u00e1bil. As autoridades envolvidas n\u00e3o podem aceitar\u2026","rel":"","context":"Em &quot;Consultoria Empresarial&quot;","block_context":{"text":"Consultoria Empresarial","link":"https:\/\/cfcontabil.com\/cf\/category\/consultoria\/"},"img":{"alt_text":"","src":"https:\/\/i0.wp.com\/cfcontabil.com\/cf\/wp-content\/uploads\/2019\/11\/dinheiro-nota-real.jpg?fit=678%2C452&ssl=1&resize=350%2C200","width":350,"height":200,"srcset":"https:\/\/i0.wp.com\/cfcontabil.com\/cf\/wp-content\/uploads\/2019\/11\/dinheiro-nota-real.jpg?fit=678%2C452&ssl=1&resize=350%2C200 1x, https:\/\/i0.wp.com\/cfcontabil.com\/cf\/wp-content\/uploads\/2019\/11\/dinheiro-nota-real.jpg?fit=678%2C452&ssl=1&resize=525%2C300 1.5x"},"classes":[]},{"id":100,"url":"https:\/\/cfcontabil.com\/cf\/de-quem-e-a-obrigacao-de-gerar-o-sped-fiscal\/","url_meta":{"origin":726,"position":1},"title":"De quem \u00e9 a obriga\u00e7\u00e3o de gerar o SPED Fiscal?","author":"Vin\u00edcius Moizinho","date":"1 de agosto de 2012","format":false,"excerpt":"Bom dia! Hoje disponibilizo para voc\u00eas um excelente texto produzido pelo colega\u00a0Leandro Felizali, diretor da Vinco\u00a0(empresa brasileira especializada na integra\u00e7\u00e3o de sistemas e na migra\u00e7\u00e3o de dados). Afinal, de quem \u00e9 a obriga\u00e7\u00e3o de gerar o SPED Fiscal? Leandro tem a resposta. Confira logo a seguir. Boa leitura! As exig\u00eancias\u2026","rel":"","context":"Em &quot;Departamento Fiscal&quot;","block_context":{"text":"Departamento Fiscal","link":"https:\/\/cfcontabil.com\/cf\/category\/df\/"},"img":{"alt_text":"","src":"https:\/\/i0.wp.com\/www.gdcorp.com.br\/neoadmin\/imglib\/fnl\/61.jpg?resize=350%2C200","width":350,"height":200},"classes":[]},{"id":367,"url":"https:\/\/cfcontabil.com\/cf\/o-contador-na-era-tecnologica\/","url_meta":{"origin":726,"position":2},"title":"O Contador na Era Tecnol\u00f3gica","author":"Vin\u00edcius Moizinho","date":"18 de setembro de 2013","format":false,"excerpt":"Bom dia, prezados! \u00c9 fato que a internacionaliza\u00e7\u00e3o das normas cont\u00e1beis deu ao contador outro perfil. A ultrapassada imagem que vinculada ao contador brasileiro, como sendo o guarda-livros de caneta atr\u00e1s da orelha, n\u00e3o passa hoje de folclore e caricatura. A abertura dos mercados globais tornou a Contabilidade a quarta\u2026","rel":"","context":"Em &quot;Consultoria Empresarial&quot;","block_context":{"text":"Consultoria Empresarial","link":"https:\/\/cfcontabil.com\/cf\/category\/consultoria\/"},"img":{"alt_text":"","src":"https:\/\/i0.wp.com\/www.serkat.com.br\/img\/topo\/servicos.jpg?resize=350%2C200","width":350,"height":200},"classes":[]},{"id":2079,"url":"https:\/\/cfcontabil.com\/cf\/conheca-nossa-solucao-digital-para-gestao-de-empresas\/","url_meta":{"origin":726,"position":3},"title":"Conhe\u00e7a nossa solu\u00e7\u00e3o digital para gest\u00e3o de empresas!","author":"Ab\u00edlio Gon\u00e7alves","date":"16 de janeiro de 2020","format":false,"excerpt":"Queremos que seu neg\u00f3cio permane\u00e7a no AZUL neste novo ano! Semana passada apresentamos ao vivo no Instagram @cfcontabil uma plataforma completa para gest\u00e3o financeira e cont\u00e1bil para pequenas e m\u00e9dias empresas que desejam organiza\u00e7\u00e3o, agilidade e crescimento em 2020. Assista um pouco do que conversamos: https:\/\/www.youtube.com\/watch?v=zsbrNVJ1WCU Acreditamos que a contabilidade\u2026","rel":"","context":"Em &quot;Consultoria Empresarial&quot;","block_context":{"text":"Consultoria Empresarial","link":"https:\/\/cfcontabil.com\/cf\/category\/consultoria\/"},"img":{"alt_text":"","src":"https:\/\/i0.wp.com\/cfcontabil.com\/cf\/wp-content\/uploads\/2020\/01\/tudo-azul-1.jpeg?fit=1200%2C675&ssl=1&resize=350%2C200","width":350,"height":200,"srcset":"https:\/\/i0.wp.com\/cfcontabil.com\/cf\/wp-content\/uploads\/2020\/01\/tudo-azul-1.jpeg?fit=1200%2C675&ssl=1&resize=350%2C200 1x, https:\/\/i0.wp.com\/cfcontabil.com\/cf\/wp-content\/uploads\/2020\/01\/tudo-azul-1.jpeg?fit=1200%2C675&ssl=1&resize=525%2C300 1.5x, https:\/\/i0.wp.com\/cfcontabil.com\/cf\/wp-content\/uploads\/2020\/01\/tudo-azul-1.jpeg?fit=1200%2C675&ssl=1&resize=700%2C400 2x, https:\/\/i0.wp.com\/cfcontabil.com\/cf\/wp-content\/uploads\/2020\/01\/tudo-azul-1.jpeg?fit=1200%2C675&ssl=1&resize=1050%2C600 3x"},"classes":[]},{"id":1132,"url":"https:\/\/cfcontabil.com\/cf\/ajuda-profissional-evita-problemas-com-o-leao\/","url_meta":{"origin":726,"position":4},"title":"Ajuda profissional evita problemas com o Le\u00e3o","author":"Ab\u00edlio Gon\u00e7alves","date":"20 de abril de 2017","format":false,"excerpt":"Quem se sente inseguro para declarar o IR ou tem grande patrim\u00f4nio, por exemplo, pode recorrer a um contador. Quem entregou o documento com algum erro ou informa\u00e7\u00e3o incompleta pode enviar uma declara\u00e7\u00e3o retificadora at\u00e9 o dia 28 de abril. A cada ano, a Receita Federal vem aprimorando o programa\u2026","rel":"","context":"Em &quot;Departamento Fiscal&quot;","block_context":{"text":"Departamento Fiscal","link":"https:\/\/cfcontabil.com\/cf\/category\/df\/"},"img":{"alt_text":"","src":"https:\/\/i0.wp.com\/cfcontabil.com\/cf\/wp-content\/uploads\/2016\/05\/Imposto_Renda_IR_Prazo-1.jpg?fit=620%2C412&ssl=1&resize=350%2C200","width":350,"height":200,"srcset":"https:\/\/i0.wp.com\/cfcontabil.com\/cf\/wp-content\/uploads\/2016\/05\/Imposto_Renda_IR_Prazo-1.jpg?fit=620%2C412&ssl=1&resize=350%2C200 1x, https:\/\/i0.wp.com\/cfcontabil.com\/cf\/wp-content\/uploads\/2016\/05\/Imposto_Renda_IR_Prazo-1.jpg?fit=620%2C412&ssl=1&resize=525%2C300 1.5x"},"classes":[]},{"id":563,"url":"https:\/\/cfcontabil.com\/cf\/como-ter-uma-boa-contabilidade-na-sua-empresa\/","url_meta":{"origin":726,"position":5},"title":"Como ter uma boa contabilidade na sua empresa","author":"Vin\u00edcius Moizinho","date":"17 de novembro de 2014","format":"aside","excerpt":"\u00c9 importante encarar a contabilidade como uma ferramenta que contribui para o gerenciamento do neg\u00f3cio, independente do tamanho ou ramo de atividade da empresa. Pensar dessa forma traz muitas vantagens corporativas, principalmente quanto \u00e0 transpar\u00eancia das transa\u00e7\u00f5es e a real apura\u00e7\u00e3o do lucro ou preju\u00edzo. A primeira dica e a\u2026","rel":"","context":"Em &quot;Geral&quot;","block_context":{"text":"Geral","link":"https:\/\/cfcontabil.com\/cf\/category\/geral\/"},"img":{"alt_text":"","src":"","width":0,"height":0},"classes":[]}],"jetpack_likes_enabled":true,"_links":{"self":[{"href":"https:\/\/cfcontabil.com\/cf\/wp-json\/wp\/v2\/posts\/726","targetHints":{"allow":["GET"]}}],"collection":[{"href":"https:\/\/cfcontabil.com\/cf\/wp-json\/wp\/v2\/posts"}],"about":[{"href":"https:\/\/cfcontabil.com\/cf\/wp-json\/wp\/v2\/types\/post"}],"author":[{"embeddable":true,"href":"https:\/\/cfcontabil.com\/cf\/wp-json\/wp\/v2\/users\/3"}],"replies":[{"embeddable":true,"href":"https:\/\/cfcontabil.com\/cf\/wp-json\/wp\/v2\/comments?post=726"}],"version-history":[{"count":0,"href":"https:\/\/cfcontabil.com\/cf\/wp-json\/wp\/v2\/posts\/726\/revisions"}],"wp:featuredmedia":[{"embeddable":true,"href":"https:\/\/cfcontabil.com\/cf\/wp-json\/wp\/v2\/media\/728"}],"wp:attachment":[{"href":"https:\/\/cfcontabil.com\/cf\/wp-json\/wp\/v2\/media?parent=726"}],"wp:term":[{"taxonomy":"category","embeddable":true,"href":"https:\/\/cfcontabil.com\/cf\/wp-json\/wp\/v2\/categories?post=726"},{"taxonomy":"post_tag","embeddable":true,"href":"https:\/\/cfcontabil.com\/cf\/wp-json\/wp\/v2\/tags?post=726"}],"curies":[{"name":"wp","href":"https:\/\/api.w.org\/{rel}","templated":true}]}}