{"id":741,"date":"2016-04-13T00:00:45","date_gmt":"2016-04-13T03:00:45","guid":{"rendered":"http:\/\/cfcontabil.com\/cf\/?p=741"},"modified":"2016-04-13T00:00:45","modified_gmt":"2016-04-13T03:00:45","slug":"mei-deve-declarar-imposto-de-renda","status":"publish","type":"post","link":"https:\/\/cfcontabil.com\/cf\/mei-deve-declarar-imposto-de-renda\/","title":{"rendered":"MEI Deve Declarar Imposto de Renda?"},"content":{"rendered":"<p style=\"text-align: justify;\">O Microempreendedor Individual (MEI) deve declarar imposto de renda em seu CPF pr\u00f3prio se estiver sujeito \u00e0 <strong>obrigatoriedade de entrega<\/strong>.<\/p>\n<p style=\"text-align: justify;\"><img data-recalc-dims=\"1\" height=\"287\" width=\"696\" decoding=\"async\" src=\"https:\/\/i0.wp.com\/www.blogdogesseiro.com\/wp-content\/uploads\/2015\/10\/mei-micro-empreendedor-individual-696x287.jpg?resize=696%2C287\" alt=\"\" \/><\/p>\n<p style=\"text-align: justify;\"><!--more-->Est\u00e1 <strong>obrigada<\/strong> a apresentar a Declara\u00e7\u00e3o de Ajuste Anual referente ao exerc\u00edcio de 2015, a pessoa f\u00edsica residente no Brasil que, no ano-calend\u00e1rio de 2014:<\/p>\n<p style=\"text-align: justify;\">I \u2013 recebeu rendimentos tribut\u00e1veis, sujeitos ao ajuste na declara\u00e7\u00e3o, cuja soma foi superior a R$ 26.816,55 (vinte e seis mil, oitocentos e dezesseis reais e cinquenta e cinco centavos);<\/p>\n<p style=\"text-align: justify;\">II \u2013 recebeu rendimentos isentos, n\u00e3o tribut\u00e1veis ou tributados exclusivamente na fonte, cuja soma foi superior a R$ 40.000,00 (quarenta mil reais);<\/p>\n<p style=\"text-align: justify;\">III \u2013 obteve, em qualquer m\u00eas, ganho de capital na aliena\u00e7\u00e3o de bens ou direitos, sujeito \u00e0 incid\u00eancia do imposto, ou realizou opera\u00e7\u00f5es em bolsas de valores, de mercadorias, de futuros e assemelhadas;<\/p>\n<p style=\"text-align: justify;\">IV \u2013 relativamente \u00e0 atividade rural:<\/p>\n<p style=\"text-align: justify;\">a) obteve receita bruta em valor superior a R$ 134.082,75 (cento e trinta e quatro mil, oitenta e dois reais e setenta e cinco centavos);<\/p>\n<p style=\"text-align: justify;\">b) pretenda compensar, no ano-calend\u00e1rio de 2014 ou posteriores, preju\u00edzos de anos-calend\u00e1rio anteriores ou do pr\u00f3prio ano-calend\u00e1rio de 2014;<\/p>\n<p style=\"text-align: justify;\">V \u2013 teve, em 31 de dezembro, a posse ou a propriedade de bens ou direitos, inclusive terra nua, de valor total superior a R$ 300.000,00 (trezentos mil reais);<\/p>\n<p style=\"text-align: justify;\">VI \u2013 passou \u00e0 condi\u00e7\u00e3o de residente no Brasil em qualquer m\u00eas e nesta condi\u00e7\u00e3o encontrava-se em 31 de dezembro; ou<\/p>\n<p style=\"text-align: justify;\">VII \u2013 optou pela isen\u00e7\u00e3o do Imposto sobre a Renda incidente sobre o ganho de capital auferido na venda de im\u00f3veis residenciais, cujo produto da venda seja aplicado na aquisi\u00e7\u00e3o de im\u00f3veis residenciais localizados no Pa\u00eds, no prazo de 180 (cento e oitenta) dias contado da celebra\u00e7\u00e3o do contrato de venda, nos termos do art. 39 da Lei n\u00ba 11.196, de 21 de novembro de 2005.<\/p>\n<p style=\"text-align: justify;\">Em tempo: fora a declara\u00e7\u00e3o do Imposto de Renda (quando obrigado a tal), o MEI deve entregar a <strong>Declara\u00e7\u00e3o Anual do SIMEI<\/strong>.<\/p>\n<p><em class=\"link\">Fonte: <a href=\"https:\/\/guiatributario.net\/2015\/03\/24\/mei-deve-declarar-imposto-de-renda\/\" target=\"_blank\" rel=\"nofollow noopener noreferrer\">https:\/\/guiatributario.net\/2015\/03\/24\/mei-deve-declarar-imposto-de-renda\/<\/a><\/em><\/p>\n","protected":false},"excerpt":{"rendered":"<p>O Microempreendedor Individual (MEI) deve declarar imposto de renda em seu CPF pr\u00f3prio se estiver sujeito \u00e0 obrigatoriedade de entrega.<\/p>\n","protected":false},"author":3,"featured_media":742,"comment_status":"open","ping_status":"open","sticky":false,"template":"","format":"standard","meta":{"jetpack_post_was_ever_published":false,"_jetpack_newsletter_access":"","_jetpack_dont_email_post_to_subs":false,"_jetpack_newsletter_tier_id":0,"_jetpack_memberships_contains_paywalled_content":false,"_jetpack_memberships_contains_paid_content":false,"footnotes":"","jetpack_publicize_message":"","jetpack_publicize_feature_enabled":true,"jetpack_social_post_already_shared":true,"jetpack_social_options":{"image_generator_settings":{"template":"highway","default_image_id":0,"font":"","enabled":false},"version":2}},"categories":[60],"tags":[168,108,256,229,115,257,258,111,259],"class_list":["post-741","post","type-post","status-publish","format-standard","has-post-thumbnail","hentry","category-consultoria","tag-empreendedor","tag-imposto","tag-individual","tag-ir","tag-irpf","tag-mei","tag-micro","tag-renda","tag-simei"],"jetpack_publicize_connections":[],"jetpack_featured_media_url":"https:\/\/i0.wp.com\/cfcontabil.com\/cf\/wp-content\/uploads\/2016\/04\/leao_do_imposto_de_renda-1.jpg?fit=620%2C345&ssl=1","jetpack_sharing_enabled":true,"jetpack_shortlink":"https:\/\/wp.me\/p2wklX-bX","jetpack-related-posts":[{"id":2137,"url":"https:\/\/cfcontabil.com\/cf\/mais-de-16-mi-de-contribuintes-ja-entregaram-declaracao-do-ir\/","url_meta":{"origin":741,"position":0},"title":"Mais de 1,6 mi de contribuintes j\u00e1 entregaram declara\u00e7\u00e3o do IR","author":"Ab\u00edlio Gon\u00e7alves","date":"6 de mar\u00e7o de 2020","format":false,"excerpt":"Receita Federal espera receber 32 milh\u00f5es de declara\u00e7\u00f5es em 2020 No quarto dia de entrega da declara\u00e7\u00e3o do Imposto de Renda Pessoa F\u00edsica (IRPF) 2020, pouco mais de 1,6 milh\u00e3o de contribuintes acertaram as contas com o Le\u00e3o. Esse \u00e9 o n\u00famero de documentos enviados desde a \u00faltima\u00a0segunda-feira (2) at\u00e9\u2026","rel":"","context":"Em &quot;Departamento Fiscal&quot;","block_context":{"text":"Departamento Fiscal","link":"https:\/\/cfcontabil.com\/cf\/category\/df\/"},"img":{"alt_text":"","src":"https:\/\/i0.wp.com\/cfcontabil.com\/cf\/wp-content\/uploads\/2020\/03\/IRPF-CELULAR-NOT.jpg?fit=1170%2C700&ssl=1&resize=350%2C200","width":350,"height":200,"srcset":"https:\/\/i0.wp.com\/cfcontabil.com\/cf\/wp-content\/uploads\/2020\/03\/IRPF-CELULAR-NOT.jpg?fit=1170%2C700&ssl=1&resize=350%2C200 1x, https:\/\/i0.wp.com\/cfcontabil.com\/cf\/wp-content\/uploads\/2020\/03\/IRPF-CELULAR-NOT.jpg?fit=1170%2C700&ssl=1&resize=525%2C300 1.5x, https:\/\/i0.wp.com\/cfcontabil.com\/cf\/wp-content\/uploads\/2020\/03\/IRPF-CELULAR-NOT.jpg?fit=1170%2C700&ssl=1&resize=700%2C400 2x, https:\/\/i0.wp.com\/cfcontabil.com\/cf\/wp-content\/uploads\/2020\/03\/IRPF-CELULAR-NOT.jpg?fit=1170%2C700&ssl=1&resize=1050%2C600 3x"},"classes":[]},{"id":330,"url":"https:\/\/cfcontabil.com\/cf\/comeca-o-acerto-de-contas\/","url_meta":{"origin":741,"position":1},"title":"Come\u00e7a o acerto de contas!","author":"Ab\u00edlio Gon\u00e7alves","date":"1 de mar\u00e7o de 2013","format":false,"excerpt":"A partir de hoje (1) inicia o per\u00edodo da entrega da declara\u00e7\u00e3o do IRPF (Imposto de Renda Pessoa F\u00edsica) 2013. E segundo as normas publicadas no DOU (Di\u00e1rio Oficial da Uni\u00e3o) de 19\/02, \u00a0a declara\u00e7\u00e3o dever\u00e1 ser entregue at\u00e9 \u00e0s 23h59m59s do dia 30 de abril, a entrega fora do\u2026","rel":"","context":"Em &quot;Geral&quot;","block_context":{"text":"Geral","link":"https:\/\/cfcontabil.com\/cf\/category\/geral\/"},"img":{"alt_text":"calendario","src":"https:\/\/i0.wp.com\/www.cfcontabil.com\/images\/marco2013.jpg?resize=350%2C200","width":350,"height":200,"srcset":"https:\/\/i0.wp.com\/www.cfcontabil.com\/images\/marco2013.jpg?resize=350%2C200 1x, https:\/\/i0.wp.com\/www.cfcontabil.com\/images\/marco2013.jpg?resize=525%2C300 1.5x"},"classes":[]},{"id":1296,"url":"https:\/\/cfcontabil.com\/cf\/imposto-de-renda-2018-veja-13-erros-mais-comuns-na-declaracao-e-evite-cair-na-malha-fina\/","url_meta":{"origin":741,"position":2},"title":"Imposto de Renda 2018: Veja 13 erros mais comuns na declara\u00e7\u00e3o e evite cair na malha fina","author":"Ab\u00edlio Gon\u00e7alves","date":"3 de mar\u00e7o de 2018","format":false,"excerpt":"Reportagem do G1 Esquecer de informar pens\u00e3o aliment\u00edcia, colocar cursos n\u00e3o autorizados como despesas de educa\u00e7\u00e3o para deduzir imposto e at\u00e9 erros de digita\u00e7\u00e3o s\u00e3o comuns; prazo para declarar at\u00e9 30 de abril Os motivos que levam algu\u00e9m a cair na malha fina s\u00e3o v\u00e1rios e v\u00e3o desde a omiss\u00e3o\u2026","rel":"","context":"Em &quot;Geral&quot;","block_context":{"text":"Geral","link":"https:\/\/cfcontabil.com\/cf\/category\/geral\/"},"img":{"alt_text":"","src":"https:\/\/i0.wp.com\/cfcontabil.com\/cf\/wp-content\/uploads\/2016\/04\/leao_do_imposto_de_renda-1.jpg?fit=620%2C345&ssl=1&resize=350%2C200","width":350,"height":200,"srcset":"https:\/\/i0.wp.com\/cfcontabil.com\/cf\/wp-content\/uploads\/2016\/04\/leao_do_imposto_de_renda-1.jpg?fit=620%2C345&ssl=1&resize=350%2C200 1x, https:\/\/i0.wp.com\/cfcontabil.com\/cf\/wp-content\/uploads\/2016\/04\/leao_do_imposto_de_renda-1.jpg?fit=620%2C345&ssl=1&resize=525%2C300 1.5x"},"classes":[]},{"id":1050,"url":"https:\/\/cfcontabil.com\/cf\/imposto-de-renda-2017-mei-como-declarar-os-rendimentos\/","url_meta":{"origin":741,"position":3},"title":"Imposto de Renda 2017: MEI, como declarar os rendimentos?","author":"Ab\u00edlio Gon\u00e7alves","date":"11 de mar\u00e7o de 2017","format":false,"excerpt":"Com o in\u00edcio do per\u00edodo de entrega do do Imposto de Renda de 2017 - de 2 de mar\u00e7o a 28 de abril -, d\u00favidas come\u00e7am a surgir sobre o processo de declara\u00e7\u00e3o. Atrav\u00e9s do servi\u00e7o tira-d\u00favidas lan\u00e7ado por O GLOBO e Extra, leitores enviaram perguntas sobre como deve ser\u2026","rel":"","context":"Em &quot;Departamento Fiscal&quot;","block_context":{"text":"Departamento Fiscal","link":"https:\/\/cfcontabil.com\/cf\/category\/df\/"},"img":{"alt_text":"","src":"https:\/\/i0.wp.com\/cfcontabil.com\/cf\/wp-content\/uploads\/2017\/02\/irpfrfb-1.jpg?fit=640%2C340&ssl=1&resize=350%2C200","width":350,"height":200,"srcset":"https:\/\/i0.wp.com\/cfcontabil.com\/cf\/wp-content\/uploads\/2017\/02\/irpfrfb-1.jpg?fit=640%2C340&ssl=1&resize=350%2C200 1x, https:\/\/i0.wp.com\/cfcontabil.com\/cf\/wp-content\/uploads\/2017\/02\/irpfrfb-1.jpg?fit=640%2C340&ssl=1&resize=525%2C300 1.5x"},"classes":[]},{"id":3466,"url":"https:\/\/cfcontabil.com\/cf\/irpf-2026-isencao-de-r-5mil-nova-tabela\/","url_meta":{"origin":741,"position":4},"title":"IR 2026: Isen\u00e7\u00e3o de R$ 5mil &#8211; Nova Tabela!","author":"Ab\u00edlio Gon\u00e7alves","date":"16 de janeiro de 2026","format":false,"excerpt":"Guia Completo da CF Cont\u00e1bil 1.0 Introdu\u00e7\u00e3o: Voc\u00ea Est\u00e1 Deixando Dinheiro na Mesa?Voc\u00ea sabe se tem direito \u00e0 isen\u00e7\u00e3o total do Imposto de Renda ou se est\u00e1 pagando um imposto que poderia economizar? A resposta pode definir se voc\u00ea receber\u00e1 uma restitui\u00e7\u00e3o maior ou se deixar\u00e1 um dinheiro valioso para\u2026","rel":"","context":"Em &quot;Imposto de Renda&quot;","block_context":{"text":"Imposto de Renda","link":"https:\/\/cfcontabil.com\/cf\/category\/imposto-de-renda\/"},"img":{"alt_text":"","src":"https:\/\/i0.wp.com\/cfcontabil.com\/cf\/wp-content\/uploads\/2026\/01\/IRPF26-NOVA-TABELA-scaled.png?fit=1200%2C670&ssl=1&resize=350%2C200","width":350,"height":200,"srcset":"https:\/\/i0.wp.com\/cfcontabil.com\/cf\/wp-content\/uploads\/2026\/01\/IRPF26-NOVA-TABELA-scaled.png?fit=1200%2C670&ssl=1&resize=350%2C200 1x, https:\/\/i0.wp.com\/cfcontabil.com\/cf\/wp-content\/uploads\/2026\/01\/IRPF26-NOVA-TABELA-scaled.png?fit=1200%2C670&ssl=1&resize=525%2C300 1.5x, https:\/\/i0.wp.com\/cfcontabil.com\/cf\/wp-content\/uploads\/2026\/01\/IRPF26-NOVA-TABELA-scaled.png?fit=1200%2C670&ssl=1&resize=700%2C400 2x, https:\/\/i0.wp.com\/cfcontabil.com\/cf\/wp-content\/uploads\/2026\/01\/IRPF26-NOVA-TABELA-scaled.png?fit=1200%2C670&ssl=1&resize=1050%2C600 3x"},"classes":[]},{"id":699,"url":"https:\/\/cfcontabil.com\/cf\/imposto-de-renda-declaracao-em-conjunto-ou-separado\/","url_meta":{"origin":741,"position":5},"title":"Imposto de Renda &#8211; declara\u00e7\u00e3o em conjunto ou separado?","author":"Ab\u00edlio Gon\u00e7alves","date":"28 de mar\u00e7o de 2016","format":false,"excerpt":"Uma d\u00favida muito constante para quem declara Imposto de Renda Pessoa F\u00edsica \u00e9 se vale a pena fazer declara\u00e7\u00e3o em conjunto ou separado. Contudo segundo o s\u00f3cio da Delgado & Freitas Advogados, Fabio Delgado, isso depender\u00e1 de uma an\u00e1lise individual de cada caso. \u00a0 Segundo Delgado, uma primeira situa\u00e7\u00e3o \u00e9\u2026","rel":"","context":"Em &quot;Geral&quot;","block_context":{"text":"Geral","link":"https:\/\/cfcontabil.com\/cf\/category\/geral\/"},"img":{"alt_text":"declaracaoconjunta","src":"https:\/\/i0.wp.com\/cfcontabil.com\/cf\/wp-content\/uploads\/2016\/03\/declaracaoconjunta.jpg?resize=350%2C200","width":350,"height":200},"classes":[]}],"jetpack_likes_enabled":true,"_links":{"self":[{"href":"https:\/\/cfcontabil.com\/cf\/wp-json\/wp\/v2\/posts\/741","targetHints":{"allow":["GET"]}}],"collection":[{"href":"https:\/\/cfcontabil.com\/cf\/wp-json\/wp\/v2\/posts"}],"about":[{"href":"https:\/\/cfcontabil.com\/cf\/wp-json\/wp\/v2\/types\/post"}],"author":[{"embeddable":true,"href":"https:\/\/cfcontabil.com\/cf\/wp-json\/wp\/v2\/users\/3"}],"replies":[{"embeddable":true,"href":"https:\/\/cfcontabil.com\/cf\/wp-json\/wp\/v2\/comments?post=741"}],"version-history":[{"count":0,"href":"https:\/\/cfcontabil.com\/cf\/wp-json\/wp\/v2\/posts\/741\/revisions"}],"wp:featuredmedia":[{"embeddable":true,"href":"https:\/\/cfcontabil.com\/cf\/wp-json\/wp\/v2\/media\/742"}],"wp:attachment":[{"href":"https:\/\/cfcontabil.com\/cf\/wp-json\/wp\/v2\/media?parent=741"}],"wp:term":[{"taxonomy":"category","embeddable":true,"href":"https:\/\/cfcontabil.com\/cf\/wp-json\/wp\/v2\/categories?post=741"},{"taxonomy":"post_tag","embeddable":true,"href":"https:\/\/cfcontabil.com\/cf\/wp-json\/wp\/v2\/tags?post=741"}],"curies":[{"name":"wp","href":"https:\/\/api.w.org\/{rel}","templated":true}]}}