{"id":752,"date":"2016-04-29T08:43:46","date_gmt":"2016-04-29T11:43:46","guid":{"rendered":"http:\/\/cfcontabil.com\/cf\/?p=752"},"modified":"2016-04-29T08:43:46","modified_gmt":"2016-04-29T11:43:46","slug":"ate-ontem-mais-de-6-milhoes-ainda-nao-declararam-ir","status":"publish","type":"post","link":"https:\/\/cfcontabil.com\/cf\/ate-ontem-mais-de-6-milhoes-ainda-nao-declararam-ir\/","title":{"rendered":"At\u00e9 ontem mais de 6 milh\u00f5es ainda n\u00e3o declararam IR"},"content":{"rendered":"<h6 style=\"text-align: center;\">Esse total esperado\u00a0representa 22,1% das 28,5 milh\u00f5es de declara\u00e7\u00f5es esperadas.<\/h6>\n<h5 style=\"text-align: center;\"><a href=\"https:\/\/i0.wp.com\/cfcontabil.com\/cf\/wp-content\/uploads\/2016\/04\/IRPF.jpg\"><img data-recalc-dims=\"1\" fetchpriority=\"high\" decoding=\"async\" data-attachment-id=\"753\" data-permalink=\"https:\/\/cfcontabil.com\/cf\/exigencia-de-cpf-no-imposto-de-renda-faz-12-milhao-de-dependentes-desaparecer\/irpf\/\" data-orig-file=\"https:\/\/i0.wp.com\/cfcontabil.com\/cf\/wp-content\/uploads\/2016\/04\/IRPF-1.jpg?fit=800%2C633&amp;ssl=1\" data-orig-size=\"800,633\" data-comments-opened=\"1\" data-image-meta=\"{&quot;aperture&quot;:&quot;0&quot;,&quot;credit&quot;:&quot;&quot;,&quot;camera&quot;:&quot;&quot;,&quot;caption&quot;:&quot;&quot;,&quot;created_timestamp&quot;:&quot;0&quot;,&quot;copyright&quot;:&quot;&quot;,&quot;focal_length&quot;:&quot;0&quot;,&quot;iso&quot;:&quot;0&quot;,&quot;shutter_speed&quot;:&quot;0&quot;,&quot;title&quot;:&quot;&quot;,&quot;orientation&quot;:&quot;0&quot;}\" data-image-title=\"IRPF\" data-image-description=\"\" data-image-caption=\"\" data-large-file=\"https:\/\/i0.wp.com\/cfcontabil.com\/cf\/wp-content\/uploads\/2016\/04\/IRPF-1.jpg?fit=800%2C633&amp;ssl=1\" class=\"size-full wp-image-753 aligncenter\" src=\"https:\/\/i0.wp.com\/cfcontabil.com\/cf\/wp-content\/uploads\/2016\/04\/IRPF.jpg?resize=800%2C633\" alt=\"IRPF\" width=\"800\" height=\"633\" \/><\/a><br \/>\nPrazo vai at\u00e9 dia 29; Fisco recebeu at\u00e9 hoje 22,18 milh\u00f5es de declara\u00e7\u00f5es.<\/h5>\n<p style=\"text-align: justify;\">A Receita Federal informou que recebeu, at\u00e9 as 11h desta quinta-feira (28), 22,18 milh\u00f5es de declara\u00e7\u00f5es de <span class=\"premium-tip\">Imposto de Renda<\/span> Pessoa F\u00edsica (IRPF) 2016, ano-base 2015.<\/p>\n<p style=\"text-align: justify;\">Com isso, faltando um dia para o fim do prazo de entrega, o Fisco ainda espera receber 6,32 milh\u00f5es de declara\u00e7\u00f5es do Imposto de Renda\u2013 ou 22,17% do volume total esperado de 28,5 milh\u00f5es de declara\u00e7\u00f5es neste ano.<\/p>\n<p style=\"text-align: justify;\">O prazo para envio come\u00e7ou em 1\u00ba de mar\u00e7o e termina na pr\u00f3xima sexta-feira (29), \u00e0s 23h59.<\/p>\n<p style=\"text-align: justify;\">A\u00a0 Receita Federal alertou para o risco das pessoas deixarem para enviar a declara\u00e7\u00e3o nos \u00faltimos dias, pois os contribuintes que perderem o prazo estar\u00e3o sujeitos ao pagamento de multa m\u00ednima de R$ 165,74 e m\u00e1xima de 20% do imposto devido.<\/p>\n<p style=\"text-align: justify;\">Os contribuintes que enviaram a declara\u00e7\u00e3o no in\u00edcio do prazo, sem erros, omiss\u00f5es ou inconsist\u00eancias, recebem mais cedo a restitui\u00e7\u00e3o do Imposto de Renda \u2013 caso tenham direito.<\/p>\n<p>Idosos, portadores de doen\u00e7a grave e deficientes f\u00edsicos ou mentais t\u00eam prioridade.<\/p>\n<p style=\"text-align: justify;\">O pagamento da restitui\u00e7\u00e3o come\u00e7a em junho de cada ano e segue at\u00e9 dezembro, geralmente em sete lotes.<\/p>\n<p style=\"text-align: justify;\"><strong>Quem deve declarar?<\/strong> Est\u00e1 com <strong>d\u00favidas<\/strong> sobre sua situa\u00e7\u00e3o? <a href=\"http:\/\/cfcontabil.com\/cf\/saiba-como-acompanhar-a-situacao-da-sua-declaracao-de-ir-2016\/\">Veja aqui<\/a> algumas dicas ou entre em contato conosco!<\/p>\n","protected":false},"excerpt":{"rendered":"<p>Esse total esperado\u00a0representa 22,1% das 28,5 milh\u00f5es de declara\u00e7\u00f5es esperadas. Prazo vai at\u00e9 dia 29; Fisco recebeu at\u00e9 hoje 22,18 milh\u00f5es de declara\u00e7\u00f5es. A Receita Federal informou que recebeu, at\u00e9 as 11h desta quinta-feira (28), 22,18 milh\u00f5es de declara\u00e7\u00f5es de Imposto de Renda Pessoa F\u00edsica (IRPF) 2016, ano-base 2015. Com isso, faltando um dia para [&hellip;]<\/p>\n","protected":false},"author":3,"featured_media":701,"comment_status":"open","ping_status":"open","sticky":false,"template":"","format":"standard","meta":{"jetpack_post_was_ever_published":false,"_jetpack_newsletter_access":"","_jetpack_dont_email_post_to_subs":false,"_jetpack_newsletter_tier_id":0,"_jetpack_memberships_contains_paywalled_content":false,"_jetpack_memberships_contains_paid_content":false,"footnotes":"","jetpack_publicize_message":"","jetpack_publicize_feature_enabled":true,"jetpack_social_post_already_shared":true,"jetpack_social_options":{"image_generator_settings":{"template":"highway","default_image_id":0,"font":"","enabled":false},"version":2}},"categories":[22],"tags":[108,229,115,109,116,111],"class_list":["post-752","post","type-post","status-publish","format-standard","has-post-thumbnail","hentry","category-geral","tag-imposto","tag-ir","tag-irpf","tag-leao","tag-prazo","tag-renda"],"jetpack_publicize_connections":[],"jetpack_featured_media_url":"https:\/\/i0.wp.com\/cfcontabil.com\/cf\/wp-content\/uploads\/2016\/03\/imposto-receita-leao-1.jpg?fit=297%2C170&ssl=1","jetpack_sharing_enabled":true,"jetpack_shortlink":"https:\/\/wp.me\/p2wklX-c8","jetpack-related-posts":[{"id":1146,"url":"https:\/\/cfcontabil.com\/cf\/perdeu-o-prazo-para-a-declaracao-do-imposto-de-renda-veja-o-que-fazer\/","url_meta":{"origin":752,"position":0},"title":"Perdeu o prazo para a declara\u00e7\u00e3o do Imposto de Renda? Veja o que fazer","author":"Ab\u00edlio Gon\u00e7alves","date":"29 de abril de 2017","format":false,"excerpt":"O prazo para enviar a declara\u00e7\u00e3o do imposto de renda acabou na sexta-feira (28). Alguns brasileiros perderam o prazo e n\u00e3o acertaram as contas com o Le\u00e3o. A especialista em imposto de renda da Thompson Reuters, Vanessa Miranda, explica que o melhor caminho \u00e9 baixar o programa e mandar a\u2026","rel":"","context":"Em &quot;Departamento Fiscal&quot;","block_context":{"text":"Departamento Fiscal","link":"https:\/\/cfcontabil.com\/cf\/category\/df\/"},"img":{"alt_text":"","src":"https:\/\/i0.wp.com\/cfcontabil.com\/cf\/wp-content\/uploads\/2017\/02\/irpf2017-1.png?fit=490%2C247&ssl=1&resize=350%2C200","width":350,"height":200},"classes":[]},{"id":654,"url":"https:\/\/cfcontabil.com\/cf\/conheca-a-historia-do-imposto-de-renda\/","url_meta":{"origin":752,"position":1},"title":"Conhe\u00e7a a hist\u00f3ria do Imposto de Renda","author":"Ab\u00edlio Gon\u00e7alves","date":"10 de mar\u00e7o de 2016","format":false,"excerpt":"V\u00eddeo est\u00e1 dispon\u00edvel no canal da Receita Federal https:\/\/www.youtube.com\/watch?v=iT6R1atkifk Assista o\u00a0v\u00eddeo\u00a0dispon\u00edvel na TV Receita\u00a0sobre a hist\u00f3ria do Imposto de Renda. O v\u00eddeo mostra a institui\u00e7\u00e3o do tributo no mundo e no Brasil, sua import\u00e2ncia, o destino da arrecada\u00e7\u00e3o, os est\u00e1gios tecnol\u00f3gicos, o preenchimento e a entrega da declara\u00e7\u00e3o. Acredita-se que\u2026","rel":"","context":"Em &quot;Geral&quot;","block_context":{"text":"Geral","link":"https:\/\/cfcontabil.com\/cf\/category\/geral\/"},"img":{"alt_text":"","src":"https:\/\/i0.wp.com\/cfcontabil.com\/cf\/wp-content\/uploads\/2016\/03\/entrega-do-imposto-de-renda-2.jpg?fit=645%2C320&ssl=1&resize=350%2C200","width":350,"height":200,"srcset":"https:\/\/i0.wp.com\/cfcontabil.com\/cf\/wp-content\/uploads\/2016\/03\/entrega-do-imposto-de-renda-2.jpg?fit=645%2C320&ssl=1&resize=350%2C200 1x, https:\/\/i0.wp.com\/cfcontabil.com\/cf\/wp-content\/uploads\/2016\/03\/entrega-do-imposto-de-renda-2.jpg?fit=645%2C320&ssl=1&resize=525%2C300 1.5x"},"classes":[]},{"id":1086,"url":"https:\/\/cfcontabil.com\/cf\/eceita-federal-recebeu-mais-de-5-milhoes-de-formularios-do-ir\/","url_meta":{"origin":752,"position":2},"title":"Receita Federal recebeu mais de 5 milh\u00f5es de formul\u00e1rios do IR","author":"Ab\u00edlio Gon\u00e7alves","date":"24 de mar\u00e7o de 2017","format":false,"excerpt":"A Receita Federal informou que j\u00e1 recebeu, at\u00e9 a tarde de hoje (23\/03), mais de 5,15 milh\u00f5es de declara\u00e7\u00f5es do Imposto de Renda da Pessoa F\u00edsica (IRPF 2017). O montante representa cerca de 18,2% do total de 28,3 milh\u00f5es esperado pelo supervisor nacional do IR, Joaquim Adir. \u00a0O prazo de\u2026","rel":"","context":"Em &quot;Departamento Fiscal&quot;","block_context":{"text":"Departamento Fiscal","link":"https:\/\/cfcontabil.com\/cf\/category\/df\/"},"img":{"alt_text":"","src":"https:\/\/i0.wp.com\/cfcontabil.com\/cf\/wp-content\/uploads\/2017\/02\/irpfrfb-1.jpg?fit=640%2C340&ssl=1&resize=350%2C200","width":350,"height":200,"srcset":"https:\/\/i0.wp.com\/cfcontabil.com\/cf\/wp-content\/uploads\/2017\/02\/irpfrfb-1.jpg?fit=640%2C340&ssl=1&resize=350%2C200 1x, https:\/\/i0.wp.com\/cfcontabil.com\/cf\/wp-content\/uploads\/2017\/02\/irpfrfb-1.jpg?fit=640%2C340&ssl=1&resize=525%2C300 1.5x"},"classes":[]},{"id":1985,"url":"https:\/\/cfcontabil.com\/cf\/receita-abre-na-segunda-feira-consultas-ao-7o-lote-do-ir-2019-restituicoes-somam-r-700-milhoes\/","url_meta":{"origin":752,"position":3},"title":"Receita abre na segunda-feira consultas ao 7\u00ba lote do IR 2019; restitui\u00e7\u00f5es somam R$ 700 milh\u00f5es","author":"Ab\u00edlio Gon\u00e7alves","date":"7 de dezembro de 2019","format":false,"excerpt":"Lote contempla 320.606 pessoas e ser\u00e1 pago em 16 de dezembro. Consultas devem ser feitas pelo site da Receita, ou por meio do aplicativo para tablets e smartphones. A Secretaria da Receita Federal informou que ser\u00e3o abertas na segunda-feira (9), a partir das 9h, as consultas ao s\u00e9timo lote de\u2026","rel":"","context":"Em &quot;Departamento Fiscal&quot;","block_context":{"text":"Departamento Fiscal","link":"https:\/\/cfcontabil.com\/cf\/category\/df\/"},"img":{"alt_text":"","src":"https:\/\/i0.wp.com\/cfcontabil.com\/cf\/wp-content\/uploads\/2017\/02\/imposto-de-renda-2017-1.jpg?fit=640%2C365&ssl=1&resize=350%2C200","width":350,"height":200,"srcset":"https:\/\/i0.wp.com\/cfcontabil.com\/cf\/wp-content\/uploads\/2017\/02\/imposto-de-renda-2017-1.jpg?fit=640%2C365&ssl=1&resize=350%2C200 1x, https:\/\/i0.wp.com\/cfcontabil.com\/cf\/wp-content\/uploads\/2017\/02\/imposto-de-renda-2017-1.jpg?fit=640%2C365&ssl=1&resize=525%2C300 1.5x"},"classes":[]},{"id":2137,"url":"https:\/\/cfcontabil.com\/cf\/mais-de-16-mi-de-contribuintes-ja-entregaram-declaracao-do-ir\/","url_meta":{"origin":752,"position":4},"title":"Mais de 1,6 mi de contribuintes j\u00e1 entregaram declara\u00e7\u00e3o do IR","author":"Ab\u00edlio Gon\u00e7alves","date":"6 de mar\u00e7o de 2020","format":false,"excerpt":"Receita Federal espera receber 32 milh\u00f5es de declara\u00e7\u00f5es em 2020 No quarto dia de entrega da declara\u00e7\u00e3o do Imposto de Renda Pessoa F\u00edsica (IRPF) 2020, pouco mais de 1,6 milh\u00e3o de contribuintes acertaram as contas com o Le\u00e3o. Esse \u00e9 o n\u00famero de documentos enviados desde a \u00faltima\u00a0segunda-feira (2) at\u00e9\u2026","rel":"","context":"Em &quot;Departamento Fiscal&quot;","block_context":{"text":"Departamento Fiscal","link":"https:\/\/cfcontabil.com\/cf\/category\/df\/"},"img":{"alt_text":"","src":"https:\/\/i0.wp.com\/cfcontabil.com\/cf\/wp-content\/uploads\/2020\/03\/IRPF-CELULAR-NOT.jpg?fit=1170%2C700&ssl=1&resize=350%2C200","width":350,"height":200,"srcset":"https:\/\/i0.wp.com\/cfcontabil.com\/cf\/wp-content\/uploads\/2020\/03\/IRPF-CELULAR-NOT.jpg?fit=1170%2C700&ssl=1&resize=350%2C200 1x, https:\/\/i0.wp.com\/cfcontabil.com\/cf\/wp-content\/uploads\/2020\/03\/IRPF-CELULAR-NOT.jpg?fit=1170%2C700&ssl=1&resize=525%2C300 1.5x, https:\/\/i0.wp.com\/cfcontabil.com\/cf\/wp-content\/uploads\/2020\/03\/IRPF-CELULAR-NOT.jpg?fit=1170%2C700&ssl=1&resize=700%2C400 2x, https:\/\/i0.wp.com\/cfcontabil.com\/cf\/wp-content\/uploads\/2020\/03\/IRPF-CELULAR-NOT.jpg?fit=1170%2C700&ssl=1&resize=1050%2C600 3x"},"classes":[]},{"id":1075,"url":"https:\/\/cfcontabil.com\/cf\/receita-federal-lanca-video-do-imposto-de-renda-2017\/","url_meta":{"origin":752,"position":5},"title":"Receita Federal lan\u00e7a v\u00eddeo do Imposto de Renda 2017","author":"Ab\u00edlio Gon\u00e7alves","date":"21 de mar\u00e7o de 2017","format":false,"excerpt":"A TV Receita acaba de lan\u00e7ar v\u00eddeo em anima\u00e7\u00e3o para a divulga\u00e7\u00e3o do IRPF 2017. As imagens apresentam as novidades da declara\u00e7\u00e3o deste ano, al\u00e9m de enfatizar de forma l\u00fadica e simplificada os pontos b\u00e1sicos da declara\u00e7\u00e3o de imposto de renda pessoa f\u00edsica. Com bom humor e de forma descontra\u00edda,\u2026","rel":"","context":"Em &quot;Departamento Fiscal&quot;","block_context":{"text":"Departamento Fiscal","link":"https:\/\/cfcontabil.com\/cf\/category\/df\/"},"img":{"alt_text":"","src":"https:\/\/i0.wp.com\/cfcontabil.com\/cf\/wp-content\/uploads\/2017\/02\/irpf2017-1.png?fit=490%2C247&ssl=1&resize=350%2C200","width":350,"height":200},"classes":[]}],"jetpack_likes_enabled":true,"_links":{"self":[{"href":"https:\/\/cfcontabil.com\/cf\/wp-json\/wp\/v2\/posts\/752","targetHints":{"allow":["GET"]}}],"collection":[{"href":"https:\/\/cfcontabil.com\/cf\/wp-json\/wp\/v2\/posts"}],"about":[{"href":"https:\/\/cfcontabil.com\/cf\/wp-json\/wp\/v2\/types\/post"}],"author":[{"embeddable":true,"href":"https:\/\/cfcontabil.com\/cf\/wp-json\/wp\/v2\/users\/3"}],"replies":[{"embeddable":true,"href":"https:\/\/cfcontabil.com\/cf\/wp-json\/wp\/v2\/comments?post=752"}],"version-history":[{"count":0,"href":"https:\/\/cfcontabil.com\/cf\/wp-json\/wp\/v2\/posts\/752\/revisions"}],"wp:featuredmedia":[{"embeddable":true,"href":"https:\/\/cfcontabil.com\/cf\/wp-json\/wp\/v2\/media\/701"}],"wp:attachment":[{"href":"https:\/\/cfcontabil.com\/cf\/wp-json\/wp\/v2\/media?parent=752"}],"wp:term":[{"taxonomy":"category","embeddable":true,"href":"https:\/\/cfcontabil.com\/cf\/wp-json\/wp\/v2\/categories?post=752"},{"taxonomy":"post_tag","embeddable":true,"href":"https:\/\/cfcontabil.com\/cf\/wp-json\/wp\/v2\/tags?post=752"}],"curies":[{"name":"wp","href":"https:\/\/api.w.org\/{rel}","templated":true}]}}