{"id":766,"date":"2016-07-28T10:20:04","date_gmt":"2016-07-28T13:20:04","guid":{"rendered":"http:\/\/cfcontabil.com\/cf\/?p=766"},"modified":"2016-07-28T10:20:04","modified_gmt":"2016-07-28T13:20:04","slug":"fique-atualizado-com-nosso-informativo-online-clique-na-capa-e-leia-agora","status":"publish","type":"post","link":"https:\/\/cfcontabil.com\/cf\/fique-atualizado-com-nosso-informativo-online-clique-na-capa-e-leia-agora\/","title":{"rendered":"Fique atualizado com nosso Informativo Online! Clique na capa e leia agora."},"content":{"rendered":"<p><a href=\"http:\/\/cfcontabil.com\/cf\/jornal\/\"><img data-recalc-dims=\"1\" fetchpriority=\"high\" decoding=\"async\" data-attachment-id=\"767\" data-permalink=\"https:\/\/cfcontabil.com\/cf\/jornalcfagosto\/\" data-orig-file=\"https:\/\/i0.wp.com\/cfcontabil.com\/cf\/wp-content\/uploads\/2016\/07\/jornalcfagosto-1.png?fit=1785%2C2525&amp;ssl=1\" data-orig-size=\"1785,2525\" data-comments-opened=\"1\" data-image-meta=\"{&quot;aperture&quot;:&quot;0&quot;,&quot;credit&quot;:&quot;&quot;,&quot;camera&quot;:&quot;&quot;,&quot;caption&quot;:&quot;&quot;,&quot;created_timestamp&quot;:&quot;0&quot;,&quot;copyright&quot;:&quot;&quot;,&quot;focal_length&quot;:&quot;0&quot;,&quot;iso&quot;:&quot;0&quot;,&quot;shutter_speed&quot;:&quot;0&quot;,&quot;title&quot;:&quot;&quot;,&quot;orientation&quot;:&quot;0&quot;}\" data-image-title=\"jornalcfagosto\" data-image-description=\"\" data-image-caption=\"\" data-large-file=\"https:\/\/i0.wp.com\/cfcontabil.com\/cf\/wp-content\/uploads\/2016\/07\/jornalcfagosto-1.png?fit=724%2C1024&amp;ssl=1\" class=\"alignleft size-full wp-image-767\" src=\"https:\/\/i0.wp.com\/cfcontabil.com\/cf\/wp-content\/uploads\/2016\/07\/jornalcfagosto.png?resize=1170%2C1655\" alt=\"jornalcfagosto\" width=\"1170\" height=\"1655\" \/><\/a><\/p>\n<p>&nbsp;<\/p>\n","protected":false},"excerpt":{"rendered":"<p>&nbsp;<\/p>\n","protected":false},"author":3,"featured_media":0,"comment_status":"open","ping_status":"open","sticky":false,"template":"","format":"standard","meta":{"jetpack_post_was_ever_published":false,"_jetpack_newsletter_access":"","_jetpack_dont_email_post_to_subs":false,"_jetpack_newsletter_tier_id":0,"_jetpack_memberships_contains_paywalled_content":false,"_jetpack_memberships_contains_paid_content":false,"footnotes":"","jetpack_publicize_message":"","jetpack_publicize_feature_enabled":true,"jetpack_social_post_already_shared":true,"jetpack_social_options":{"image_generator_settings":{"template":"highway","default_image_id":0,"font":"","enabled":false},"version":2}},"categories":[22],"tags":[269,21,270,271,24,272],"class_list":["post-766","post","type-post","status-publish","format-standard","hentry","category-geral","tag-atualidades","tag-contabilidade","tag-informativo","tag-jornal","tag-noticias","tag-novidades"],"jetpack_publicize_connections":[],"jetpack_featured_media_url":"","jetpack_sharing_enabled":true,"jetpack_shortlink":"https:\/\/wp.me\/p2wklX-cm","jetpack-related-posts":[{"id":563,"url":"https:\/\/cfcontabil.com\/cf\/como-ter-uma-boa-contabilidade-na-sua-empresa\/","url_meta":{"origin":766,"position":0},"title":"Como ter uma boa contabilidade na sua empresa","author":"Vin\u00edcius Moizinho","date":"17 de novembro de 2014","format":"aside","excerpt":"\u00c9 importante encarar a contabilidade como uma ferramenta que contribui para o gerenciamento do neg\u00f3cio, independente do tamanho ou ramo de atividade da empresa. Pensar dessa forma traz muitas vantagens corporativas, principalmente quanto \u00e0 transpar\u00eancia das transa\u00e7\u00f5es e a real apura\u00e7\u00e3o do lucro ou preju\u00edzo. A primeira dica e a\u2026","rel":"","context":"Em &quot;Geral&quot;","block_context":{"text":"Geral","link":"https:\/\/cfcontabil.com\/cf\/category\/geral\/"},"img":{"alt_text":"","src":"","width":0,"height":0},"classes":[]},{"id":1341,"url":"https:\/\/cfcontabil.com\/cf\/servidor-municipal-tera-que-atualizar-dados-no-esocial-para-manter-salario\/","url_meta":{"origin":766,"position":1},"title":"Servidor municipal ter\u00e1 que atualizar dados no eSocial para manter sal\u00e1rio","author":"Ab\u00edlio Gon\u00e7alves","date":"13 de julho de 2018","format":false,"excerpt":"Para evitar dor de cabe\u00e7a, orienta\u00e7\u00e3o \u00e9 para que servidores confiram informa\u00e7\u00f5es no site do eSocial -\u00a0DIVULGA\u00c7\u00c3O Rio - Os servidores da ativa, aposentados e pensionistas da Prefeitura do Rio t\u00eam at\u00e9 o fim deste ano para atualizar informa\u00e7\u00f5es cadastrais \u2014 como CPF e n\u00famero do PIS \u2014 no eSocial,\u2026","rel":"","context":"Em &quot;Departamento Pessoal&quot;","block_context":{"text":"Departamento Pessoal","link":"https:\/\/cfcontabil.com\/cf\/category\/dp\/"},"img":{"alt_text":"","src":"https:\/\/i0.wp.com\/cfcontabil.com\/cf\/wp-content\/uploads\/2016\/03\/E-social-1-1.jpg?fit=660%2C271&ssl=1&resize=350%2C200","width":350,"height":200,"srcset":"https:\/\/i0.wp.com\/cfcontabil.com\/cf\/wp-content\/uploads\/2016\/03\/E-social-1-1.jpg?fit=660%2C271&ssl=1&resize=350%2C200 1x, https:\/\/i0.wp.com\/cfcontabil.com\/cf\/wp-content\/uploads\/2016\/03\/E-social-1-1.jpg?fit=660%2C271&ssl=1&resize=525%2C300 1.5x"},"classes":[]},{"id":1072,"url":"https:\/\/cfcontabil.com\/cf\/receita-federal-estabelece-a-obrigatoriedade-a-escrituracao-digital-de-retencoes-e-outras-informacoes-fiscais-efd-reinf\/","url_meta":{"origin":766,"position":2},"title":"Receita Federal estabelece a obrigatoriedade \u00e0 Escritura\u00e7\u00e3o Digital de Reten\u00e7\u00f5es e Outras Informa\u00e7\u00f5es Fiscais (EFD-Reinf)","author":"Ab\u00edlio Gon\u00e7alves","date":"17 de mar\u00e7o de 2017","format":false,"excerpt":"EFD-Reinf tem informa\u00e7\u00f5es prestadas na Dirf e na GFIP. Foi publicada hoje no Di\u00e1rio Ofical da Uni\u00e3o a IN RFB n\u00b0 1701 que estabelece a obrigatoriedade \u00e0 Escritura\u00e7\u00e3o Digital de Reten\u00e7\u00f5es e Outras Informa\u00e7\u00f5es Fiscais (EFD-Reinf). Com a institui\u00e7\u00e3o da EFD-Reinf, cuja obriga\u00e7\u00e3o de entrega dever\u00e1 ser cumprida a partir\u2026","rel":"","context":"Em &quot;Departamento Fiscal&quot;","block_context":{"text":"Departamento Fiscal","link":"https:\/\/cfcontabil.com\/cf\/category\/df\/"},"img":{"alt_text":"","src":"https:\/\/i0.wp.com\/cfcontabil.com\/cf\/wp-content\/uploads\/2017\/02\/receita-federal-1-1.png?fit=702%2C325&ssl=1&resize=350%2C200","width":350,"height":200,"srcset":"https:\/\/i0.wp.com\/cfcontabil.com\/cf\/wp-content\/uploads\/2017\/02\/receita-federal-1-1.png?fit=702%2C325&ssl=1&resize=350%2C200 1x, https:\/\/i0.wp.com\/cfcontabil.com\/cf\/wp-content\/uploads\/2017\/02\/receita-federal-1-1.png?fit=702%2C325&ssl=1&resize=525%2C300 1.5x, https:\/\/i0.wp.com\/cfcontabil.com\/cf\/wp-content\/uploads\/2017\/02\/receita-federal-1-1.png?fit=702%2C325&ssl=1&resize=700%2C400 2x"},"classes":[]},{"id":802,"url":"https:\/\/cfcontabil.com\/cf\/divulgado-o-cronograma-do-irpf-2017-pela-receita-federal\/","url_meta":{"origin":766,"position":3},"title":"Divulgado o cronograma do IRPF 2017 pela Receita Federal","author":"Ab\u00edlio Gon\u00e7alves","date":"9 de janeiro de 2017","format":false,"excerpt":"\u00c9 importante saber que al\u00e9m da \u00a0Declara\u00e7\u00e3o de Ajuste Anual da Pessoa F\u00edsica, v\u00e1rios programas e aplicativos auxiliares que visam facilitar o cumprimento das obriga\u00e7\u00f5es tribut\u00e1rias por parte dos contribuintes. Fique atento as datas e n\u00e3o perca os prazos, na d\u00favida, busque um contador para ajudar: A Secretaria da Receita\u2026","rel":"","context":"Em &quot;Geral&quot;","block_context":{"text":"Geral","link":"https:\/\/cfcontabil.com\/cf\/category\/geral\/"},"img":{"alt_text":"","src":"https:\/\/i0.wp.com\/cfcontabil.com\/cf\/wp-content\/uploads\/2017\/01\/leao-imposto-renda-original1-1.jpeg?fit=620%2C349&ssl=1&resize=350%2C200","width":350,"height":200,"srcset":"https:\/\/i0.wp.com\/cfcontabil.com\/cf\/wp-content\/uploads\/2017\/01\/leao-imposto-renda-original1-1.jpeg?fit=620%2C349&ssl=1&resize=350%2C200 1x, https:\/\/i0.wp.com\/cfcontabil.com\/cf\/wp-content\/uploads\/2017\/01\/leao-imposto-renda-original1-1.jpeg?fit=620%2C349&ssl=1&resize=525%2C300 1.5x"},"classes":[]},{"id":1201,"url":"https:\/\/cfcontabil.com\/cf\/o-sped-chegou-para-o-lucro-presumido\/","url_meta":{"origin":766,"position":4},"title":"O SPED chegou para o Lucro Presumido","author":"Vin\u00edcius Moizinho","date":"13 de novembro de 2012","format":false,"excerpt":"Bom dia, prezados!\u00a0Vamos falar de SPED? O Sistema P\u00fablico de Escritura\u00e7\u00e3o Digital (SPED) \u00e9 uma ferramenta que integra as informa\u00e7\u00f5es prestadas pelos contribuintes, de forma eletr\u00f4nica, em arquivos digitais, para a Receita Federal do Brasil - RFB. Esses arquivos precisam obedecer a um formato padronizado e predefinido e servem para\u2026","rel":"","context":"Em &quot;Geral&quot;","block_context":{"text":"Geral","link":"https:\/\/cfcontabil.com\/cf\/category\/geral\/"},"img":{"alt_text":"","src":"https:\/\/i0.wp.com\/cfcontabil.com\/cf\/wp-content\/uploads\/2012\/11\/sped-mao.jpg?resize=350%2C200","width":350,"height":200},"classes":[]},{"id":330,"url":"https:\/\/cfcontabil.com\/cf\/comeca-o-acerto-de-contas\/","url_meta":{"origin":766,"position":5},"title":"Come\u00e7a o acerto de contas!","author":"Ab\u00edlio Gon\u00e7alves","date":"1 de mar\u00e7o de 2013","format":false,"excerpt":"A partir de hoje (1) inicia o per\u00edodo da entrega da declara\u00e7\u00e3o do IRPF (Imposto de Renda Pessoa F\u00edsica) 2013. E segundo as normas publicadas no DOU (Di\u00e1rio Oficial da Uni\u00e3o) de 19\/02, \u00a0a declara\u00e7\u00e3o dever\u00e1 ser entregue at\u00e9 \u00e0s 23h59m59s do dia 30 de abril, a entrega fora do\u2026","rel":"","context":"Em &quot;Geral&quot;","block_context":{"text":"Geral","link":"https:\/\/cfcontabil.com\/cf\/category\/geral\/"},"img":{"alt_text":"calendario","src":"https:\/\/i0.wp.com\/www.cfcontabil.com\/images\/marco2013.jpg?resize=350%2C200","width":350,"height":200,"srcset":"https:\/\/i0.wp.com\/www.cfcontabil.com\/images\/marco2013.jpg?resize=350%2C200 1x, https:\/\/i0.wp.com\/www.cfcontabil.com\/images\/marco2013.jpg?resize=525%2C300 1.5x"},"classes":[]}],"jetpack_likes_enabled":true,"_links":{"self":[{"href":"https:\/\/cfcontabil.com\/cf\/wp-json\/wp\/v2\/posts\/766","targetHints":{"allow":["GET"]}}],"collection":[{"href":"https:\/\/cfcontabil.com\/cf\/wp-json\/wp\/v2\/posts"}],"about":[{"href":"https:\/\/cfcontabil.com\/cf\/wp-json\/wp\/v2\/types\/post"}],"author":[{"embeddable":true,"href":"https:\/\/cfcontabil.com\/cf\/wp-json\/wp\/v2\/users\/3"}],"replies":[{"embeddable":true,"href":"https:\/\/cfcontabil.com\/cf\/wp-json\/wp\/v2\/comments?post=766"}],"version-history":[{"count":0,"href":"https:\/\/cfcontabil.com\/cf\/wp-json\/wp\/v2\/posts\/766\/revisions"}],"wp:attachment":[{"href":"https:\/\/cfcontabil.com\/cf\/wp-json\/wp\/v2\/media?parent=766"}],"wp:term":[{"taxonomy":"category","embeddable":true,"href":"https:\/\/cfcontabil.com\/cf\/wp-json\/wp\/v2\/categories?post=766"},{"taxonomy":"post_tag","embeddable":true,"href":"https:\/\/cfcontabil.com\/cf\/wp-json\/wp\/v2\/tags?post=766"}],"curies":[{"name":"wp","href":"https:\/\/api.w.org\/{rel}","templated":true}]}}