{"id":836,"date":"2017-01-19T06:15:51","date_gmt":"2017-01-19T08:15:51","guid":{"rendered":"http:\/\/cfcontabil.com\/cf\/?p=836"},"modified":"2017-01-19T06:15:51","modified_gmt":"2017-01-19T08:15:51","slug":"esocial-agora-permite-abater-guias-ja-pagas","status":"publish","type":"post","link":"https:\/\/cfcontabil.com\/cf\/esocial-agora-permite-abater-guias-ja-pagas\/","title":{"rendered":"eSOCIAL: agora permite abater GUIAS j\u00e1 pagas"},"content":{"rendered":"<p style=\"text-align: justify;\">A partir da folha de janeiro de 2017, o eSocial traz uma nova funcionalidade: o abatimento de guias DAE j\u00e1 pagas numa mesma compet\u00eancia.<\/p>\n<p style=\"text-align: justify;\">Esta aplica\u00e7\u00e3o \u00e9 \u00fatil nos casos em que o empregador encerrou a compet\u00eancia e pagou o DAE, deixando de considerar valores devidos ao empregado (por exemplo, n\u00e3o incluiu na folha as horas extras pagas). Ao reabrir a folha para retificar o equ\u00edvoco, os valores de encargos s\u00e3o calculados automaticamente pelo sistema. Com a novidade, o empregador poder\u00e1 solicitar o abatimento da guia paga anteriormente e o eSocial calcular\u00e1 apenas a diferen\u00e7a devida, numa nova guia DAE.<\/p>\n<p style=\"text-align: justify;\"><strong>Mas aten\u00e7\u00e3o:<\/strong> somente podem ser abatidas guias pagas para a mesma compet\u00eancia.<\/p>\n<p style=\"text-align: justify;\">Valores eventualmente pagos a maior em outra compet\u00eancia n\u00e3o podem ser objeto de compensa\u00e7\u00e3o. Neste caso, o empregador dever\u00e1 procurar o atendimento da Receita Federal (para Contribui\u00e7\u00e3o Previdenci\u00e1ria ou Imposto de Renda) ou da Caixa Econ\u00f4mica Federal (nos casos de FGTS) para solicitar a restitui\u00e7\u00e3o.<\/p>\n<p style=\"text-align: right;\"><!--more-->Fonte: <a href=\"http:\/\/www.esocial.gov.br\">www.esocial.gov.br<\/a><\/p>\n","protected":false},"excerpt":{"rendered":"<p>A partir da folha de janeiro de 2017, o eSocial traz uma nova funcionalidade: o abatimento de guias DAE j\u00e1 pagas numa mesma compet\u00eancia. Esta aplica\u00e7\u00e3o \u00e9 \u00fatil nos casos em que o empregador encerrou a compet\u00eancia e pagou o DAE, deixando de considerar valores devidos ao empregado (por exemplo, n\u00e3o incluiu na folha as [&hellip;]<\/p>\n","protected":false},"author":3,"featured_media":1482,"comment_status":"open","ping_status":"open","sticky":false,"template":"","format":"standard","meta":{"jetpack_post_was_ever_published":false,"_jetpack_newsletter_access":"","_jetpack_dont_email_post_to_subs":false,"_jetpack_newsletter_tier_id":0,"_jetpack_memberships_contains_paywalled_content":false,"_jetpack_memberships_contains_paid_content":false,"footnotes":"","jetpack_publicize_message":"","jetpack_publicize_feature_enabled":true,"jetpack_social_post_already_shared":true,"jetpack_social_options":{"image_generator_settings":{"template":"highway","default_image_id":0,"font":"","enabled":false},"version":2}},"categories":[29],"tags":[292,191,192,78,79,293,294,295],"class_list":["post-836","post","type-post","status-publish","format-standard","has-post-thumbnail","hentry","category-dp","tag-competencia","tag-domestico","tag-empregado","tag-esocial","tag-fgts","tag-guias","tag-pagas","tag-previdencia"],"jetpack_publicize_connections":[],"jetpack_featured_media_url":"https:\/\/i0.wp.com\/cfcontabil.com\/cf\/wp-content\/uploads\/2016\/03\/esocial-1374759873-2.png?fit=439%2C339&ssl=1","jetpack_sharing_enabled":true,"jetpack_shortlink":"https:\/\/wp.me\/p2wklX-du","jetpack-related-posts":[{"id":2224,"url":"https:\/\/cfcontabil.com\/cf\/fgts-e-ferias-de-domesticas-o-que-preciso-fazer-no-esocial\/","url_meta":{"origin":836,"position":0},"title":"FGTS e F\u00e9rias de Dom\u00e9sticas: O que preciso fazer no eSocial?","author":"Ab\u00edlio Gon\u00e7alves","date":"5 de abril de 2020","format":false,"excerpt":"A MP 927\/2020 permite a todos os empregadores suspender o recolhimento de FGTS at\u00e9 maio. A MP 927\/2020 permitiu a suspens\u00e3o de recolhimento do Fundo de Garantia por Tempo de Servi\u00e7o,\u00a0FGTS,\u00a0por parte dos empregadores. Com a medida, fica suspensa a obrigatoriedade do recolhimento referente aos per\u00edodos de mar\u00e7o, abril e\u2026","rel":"","context":"Em &quot;Departamento Pessoal&quot;","block_context":{"text":"Departamento Pessoal","link":"https:\/\/cfcontabil.com\/cf\/category\/dp\/"},"img":{"alt_text":"","src":"https:\/\/i0.wp.com\/cfcontabil.com\/cf\/wp-content\/uploads\/2020\/04\/mp927.jpeg?fit=768%2C423&ssl=1&resize=350%2C200","width":350,"height":200,"srcset":"https:\/\/i0.wp.com\/cfcontabil.com\/cf\/wp-content\/uploads\/2020\/04\/mp927.jpeg?fit=768%2C423&ssl=1&resize=350%2C200 1x, https:\/\/i0.wp.com\/cfcontabil.com\/cf\/wp-content\/uploads\/2020\/04\/mp927.jpeg?fit=768%2C423&ssl=1&resize=525%2C300 1.5x, https:\/\/i0.wp.com\/cfcontabil.com\/cf\/wp-content\/uploads\/2020\/04\/mp927.jpeg?fit=768%2C423&ssl=1&resize=700%2C400 2x"},"classes":[]},{"id":1946,"url":"https:\/\/cfcontabil.com\/cf\/esocial-domestico-atualizado-com-o-novo-valor-do-salario-familia\/","url_meta":{"origin":836,"position":1},"title":"eSocial Dom\u00e9stico atualizado com o novo valor do sal\u00e1rio-fam\u00edlia","author":"Ab\u00edlio Gon\u00e7alves","date":"25 de novembro de 2019","format":false,"excerpt":"Emenda Constitucional 103\/2019 altera o valor do sal\u00e1rio-fam\u00edlia que passa a valer a partir de novembro de 2019. \u00a0 A Emenda Constitucional 103, que foi promulgada em 12 de novembro de 2019, promoveu altera\u00e7\u00e3o no valor da cota do sal\u00e1rio-fam\u00edlia que passou a ser R$ 46,54 (quarenta e seis reais\u2026","rel":"","context":"Em &quot;Departamento Pessoal&quot;","block_context":{"text":"Departamento Pessoal","link":"https:\/\/cfcontabil.com\/cf\/category\/dp\/"},"img":{"alt_text":"","src":"https:\/\/i0.wp.com\/cfcontabil.com\/cf\/wp-content\/uploads\/2017\/06\/esocial-pasta-1.jpg?fit=1000%2C591&ssl=1&resize=350%2C200","width":350,"height":200,"srcset":"https:\/\/i0.wp.com\/cfcontabil.com\/cf\/wp-content\/uploads\/2017\/06\/esocial-pasta-1.jpg?fit=1000%2C591&ssl=1&resize=350%2C200 1x, https:\/\/i0.wp.com\/cfcontabil.com\/cf\/wp-content\/uploads\/2017\/06\/esocial-pasta-1.jpg?fit=1000%2C591&ssl=1&resize=525%2C300 1.5x, https:\/\/i0.wp.com\/cfcontabil.com\/cf\/wp-content\/uploads\/2017\/06\/esocial-pasta-1.jpg?fit=1000%2C591&ssl=1&resize=700%2C400 2x"},"classes":[]},{"id":1317,"url":"https:\/\/cfcontabil.com\/cf\/conhece-o-esocial-domestico-nos-podemos-ajudar\/","url_meta":{"origin":836,"position":2},"title":"Conhece o eSocial Dom\u00e9stico? N\u00f3s podemos ajudar!","author":"Ab\u00edlio Gon\u00e7alves","date":"7 de junho de 2018","format":false,"excerpt":"Ativo desde 2015, o\u00a0e-Social \u00e9 um sistema que foi desenvolvido para minimizar os problemas de pagamentos de direitos aos trabalhadores dom\u00e9sticos, de forma que eles tenham garantido o pagamento de todos os seus direitos por lei. Um sistema que permite o empregador encaminhar informa\u00e7\u00f5es trabalhistas de forma mais pr\u00e1tica para\u2026","rel":"","context":"Em &quot;Departamento Pessoal&quot;","block_context":{"text":"Departamento Pessoal","link":"https:\/\/cfcontabil.com\/cf\/category\/dp\/"},"img":{"alt_text":"","src":"https:\/\/i0.wp.com\/cfcontabil.com\/cf\/wp-content\/uploads\/2018\/06\/esocial-domestico-1.jpg?fit=600%2C450&ssl=1&resize=350%2C200","width":350,"height":200,"srcset":"https:\/\/i0.wp.com\/cfcontabil.com\/cf\/wp-content\/uploads\/2018\/06\/esocial-domestico-1.jpg?fit=600%2C450&ssl=1&resize=350%2C200 1x, https:\/\/i0.wp.com\/cfcontabil.com\/cf\/wp-content\/uploads\/2018\/06\/esocial-domestico-1.jpg?fit=600%2C450&ssl=1&resize=525%2C300 1.5x"},"classes":[]},{"id":2658,"url":"https:\/\/cfcontabil.com\/cf\/como-o-esocial-simplificado-ajudara-pequenas-empresas-a-regularizar-funcionarios\/","url_meta":{"origin":836,"position":3},"title":"Como o eSocial simplificado ajudar\u00e1 pequenas empresas a regularizar funcion\u00e1rios","author":"Ab\u00edlio Gon\u00e7alves","date":"25 de agosto de 2021","format":false,"excerpt":"O\u00a0eSocial\u00a0\u00e9 um sistema do governo federal que\u00a0unifica o acesso a informa\u00e7\u00f5es dos trabalhadores de uma empresa, por parte do empregador. A partir de outubro, ele ganhar\u00e1 um m\u00f3dulo simplificado\u00a0para ajudar o Microempreendedor Individual (MEI) a prestar informa\u00e7\u00f5es sobre a empresa. Na pr\u00e1tica, ele vai estimular os pequenos empreendedores a combater\u2026","rel":"","context":"Em &quot;Departamento Pessoal&quot;","block_context":{"text":"Departamento Pessoal","link":"https:\/\/cfcontabil.com\/cf\/category\/dp\/"},"img":{"alt_text":"","src":"https:\/\/i0.wp.com\/cfcontabil.com\/cf\/wp-content\/uploads\/2018\/09\/esocial-1-810x456-1.jpg?fit=810%2C456&ssl=1&resize=350%2C200","width":350,"height":200,"srcset":"https:\/\/i0.wp.com\/cfcontabil.com\/cf\/wp-content\/uploads\/2018\/09\/esocial-1-810x456-1.jpg?fit=810%2C456&ssl=1&resize=350%2C200 1x, https:\/\/i0.wp.com\/cfcontabil.com\/cf\/wp-content\/uploads\/2018\/09\/esocial-1-810x456-1.jpg?fit=810%2C456&ssl=1&resize=525%2C300 1.5x, https:\/\/i0.wp.com\/cfcontabil.com\/cf\/wp-content\/uploads\/2018\/09\/esocial-1-810x456-1.jpg?fit=810%2C456&ssl=1&resize=700%2C400 2x"},"classes":[]},{"id":667,"url":"https:\/\/cfcontabil.com\/cf\/empregado-domestico\/","url_meta":{"origin":836,"position":4},"title":"EMPREGADO DOM\u00c9STICO","author":"Ab\u00edlio Gon\u00e7alves","date":"11 de mar\u00e7o de 2016","format":false,"excerpt":"Portal do eSocial ficar\u00e1 indispon\u00edvel durante duas horas neste s\u00e1bado Medida \u00e9 necess\u00e1ria para a expans\u00e3o do banco de dados do sistema O sistema do eSocial estar\u00e1 indispon\u00edvel neste s\u00e1bado (12), das 10 horas ao meio-dia. A medida, de car\u00e1ter t\u00e9cnico, tem como objetivo a migra\u00e7\u00e3o do banco de dados\u2026","rel":"","context":"Em &quot;Departamento Pessoal&quot;","block_context":{"text":"Departamento Pessoal","link":"https:\/\/cfcontabil.com\/cf\/category\/dp\/"},"img":{"alt_text":"","src":"https:\/\/i0.wp.com\/cfcontabil.com\/cf\/wp-content\/uploads\/2016\/03\/esocial-1374759873-2.png?fit=439%2C339&ssl=1&resize=350%2C200","width":350,"height":200},"classes":[]},{"id":1881,"url":"https:\/\/cfcontabil.com\/cf\/novas-funcionalidades-deixam-o-esocial-web-domestico-ainda-mais-simples\/","url_meta":{"origin":836,"position":5},"title":"Novas funcionalidades deixam o eSocial Web Dom\u00e9stico ainda mais simples","author":"Ab\u00edlio Gon\u00e7alves","date":"12 de novembro de 2019","format":false,"excerpt":"O m\u00f3dulo web dom\u00e9stico passou por grandes mudan\u00e7as a partir desta segunda (11) Novas ferramentas amig\u00e1veis e intuitivas: assistente \"passo a passo\" para f\u00e9rias e desligamento, lan\u00e7amento autom\u00e1tico da primeira parcela do 13\u00ba, alertas na p\u00e1gina principal, reajuste salarial simplificado. Diversas mudan\u00e7as entraram em vigor nesta segunda-feira\u00a0(11). E ainda h\u00e1\u2026","rel":"","context":"Em &quot;Departamento Pessoal&quot;","block_context":{"text":"Departamento Pessoal","link":"https:\/\/cfcontabil.com\/cf\/category\/dp\/"},"img":{"alt_text":"","src":"https:\/\/i0.wp.com\/cfcontabil.com\/cf\/wp-content\/uploads\/2018\/06\/esocial-domestico-1.jpg?fit=600%2C450&ssl=1&resize=350%2C200","width":350,"height":200,"srcset":"https:\/\/i0.wp.com\/cfcontabil.com\/cf\/wp-content\/uploads\/2018\/06\/esocial-domestico-1.jpg?fit=600%2C450&ssl=1&resize=350%2C200 1x, https:\/\/i0.wp.com\/cfcontabil.com\/cf\/wp-content\/uploads\/2018\/06\/esocial-domestico-1.jpg?fit=600%2C450&ssl=1&resize=525%2C300 1.5x"},"classes":[]}],"jetpack_likes_enabled":true,"_links":{"self":[{"href":"https:\/\/cfcontabil.com\/cf\/wp-json\/wp\/v2\/posts\/836","targetHints":{"allow":["GET"]}}],"collection":[{"href":"https:\/\/cfcontabil.com\/cf\/wp-json\/wp\/v2\/posts"}],"about":[{"href":"https:\/\/cfcontabil.com\/cf\/wp-json\/wp\/v2\/types\/post"}],"author":[{"embeddable":true,"href":"https:\/\/cfcontabil.com\/cf\/wp-json\/wp\/v2\/users\/3"}],"replies":[{"embeddable":true,"href":"https:\/\/cfcontabil.com\/cf\/wp-json\/wp\/v2\/comments?post=836"}],"version-history":[{"count":0,"href":"https:\/\/cfcontabil.com\/cf\/wp-json\/wp\/v2\/posts\/836\/revisions"}],"wp:featuredmedia":[{"embeddable":true,"href":"https:\/\/cfcontabil.com\/cf\/wp-json\/wp\/v2\/media\/1482"}],"wp:attachment":[{"href":"https:\/\/cfcontabil.com\/cf\/wp-json\/wp\/v2\/media?parent=836"}],"wp:term":[{"taxonomy":"category","embeddable":true,"href":"https:\/\/cfcontabil.com\/cf\/wp-json\/wp\/v2\/categories?post=836"},{"taxonomy":"post_tag","embeddable":true,"href":"https:\/\/cfcontabil.com\/cf\/wp-json\/wp\/v2\/tags?post=836"}],"curies":[{"name":"wp","href":"https:\/\/api.w.org\/{rel}","templated":true}]}}