{"id":844,"date":"2017-01-23T06:15:38","date_gmt":"2017-01-23T08:15:38","guid":{"rendered":"http:\/\/cfcontabil.com\/cf\/?p=844"},"modified":"2017-01-23T06:15:38","modified_gmt":"2017-01-23T08:15:38","slug":"entrega-da-rais-2016-sera-ate-dia-17-de-marco","status":"publish","type":"post","link":"https:\/\/cfcontabil.com\/cf\/entrega-da-rais-2016-sera-ate-dia-17-de-marco\/","title":{"rendered":"Entrega da RAIS 2016 ser\u00e1 at\u00e9 dia 17 de mar\u00e7o"},"content":{"rendered":"<p style=\"text-align: justify;\">Quem n\u00e3o cumprir o prazo pagar\u00e1 multa que pode chegar a R$ 42.641,00<\/p>\n<p>O per\u00edodo para entrega da declara\u00e7\u00e3o da Rela\u00e7\u00e3o Anual de Informa\u00e7\u00f5es Sociais (RAIS) de 2016 iniciou no\u00a0dia 17 de janeiro e se estende at\u00e9 17 de mar\u00e7o.<\/p>\n<p style=\"text-align: justify;\">S\u00e3o obrigadas a preencher o documento todas as pessoas jur\u00eddicas com CNPJ ativo na Receita Federal no ano passado, com ou sem empregados, dos setores p\u00fablico ou privado, e todos os estabelecimentos com Cadastro de Empresa Individual (CEI) que possuem funcion\u00e1rios. A declara\u00e7\u00e3o \u00e9 facultativa a Microempreendedores Individuais (MEI) sem empregados.<\/p>\n<p style=\"text-align: justify;\">Como fazer?<!--more--><br \/>\nPara fazer a declara\u00e7\u00e3o da RAIS \u00e9 preciso utilizar o programa GDRAIS 2016.<\/p>\n<p style=\"text-align: justify;\">O envio da declara\u00e7\u00e3o da RAIS dever\u00e1 ser feita somente via internet. Em se tratando de estabelecimento sem v\u00ednculos empregat\u00edcios no ano-base, dever\u00e1 ser utilizado o formul\u00e1rio pr\u00f3prio de Declara\u00e7\u00e3o de RAIS Negativa Web. Ambas as formas de declara\u00e7\u00e3o estar\u00e3o dispon\u00edveis no site da RAIS (www.rais.gov.br). A Portaria N\u00b0 1.464, que trata das regras sobre esse documento, foi publicada no Di\u00e1rio Oficial da Uni\u00e3o, em 30 de dezembro de 2016.<\/p>\n<p>O coordenador-geral de Estat\u00edsticas do Minist\u00e9rio do Trabalho, M\u00e1rio Magalh\u00e3es, explica que a RAIS \u00e9 a fonte de informa\u00e7\u00e3o mais completa sobre empregadores e trabalhadores formais no Brasil. Nela constam dados como o n\u00famero de empresas, em que munic\u00edpios est\u00e3o situadas, o ramo de atividade e a quantidade de empregados.<\/p>\n<p>Essa mesma base de dados tamb\u00e9m informa quem s\u00e3o os trabalhadores brasileiros, em que ocupa\u00e7\u00f5es est\u00e3o, quanto ganham e qual o tipo de v\u00ednculo que possuem com as empresas \u2013 se s\u00e3o contratados por tempo indeterminado, tempor\u00e1rios, servidores p\u00fablicos ou est\u00e3o ocupando cargos comissionados.<\/p>\n<p>\u201cA RAIS \u00e9 importante para assegurar direitos dos trabalhadores, como abono salarial, por exemplo, cujos benefici\u00e1rios s\u00e3o identificados com base nessa declara\u00e7\u00e3o. E ela tamb\u00e9m subsidia o planejamento das a\u00e7\u00f5es governamentais\u201d, destaca Magalh\u00e3es. Al\u00e9m disso, essa rela\u00e7\u00e3o serve para identificar os trabalhadores estrangeiros no mercado de trabalho formal e para controle dos registros do FGTS e dos Sistemas de Arrecada\u00e7\u00e3o e de Concess\u00e3o de Benef\u00edcios Previdenci\u00e1rios.<\/p>\n<p>Quem n\u00e3o entregar a declara\u00e7\u00e3o da Rela\u00e7\u00e3o Anual de Informa\u00e7\u00f5es Sociais no prazo estabelecido ou fornecer informa\u00e7\u00f5es incorretas pagar\u00e1 multa. Os valores, que variam conforme o tempo de atraso e o n\u00famero de funcion\u00e1rios, v\u00e3o de R$ 425,64 e podem chegar a R$ 42.641,00.<\/p>\n<p style=\"text-align: right;\">Fonte: www.trabalho.gov.br<\/p>\n","protected":false},"excerpt":{"rendered":"<p>Quem n\u00e3o cumprir o prazo pagar\u00e1 multa que pode chegar a R$ 42.641,00 O per\u00edodo para entrega da declara\u00e7\u00e3o da Rela\u00e7\u00e3o Anual de Informa\u00e7\u00f5es Sociais (RAIS) de 2016 iniciou no\u00a0dia 17 de janeiro e se estende at\u00e9 17 de mar\u00e7o. S\u00e3o obrigadas a preencher o documento todas as pessoas jur\u00eddicas com CNPJ ativo na Receita [&hellip;]<\/p>\n","protected":false},"author":3,"featured_media":845,"comment_status":"open","ping_status":"open","sticky":false,"template":"","format":"standard","meta":{"jetpack_post_was_ever_published":false,"_jetpack_newsletter_access":"","_jetpack_dont_email_post_to_subs":false,"_jetpack_newsletter_tier_id":0,"_jetpack_memberships_contains_paywalled_content":false,"_jetpack_memberships_contains_paid_content":false,"footnotes":"","jetpack_publicize_message":"Entrega da #RAIS 2016 ser\u00e1 at\u00e9 dia 17 de mar\u00e7o","jetpack_publicize_feature_enabled":true,"jetpack_social_post_already_shared":true,"jetpack_social_options":{"image_generator_settings":{"template":"highway","default_image_id":0,"font":"","enabled":false},"version":2}},"categories":[29],"tags":[106,298,299,185,52,165],"class_list":["post-844","post","type-post","status-publish","format-standard","has-post-thumbnail","hentry","category-dp","tag-declaracao","tag-gdrais","tag-informacoes","tag-rais","tag-sociais","tag-trabalhador"],"jetpack_publicize_connections":[],"jetpack_featured_media_url":"https:\/\/i0.wp.com\/cfcontabil.com\/cf\/wp-content\/uploads\/2017\/01\/rais-1280x720-1.jpg?fit=1280%2C720&ssl=1","jetpack_sharing_enabled":true,"jetpack_shortlink":"https:\/\/wp.me\/p2wklX-dC","jetpack-related-posts":[{"id":649,"url":"https:\/\/cfcontabil.com\/cf\/prazo-de-entrega-da-rais-termina-em-18marco\/","url_meta":{"origin":844,"position":0},"title":"Prazo de Entrega da RAIS Termina em 18\/Mar\u00e7o","author":"Ab\u00edlio Gon\u00e7alves","date":"10 de mar\u00e7o de 2016","format":false,"excerpt":"Para o ano base 2015, o\u00a0prazo para a entrega da\u00a0RAIS \u2013 Rela\u00e7\u00e3o Anual de Informa\u00e7\u00f5es Sociais\u00a0encerra-se no dia 18\/03\/2016.\u00a0\u00a0O prazo n\u00e3o ser\u00e1 prorrogado. Segundo a Portaria n\u00ba 269, de 29 de dezembro de 2015, do Minist\u00e9rio do Trabalho e Emprego (MTE), a entrega da Rais n\u00e3o ser\u00e1 prorrogada. Assim, a\u2026","rel":"","context":"Em &quot;Departamento Pessoal&quot;","block_context":{"text":"Departamento Pessoal","link":"https:\/\/cfcontabil.com\/cf\/category\/dp\/"},"img":{"alt_text":"","src":"https:\/\/i0.wp.com\/cfcontabil.com\/cf\/wp-content\/uploads\/2016\/03\/rais-2016-2-2.jpg?fit=530%2C249&ssl=1&resize=350%2C200","width":350,"height":200,"srcset":"https:\/\/i0.wp.com\/cfcontabil.com\/cf\/wp-content\/uploads\/2016\/03\/rais-2016-2-2.jpg?fit=530%2C249&ssl=1&resize=350%2C200 1x, https:\/\/i0.wp.com\/cfcontabil.com\/cf\/wp-content\/uploads\/2016\/03\/rais-2016-2-2.jpg?fit=530%2C249&ssl=1&resize=525%2C300 1.5x"},"classes":[]},{"id":1047,"url":"https:\/\/cfcontabil.com\/cf\/rais-2016-declaracao-garante-pagamento-de-beneficios\/","url_meta":{"origin":844,"position":1},"title":"RAIS 2016 &#8211; Declara\u00e7\u00e3o garante pagamento de benef\u00edcios","author":"Ab\u00edlio Gon\u00e7alves","date":"10 de mar\u00e7o de 2017","format":false,"excerpt":"Abono Salarial, FGTS e INSS s\u00e3o algumas das informa\u00e7\u00f5es que podem ser checadas pela RAIS. O prazo para entregar a Rela\u00e7\u00e3o Anual de Informa\u00e7\u00f5es Sociais (RAIS) de 2016 termina no pr\u00f3ximo dia 17 de mar\u00e7o.\u00a0 Os contribuintes com CNPJ ativo na Receita Federal em 2016, incluindo os Microempreendedores Individuais (MEI)\u2026","rel":"","context":"Em &quot;Departamento Pessoal&quot;","block_context":{"text":"Departamento Pessoal","link":"https:\/\/cfcontabil.com\/cf\/category\/dp\/"},"img":{"alt_text":"","src":"https:\/\/i0.wp.com\/cfcontabil.com\/cf\/wp-content\/uploads\/2017\/01\/rais-1280x720-1.jpg?fit=1200%2C675&ssl=1&resize=350%2C200","width":350,"height":200,"srcset":"https:\/\/i0.wp.com\/cfcontabil.com\/cf\/wp-content\/uploads\/2017\/01\/rais-1280x720-1.jpg?fit=1200%2C675&ssl=1&resize=350%2C200 1x, https:\/\/i0.wp.com\/cfcontabil.com\/cf\/wp-content\/uploads\/2017\/01\/rais-1280x720-1.jpg?fit=1200%2C675&ssl=1&resize=525%2C300 1.5x, https:\/\/i0.wp.com\/cfcontabil.com\/cf\/wp-content\/uploads\/2017\/01\/rais-1280x720-1.jpg?fit=1200%2C675&ssl=1&resize=700%2C400 2x, https:\/\/i0.wp.com\/cfcontabil.com\/cf\/wp-content\/uploads\/2017\/01\/rais-1280x720-1.jpg?fit=1200%2C675&ssl=1&resize=1050%2C600 3x"},"classes":[]},{"id":859,"url":"https:\/\/cfcontabil.com\/cf\/ministerio-do-trabalho-lanca-cartilha-para-esclarecer-duvidas-da-rais\/","url_meta":{"origin":844,"position":2},"title":"Minist\u00e9rio do Trabalho lan\u00e7a cartilha para esclarecer d\u00favidas da RAIS","author":"Ab\u00edlio Gon\u00e7alves","date":"26 de janeiro de 2017","format":false,"excerpt":"Publica\u00e7\u00e3o serve para esclarecer d\u00favidas sobre como fazer a declara\u00e7\u00e3o de forma correta O Minist\u00e9rio do Trabalho acaba de lan\u00e7ar a Cartilha da Rais, para esclarecer d\u00favidas sobre como fazer a declara\u00e7\u00e3o anual de forma correta. Desde o dia 17 de janeiro est\u00e1 aberto o prazo para declarar as informa\u00e7\u00f5es\u2026","rel":"","context":"Em &quot;Departamento Pessoal&quot;","block_context":{"text":"Departamento Pessoal","link":"https:\/\/cfcontabil.com\/cf\/category\/dp\/"},"img":{"alt_text":"","src":"https:\/\/i0.wp.com\/cfcontabil.com\/cf\/wp-content\/uploads\/2017\/01\/rais-1280x720-1.jpg?fit=1200%2C675&ssl=1&resize=350%2C200","width":350,"height":200,"srcset":"https:\/\/i0.wp.com\/cfcontabil.com\/cf\/wp-content\/uploads\/2017\/01\/rais-1280x720-1.jpg?fit=1200%2C675&ssl=1&resize=350%2C200 1x, https:\/\/i0.wp.com\/cfcontabil.com\/cf\/wp-content\/uploads\/2017\/01\/rais-1280x720-1.jpg?fit=1200%2C675&ssl=1&resize=525%2C300 1.5x, https:\/\/i0.wp.com\/cfcontabil.com\/cf\/wp-content\/uploads\/2017\/01\/rais-1280x720-1.jpg?fit=1200%2C675&ssl=1&resize=700%2C400 2x, https:\/\/i0.wp.com\/cfcontabil.com\/cf\/wp-content\/uploads\/2017\/01\/rais-1280x720-1.jpg?fit=1200%2C675&ssl=1&resize=1050%2C600 3x"},"classes":[]},{"id":684,"url":"https:\/\/cfcontabil.com\/cf\/reta-final-para-enviar-a-rais\/","url_meta":{"origin":844,"position":3},"title":"Reta final para enviar a RAIS","author":"Ab\u00edlio Gon\u00e7alves","date":"17 de mar\u00e7o de 2016","format":false,"excerpt":"N\u00e3o perca tempo! Encerra-se no dia 18 de mar\u00e7o o prazo para envio da RAIS. E\u00a0caso tenha d\u00favidas sobre a declara\u00e7\u00e3o, busque a assist\u00eancia de uma Contabilidade para auxili\u00e1-lo no preenchimento da Rela\u00e7\u00e3o Anual de Informa\u00e7\u00f5es Sociais (RAIS) \u2013 Ano-Base 2015. As declara\u00e7\u00f5es dever\u00e3o ser fornecidas pela internet, mediante utiliza\u00e7\u00e3o\u2026","rel":"","context":"Em &quot;Consultoria Empresarial&quot;","block_context":{"text":"Consultoria Empresarial","link":"https:\/\/cfcontabil.com\/cf\/category\/consultoria\/"},"img":{"alt_text":"","src":"https:\/\/i0.wp.com\/cfcontabil.com\/cf\/wp-content\/uploads\/2016\/03\/rais-2015-1.jpg?fit=358%2C200&ssl=1&resize=350%2C200","width":350,"height":200},"classes":[]},{"id":1178,"url":"https:\/\/cfcontabil.com\/cf\/veja-as-obrigacoes-trabalhistas-a-serem-extintas-com-o-esocial\/","url_meta":{"origin":844,"position":4},"title":"Veja as obriga\u00e7\u00f5es trabalhistas a serem extintas com o eSocial","author":"Ab\u00edlio Gon\u00e7alves","date":"13 de junho de 2017","format":false,"excerpt":"Com a implementa\u00e7\u00e3o, a transmiss\u00e3o das informa\u00e7\u00f5es ser\u00e1 feita de forma \u00fanica e centralizada Atualmente as informa\u00e7\u00f5es geradas pelos Departamentos Pessoais das empresas s\u00e3o transmitidas a diversos \u00f3rg\u00e3os diferentes, como a Caixa Econ\u00f4mica Federal (CEF), Instituto Nacional do Seguro Social (INSS), o Minist\u00e9rio da Previd\u00eancia (MPS), o Minist\u00e9rio do Trabalho\u2026","rel":"","context":"Em &quot;Departamento Pessoal&quot;","block_context":{"text":"Departamento Pessoal","link":"https:\/\/cfcontabil.com\/cf\/category\/dp\/"},"img":{"alt_text":"","src":"https:\/\/i0.wp.com\/cfcontabil.com\/cf\/wp-content\/uploads\/2016\/03\/E-social-1-1.jpg?fit=660%2C271&ssl=1&resize=350%2C200","width":350,"height":200,"srcset":"https:\/\/i0.wp.com\/cfcontabil.com\/cf\/wp-content\/uploads\/2016\/03\/E-social-1-1.jpg?fit=660%2C271&ssl=1&resize=350%2C200 1x, https:\/\/i0.wp.com\/cfcontabil.com\/cf\/wp-content\/uploads\/2016\/03\/E-social-1-1.jpg?fit=660%2C271&ssl=1&resize=525%2C300 1.5x"},"classes":[]},{"id":1758,"url":"https:\/\/cfcontabil.com\/cf\/publicada-portaria-que-substitui-o-caged-e-rais-pelo-esocial\/","url_meta":{"origin":844,"position":5},"title":"Publicada portaria que substitui o CAGED e RAIS pelo eSocial","author":"Ab\u00edlio Gon\u00e7alves","date":"15 de outubro de 2019","format":false,"excerpt":"A partir da compet\u00eancia de janeiro 2020 As empresas ou pessoas f\u00edsicas equiparadas a empresas passam a ser obrigadas a substituir as declara\u00e7\u00f5es de CAGED mensal (Cadastro Geral de Empregados e Desempregados) e RAIS (Rela\u00e7\u00e3o Anual de Informa\u00e7\u00f5es Sociais) a partir do ano base 2019, onde eram realizadas a comunica\u00e7\u00e3o\u2026","rel":"","context":"Em &quot;Departamento Pessoal&quot;","block_context":{"text":"Departamento Pessoal","link":"https:\/\/cfcontabil.com\/cf\/category\/dp\/"},"img":{"alt_text":"","src":"https:\/\/i0.wp.com\/cfcontabil.com\/cf\/wp-content\/uploads\/2017\/01\/rais-1280x720-1.jpg?fit=1200%2C675&ssl=1&resize=350%2C200","width":350,"height":200,"srcset":"https:\/\/i0.wp.com\/cfcontabil.com\/cf\/wp-content\/uploads\/2017\/01\/rais-1280x720-1.jpg?fit=1200%2C675&ssl=1&resize=350%2C200 1x, https:\/\/i0.wp.com\/cfcontabil.com\/cf\/wp-content\/uploads\/2017\/01\/rais-1280x720-1.jpg?fit=1200%2C675&ssl=1&resize=525%2C300 1.5x, https:\/\/i0.wp.com\/cfcontabil.com\/cf\/wp-content\/uploads\/2017\/01\/rais-1280x720-1.jpg?fit=1200%2C675&ssl=1&resize=700%2C400 2x, https:\/\/i0.wp.com\/cfcontabil.com\/cf\/wp-content\/uploads\/2017\/01\/rais-1280x720-1.jpg?fit=1200%2C675&ssl=1&resize=1050%2C600 3x"},"classes":[]}],"jetpack_likes_enabled":true,"_links":{"self":[{"href":"https:\/\/cfcontabil.com\/cf\/wp-json\/wp\/v2\/posts\/844","targetHints":{"allow":["GET"]}}],"collection":[{"href":"https:\/\/cfcontabil.com\/cf\/wp-json\/wp\/v2\/posts"}],"about":[{"href":"https:\/\/cfcontabil.com\/cf\/wp-json\/wp\/v2\/types\/post"}],"author":[{"embeddable":true,"href":"https:\/\/cfcontabil.com\/cf\/wp-json\/wp\/v2\/users\/3"}],"replies":[{"embeddable":true,"href":"https:\/\/cfcontabil.com\/cf\/wp-json\/wp\/v2\/comments?post=844"}],"version-history":[{"count":0,"href":"https:\/\/cfcontabil.com\/cf\/wp-json\/wp\/v2\/posts\/844\/revisions"}],"wp:featuredmedia":[{"embeddable":true,"href":"https:\/\/cfcontabil.com\/cf\/wp-json\/wp\/v2\/media\/845"}],"wp:attachment":[{"href":"https:\/\/cfcontabil.com\/cf\/wp-json\/wp\/v2\/media?parent=844"}],"wp:term":[{"taxonomy":"category","embeddable":true,"href":"https:\/\/cfcontabil.com\/cf\/wp-json\/wp\/v2\/categories?post=844"},{"taxonomy":"post_tag","embeddable":true,"href":"https:\/\/cfcontabil.com\/cf\/wp-json\/wp\/v2\/tags?post=844"}],"curies":[{"name":"wp","href":"https:\/\/api.w.org\/{rel}","templated":true}]}}