{"id":856,"date":"2017-01-25T06:15:36","date_gmt":"2017-01-25T08:15:36","guid":{"rendered":"http:\/\/cfcontabil.com\/cf\/?p=856"},"modified":"2017-01-25T06:15:36","modified_gmt":"2017-01-25T08:15:36","slug":"tire-suas-duvidas-sobre-o-reajuste-do-seguro-desemprego","status":"publish","type":"post","link":"https:\/\/cfcontabil.com\/cf\/tire-suas-duvidas-sobre-o-reajuste-do-seguro-desemprego\/","title":{"rendered":"Tire suas d\u00favidas sobre o reajuste do seguro-desemprego"},"content":{"rendered":"<p align=\"justify\">Benef\u00edcio do seguro-desemprego come\u00e7ou a ser pago com reajuste a partir de\u00a0ter\u00e7a-feira (17)<\/p>\n<p>O Minist\u00e9rio do Trabalho liberou o lote de pagamento do Seguro-Desemprego com o reajuste das parcelas. Os novos valores levam em conta o sal\u00e1rio m\u00ednimo a partir de 1\u00b0 de janeiro de 2017 e a varia\u00e7\u00e3o do \u00cdndice Nacional de Pre\u00e7os ao Consumidor (INPC), calculado pelo Instituto Brasileiro de Geografia e Estat\u00edstica (IBGE) e divulgado no \u00faltimo dia 10. O reajuste se aplica a todas as faixas de pagamento, sendo que os valores n\u00e3o podem ser menores do que R$ 937 nem ultrapassar R$ 1.643,72.<\/p>\n<p>O coordenador de Seguro-Desemprego e Abono Salarial do Minist\u00e9rio do Trabalho, Enivaldo Lagares, explica que os pagamentos com os novos valores est\u00e3o sendo feitos desde a \u00faltima ter\u00e7a-feira (17). Ele esclarece as principais d\u00favidas dos trabalhadores a respeito do benef\u00edcio:<\/p>\n<p><strong>Quem vai receber as parcelas do seguro-desemprego reajustadas?<\/strong><!--more--><\/p>\n<p align=\"justify\">\nTodos os trabalhadores com parcelas com data de vencimento a partir de 11 de janeiro de 2017.<\/p>\n<p>Quem j\u00e1 tinha recebido o seguro-desemprego antes do dia 11, como fica?<\/p>\n<p align=\"justify\">\nA lei disp\u00f5e que todos os trabalhadores que j\u00e1 tinham recebido parcelas at\u00e9 o dia 10, recebem com valor do m\u00eas anterior.<\/p>\n<p>E quem foi sacar o benef\u00edcio depois do dia 11, por\u00e9m recebeu com o valor antigo, poder\u00e1 reaver a diferen\u00e7a depois?<\/p>\n<p align=\"justify\">\nQuem tinha a data de pagamento prevista a partir do dia 11 j\u00e1 recebeu o valor reajustado. Quem foi sacar no dia 11, por\u00e9m tinha a data de pagamento prevista at\u00e9 o dia 10, recebeu com o valor antigo e n\u00e3o ter\u00e1 mais nenhuma diferen\u00e7a a receber. A partir do m\u00eas que vem, a parcela vir\u00e1 reajustada para todos os trabalhadores.<\/p>\n<p>Como ser\u00e1 o pagamento do seguro-desemprego reajustado. Todas as pessoas que t\u00eam valores a receber esse m\u00eas j\u00e1 podem procurar um banco?<\/p>\n<p align=\"justify\">\nPara evitar desconforto para os trabalhadores e adequar a demanda a capacidade de atendimento das ag\u00eancias banc\u00e1rias, o Minist\u00e9rio do Trabalho fez um calend\u00e1rio de pagamentos para quem tem parcelas a receber entre os dias 17 e 21 de janeiro. O escalonamento tem como crit\u00e9rio o n\u00famero do PIS, conforme tabela abaixo:<\/p>\n<div align=\"center\">\n<table id=\"table1\" style=\"width: 95%;\" border=\"1\" cellspacing=\"0\" cellpadding=\"0\">\n<tbody>\n<tr>\n<td align=\"center\" bgcolor=\"#E6F2FF\" width=\"10%\"><span style=\"font-family: Arial;\">\u00daLTIMO D\u00cdGITO DO PIS<\/span><\/td>\n<td align=\"center\" bgcolor=\"#E6F2FF\" width=\"10%\"><span style=\"font-family: Arial;\">NOVA DATA DE RECEBIMENTO<\/span><\/td>\n<\/tr>\n<tr>\n<td align=\"center\" width=\"10%\"><span style=\"font-family: Arial;\">1 e 2<\/span><\/td>\n<td align=\"center\" width=\"10%\"><span style=\"font-family: Arial;\">17\/01\/2017<\/span><\/td>\n<\/tr>\n<tr>\n<td align=\"center\" width=\"10%\"><span style=\"font-family: Arial;\">3 e 4<\/span><\/td>\n<td align=\"center\" width=\"10%\"><span style=\"font-family: Arial;\">18\/01\/2017<\/span><\/td>\n<\/tr>\n<tr>\n<td align=\"center\" width=\"10%\"><span style=\"font-family: Arial;\">5 e 6<\/span><\/td>\n<td align=\"center\" width=\"10%\"><span style=\"font-family: Arial;\">19\/01\/2017<\/span><\/td>\n<\/tr>\n<tr>\n<td align=\"center\" width=\"10%\"><span style=\"font-family: Arial;\">7 e 8<\/span><\/td>\n<td align=\"center\" width=\"10%\"><span style=\"font-family: Arial;\">20\/01\/2017<\/span><\/td>\n<\/tr>\n<tr>\n<td align=\"center\" width=\"10%\"><span style=\"font-family: Arial;\">9 e 0<\/span><\/td>\n<td align=\"center\" width=\"10%\"><span style=\"font-family: Arial;\">21\/01\/2017<\/span><\/td>\n<\/tr>\n<\/tbody>\n<\/table>\n<\/div>\n<p>Dia 21 \u00e9 s\u00e1bado. Como esse grupo far\u00e1 para receber?<br \/>\nOs trabalhadores que possuem conta social ou poupan\u00e7a na Caixa ter\u00e3o o valor creditado diretamente na conta. Aqueles que possuem Cart\u00e3o Cidad\u00e3o com senha registrada, poder\u00e3o sacar o benef\u00edcio em uma lot\u00e9rica. Quem n\u00e3o tiver nenhuma dessas op\u00e7\u00f5es citadas, poder\u00e1 fazer o saque normalmente em uma ag\u00eancia f\u00edsica no pr\u00f3ximo dia \u00fatil.<\/p>\n<p>Quem tem a data de pagamento do seguro-desemprego prevista para depois do dia 21, segue a tabela conforme o n\u00famero do PIS ou procura o banco para sacar o benef\u00edcio na data anteriormente prevista?<br \/>\nO escalonamento \u00e9 s\u00f3 para quem tinha o vencimento da parcela at\u00e9 21 de janeiro de 2017. Depois dessa data, segue o calend\u00e1rio normal.<\/p>\n<p>E no pr\u00f3ximo m\u00eas, como ficam as datas de pagamento?<br \/>\nVoltam ao normal. Os trabalhadores dever\u00e3o fazer os saques conforme cronograma recebido no ato do encaminhamento do seguro-desemprego.<\/p>\n<p>Se o sal\u00e1rio m\u00ednimo foi reajustado a partir de 1\u00b0 de janeiro, porque s\u00f3 recebem o valor reajustado as pessoas com parcelas vencidas a partir do dia 11?<br \/>\nA legisla\u00e7\u00e3o brasileira determina que as corre\u00e7\u00f5es do Seguro-Desemprego sejam aplicadas aos benef\u00edcios disponibilizados ap\u00f3s o dia 10. A norma est\u00e1 descrita na Lei n\u00b0 7.998, de 11 de janeiro de 1990 (artigo art. 5\u00b0, \u00a7 3\u00b0, incisos I e II). No intervalo que vai de 1\u00b0 a 10, devem ser aplicados os valores do m\u00eas anterior, conforme consta na Resolu\u00e7\u00e3o Codefat n\u00b0 707, de 10 de janeiro de 2013, detalha o procedimento de reajuste anual e sua aplica\u00e7\u00e3o aos pagamentos.<\/p>\n<p>O valor do seguro-desemprego se aplica a outros benef\u00edcios do governo ou apenas a trabalhadores demitidos sem justa causa?<br \/>\nEle se aplica aos trabalhadores demitidos sem justa causa e tamb\u00e9m a pescadores artesanais em per\u00edodo do defeso, trabalhadores resgatados em condi\u00e7\u00f5es an\u00e1logas \u00e0 de escravo e profissionais com contratos de trabalho suspenso (lay-off).<\/p>\n<p>Como \u00e9 feito o c\u00e1lculo do seguro-desemprego?<br \/>\nO c\u00e1lculo do seguro-desemprego considera a varia\u00e7\u00e3o do \u00cdndice Nacional de Pre\u00e7os ao Consumidor (INPC), calculado pelo Instituto Brasileiro de Geografia e Estat\u00edstica (IBGE) e divulgado no dia 10 de janeiro. A varia\u00e7\u00e3o do INPC tem como base os 12 meses de 2016. Calcula-se o valor do sal\u00e1rio m\u00e9dio dos \u00faltimos tr\u00eas meses anteriores a dispensa e aplica-se na f\u00f3rmula abaixo:<\/p>\n<div align=\"center\">\n<table id=\"table1\" style=\"width: 95%;\" border=\"1\" cellspacing=\"0\" cellpadding=\"0\">\n<tbody>\n<tr>\n<td align=\"center\" bgcolor=\"#E6F2FF\" width=\"10%\"><span style=\"font-family: Arial;\">FAIXAS DE SAL\u00c1RIO M\u00c9DIO<\/span><\/td>\n<td align=\"center\" bgcolor=\"#E6F2FF\" width=\"10%\"><span style=\"font-family: Arial;\">VALOR DA PARCELA<\/span><\/td>\n<\/tr>\n<tr>\n<td align=\"center\" width=\"10%\"><span style=\"font-family: Arial;\">At\u00e9 R$ 1.450,23<\/span><\/td>\n<td align=\"center\" width=\"10%\"><span style=\"font-family: Arial;\">Multiplica-se o sal\u00e1rio m\u00e9dio 0,8 (80%).<\/span><\/td>\n<\/tr>\n<tr>\n<td align=\"center\" width=\"10%\"><span style=\"font-family: Arial;\">De R$ 1.450,24 at\u00e9 R$ 2.417,29<\/span><\/td>\n<td align=\"center\" width=\"10%\"><span style=\"font-family: Arial;\">O que exceder a R$ 1.450,23 multiplica-se por 0,5 (50%) e\u00a0soma-se a R$ 1.160,18.<\/span><\/td>\n<\/tr>\n<tr>\n<td align=\"center\" width=\"10%\"><span style=\"font-family: Arial;\">Acima de R$ 2.417, 29<\/span><\/td>\n<td align=\"center\" width=\"10%\"><span style=\"font-family: Arial;\">O valor da parcela ser\u00e1 de R$ 1.643,72 invariavelmente.<\/span><\/td>\n<\/tr>\n<\/tbody>\n<\/table>\n<\/div>\n<p>&nbsp;<\/p>\n<p style=\"text-align: right;\">\n<p>Fonte: www.trabalho.gov.br<\/p>\n","protected":false},"excerpt":{"rendered":"<p>Benef\u00edcio do seguro-desemprego come\u00e7ou a ser pago com reajuste a partir de\u00a0ter\u00e7a-feira (17) O Minist\u00e9rio do Trabalho liberou o lote de pagamento do Seguro-Desemprego com o reajuste das parcelas. Os novos valores levam em conta o sal\u00e1rio m\u00ednimo a partir de 1\u00b0 de janeiro de 2017 e a varia\u00e7\u00e3o do \u00cdndice Nacional de Pre\u00e7os ao [&hellip;]<\/p>\n","protected":false},"author":3,"featured_media":857,"comment_status":"open","ping_status":"open","sticky":false,"template":"","format":"standard","meta":{"jetpack_post_was_ever_published":false,"_jetpack_newsletter_access":"","_jetpack_dont_email_post_to_subs":false,"_jetpack_newsletter_tier_id":0,"_jetpack_memberships_contains_paywalled_content":false,"_jetpack_memberships_contains_paid_content":false,"footnotes":"","jetpack_publicize_message":"#segurodesemprego","jetpack_publicize_feature_enabled":true,"jetpack_social_post_already_shared":true,"jetpack_social_options":{"image_generator_settings":{"template":"highway","default_image_id":0,"font":"","enabled":false},"version":2}},"categories":[29],"tags":[314,178,315,192,316,317],"class_list":["post-856","post","type-post","status-publish","format-standard","has-post-thumbnail","hentry","category-dp","tag-beneficio","tag-demissao","tag-desemprego","tag-empregado","tag-reajuste","tag-seguro"],"jetpack_publicize_connections":[],"jetpack_featured_media_url":"https:\/\/i0.wp.com\/cfcontabil.com\/cf\/wp-content\/uploads\/2017\/01\/CTPStrabalho-1.jpg?fit=4600%2C2995&ssl=1","jetpack_sharing_enabled":true,"jetpack_shortlink":"https:\/\/wp.me\/p2wklX-dO","jetpack-related-posts":[{"id":902,"url":"https:\/\/cfcontabil.com\/cf\/ministerio-do-trabalho-lanca-plataforma-tecnologica-para-combate-a-fraudes\/","url_meta":{"origin":856,"position":0},"title":"Minist\u00e9rio do Trabalho lan\u00e7a plataforma tecnol\u00f3gica para combate a fraudes","author":"Ab\u00edlio Gon\u00e7alves","date":"1 de fevereiro de 2017","format":false,"excerpt":"Sistema vai proporcionar economia de aproximadamente R$ 1,3 bilh\u00e3o em 2017, evitando pagamentos indevidos. Al\u00e9m disso, a previs\u00e3o \u00e9 que em 2018 o trabalhador n\u00e3o precise mais ir \u00e0s ag\u00eancias para solicitar o benef\u00edcio O combate \u00e0s fraudes no seguro-desemprego ganha uma nova arma. O Minist\u00e9rio do Trabalho (MTb) est\u00e1\u2026","rel":"","context":"Em &quot;Departamento Pessoal&quot;","block_context":{"text":"Departamento Pessoal","link":"https:\/\/cfcontabil.com\/cf\/category\/dp\/"},"img":{"alt_text":"","src":"https:\/\/i0.wp.com\/cfcontabil.com\/cf\/wp-content\/uploads\/2017\/01\/CTPStrabalho-1.jpg?fit=1200%2C781&ssl=1&resize=350%2C200","width":350,"height":200,"srcset":"https:\/\/i0.wp.com\/cfcontabil.com\/cf\/wp-content\/uploads\/2017\/01\/CTPStrabalho-1.jpg?fit=1200%2C781&ssl=1&resize=350%2C200 1x, https:\/\/i0.wp.com\/cfcontabil.com\/cf\/wp-content\/uploads\/2017\/01\/CTPStrabalho-1.jpg?fit=1200%2C781&ssl=1&resize=525%2C300 1.5x, https:\/\/i0.wp.com\/cfcontabil.com\/cf\/wp-content\/uploads\/2017\/01\/CTPStrabalho-1.jpg?fit=1200%2C781&ssl=1&resize=700%2C400 2x, https:\/\/i0.wp.com\/cfcontabil.com\/cf\/wp-content\/uploads\/2017\/01\/CTPStrabalho-1.jpg?fit=1200%2C781&ssl=1&resize=1050%2C600 3x"},"classes":[]},{"id":2215,"url":"https:\/\/cfcontabil.com\/cf\/ponto-a-ponto-mp-936-2020-entenda-cortes-salariais-suspensoes-e-beneficio\/","url_meta":{"origin":856,"position":1},"title":"Ponto a ponto MP 936\/2020: Entenda cortes salariais, suspens\u00f5es e benef\u00edcio","author":"Ab\u00edlio Gon\u00e7alves","date":"2 de abril de 2020","format":false,"excerpt":"A MP 936\/2020 possibilita o corte salarial de at\u00e9 70%, suspens\u00e3o do contrato de trabalho e benef\u00edcio emergencial. Entenda ponto a ponto O Di\u00e1rio Oficial da Uni\u00e3o publicou nesta quarta-feira, 01, a MP 936\/2020 que institui o Programa Emergencial de Manuten\u00e7\u00e3o do Emprego e da Renda. Em suma, a norma\u2026","rel":"","context":"Em &quot;Departamento Pessoal&quot;","block_context":{"text":"Departamento Pessoal","link":"https:\/\/cfcontabil.com\/cf\/category\/dp\/"},"img":{"alt_text":"","src":"https:\/\/i0.wp.com\/cfcontabil.com\/cf\/wp-content\/uploads\/2020\/04\/emprego-4.jpg.pagespeed.ic_.4H7FnGacfP.jpg?fit=1086%2C652&ssl=1&resize=350%2C200","width":350,"height":200,"srcset":"https:\/\/i0.wp.com\/cfcontabil.com\/cf\/wp-content\/uploads\/2020\/04\/emprego-4.jpg.pagespeed.ic_.4H7FnGacfP.jpg?fit=1086%2C652&ssl=1&resize=350%2C200 1x, https:\/\/i0.wp.com\/cfcontabil.com\/cf\/wp-content\/uploads\/2020\/04\/emprego-4.jpg.pagespeed.ic_.4H7FnGacfP.jpg?fit=1086%2C652&ssl=1&resize=525%2C300 1.5x, https:\/\/i0.wp.com\/cfcontabil.com\/cf\/wp-content\/uploads\/2020\/04\/emprego-4.jpg.pagespeed.ic_.4H7FnGacfP.jpg?fit=1086%2C652&ssl=1&resize=700%2C400 2x, https:\/\/i0.wp.com\/cfcontabil.com\/cf\/wp-content\/uploads\/2020\/04\/emprego-4.jpg.pagespeed.ic_.4H7FnGacfP.jpg?fit=1086%2C652&ssl=1&resize=1050%2C600 3x"},"classes":[]},{"id":2375,"url":"https:\/\/cfcontabil.com\/cf\/13o-salario-deve-ser-integral-para-quem-teve-jornada-reduzida-diz-governo\/","url_meta":{"origin":856,"position":2},"title":"13\u00ba sal\u00e1rio deve ser integral para quem teve jornada reduzida, diz governo","author":"Ab\u00edlio Gon\u00e7alves","date":"18 de novembro de 2020","format":false,"excerpt":"Segundo o documento, o benef\u00edcio natalino \u00e9 calculado com base na remunera\u00e7\u00e3o integral do m\u00eas de dezembro, sem influ\u00eancia das redu\u00e7\u00f5es tempor\u00e1rias de jornada e sal\u00e1rio. BAIXE O ARQUIVO COMPLETO: SEI_ME-11826535-Nota-T\u00e9cnicaBaixar O governo divulgou uma nota t\u00e9cnica em que define que\u00a0o 13\u00ba sal\u00e1rio deve ser pago integramente para quem teve\u2026","rel":"","context":"Em &quot;Departamento Pessoal&quot;","block_context":{"text":"Departamento Pessoal","link":"https:\/\/cfcontabil.com\/cf\/category\/dp\/"},"img":{"alt_text":"","src":"https:\/\/i0.wp.com\/cfcontabil.com\/cf\/wp-content\/uploads\/2019\/10\/dinheiro.jpg?fit=670%2C400&ssl=1&resize=350%2C200","width":350,"height":200,"srcset":"https:\/\/i0.wp.com\/cfcontabil.com\/cf\/wp-content\/uploads\/2019\/10\/dinheiro.jpg?fit=670%2C400&ssl=1&resize=350%2C200 1x, https:\/\/i0.wp.com\/cfcontabil.com\/cf\/wp-content\/uploads\/2019\/10\/dinheiro.jpg?fit=670%2C400&ssl=1&resize=525%2C300 1.5x"},"classes":[]},{"id":1883,"url":"https:\/\/cfcontabil.com\/cf\/governo-informa-que-cobrara-contribuicao-previdenciaria-de-quem-receber-seguro-desemprego\/","url_meta":{"origin":856,"position":3},"title":"Governo informa que cobrar\u00e1 contribui\u00e7\u00e3o previdenci\u00e1ria de quem receber seguro-desemprego","author":"Ab\u00edlio Gon\u00e7alves","date":"12 de novembro de 2019","format":false,"excerpt":"Segundo secret\u00e1rio de Previd\u00eancia, medida permitir\u00e1 ao benefici\u00e1rio contar tempo para aposentadoria. Governo estima arrecadar at\u00e9 R$ 12 bi em cinco anos. O secret\u00e1rio de Previd\u00eancia do\u00a0Minist\u00e9rio da Economia, Rog\u00e9rio Marinho, informou nesta segunda-feira (11) que o governo passar\u00e1 a cobrar contribui\u00e7\u00e3o previdenci\u00e1ria de quem receber seguro-desemprego. De acordo com\u2026","rel":"","context":"Em &quot;Departamento Pessoal&quot;","block_context":{"text":"Departamento Pessoal","link":"https:\/\/cfcontabil.com\/cf\/category\/dp\/"},"img":{"alt_text":"","src":"https:\/\/i0.wp.com\/cfcontabil.com\/cf\/wp-content\/uploads\/2019\/11\/salario.jpg?fit=703%2C436&ssl=1&resize=350%2C200","width":350,"height":200,"srcset":"https:\/\/i0.wp.com\/cfcontabil.com\/cf\/wp-content\/uploads\/2019\/11\/salario.jpg?fit=703%2C436&ssl=1&resize=350%2C200 1x, https:\/\/i0.wp.com\/cfcontabil.com\/cf\/wp-content\/uploads\/2019\/11\/salario.jpg?fit=703%2C436&ssl=1&resize=525%2C300 1.5x, https:\/\/i0.wp.com\/cfcontabil.com\/cf\/wp-content\/uploads\/2019\/11\/salario.jpg?fit=703%2C436&ssl=1&resize=700%2C400 2x"},"classes":[]},{"id":911,"url":"https:\/\/cfcontabil.com\/cf\/pispasep-4611-dos-trabalhadores-sacaram-o-abono-salarial-ano-base-2015\/","url_meta":{"origin":856,"position":4},"title":"PIS\/PASEP. 46,11% dos trabalhadores sacaram o Abono Salarial ano-base 2015","author":"Ab\u00edlio Gon\u00e7alves","date":"3 de fevereiro de 2017","format":false,"excerpt":"Pagamentos est\u00e3o sendo feitos conforme calend\u00e1rio estabelecido pelo Conselho Deliberativo do Fundo de Amparo ao Trabalhador (Codefat) Cerca de 11,2 milh\u00f5es de trabalhadores sacaram o Abono Salarial do PIS\/Pasep ano-base 2015, que come\u00e7ou a ser pago em julho do ano passado. Isso corresponde a 46,11% do total de pessoas com\u2026","rel":"","context":"Em &quot;Departamento Pessoal&quot;","block_context":{"text":"Departamento Pessoal","link":"https:\/\/cfcontabil.com\/cf\/category\/dp\/"},"img":{"alt_text":"","src":"https:\/\/i0.wp.com\/cfcontabil.com\/cf\/wp-content\/uploads\/2017\/01\/cartao_do_cidadao-1.png?fit=460%2C322&ssl=1&resize=350%2C200","width":350,"height":200},"classes":[]},{"id":1057,"url":"https:\/\/cfcontabil.com\/cf\/contribuicao-sindical-dos-trabalhadores-e-descontada-em-marco\/","url_meta":{"origin":856,"position":5},"title":"Contribui\u00e7\u00e3o sindical dos trabalhadores \u00e9 descontada em mar\u00e7o","author":"Ab\u00edlio Gon\u00e7alves","date":"13 de mar\u00e7o de 2017","format":false,"excerpt":"Pagamento \u00e9 obrigat\u00f3rio e equivale a um dia de trabalho do empregado. Mar\u00e7o \u00e9 o m\u00eas da contribui\u00e7\u00e3o sindical dos trabalhadores. Todos os empregados, sindicalizados ou n\u00e3o, s\u00e3o obrigados a contribuir com o equivalente a um dia de trabalho. O desconto \u00e9 feito pela empresa diretamente na folha de pagamento\u2026","rel":"","context":"Em &quot;Departamento Pessoal&quot;","block_context":{"text":"Departamento Pessoal","link":"https:\/\/cfcontabil.com\/cf\/category\/dp\/"},"img":{"alt_text":"","src":"https:\/\/i0.wp.com\/cfcontabil.com\/cf\/wp-content\/uploads\/2017\/03\/contribuicao-sindical-1.png?fit=600%2C336&ssl=1&resize=350%2C200","width":350,"height":200,"srcset":"https:\/\/i0.wp.com\/cfcontabil.com\/cf\/wp-content\/uploads\/2017\/03\/contribuicao-sindical-1.png?fit=600%2C336&ssl=1&resize=350%2C200 1x, https:\/\/i0.wp.com\/cfcontabil.com\/cf\/wp-content\/uploads\/2017\/03\/contribuicao-sindical-1.png?fit=600%2C336&ssl=1&resize=525%2C300 1.5x"},"classes":[]}],"jetpack_likes_enabled":true,"_links":{"self":[{"href":"https:\/\/cfcontabil.com\/cf\/wp-json\/wp\/v2\/posts\/856","targetHints":{"allow":["GET"]}}],"collection":[{"href":"https:\/\/cfcontabil.com\/cf\/wp-json\/wp\/v2\/posts"}],"about":[{"href":"https:\/\/cfcontabil.com\/cf\/wp-json\/wp\/v2\/types\/post"}],"author":[{"embeddable":true,"href":"https:\/\/cfcontabil.com\/cf\/wp-json\/wp\/v2\/users\/3"}],"replies":[{"embeddable":true,"href":"https:\/\/cfcontabil.com\/cf\/wp-json\/wp\/v2\/comments?post=856"}],"version-history":[{"count":0,"href":"https:\/\/cfcontabil.com\/cf\/wp-json\/wp\/v2\/posts\/856\/revisions"}],"wp:featuredmedia":[{"embeddable":true,"href":"https:\/\/cfcontabil.com\/cf\/wp-json\/wp\/v2\/media\/857"}],"wp:attachment":[{"href":"https:\/\/cfcontabil.com\/cf\/wp-json\/wp\/v2\/media?parent=856"}],"wp:term":[{"taxonomy":"category","embeddable":true,"href":"https:\/\/cfcontabil.com\/cf\/wp-json\/wp\/v2\/categories?post=856"},{"taxonomy":"post_tag","embeddable":true,"href":"https:\/\/cfcontabil.com\/cf\/wp-json\/wp\/v2\/tags?post=856"}],"curies":[{"name":"wp","href":"https:\/\/api.w.org\/{rel}","templated":true}]}}