{"id":859,"date":"2017-01-26T06:15:05","date_gmt":"2017-01-26T08:15:05","guid":{"rendered":"http:\/\/cfcontabil.com\/cf\/?p=859"},"modified":"2017-01-26T06:15:05","modified_gmt":"2017-01-26T08:15:05","slug":"ministerio-do-trabalho-lanca-cartilha-para-esclarecer-duvidas-da-rais","status":"publish","type":"post","link":"https:\/\/cfcontabil.com\/cf\/ministerio-do-trabalho-lanca-cartilha-para-esclarecer-duvidas-da-rais\/","title":{"rendered":"Minist\u00e9rio do Trabalho lan\u00e7a cartilha para esclarecer d\u00favidas da RAIS"},"content":{"rendered":"<p>Publica\u00e7\u00e3o serve para esclarecer d\u00favidas sobre como fazer a declara\u00e7\u00e3o de forma correta<\/p>\n<p>O Minist\u00e9rio do Trabalho acaba de lan\u00e7ar a Cartilha da Rais, para esclarecer d\u00favidas sobre como fazer a declara\u00e7\u00e3o anual de forma correta. Desde o dia 17 de janeiro est\u00e1 aberto o prazo para declarar as informa\u00e7\u00f5es referentes a 2016.<\/p>\n<p>A entrega da declara\u00e7\u00e3o \u00e9 obrigat\u00f3ria para todas as pessoas jur\u00eddicas com CNPJ ativo na Receita Federal no ano de 2016, com ou sem empregados, dos setores p\u00fablico ou privado, e todos os estabelecimentos com Cadastro de Empresa Individual (CEI) que possuem funcion\u00e1rios.<\/p>\n<p>A cartilha re\u00fane textos explicativos, de forma did\u00e1tica. Em um \u00fanico documento, o leitor encontra informa\u00e7\u00f5es sobre quem deve declarar, a forma correta de realizar a declara\u00e7\u00e3o e os prazos, al\u00e9m de um apanhado geral sobre a import\u00e2ncia do documento.<\/p>\n<p>Mesmo com muitos anos de exist\u00eancia, a Rela\u00e7\u00e3o Anual de Informa\u00e7\u00f5es Sociais (RAIS) continua sendo um instrumento fundamental para coleta de dados e para auxiliar o governo na implanta\u00e7\u00e3o de pol\u00edticas p\u00fablicas, al\u00e9m de contribuir para o planejamento de a\u00e7\u00f5es e servir de ferramenta de monitoramento, controle e aferi\u00e7\u00e3o de resultados dessas mesmas pol\u00edticas. Por essa raz\u00e3o \u00e9 importante preench\u00ea-la corretamente.<\/p>\n<p>A cartilha pode ser acessada por meio do endere\u00e7o: <a href=\"http:\/\/www.trabalho.gov.br\/rais\">www.trabalho.gov.br\/rais<\/a>.<\/p>\n<p><!--more--><br \/>\nO prazo final para a declara\u00e7\u00e3o \u00e9 17 de mar\u00e7o.<\/p>\n<p>Fonte: www.trabalho.gov.br<\/p>\n","protected":false},"excerpt":{"rendered":"<p>Publica\u00e7\u00e3o serve para esclarecer d\u00favidas sobre como fazer a declara\u00e7\u00e3o de forma correta O Minist\u00e9rio do Trabalho acaba de lan\u00e7ar a Cartilha da Rais, para esclarecer d\u00favidas sobre como fazer a declara\u00e7\u00e3o anual de forma correta. Desde o dia 17 de janeiro est\u00e1 aberto o prazo para declarar as informa\u00e7\u00f5es referentes a 2016. A entrega [&hellip;]<\/p>\n","protected":false},"author":3,"featured_media":845,"comment_status":"open","ping_status":"open","sticky":false,"template":"","format":"standard","meta":{"jetpack_post_was_ever_published":false,"_jetpack_newsletter_access":"","_jetpack_dont_email_post_to_subs":false,"_jetpack_newsletter_tier_id":0,"_jetpack_memberships_contains_paywalled_content":false,"_jetpack_memberships_contains_paid_content":false,"footnotes":"","jetpack_publicize_message":"#RAIS tira-d\u00favidas","jetpack_publicize_feature_enabled":true,"jetpack_social_post_already_shared":true,"jetpack_social_options":{"image_generator_settings":{"template":"highway","default_image_id":0,"font":"","enabled":false},"version":2}},"categories":[29],"tags":[318,106,319,299,185,52,209],"class_list":["post-859","post","type-post","status-publish","format-standard","has-post-thumbnail","hentry","category-dp","tag-cartilha","tag-declaracao","tag-duvidas","tag-informacoes","tag-rais","tag-sociais","tag-trabalhadores"],"jetpack_publicize_connections":[],"jetpack_featured_media_url":"https:\/\/i0.wp.com\/cfcontabil.com\/cf\/wp-content\/uploads\/2017\/01\/rais-1280x720-1.jpg?fit=1280%2C720&ssl=1","jetpack_sharing_enabled":true,"jetpack_shortlink":"https:\/\/wp.me\/p2wklX-dR","jetpack-related-posts":[{"id":1047,"url":"https:\/\/cfcontabil.com\/cf\/rais-2016-declaracao-garante-pagamento-de-beneficios\/","url_meta":{"origin":859,"position":0},"title":"RAIS 2016 &#8211; Declara\u00e7\u00e3o garante pagamento de benef\u00edcios","author":"Ab\u00edlio Gon\u00e7alves","date":"10 de mar\u00e7o de 2017","format":false,"excerpt":"Abono Salarial, FGTS e INSS s\u00e3o algumas das informa\u00e7\u00f5es que podem ser checadas pela RAIS. O prazo para entregar a Rela\u00e7\u00e3o Anual de Informa\u00e7\u00f5es Sociais (RAIS) de 2016 termina no pr\u00f3ximo dia 17 de mar\u00e7o.\u00a0 Os contribuintes com CNPJ ativo na Receita Federal em 2016, incluindo os Microempreendedores Individuais (MEI)\u2026","rel":"","context":"Em &quot;Departamento Pessoal&quot;","block_context":{"text":"Departamento Pessoal","link":"https:\/\/cfcontabil.com\/cf\/category\/dp\/"},"img":{"alt_text":"","src":"https:\/\/i0.wp.com\/cfcontabil.com\/cf\/wp-content\/uploads\/2017\/01\/rais-1280x720-1.jpg?fit=1200%2C675&ssl=1&resize=350%2C200","width":350,"height":200,"srcset":"https:\/\/i0.wp.com\/cfcontabil.com\/cf\/wp-content\/uploads\/2017\/01\/rais-1280x720-1.jpg?fit=1200%2C675&ssl=1&resize=350%2C200 1x, https:\/\/i0.wp.com\/cfcontabil.com\/cf\/wp-content\/uploads\/2017\/01\/rais-1280x720-1.jpg?fit=1200%2C675&ssl=1&resize=525%2C300 1.5x, https:\/\/i0.wp.com\/cfcontabil.com\/cf\/wp-content\/uploads\/2017\/01\/rais-1280x720-1.jpg?fit=1200%2C675&ssl=1&resize=700%2C400 2x, https:\/\/i0.wp.com\/cfcontabil.com\/cf\/wp-content\/uploads\/2017\/01\/rais-1280x720-1.jpg?fit=1200%2C675&ssl=1&resize=1050%2C600 3x"},"classes":[]},{"id":844,"url":"https:\/\/cfcontabil.com\/cf\/entrega-da-rais-2016-sera-ate-dia-17-de-marco\/","url_meta":{"origin":859,"position":1},"title":"Entrega da RAIS 2016 ser\u00e1 at\u00e9 dia 17 de mar\u00e7o","author":"Ab\u00edlio Gon\u00e7alves","date":"23 de janeiro de 2017","format":false,"excerpt":"Quem n\u00e3o cumprir o prazo pagar\u00e1 multa que pode chegar a R$ 42.641,00 O per\u00edodo para entrega da declara\u00e7\u00e3o da Rela\u00e7\u00e3o Anual de Informa\u00e7\u00f5es Sociais (RAIS) de 2016 iniciou no\u00a0dia 17 de janeiro e se estende at\u00e9 17 de mar\u00e7o. S\u00e3o obrigadas a preencher o documento todas as pessoas jur\u00eddicas\u2026","rel":"","context":"Em &quot;Departamento Pessoal&quot;","block_context":{"text":"Departamento Pessoal","link":"https:\/\/cfcontabil.com\/cf\/category\/dp\/"},"img":{"alt_text":"","src":"https:\/\/i0.wp.com\/cfcontabil.com\/cf\/wp-content\/uploads\/2017\/01\/rais-1280x720-1.jpg?fit=1200%2C675&ssl=1&resize=350%2C200","width":350,"height":200,"srcset":"https:\/\/i0.wp.com\/cfcontabil.com\/cf\/wp-content\/uploads\/2017\/01\/rais-1280x720-1.jpg?fit=1200%2C675&ssl=1&resize=350%2C200 1x, https:\/\/i0.wp.com\/cfcontabil.com\/cf\/wp-content\/uploads\/2017\/01\/rais-1280x720-1.jpg?fit=1200%2C675&ssl=1&resize=525%2C300 1.5x, https:\/\/i0.wp.com\/cfcontabil.com\/cf\/wp-content\/uploads\/2017\/01\/rais-1280x720-1.jpg?fit=1200%2C675&ssl=1&resize=700%2C400 2x, https:\/\/i0.wp.com\/cfcontabil.com\/cf\/wp-content\/uploads\/2017\/01\/rais-1280x720-1.jpg?fit=1200%2C675&ssl=1&resize=1050%2C600 3x"},"classes":[]},{"id":649,"url":"https:\/\/cfcontabil.com\/cf\/prazo-de-entrega-da-rais-termina-em-18marco\/","url_meta":{"origin":859,"position":2},"title":"Prazo de Entrega da RAIS Termina em 18\/Mar\u00e7o","author":"Ab\u00edlio Gon\u00e7alves","date":"10 de mar\u00e7o de 2016","format":false,"excerpt":"Para o ano base 2015, o\u00a0prazo para a entrega da\u00a0RAIS \u2013 Rela\u00e7\u00e3o Anual de Informa\u00e7\u00f5es Sociais\u00a0encerra-se no dia 18\/03\/2016.\u00a0\u00a0O prazo n\u00e3o ser\u00e1 prorrogado. Segundo a Portaria n\u00ba 269, de 29 de dezembro de 2015, do Minist\u00e9rio do Trabalho e Emprego (MTE), a entrega da Rais n\u00e3o ser\u00e1 prorrogada. Assim, a\u2026","rel":"","context":"Em &quot;Departamento Pessoal&quot;","block_context":{"text":"Departamento Pessoal","link":"https:\/\/cfcontabil.com\/cf\/category\/dp\/"},"img":{"alt_text":"","src":"https:\/\/i0.wp.com\/cfcontabil.com\/cf\/wp-content\/uploads\/2016\/03\/rais-2016-2-2.jpg?fit=530%2C249&ssl=1&resize=350%2C200","width":350,"height":200,"srcset":"https:\/\/i0.wp.com\/cfcontabil.com\/cf\/wp-content\/uploads\/2016\/03\/rais-2016-2-2.jpg?fit=530%2C249&ssl=1&resize=350%2C200 1x, https:\/\/i0.wp.com\/cfcontabil.com\/cf\/wp-content\/uploads\/2016\/03\/rais-2016-2-2.jpg?fit=530%2C249&ssl=1&resize=525%2C300 1.5x"},"classes":[]},{"id":684,"url":"https:\/\/cfcontabil.com\/cf\/reta-final-para-enviar-a-rais\/","url_meta":{"origin":859,"position":3},"title":"Reta final para enviar a RAIS","author":"Ab\u00edlio Gon\u00e7alves","date":"17 de mar\u00e7o de 2016","format":false,"excerpt":"N\u00e3o perca tempo! Encerra-se no dia 18 de mar\u00e7o o prazo para envio da RAIS. E\u00a0caso tenha d\u00favidas sobre a declara\u00e7\u00e3o, busque a assist\u00eancia de uma Contabilidade para auxili\u00e1-lo no preenchimento da Rela\u00e7\u00e3o Anual de Informa\u00e7\u00f5es Sociais (RAIS) \u2013 Ano-Base 2015. As declara\u00e7\u00f5es dever\u00e3o ser fornecidas pela internet, mediante utiliza\u00e7\u00e3o\u2026","rel":"","context":"Em &quot;Consultoria Empresarial&quot;","block_context":{"text":"Consultoria Empresarial","link":"https:\/\/cfcontabil.com\/cf\/category\/consultoria\/"},"img":{"alt_text":"","src":"https:\/\/i0.wp.com\/cfcontabil.com\/cf\/wp-content\/uploads\/2016\/03\/rais-2015-1.jpg?fit=358%2C200&ssl=1&resize=350%2C200","width":350,"height":200},"classes":[]},{"id":2630,"url":"https:\/\/cfcontabil.com\/cf\/entrega-da-declaracao-do-itr-2021-comeca-em-16-de-agosto\/","url_meta":{"origin":859,"position":4},"title":"Entrega da declara\u00e7\u00e3o do ITR 2021 come\u00e7a em 16 de agosto","author":"Ab\u00edlio Gon\u00e7alves","date":"16 de agosto de 2021","format":false,"excerpt":"Procedimento deve ser realizado de forma digital, por meio de programa da Receita Federal. O prazo para entrega da declara\u00e7\u00e3o do Imposto Territorial Rural (ITR), referente ao exerc\u00edcio 2021, tem in\u00edcio no dia 16 de agosto. O procedimento \u00e9 obrigat\u00f3rio para pessoas f\u00edsicas e\/ou jur\u00eddicas propriet\u00e1rias, titulares do dom\u00ednio \u00fatil\u2026","rel":"","context":"Em &quot;Imposto de Renda&quot;","block_context":{"text":"Imposto de Renda","link":"https:\/\/cfcontabil.com\/cf\/category\/imposto-de-renda\/"},"img":{"alt_text":"","src":"https:\/\/i0.wp.com\/cfcontabil.com\/cf\/wp-content\/uploads\/2021\/08\/ITR.png?fit=987%2C270&ssl=1&resize=350%2C200","width":350,"height":200,"srcset":"https:\/\/i0.wp.com\/cfcontabil.com\/cf\/wp-content\/uploads\/2021\/08\/ITR.png?fit=987%2C270&ssl=1&resize=350%2C200 1x, https:\/\/i0.wp.com\/cfcontabil.com\/cf\/wp-content\/uploads\/2021\/08\/ITR.png?fit=987%2C270&ssl=1&resize=525%2C300 1.5x, https:\/\/i0.wp.com\/cfcontabil.com\/cf\/wp-content\/uploads\/2021\/08\/ITR.png?fit=987%2C270&ssl=1&resize=700%2C400 2x"},"classes":[]},{"id":1178,"url":"https:\/\/cfcontabil.com\/cf\/veja-as-obrigacoes-trabalhistas-a-serem-extintas-com-o-esocial\/","url_meta":{"origin":859,"position":5},"title":"Veja as obriga\u00e7\u00f5es trabalhistas a serem extintas com o eSocial","author":"Ab\u00edlio Gon\u00e7alves","date":"13 de junho de 2017","format":false,"excerpt":"Com a implementa\u00e7\u00e3o, a transmiss\u00e3o das informa\u00e7\u00f5es ser\u00e1 feita de forma \u00fanica e centralizada Atualmente as informa\u00e7\u00f5es geradas pelos Departamentos Pessoais das empresas s\u00e3o transmitidas a diversos \u00f3rg\u00e3os diferentes, como a Caixa Econ\u00f4mica Federal (CEF), Instituto Nacional do Seguro Social (INSS), o Minist\u00e9rio da Previd\u00eancia (MPS), o Minist\u00e9rio do Trabalho\u2026","rel":"","context":"Em &quot;Departamento Pessoal&quot;","block_context":{"text":"Departamento Pessoal","link":"https:\/\/cfcontabil.com\/cf\/category\/dp\/"},"img":{"alt_text":"","src":"https:\/\/i0.wp.com\/cfcontabil.com\/cf\/wp-content\/uploads\/2016\/03\/E-social-1-1.jpg?fit=660%2C271&ssl=1&resize=350%2C200","width":350,"height":200,"srcset":"https:\/\/i0.wp.com\/cfcontabil.com\/cf\/wp-content\/uploads\/2016\/03\/E-social-1-1.jpg?fit=660%2C271&ssl=1&resize=350%2C200 1x, https:\/\/i0.wp.com\/cfcontabil.com\/cf\/wp-content\/uploads\/2016\/03\/E-social-1-1.jpg?fit=660%2C271&ssl=1&resize=525%2C300 1.5x"},"classes":[]}],"jetpack_likes_enabled":true,"_links":{"self":[{"href":"https:\/\/cfcontabil.com\/cf\/wp-json\/wp\/v2\/posts\/859","targetHints":{"allow":["GET"]}}],"collection":[{"href":"https:\/\/cfcontabil.com\/cf\/wp-json\/wp\/v2\/posts"}],"about":[{"href":"https:\/\/cfcontabil.com\/cf\/wp-json\/wp\/v2\/types\/post"}],"author":[{"embeddable":true,"href":"https:\/\/cfcontabil.com\/cf\/wp-json\/wp\/v2\/users\/3"}],"replies":[{"embeddable":true,"href":"https:\/\/cfcontabil.com\/cf\/wp-json\/wp\/v2\/comments?post=859"}],"version-history":[{"count":0,"href":"https:\/\/cfcontabil.com\/cf\/wp-json\/wp\/v2\/posts\/859\/revisions"}],"wp:featuredmedia":[{"embeddable":true,"href":"https:\/\/cfcontabil.com\/cf\/wp-json\/wp\/v2\/media\/845"}],"wp:attachment":[{"href":"https:\/\/cfcontabil.com\/cf\/wp-json\/wp\/v2\/media?parent=859"}],"wp:term":[{"taxonomy":"category","embeddable":true,"href":"https:\/\/cfcontabil.com\/cf\/wp-json\/wp\/v2\/categories?post=859"},{"taxonomy":"post_tag","embeddable":true,"href":"https:\/\/cfcontabil.com\/cf\/wp-json\/wp\/v2\/tags?post=859"}],"curies":[{"name":"wp","href":"https:\/\/api.w.org\/{rel}","templated":true}]}}