{"id":861,"date":"2017-01-23T12:07:27","date_gmt":"2017-01-23T14:07:27","guid":{"rendered":"http:\/\/cfcontabil.com\/cf\/?p=861"},"modified":"2017-01-23T12:07:27","modified_gmt":"2017-01-23T14:07:27","slug":"opcao-pelo-simples-nacional","status":"publish","type":"post","link":"https:\/\/cfcontabil.com\/cf\/opcao-pelo-simples-nacional\/","title":{"rendered":"Op\u00e7\u00e3o pelo Simples Nacional"},"content":{"rendered":"<p style=\"text-align: justify;\">Podem optar pelo Simples Nacional as microempresas (ME) e empresas de pequeno porte (EPP) que n\u00e3o incorram em nenhuma das veda\u00e7\u00f5es previstas na Lei Complementar 123, de 2006.<\/p>\n<p style=\"text-align: justify;\"><img data-recalc-dims=\"1\" fetchpriority=\"high\" decoding=\"async\" class=\"aligncenter size-full\" src=\"https:\/\/i0.wp.com\/ajorpeme.com.br\/blog\/wp-content\/uploads\/2016\/10\/super-simples.jpg?resize=436%2C218\" width=\"436\" height=\"218\" \/><\/p>\n<p style=\"text-align: justify;\">A empresa poder\u00e1 fazer novo pedido de op\u00e7\u00e3o pelo Simples Nacional at\u00e9 o dia 31\/01\/2017.<\/p>\n<p style=\"text-align: justify;\">Conhe\u00e7a os detalhes previstos para a situa\u00e7\u00e3o da sua empresa:<!--more--><\/p>\n<p>1 &#8211; EMPRESAS EM ATIVIDADE<\/p>\n<p>Para as empresas j\u00e1 em atividade, a solicita\u00e7\u00e3o de op\u00e7\u00e3o poder\u00e1 ser feita em janeiro\/2017, at\u00e9 o \u00faltimo dia \u00fatil (31\/01\/2017). A op\u00e7\u00e3o, se deferida (aceita), retroagir\u00e1 a 01\/01\/2017.<\/p>\n<p>2 &#8211; EMPRESAS EM IN\u00cdCIO DE ATIVIDADE<\/p>\n<p>Para empresas em in\u00edcio de atividade, o prazo para solicita\u00e7\u00e3o de op\u00e7\u00e3o \u00e9 de 30 dias contados do \u00faltimo deferimento de inscri\u00e7\u00e3o (municipal ou estadual, caso exig\u00edveis), desde que n\u00e3o tenham decorridos 180 dias da data de abertura constante do CNPJ. Quando deferida, a op\u00e7\u00e3o produz efeitos a partir da data da abertura do CNPJ. Ap\u00f3s esse prazo, a op\u00e7\u00e3o somente ser\u00e1 poss\u00edvel no m\u00eas de janeiro do ano-calend\u00e1rio seguinte.<\/p>\n<p>3 &#8211; SOLICITA\u00c7\u00c3O DE OP\u00c7\u00c3O E CANCELAMENTO PELA INTERNET<\/p>\n<p>A solicita\u00e7\u00e3o \u00e9 feita somente na internet, por meio do Portal do Simples Nacional (em Simples &#8211; Servi\u00e7os &gt; Op\u00e7\u00e3o &gt; Solicita\u00e7\u00e3o de Op\u00e7\u00e3o pelo Simples Nacional), sendo irretrat\u00e1vel para todo o ano-calend\u00e1rio. Durante o per\u00edodo da op\u00e7\u00e3o, \u00e9 permitido o cancelamento da solicita\u00e7\u00e3o da Op\u00e7\u00e3o pelo Simples Nacional, salvo se o pedido j\u00e1 houver sido deferido. O cancelamento n\u00e3o \u00e9 permitido para empresas em in\u00edcio de atividade.<\/p>\n<p>4 &#8211; REGULARIZA\u00c7\u00c3O DE PEND\u00caNCIAS \u2013 DENTRO DO PRAZO DE OP\u00c7\u00c3O<\/p>\n<p>Enquanto n\u00e3o vencido o prazo para a solicita\u00e7\u00e3o da op\u00e7\u00e3o, o contribuinte poder\u00e1 regularizar eventuais pend\u00eancias impeditivas ao ingresso no Simples Nacional.<\/p>\n<p>Parcelamento de d\u00e9bitos do Simples Nacional<\/p>\n<p>O pedido de parcelamento pode ser feito no Portal do Simples Nacional ou no Portal e-CAC da RFB, no servi\u00e7o \u201cParcelamento \u2013 Simples Nacional\u201d (o ordin\u00e1rio, em at\u00e9 60 meses, ou o especial, em at\u00e9 120 meses).<\/p>\n<p>O acesso ao Portal do Simples Nacional \u00e9 feito com certificado digital ou c\u00f3digo de acesso gerado no portal do Simples.<\/p>\n<p>O acesso ao e-CAC \u00e9 realizado por certificado digital ou c\u00f3digo de acesso gerado no e-CAC.<\/p>\n<p>O c\u00f3digo de acesso gerado pelo Portal do Simples Nacional n\u00e3o \u00e9 v\u00e1lido para acesso ao e-CAC da RFB, e vice-versa.<\/p>\n<p>Outros D\u00e9bitos fora do Simples Nacional<\/p>\n<p>Devem ser pagos ou parcelados de acordo com as normas de cada ente federado e\/ou seu s\u00edtio ou em processo administrativo pertinente.<\/p>\n<p>Obs.: o Programa de Regulariza\u00e7\u00e3o Tribut\u00e1ria (PRT), institu\u00eddo pela Medida Provis\u00f3ria n\u00b0 766, de 4 de janeiro de 2017, em breve ser\u00e1 regulamentado pela RFB.<\/p>\n<p>O PRT N\u00e3o incluir\u00e1 d\u00e9bitos do Simples Nacional, mas o contribuinte poder\u00e1 parcelar outros d\u00e9bitos, fora do Simples Nacional, que estejam impedindo o ingresso no Simples Nacional em 2017.<\/p>\n<p>O per\u00edodo de ades\u00e3o ao PRT ir\u00e1 de 1\/2\/2017 at\u00e9 o dia 31\/5\/2017.<\/p>\n<p>ATEN\u00c7\u00c3O: As empresas que precisarem fazer a Op\u00e7\u00e3o pelo Simples Nacional e que tem d\u00e9bitos fora deste, caso desejem optar pelo PRT devem fazer um parcelamento ordin\u00e1rio ou simplificado desses d\u00e9bitos e, ap\u00f3s o dia 1\/2\/2017, caso desejem, desistir desse parcelamento para optar pelo PRT.<\/p>\n<p>5 &#8211; EMPRESA J\u00c1 OPTANTE N\u00c3O PRECISA FAZER NOVA OP\u00c7\u00c3O<\/p>\n<p>A ME\/EPP regularmente optante pelo Simples Nacional n\u00e3o precisa fazer nova op\u00e7\u00e3o a cada ano. Uma vez optante, a empresa somente sair\u00e1 do regime quando exclu\u00edda, seja por comunica\u00e7\u00e3o do optante ou de of\u00edcio.<\/p>\n<p>6 &#8211; INSCRI\u00c7\u00d5ES MUNICIPAIS E ESTADUAIS<\/p>\n<p>Todas as empresas que desejarem optar pelo Simples Nacional dever\u00e3o ter a inscri\u00e7\u00e3o no CNPJ, a inscri\u00e7\u00e3o Municipal e, quando exig\u00edvel, a inscri\u00e7\u00e3o Estadual. A inscri\u00e7\u00e3o municipal \u00e9 sempre exig\u00edvel. A inscri\u00e7\u00e3o estadual \u00e9 exigida para a empresa que exer\u00e7a atividades sujeitas ao ICMS.<\/p>\n<p>7 &#8211; RESULTADO DA SOLICITA\u00c7\u00c3O DE OP\u00c7\u00c3O<\/p>\n<p>A solicita\u00e7\u00e3o da op\u00e7\u00e3o ser\u00e1 analisada, podendo ser deferida (aceita) ou n\u00e3o. N\u00e3o podem optar pelo Simples Nacional empresas que incorram em alguma das veda\u00e7\u00f5es previstas na Lei Complementar n\u00b0 123\/2006. A an\u00e1lise da solicita\u00e7\u00e3o \u00e9 feita por Uni\u00e3o (RFB), Estados e Munic\u00edpios em conjunto. Portanto, a empresa n\u00e3o pode possuir pend\u00eancias cadastrais e\/ou fiscais, inclusive d\u00e9bitos, com nenhum ente federado.<\/p>\n<p>8 &#8211; ACOMPANHAMENTO E RESULTADOS PARCIAIS<\/p>\n<p>O contribuinte pode acompanhar o andamento, os processamentos parciais e o resultado final da solicita\u00e7\u00e3o no servi\u00e7o \u201cAcompanhamento da Formaliza\u00e7\u00e3o da Op\u00e7\u00e3o pelo Simples Nacional\u201d.<\/p>\n<p>Para op\u00e7\u00e3o de empresas j\u00e1 em atividade, durante o per\u00edodo de op\u00e7\u00e3o, ser\u00e3o realizados processamentos parciais nos dias 14\/01\/2017, 21\/01\/2017 e 28\/01\/2017, que t\u00eam como objetivo o deferimento das solicita\u00e7\u00f5es de empresas que, inicialmente, apresentaram pend\u00eancias mas que as regularizaram antes desses prazos.<\/p>\n<p>Caso o contribuinte tenha regularizado, parcialmente, as pend\u00eancias, ser\u00e3o apresentadas somente as que restarem. Assim, a solicita\u00e7\u00e3o poder\u00e1 ser deferida antes do resultado final, se em um dos processamentos parciais n\u00e3o mais constem pend\u00eancias informadas pela RFB, Estados ou Munic\u00edpios.<\/p>\n<p>O resultado final da op\u00e7\u00e3o ser\u00e1 divulgado em 15\/02\/2017.<\/p>\n<p>9 &#8211; INDEFERIMENTO DA OP\u00c7\u00c3O<\/p>\n<p>Na hip\u00f3tese da op\u00e7\u00e3o pelo Simples Nacional ser indeferida, ser\u00e1 expedido termo de indeferimento da op\u00e7\u00e3o pelo ente federado respons\u00e1vel pelo indeferimento. O indeferimento submete-se ao rito processual definido em legisla\u00e7\u00e3o espec\u00edfica do respectivo ente que o emitiu.<\/p>\n<p>Termo de Indeferimento<\/p>\n<p>Assim, caso as pend\u00eancias que motivaram o indeferimento da op\u00e7\u00e3o sejam originadas de mais de um ente federado, ser\u00e3o expedidos tantos termos de indeferimento quantos forem os entes que impediram o ingresso no regime.<\/p>\n<p>A RFB utilizar\u00e1 o aplicativo Dom\u00edcilio Tribut\u00e1rio Eletr\u00f4nico (DTE-SN) &#8211; dispon\u00edvel no Portal do Simples Nacional &#8211; para enviar ao contribuinte o Termo de Indeferimento da solicita\u00e7\u00e3o de op\u00e7\u00e3o pelo Simples Nacional.<\/p>\n<p>A consulta ao Termo no DTE-SN dever\u00e1 ser feita em at\u00e9 45 dias contados da data da disponibiliza\u00e7\u00e3o da comunica\u00e7\u00e3o no portal, sob pena de ser considerada automaticamente realizada na data do t\u00e9rmino desse prazo.<\/p>\n<p>Os termos de indeferimento dos demais entes observar\u00e3o as formas de notifica\u00e7\u00e3o previstas na respectiva legisla\u00e7\u00e3o.<\/p>\n<p>Contesta\u00e7\u00e3o<\/p>\n<p>A contesta\u00e7\u00e3o \u00e0 op\u00e7\u00e3o indeferida dever\u00e1 ser protocolada diretamente na administra\u00e7\u00e3o tribut\u00e1ria (RFB, Estado, Distrito Federal ou Munic\u00edpio) na qual foram apontadas as irregularidades que vedaram o ingresso ao regime. E dever\u00e1 ser protocolada no Ente Federado (origin\u00e1rio da pend\u00eancia), ap\u00f3s a ci\u00eancia do indeferimento.<\/p>\n<p>10 &#8211; MAIS INFORMA\u00c7\u00d5ES<\/p>\n<p>Informa\u00e7\u00f5es adicionais podem ser obtidas no Perguntas e Respostas do Portal do Simples Nacional \u2013 item Op\u00e7\u00e3o.<\/p>\n<p>Durante o ano de 2016 tivemos 375.160 empresas exclu\u00eddas do Simples Nacional por d\u00e9bitos, sendo 300.226 pela Receita Federal, 34.464 pelos Estados e 40.470 pelos Munic\u00edpios.<\/p>\n<p>Essas exclus\u00f5es t\u00eam validade a partir de 01\/01\/2017. Portanto, caso uma dessas empresas fa\u00e7a pesquisa no Portal do Simples Nacional, constar\u00e1 como \u201cN\u00e3o optante\u201d.<\/p>\n<p>A empresa poder\u00e1 fazer novo pedido de op\u00e7\u00e3o pelo Simples Nacional at\u00e9 o dia 31\/01\/2017. Entretanto, ter\u00e1 que regularizar os d\u00e9bitos (por meio de pagamento ou parcelamento), para que o pedido venha a ser deferido.<\/p>\n<p>Tendo em vista que, at\u00e9 o dia 17\/01\/2017, tivemos apenas 213.846 pedidos de op\u00e7\u00e3o pelo Simples Nacional em Janeiro\/2017, alertamos as empresas que foram exclu\u00eddas \u2013 e que pretendem continuar no Simples Nacional, que devem tomar duas medidas. A primeira, regularizar os d\u00e9bitos. A segunda, fazer novo pedido de op\u00e7\u00e3o no Portal do Simples Nacional.<\/p>\n<p>&nbsp;<\/p>\n<p style=\"text-align: right;\">Fonte:\u00a0Portal Simples Nacional &#8211; RFB de 19.01.2017<\/p>\n","protected":false},"excerpt":{"rendered":"<p>Podem optar pelo Simples Nacional as microempresas (ME) e empresas de pequeno porte (EPP) que n\u00e3o incorram em nenhuma das veda\u00e7\u00f5es previstas na Lei Complementar 123, de 2006. A empresa poder\u00e1 fazer novo pedido de op\u00e7\u00e3o pelo Simples Nacional at\u00e9 o dia 31\/01\/2017. Conhe\u00e7a os detalhes previstos para a situa\u00e7\u00e3o da sua empresa:<\/p>\n","protected":false},"author":3,"featured_media":862,"comment_status":"open","ping_status":"open","sticky":false,"template":"","format":"standard","meta":{"jetpack_post_was_ever_published":false,"_jetpack_newsletter_access":"","_jetpack_dont_email_post_to_subs":false,"_jetpack_newsletter_tier_id":0,"_jetpack_memberships_contains_paywalled_content":false,"_jetpack_memberships_contains_paid_content":false,"footnotes":"","jetpack_publicize_message":"","jetpack_publicize_feature_enabled":true,"jetpack_social_post_already_shared":true,"jetpack_social_options":{"image_generator_settings":{"template":"highway","default_image_id":0,"font":"","enabled":false},"version":2}},"categories":[60,46],"tags":[307,308,309,282,213,131],"class_list":["post-861","post","type-post","status-publish","format-standard","has-post-thumbnail","hentry","category-consultoria","category-df","tag-adesao","tag-me","tag-microempresa","tag-opcao","tag-simples","tag-tributacao"],"jetpack_publicize_connections":[],"jetpack_featured_media_url":"https:\/\/i0.wp.com\/cfcontabil.com\/cf\/wp-content\/uploads\/2017\/01\/simples-1.jpg?fit=520%2C271&ssl=1","jetpack_sharing_enabled":true,"jetpack_shortlink":"https:\/\/wp.me\/p2wklX-dT","jetpack-related-posts":[{"id":2401,"url":"https:\/\/cfcontabil.com\/cf\/pequenas-empresas-tem-ate-o-dia-29-de-janeiro-para-aderir-ao-simples-nacional\/","url_meta":{"origin":861,"position":0},"title":"Pequenas empresas t\u00eam at\u00e9 o dia 29 de janeiro para aderir ao Simples Nacional","author":"Ab\u00edlio Gon\u00e7alves","date":"12 de janeiro de 2021","format":false,"excerpt":"Solicita\u00e7\u00e3o \u00e9 realizada somente pela internet e pode ser feita tanto por empresas j\u00e1 em atividade como para as que est\u00e3o em in\u00edcio de funcionamento. As microempresas e empresas de pequeno porte t\u00eam at\u00e9 o dia 29 de janeiro para optar pelo regime tribut\u00e1rio do Simples Nacional. A solicita\u00e7\u00e3o pode\u2026","rel":"","context":"Em &quot;Contabilidade em geral&quot;","block_context":{"text":"Contabilidade em geral","link":"https:\/\/cfcontabil.com\/cf\/category\/contabilidade-2\/"},"img":{"alt_text":"","src":"https:\/\/i0.wp.com\/cfcontabil.com\/cf\/wp-content\/uploads\/2020\/11\/Simples_Blog.jpg.600x335_q85_box-022957556_crop_detail.jpg?fit=600%2C335&ssl=1&resize=350%2C200","width":350,"height":200,"srcset":"https:\/\/i0.wp.com\/cfcontabil.com\/cf\/wp-content\/uploads\/2020\/11\/Simples_Blog.jpg.600x335_q85_box-022957556_crop_detail.jpg?fit=600%2C335&ssl=1&resize=350%2C200 1x, https:\/\/i0.wp.com\/cfcontabil.com\/cf\/wp-content\/uploads\/2020\/11\/Simples_Blog.jpg.600x335_q85_box-022957556_crop_detail.jpg?fit=600%2C335&ssl=1&resize=525%2C300 1.5x"},"classes":[]},{"id":1221,"url":"https:\/\/cfcontabil.com\/cf\/balanco-dos-pedidos-de-opcao-em-janeiro-de-2017\/","url_meta":{"origin":861,"position":1},"title":"Balan\u00e7o dos Pedidos de Op\u00e7\u00e3o em Janeiro de 2017","author":"Ab\u00edlio Gon\u00e7alves","date":"23 de fevereiro de 2017","format":false,"excerpt":"No m\u00eas de Janeiro de 2017 foram recebidos 396.200 pedidos de op\u00e7\u00e3o pelo Simples Nacional, sendo 29.521 de empresas novas e 366.679 de empresas j\u00e1 em atividade. Para as empresas j\u00e1 em atividade observou-se um acr\u00e9scimo de 1,3% no n\u00famero de pedidos de op\u00e7\u00e3o em compara\u00e7\u00e3o com Janeiro\/2016, quando houve\u2026","rel":"","context":"Em &quot;Geral&quot;","block_context":{"text":"Geral","link":"https:\/\/cfcontabil.com\/cf\/category\/geral\/"},"img":{"alt_text":"","src":"https:\/\/i0.wp.com\/cfcontabil.com\/cf\/wp-content\/uploads\/2016\/03\/simples-1.jpg?fit=520%2C271&ssl=1&resize=350%2C200","width":350,"height":200},"classes":[]},{"id":412,"url":"https:\/\/cfcontabil.com\/cf\/agendamento-da-opcao-pelo-simples-nacional-2014\/","url_meta":{"origin":861,"position":2},"title":"Agendamento da Op\u00e7\u00e3o pelo Simples Nacional 2014","author":"Vin\u00edcius Moizinho","date":"4 de dezembro de 2013","format":false,"excerpt":"Bom dia, prezados! O recado hoje \u00e9 bem r\u00e1pido. Gostar\u00edamos de lembr\u00e1-los que j\u00e1\u00a0est\u00e1 dispon\u00edvel o servi\u00e7o de agendamento da op\u00e7\u00e3o pelo Simples Nacional para o ano-calend\u00e1rio 2014.\u00a0 \u00a0 Confira maiores detalhes! Agendamento para o ano-calend\u00e1rio 2014 Conforme \u00e9 explicado pela Receita Federal, esse servi\u00e7o objetiva facilitar o processo de\u2026","rel":"","context":"Em &quot;Contabilidade em geral&quot;","block_context":{"text":"Contabilidade em geral","link":"https:\/\/cfcontabil.com\/cf\/category\/contabilidade-2\/"},"img":{"alt_text":"","src":"https:\/\/i0.wp.com\/www.mauronegruni.com.br\/wp-content\/uploads\/2013\/09\/simplesNacional2192-300x3001.jpg?resize=350%2C200","width":350,"height":200},"classes":[]},{"id":1208,"url":"https:\/\/cfcontabil.com\/cf\/opcao-para-2017-simples-nacional-simei\/","url_meta":{"origin":861,"position":3},"title":"Op\u00e7\u00e3o Para 2017: SIMPLES NACIONAL &#8211; SIMEI","author":"Ab\u00edlio Gon\u00e7alves","date":"16 de janeiro de 2017","format":false,"excerpt":"O prazo de op\u00e7\u00e3o pelo regime do \u201cSimples Nacional\u201d e do \u201cSIMEI\u201d encerrar\u00e1 no dia 31.01.2017. A op\u00e7\u00e3o poder\u00e1 ser realizada para o contribuinte que se enquadrar nas defini\u00e7\u00f5es do artigo 3\u00b0 da Lei Complementar n\u00b0 123\/2006 e n\u00e3o se enquadrar nas veda\u00e7\u00f5es listadas no artigo 17. O local para\u2026","rel":"","context":"Em &quot;Departamento Fiscal&quot;","block_context":{"text":"Departamento Fiscal","link":"https:\/\/cfcontabil.com\/cf\/category\/df\/"},"img":{"alt_text":"","src":"https:\/\/i0.wp.com\/jornalocal.com.br\/site\/wp-content\/uploads\/2012\/01\/2012_01_3108_09_0431493simplesncaional.jpg?resize=350%2C200","width":350,"height":200},"classes":[]},{"id":1869,"url":"https:\/\/cfcontabil.com\/cf\/receita-federal-ameaca-17-mil-empresas-por-dividas-no-df\/","url_meta":{"origin":861,"position":4},"title":"Receita Federal amea\u00e7a 17 mil empresas por d\u00edvidas no DF","author":"Ab\u00edlio Gon\u00e7alves","date":"11 de novembro de 2019","format":false,"excerpt":"Inadimpl\u00eancia deve ser quitada at\u00e9 fim do ano para que empresariado n\u00e3o seja for\u00e7ado a deixar o Simples Nacional e ver riscos ao neg\u00f3cio Receita Federal\u00a0decidiu mirar em 17.304 microempresas e empresas de pequeno porte do Distrito Federal que optaram pelo sistema\u00a0Simples Nacional\u00a0e mant\u00eam d\u00edvidas com o Fisco nacional. A\u2026","rel":"","context":"Em &quot;Departamento Fiscal&quot;","block_context":{"text":"Departamento Fiscal","link":"https:\/\/cfcontabil.com\/cf\/category\/df\/"},"img":{"alt_text":"","src":"https:\/\/i0.wp.com\/cfcontabil.com\/cf\/wp-content\/uploads\/2017\/02\/receita-federal-1-1.png?fit=702%2C325&ssl=1&resize=350%2C200","width":350,"height":200,"srcset":"https:\/\/i0.wp.com\/cfcontabil.com\/cf\/wp-content\/uploads\/2017\/02\/receita-federal-1-1.png?fit=702%2C325&ssl=1&resize=350%2C200 1x, https:\/\/i0.wp.com\/cfcontabil.com\/cf\/wp-content\/uploads\/2017\/02\/receita-federal-1-1.png?fit=702%2C325&ssl=1&resize=525%2C300 1.5x, https:\/\/i0.wp.com\/cfcontabil.com\/cf\/wp-content\/uploads\/2017\/02\/receita-federal-1-1.png?fit=702%2C325&ssl=1&resize=700%2C400 2x"},"classes":[]},{"id":2682,"url":"https:\/\/cfcontabil.com\/cf\/empresa-de-marketing-digital-mei-ou-ltda\/","url_meta":{"origin":861,"position":5},"title":"Empresa de Marketing Digital, MEI ou LTDA?","author":"Ab\u00edlio Gon\u00e7alves","date":"30 de dezembro de 2021","format":false,"excerpt":"Empresa de Marketing Digital, MEI ou LTDA?","rel":"","context":"Em &quot;Digital&quot;","block_context":{"text":"Digital","link":"https:\/\/cfcontabil.com\/cf\/category\/digital\/"},"img":{"alt_text":"","src":"https:\/\/i0.wp.com\/cfcontabil.com\/cf\/wp-content\/uploads\/2021\/12\/mkt-digital-de-CF-Contabil-Logo-2.png?fit=1200%2C675&ssl=1&resize=350%2C200","width":350,"height":200,"srcset":"https:\/\/i0.wp.com\/cfcontabil.com\/cf\/wp-content\/uploads\/2021\/12\/mkt-digital-de-CF-Contabil-Logo-2.png?fit=1200%2C675&ssl=1&resize=350%2C200 1x, https:\/\/i0.wp.com\/cfcontabil.com\/cf\/wp-content\/uploads\/2021\/12\/mkt-digital-de-CF-Contabil-Logo-2.png?fit=1200%2C675&ssl=1&resize=525%2C300 1.5x, https:\/\/i0.wp.com\/cfcontabil.com\/cf\/wp-content\/uploads\/2021\/12\/mkt-digital-de-CF-Contabil-Logo-2.png?fit=1200%2C675&ssl=1&resize=700%2C400 2x, https:\/\/i0.wp.com\/cfcontabil.com\/cf\/wp-content\/uploads\/2021\/12\/mkt-digital-de-CF-Contabil-Logo-2.png?fit=1200%2C675&ssl=1&resize=1050%2C600 3x"},"classes":[]}],"jetpack_likes_enabled":true,"_links":{"self":[{"href":"https:\/\/cfcontabil.com\/cf\/wp-json\/wp\/v2\/posts\/861","targetHints":{"allow":["GET"]}}],"collection":[{"href":"https:\/\/cfcontabil.com\/cf\/wp-json\/wp\/v2\/posts"}],"about":[{"href":"https:\/\/cfcontabil.com\/cf\/wp-json\/wp\/v2\/types\/post"}],"author":[{"embeddable":true,"href":"https:\/\/cfcontabil.com\/cf\/wp-json\/wp\/v2\/users\/3"}],"replies":[{"embeddable":true,"href":"https:\/\/cfcontabil.com\/cf\/wp-json\/wp\/v2\/comments?post=861"}],"version-history":[{"count":0,"href":"https:\/\/cfcontabil.com\/cf\/wp-json\/wp\/v2\/posts\/861\/revisions"}],"wp:featuredmedia":[{"embeddable":true,"href":"https:\/\/cfcontabil.com\/cf\/wp-json\/wp\/v2\/media\/862"}],"wp:attachment":[{"href":"https:\/\/cfcontabil.com\/cf\/wp-json\/wp\/v2\/media?parent=861"}],"wp:term":[{"taxonomy":"category","embeddable":true,"href":"https:\/\/cfcontabil.com\/cf\/wp-json\/wp\/v2\/categories?post=861"},{"taxonomy":"post_tag","embeddable":true,"href":"https:\/\/cfcontabil.com\/cf\/wp-json\/wp\/v2\/tags?post=861"}],"curies":[{"name":"wp","href":"https:\/\/api.w.org\/{rel}","templated":true}]}}