{"id":865,"date":"2017-01-24T16:12:41","date_gmt":"2017-01-24T18:12:41","guid":{"rendered":"http:\/\/cfcontabil.com\/cf\/?p=865"},"modified":"2017-01-24T16:12:41","modified_gmt":"2017-01-24T18:12:41","slug":"1-exame-de-suficiencia-de-2017-boletos-podem-ser-pagos-ate-o-dia-26","status":"publish","type":"post","link":"https:\/\/cfcontabil.com\/cf\/1-exame-de-suficiencia-de-2017-boletos-podem-ser-pagos-ate-o-dia-26\/","title":{"rendered":"1\u00b0 Exame de Sufici\u00eancia de 2017: boletos podem ser pagos at\u00e9 o dia 26"},"content":{"rendered":"<p style=\"text-align: justify;\">Foi publicada no Di\u00e1rio Oficial da Uni\u00e3o (DOU), desta ter\u00e7a-feira (24), se\u00e7\u00e3o 3, p\u00e1g. 130, a retifica\u00e7\u00e3o do Edital do 1\u00b0 Exame de Sufici\u00eancia, que altera a data de pagamento do boleto. Os itens alterados no edital foram 2.2, 2.2.1 e 3.13.<\/p>\n<p style=\"text-align: justify;\"><img fetchpriority=\"high\" decoding=\"async\" class=\"aligncenter size-full\" src=\"http:\/\/www.fecontesp.org.br\/phpthumb\/resize.php?img=_ad4bc97b2e872daff518321f72c17c69.jpg&amp;h=280&amp;w=515\" width=\"515\" height=\"280\" \/><\/p>\n<p>A data final para o pagamento, ap\u00f3s a impress\u00e3o do boleto, era dia 20 de janeiro. Com a retifica\u00e7\u00e3o, a nova dada passa a ser 26 de janeiro, quinta-feira. Os candidatos dever\u00e3o reimprimir o boleto, no site da Funda\u00e7\u00e3o Brasileira de Contabilidade (FBC), no endere\u00e7o (www.fbc.org.br) e efetuar o pagamento nesta data.<\/p>\n<p>Na prova, a ser aplicada no dia 26 de mar\u00e7o, ser\u00e3o exigidos dos candidatos os seguintes conte\u00fados: Contabilidade aplicada ao Setor P\u00fablico; Contabilidade Gerencial; Controladoria; No\u00e7\u00f5es de Direito e Legisla\u00e7\u00e3o Aplicada; Matem\u00e1tica Financeira e Estat\u00edstica; Teoria da Contabilidade; Princ\u00edpios de Contabilidade e Normas Brasileiras de Contabilidade; Auditoria Cont\u00e1bil; Per\u00edcia Cont\u00e1bil; e L\u00edngua Portuguesa Aplicada.<\/p>\n<p>No dia da prova, os bachar\u00e9is devem comparecer ao local com anteced\u00eancia m\u00ednima de 30 minutos, munidos somente de caneta esferogr\u00e1fica de tinta azul ou preta, do comprovante de inscri\u00e7\u00e3o e do documento de identifica\u00e7\u00e3o original. Vale ressaltar que n\u00e3o ser\u00e3o aceitas c\u00f3pias do documento de identifica\u00e7\u00e3o, mesmo que elas estejam autenticadas.<\/p>\n<p>Mais informa\u00e7\u00f5es podem ser obtidas em: http:\/\/cfc.org.br\/exame-de-suficiencia-anteriores\/1o-exame-de-suficiencia-de-2017\/<\/p>\n<p>Fonte: CFC<\/p>\n","protected":false},"excerpt":{"rendered":"<p>Foi publicada no Di\u00e1rio Oficial da Uni\u00e3o (DOU), desta ter\u00e7a-feira (24), se\u00e7\u00e3o 3, p\u00e1g. 130, a retifica\u00e7\u00e3o do Edital do 1\u00b0 Exame de Sufici\u00eancia, que altera a data de pagamento do boleto. Os itens alterados no edital foram 2.2, 2.2.1 e 3.13. A data final para o pagamento, ap\u00f3s a impress\u00e3o do boleto, era dia [&hellip;]<\/p>\n","protected":false},"author":3,"featured_media":866,"comment_status":"open","ping_status":"open","sticky":false,"template":"","format":"standard","meta":{"jetpack_post_was_ever_published":false,"_jetpack_newsletter_access":"","_jetpack_dont_email_post_to_subs":false,"_jetpack_newsletter_tier_id":0,"_jetpack_memberships_contains_paywalled_content":false,"_jetpack_memberships_contains_paid_content":false,"footnotes":"","jetpack_publicize_message":"#ExamedeSufici\u00eancia 2017","jetpack_publicize_feature_enabled":true,"jetpack_social_post_already_shared":true,"jetpack_social_options":{"image_generator_settings":{"template":"highway","default_image_id":0,"font":"","enabled":false},"version":2}},"categories":[22],"tags":[320,321,61,21,322,323,324,325],"class_list":["post-865","post","type-post","status-publish","format-standard","has-post-thumbnail","hentry","category-geral","tag-cfc","tag-conselho","tag-contabil","tag-contabilidade","tag-crc","tag-exame","tag-registro","tag-suficiencia"],"jetpack_publicize_connections":[],"jetpack_featured_media_url":"https:\/\/i0.wp.com\/cfcontabil.com\/cf\/wp-content\/uploads\/2017\/01\/exame_suficiencia_2016-1.jpg?fit=675%2C302&ssl=1","jetpack_sharing_enabled":true,"jetpack_shortlink":"https:\/\/wp.me\/p2wklX-dX","jetpack-related-posts":[{"id":1404,"url":"https:\/\/cfcontabil.com\/cf\/o-papel-do-profissional-da-contabilidade-na-2a-fase-do-esocial\/","url_meta":{"origin":865,"position":0},"title":"O papel do profissional da contabilidade na 2\u00aa fase do eSocial","author":"Ab\u00edlio Gon\u00e7alves","date":"18 de outubro de 2018","format":false,"excerpt":"\u00c9 importante orientar o empres\u00e1rio para que os dados dos seus funcion\u00e1rios estejam organizados Fonte: CFC - Por Andr\u00e9a Rosa\u00a0Com informa\u00e7\u00f5es da Receita Federal do Brasil A segunda fase do eSocial teve in\u00edcio nesta quarta-feira (10), abrangendo entidades empresariais com faturamento de at\u00e9 R$ 78 milh\u00f5es no ano de 2016\u2026","rel":"","context":"Em &quot;Departamento Pessoal&quot;","block_context":{"text":"Departamento Pessoal","link":"https:\/\/cfcontabil.com\/cf\/category\/dp\/"},"img":{"alt_text":"","src":"https:\/\/i0.wp.com\/cfcontabil.com\/cf\/wp-content\/uploads\/2017\/06\/esocial-pasta-1.jpg?fit=1000%2C591&ssl=1&resize=350%2C200","width":350,"height":200,"srcset":"https:\/\/i0.wp.com\/cfcontabil.com\/cf\/wp-content\/uploads\/2017\/06\/esocial-pasta-1.jpg?fit=1000%2C591&ssl=1&resize=350%2C200 1x, https:\/\/i0.wp.com\/cfcontabil.com\/cf\/wp-content\/uploads\/2017\/06\/esocial-pasta-1.jpg?fit=1000%2C591&ssl=1&resize=525%2C300 1.5x, https:\/\/i0.wp.com\/cfcontabil.com\/cf\/wp-content\/uploads\/2017\/06\/esocial-pasta-1.jpg?fit=1000%2C591&ssl=1&resize=700%2C400 2x"},"classes":[]},{"id":628,"url":"https:\/\/cfcontabil.com\/cf\/de-volta-ao-batente\/","url_meta":{"origin":865,"position":1},"title":"De volta ao batente!","author":"Vin\u00edcius Moizinho","date":"4 de janeiro de 2016","format":false,"excerpt":"\u00a0 \u00a0 Mais um ano se inicia, repleto de novas possibilidades e promessas.\u00a0E como n\u00e3o poderia ser diferente, estamos de volta ao trabalho! De segunda a sexta-feira, em nossos hor\u00e1rios habituais de atendimento nos per\u00edodos matutino (das 8h \u00e0s 12h) e vespertino (13h \u00e0s 17h30). Fique \u00e0 vontade para entrar\u2026","rel":"","context":"Em &quot;Consultoria Empresarial&quot;","block_context":{"text":"Consultoria Empresarial","link":"https:\/\/cfcontabil.com\/cf\/category\/consultoria\/"},"img":{"alt_text":"","src":"https:\/\/i0.wp.com\/cfcontabil.com\/cf\/wp-content\/uploads\/2016\/01\/2016-01-04-2.png?fit=1200%2C640&ssl=1&resize=350%2C200","width":350,"height":200,"srcset":"https:\/\/i0.wp.com\/cfcontabil.com\/cf\/wp-content\/uploads\/2016\/01\/2016-01-04-2.png?fit=1200%2C640&ssl=1&resize=350%2C200 1x, https:\/\/i0.wp.com\/cfcontabil.com\/cf\/wp-content\/uploads\/2016\/01\/2016-01-04-2.png?fit=1200%2C640&ssl=1&resize=525%2C300 1.5x, https:\/\/i0.wp.com\/cfcontabil.com\/cf\/wp-content\/uploads\/2016\/01\/2016-01-04-2.png?fit=1200%2C640&ssl=1&resize=700%2C400 2x, https:\/\/i0.wp.com\/cfcontabil.com\/cf\/wp-content\/uploads\/2016\/01\/2016-01-04-2.png?fit=1200%2C640&ssl=1&resize=1050%2C600 3x"},"classes":[]},{"id":1061,"url":"https:\/\/cfcontabil.com\/cf\/prova-para-peritos-contabeis-abrangera-todas-as-areas-de-atuacao\/","url_meta":{"origin":865,"position":2},"title":"Prova para peritos cont\u00e1beis abranger\u00e1 todas as \u00e1reas de atua\u00e7\u00e3o","author":"Ab\u00edlio Gon\u00e7alves","date":"14 de mar\u00e7o de 2017","format":false,"excerpt":"Comiss\u00e3o organizadora da prova est\u00e1 reunida para definir as quest\u00f5es. A Comiss\u00e3o Administradora do Exame de Qualidade T\u00e9cnica - Peritos Cont\u00e1beis (CAE-EQT-PC) reuniu-se nesta quinta (9) e sexta-feira (10), na sede do Conselho Federal de Contabilidade (CFC), em Bras\u00edlia, para elaborar e validar as quest\u00f5es do primeiro exame, que ser\u00e1\u2026","rel":"","context":"Em &quot;Geral&quot;","block_context":{"text":"Geral","link":"https:\/\/cfcontabil.com\/cf\/category\/geral\/"},"img":{"alt_text":"","src":"https:\/\/i0.wp.com\/cfcontabil.com\/cf\/wp-content\/uploads\/2017\/03\/perito-contabil-1.jpg?fit=424%2C283&ssl=1&resize=350%2C200","width":350,"height":200},"classes":[]},{"id":1878,"url":"https:\/\/cfcontabil.com\/cf\/empresario-vitima-do-fisco\/","url_meta":{"origin":865,"position":3},"title":"Empres\u00e1rio vitima do fisco","author":"Ab\u00edlio Gon\u00e7alves","date":"13 de novembro de 2019","format":false,"excerpt":"As leis aplicadas no resultado de uma fiscaliza\u00e7\u00e3o pelo fisco penaliza o empres\u00e1rio As leis aplicadas no resultado de uma fiscaliza\u00e7\u00e3o pelo fisco penaliza o empres\u00e1rio pelo crime contra a ordem tribut\u00e1ria, n\u00e3o est\u00e3o vinculadas as normas que disciplinam a escritura\u00e7\u00e3o fiscal e cont\u00e1bil. As autoridades envolvidas n\u00e3o podem aceitar\u2026","rel":"","context":"Em &quot;Consultoria Empresarial&quot;","block_context":{"text":"Consultoria Empresarial","link":"https:\/\/cfcontabil.com\/cf\/category\/consultoria\/"},"img":{"alt_text":"","src":"https:\/\/i0.wp.com\/cfcontabil.com\/cf\/wp-content\/uploads\/2019\/11\/dinheiro-nota-real.jpg?fit=678%2C452&ssl=1&resize=350%2C200","width":350,"height":200,"srcset":"https:\/\/i0.wp.com\/cfcontabil.com\/cf\/wp-content\/uploads\/2019\/11\/dinheiro-nota-real.jpg?fit=678%2C452&ssl=1&resize=350%2C200 1x, https:\/\/i0.wp.com\/cfcontabil.com\/cf\/wp-content\/uploads\/2019\/11\/dinheiro-nota-real.jpg?fit=678%2C452&ssl=1&resize=525%2C300 1.5x"},"classes":[]},{"id":1132,"url":"https:\/\/cfcontabil.com\/cf\/ajuda-profissional-evita-problemas-com-o-leao\/","url_meta":{"origin":865,"position":4},"title":"Ajuda profissional evita problemas com o Le\u00e3o","author":"Ab\u00edlio Gon\u00e7alves","date":"20 de abril de 2017","format":false,"excerpt":"Quem se sente inseguro para declarar o IR ou tem grande patrim\u00f4nio, por exemplo, pode recorrer a um contador. Quem entregou o documento com algum erro ou informa\u00e7\u00e3o incompleta pode enviar uma declara\u00e7\u00e3o retificadora at\u00e9 o dia 28 de abril. A cada ano, a Receita Federal vem aprimorando o programa\u2026","rel":"","context":"Em &quot;Departamento Fiscal&quot;","block_context":{"text":"Departamento Fiscal","link":"https:\/\/cfcontabil.com\/cf\/category\/df\/"},"img":{"alt_text":"","src":"https:\/\/i0.wp.com\/cfcontabil.com\/cf\/wp-content\/uploads\/2016\/05\/Imposto_Renda_IR_Prazo-1.jpg?fit=620%2C412&ssl=1&resize=350%2C200","width":350,"height":200,"srcset":"https:\/\/i0.wp.com\/cfcontabil.com\/cf\/wp-content\/uploads\/2016\/05\/Imposto_Renda_IR_Prazo-1.jpg?fit=620%2C412&ssl=1&resize=350%2C200 1x, https:\/\/i0.wp.com\/cfcontabil.com\/cf\/wp-content\/uploads\/2016\/05\/Imposto_Renda_IR_Prazo-1.jpg?fit=620%2C412&ssl=1&resize=525%2C300 1.5x"},"classes":[]},{"id":1267,"url":"https:\/\/cfcontabil.com\/cf\/termina-em-31-de-julho-prazo-de-entrega-da-escrituracao-contabil-fiscal\/","url_meta":{"origin":865,"position":5},"title":"Termina em 31 de julho prazo de entrega da Escritura\u00e7\u00e3o Cont\u00e1bil Fiscal","author":"Ab\u00edlio Gon\u00e7alves","date":"28 de julho de 2017","format":false,"excerpt":"Diretor da Fenacon recomenda que n\u00e3o seja deixada para o \u00faltimo dia Empresas que n\u00e3o enviarem as informa\u00e7\u00f5es \u00e0 Receita Federal at\u00e9 a data final ficar\u00e3o impedidas de emitir certid\u00e3o negativa de d\u00e9bitos e ter\u00e3o de pagar multa O prazo de entrega da Escritura\u00e7\u00e3o Cont\u00e1bil Fiscal (ECF) termina no \u00faltimo\u2026","rel":"","context":"Em &quot;Departamento Fiscal&quot;","block_context":{"text":"Departamento Fiscal","link":"https:\/\/cfcontabil.com\/cf\/category\/df\/"},"img":{"alt_text":"","src":"https:\/\/i0.wp.com\/cfcontabil.com\/cf\/wp-content\/uploads\/2017\/07\/ecf-1406658540-1-1.jpg?fit=800%2C588&ssl=1&resize=350%2C200","width":350,"height":200,"srcset":"https:\/\/i0.wp.com\/cfcontabil.com\/cf\/wp-content\/uploads\/2017\/07\/ecf-1406658540-1-1.jpg?fit=800%2C588&ssl=1&resize=350%2C200 1x, https:\/\/i0.wp.com\/cfcontabil.com\/cf\/wp-content\/uploads\/2017\/07\/ecf-1406658540-1-1.jpg?fit=800%2C588&ssl=1&resize=525%2C300 1.5x, https:\/\/i0.wp.com\/cfcontabil.com\/cf\/wp-content\/uploads\/2017\/07\/ecf-1406658540-1-1.jpg?fit=800%2C588&ssl=1&resize=700%2C400 2x"},"classes":[]}],"jetpack_likes_enabled":true,"_links":{"self":[{"href":"https:\/\/cfcontabil.com\/cf\/wp-json\/wp\/v2\/posts\/865","targetHints":{"allow":["GET"]}}],"collection":[{"href":"https:\/\/cfcontabil.com\/cf\/wp-json\/wp\/v2\/posts"}],"about":[{"href":"https:\/\/cfcontabil.com\/cf\/wp-json\/wp\/v2\/types\/post"}],"author":[{"embeddable":true,"href":"https:\/\/cfcontabil.com\/cf\/wp-json\/wp\/v2\/users\/3"}],"replies":[{"embeddable":true,"href":"https:\/\/cfcontabil.com\/cf\/wp-json\/wp\/v2\/comments?post=865"}],"version-history":[{"count":0,"href":"https:\/\/cfcontabil.com\/cf\/wp-json\/wp\/v2\/posts\/865\/revisions"}],"wp:featuredmedia":[{"embeddable":true,"href":"https:\/\/cfcontabil.com\/cf\/wp-json\/wp\/v2\/media\/866"}],"wp:attachment":[{"href":"https:\/\/cfcontabil.com\/cf\/wp-json\/wp\/v2\/media?parent=865"}],"wp:term":[{"taxonomy":"category","embeddable":true,"href":"https:\/\/cfcontabil.com\/cf\/wp-json\/wp\/v2\/categories?post=865"},{"taxonomy":"post_tag","embeddable":true,"href":"https:\/\/cfcontabil.com\/cf\/wp-json\/wp\/v2\/tags?post=865"}],"curies":[{"name":"wp","href":"https:\/\/api.w.org\/{rel}","templated":true}]}}