{"id":868,"date":"2017-01-25T12:00:15","date_gmt":"2017-01-25T14:00:15","guid":{"rendered":"http:\/\/cfcontabil.com\/cf\/?p=868"},"modified":"2017-01-25T12:00:15","modified_gmt":"2017-01-25T14:00:15","slug":"senado-analisa-sugestao-de-dar-fim-a-imunidade-tributaria-para-igrejas","status":"publish","type":"post","link":"https:\/\/cfcontabil.com\/cf\/senado-analisa-sugestao-de-dar-fim-a-imunidade-tributaria-para-igrejas\/","title":{"rendered":"Senado analisa sugest\u00e3o de dar fim \u00e0 imunidade tribut\u00e1ria para igrejas"},"content":{"rendered":"<p style=\"text-align: justify;\">Est\u00e1 em an\u00e1lise no Senado a sugest\u00e3o legislativa (SUG 2\/2015) que pede o fim da imunidade tribut\u00e1ria para entidades religiosas. Iniciada por uma internauta no portal E-Cidadania, a consulta obteve mais de 20 mil apoios e passou a ser analisada pela Comiss\u00e3o de Direitos Humanos e Legisla\u00e7\u00e3o Participativa (CDH). Se aprovada pela comiss\u00e3o, pode virar projeto de lei.<\/p>\n<p style=\"text-align: justify;\"><img data-recalc-dims=\"1\" fetchpriority=\"high\" decoding=\"async\" class=\"aligncenter size-full\" src=\"https:\/\/i0.wp.com\/2.bp.blogspot.com\/-GavlJ6iXB3U\/Vs3JqGuL7YI\/AAAAAAAADOA\/YJiy_f9ZWYg\/s1600\/23-02-VIC-ilustra-pag3.jpg?resize=960%2C290&#038;ssl=1\" width=\"960\" height=\"290\" \/><\/p>\n<p>A sugest\u00e3o \u00e9 uma das mais populares em n\u00famero de votos no portal. At\u00e9 a tarde desta quinta-feira, havia recebido 95.577 votos a favor e 82.673 contra. Na comiss\u00e3o, o relator \u00e9 o senador Jos\u00e9 Medeiros (PSD-MT). Ele recebeu a relatoria em outubro, ap\u00f3s dois outros senadores designados para a tarefa terem devolvido o texto para redistribui\u00e7\u00e3o e outro ter deixado a CDH.<\/p>\n<p style=\"text-align: justify;\"><!--more--><\/p>\n<p>A ideia foi apresentada por Gisele Helmer, moradora do Esp\u00edrito Santo. Publicada em mar\u00e7o de 2016 no portal, a sugest\u00e3o obteve o n\u00famero necess\u00e1rio de votos (20 mil) em junho do mesmo ano.\u00a0 A autora apontou os esc\u00e2ndalos protagonizados por l\u00edderes religiosos. Al\u00e9m disso, argumentou que o Estado \u00e9 laico e que qualquer organiza\u00e7\u00e3o que permite o enriquecimento dos seus l\u00edderes deve ser tributada.<\/p>\n<p>Participa\u00e7\u00e3o<\/p>\n<p>Qualquer pessoa pode fazer uma sugest\u00e3o como a de Gisele Helmer no portal E-Cidadania. Sempre que uma ideia alcan\u00e7ar os 20 mil apoios de outros internautas, se transforma em sugest\u00e3o legislativa. A sugest\u00e3o \u00e9 analisada pela CDH, por meio do parecer de um senador escolhido como relator, e, se for aprovada, transforma-se em Projeto de Lei do Senado (PLS), tendo como autora a pr\u00f3pria comiss\u00e3o. O projeto tramita no Senado como os demais, de iniciativa dos senadores ou das comiss\u00f5es.<\/p>\n<p>Fonte:\u00a0Senado Federal de 23.01.2017<\/p>\n","protected":false},"excerpt":{"rendered":"<p>Est\u00e1 em an\u00e1lise no Senado a sugest\u00e3o legislativa (SUG 2\/2015) que pede o fim da imunidade tribut\u00e1ria para entidades religiosas. Iniciada por uma internauta no portal E-Cidadania, a consulta obteve mais de 20 mil apoios e passou a ser analisada pela Comiss\u00e3o de Direitos Humanos e Legisla\u00e7\u00e3o Participativa (CDH). Se aprovada pela comiss\u00e3o, pode virar [&hellip;]<\/p>\n","protected":false},"author":3,"featured_media":0,"comment_status":"open","ping_status":"open","sticky":false,"template":"","format":"standard","meta":{"jetpack_post_was_ever_published":false,"_jetpack_newsletter_access":"","_jetpack_dont_email_post_to_subs":false,"_jetpack_newsletter_tier_id":0,"_jetpack_memberships_contains_paywalled_content":false,"_jetpack_memberships_contains_paid_content":false,"footnotes":"","jetpack_publicize_message":"#imunidade #tribut\u00e1ria para igrejas","jetpack_publicize_feature_enabled":true,"jetpack_social_post_already_shared":true,"jetpack_social_options":{"image_generator_settings":{"template":"highway","default_image_id":0,"font":"","enabled":false},"version":2}},"categories":[46],"tags":[326,327,328,329,330,297],"class_list":["post-868","post","type-post","status-publish","format-standard","hentry","category-df","tag-comissao","tag-entidade","tag-igreja","tag-imunidade","tag-religiosa","tag-tributaria"],"jetpack_publicize_connections":[],"jetpack_featured_media_url":"","jetpack_sharing_enabled":true,"jetpack_shortlink":"https:\/\/wp.me\/p2wklX-e0","jetpack-related-posts":[{"id":1859,"url":"https:\/\/cfcontabil.com\/cf\/df-igrejas-serao-cadastradas-para-ter-isencao-de-impostos\/","url_meta":{"origin":868,"position":0},"title":"DF: igrejas ser\u00e3o cadastradas para ter isen\u00e7\u00e3o de impostos","author":"Ab\u00edlio Gon\u00e7alves","date":"7 de novembro de 2019","format":false,"excerpt":"Governo criou o Cadastro de Templo Religiosos (CTR) a fim de regularizar a concess\u00e3o de imunidade tribut\u00e1ria a entidades de Bras\u00edlia IGO ESTRELA\/METR\u00d3POLES Governo do Distrito Federal (GDF) criou o Cadastro dos\u00a0Templos Religiosos\u00a0(CTR). Institui\u00e7\u00f5es listadas ter\u00e3o o direito de imunidade de impostos automaticamente garantido. Ou seja, n\u00e3o pagar\u00e3o mais tributos.\u2026","rel":"","context":"Em &quot;Geral&quot;","block_context":{"text":"Geral","link":"https:\/\/cfcontabil.com\/cf\/category\/geral\/"},"img":{"alt_text":"","src":"https:\/\/i0.wp.com\/cfcontabil.com\/cf\/wp-content\/uploads\/2019\/11\/igreja.jpg?fit=847%2C362&ssl=1&resize=350%2C200","width":350,"height":200,"srcset":"https:\/\/i0.wp.com\/cfcontabil.com\/cf\/wp-content\/uploads\/2019\/11\/igreja.jpg?fit=847%2C362&ssl=1&resize=350%2C200 1x, https:\/\/i0.wp.com\/cfcontabil.com\/cf\/wp-content\/uploads\/2019\/11\/igreja.jpg?fit=847%2C362&ssl=1&resize=525%2C300 1.5x, https:\/\/i0.wp.com\/cfcontabil.com\/cf\/wp-content\/uploads\/2019\/11\/igreja.jpg?fit=847%2C362&ssl=1&resize=700%2C400 2x"},"classes":[]},{"id":1105,"url":"https:\/\/cfcontabil.com\/cf\/sancionada-lei-que-estende-prazo-para-repatriacao-de-recursos\/","url_meta":{"origin":868,"position":1},"title":"Sancionada lei que estende prazo para repatria\u00e7\u00e3o de recursos","author":"Ab\u00edlio Gon\u00e7alves","date":"4 de abril de 2017","format":false,"excerpt":"Foi sancionada sem vetos a lei que reabre o prazo para repatria\u00e7\u00e3o e regulariza\u00e7\u00e3o de ativos (bens, valores, cr\u00e9ditos e direitos) mantidos no exterior e n\u00e3o declarados. A Lei 13.428\/2017 foi sancionada na quinta-feira (30) pelo presidente Michel Temer e publicada nesta sexta-feira (31) no Di\u00e1rio Oficial da Uni\u00e3o. A\u2026","rel":"","context":"Em &quot;Departamento Fiscal&quot;","block_context":{"text":"Departamento Fiscal","link":"https:\/\/cfcontabil.com\/cf\/category\/df\/"},"img":{"alt_text":"","src":"https:\/\/i0.wp.com\/cfcontabil.com\/cf\/wp-content\/uploads\/2017\/02\/receita-federal-1-1.png?fit=702%2C325&ssl=1&resize=350%2C200","width":350,"height":200,"srcset":"https:\/\/i0.wp.com\/cfcontabil.com\/cf\/wp-content\/uploads\/2017\/02\/receita-federal-1-1.png?fit=702%2C325&ssl=1&resize=350%2C200 1x, https:\/\/i0.wp.com\/cfcontabil.com\/cf\/wp-content\/uploads\/2017\/02\/receita-federal-1-1.png?fit=702%2C325&ssl=1&resize=525%2C300 1.5x, https:\/\/i0.wp.com\/cfcontabil.com\/cf\/wp-content\/uploads\/2017\/02\/receita-federal-1-1.png?fit=702%2C325&ssl=1&resize=700%2C400 2x"},"classes":[]},{"id":1250,"url":"https:\/\/cfcontabil.com\/cf\/ccj-aprova-deducao-no-imposto-de-renda-de-doacoes-para-escolas\/","url_meta":{"origin":868,"position":2},"title":"CCJ aprova dedu\u00e7\u00e3o no imposto de renda de doa\u00e7\u00f5es para escolas","author":"Ab\u00edlio Gon\u00e7alves","date":"7 de julho de 2017","format":false,"excerpt":"A Comiss\u00e3o de Constitui\u00e7\u00e3o, Justi\u00e7a e Cidadania (CCJ) aprovou o projeto de lei (PLS 198\/2013) que cria o Programa Nacional de Incentivo \u00e0 Educa\u00e7\u00e3o Escolar B\u00e1sica Gratuita (Pronie). O objetivo da proposta \u00e9 autorizar cidad\u00e3os e empresas a deduzirem no imposto de renda doa\u00e7\u00f5es feitas para escolas da educa\u00e7\u00e3o infantil\u2026","rel":"","context":"Em &quot;Geral&quot;","block_context":{"text":"Geral","link":"https:\/\/cfcontabil.com\/cf\/category\/geral\/"},"img":{"alt_text":"","src":"https:\/\/i0.wp.com\/cfcontabil.com\/cf\/wp-content\/uploads\/2016\/04\/imposto_de_renda_declaracao-1.jpg?fit=570%2C399&ssl=1&resize=350%2C200","width":350,"height":200,"srcset":"https:\/\/i0.wp.com\/cfcontabil.com\/cf\/wp-content\/uploads\/2016\/04\/imposto_de_renda_declaracao-1.jpg?fit=570%2C399&ssl=1&resize=350%2C200 1x, https:\/\/i0.wp.com\/cfcontabil.com\/cf\/wp-content\/uploads\/2016\/04\/imposto_de_renda_declaracao-1.jpg?fit=570%2C399&ssl=1&resize=525%2C300 1.5x"},"classes":[]},{"id":1129,"url":"https:\/\/cfcontabil.com\/cf\/projeto-autoriza-deducao-no-imposto-de-renda-de-doacoes-para-escolas\/","url_meta":{"origin":868,"position":3},"title":"Projeto autoriza dedu\u00e7\u00e3o no Imposto de Renda de doa\u00e7\u00f5es para escolas","author":"Ab\u00edlio Gon\u00e7alves","date":"18 de abril de 2017","format":false,"excerpt":"Est\u00e1 pronto para ser votado na Comiss\u00e3o de Constitui\u00e7\u00e3o, Justi\u00e7a e Cidadania (CCJ) o projeto de lei (PLS 198\/2013) que cria o Programa Nacional de Incentivo \u00e0 Educa\u00e7\u00e3o Escolar B\u00e1sica Gratuita (Pronie). O projeto autoriza a dedu\u00e7\u00e3o no Imposto de Renda, por pessoas f\u00edsicas e Jur\u00eddicas, de doa\u00e7\u00f5es feitas para\u2026","rel":"","context":"Em &quot;Departamento Fiscal&quot;","block_context":{"text":"Departamento Fiscal","link":"https:\/\/cfcontabil.com\/cf\/category\/df\/"},"img":{"alt_text":"","src":"https:\/\/i0.wp.com\/cfcontabil.com\/cf\/wp-content\/uploads\/2017\/04\/educa%C3%A7%C3%A3o-1.jpg?fit=1200%2C700&ssl=1&resize=350%2C200","width":350,"height":200,"srcset":"https:\/\/i0.wp.com\/cfcontabil.com\/cf\/wp-content\/uploads\/2017\/04\/educa%C3%A7%C3%A3o-1.jpg?fit=1200%2C700&ssl=1&resize=350%2C200 1x, https:\/\/i0.wp.com\/cfcontabil.com\/cf\/wp-content\/uploads\/2017\/04\/educa%C3%A7%C3%A3o-1.jpg?fit=1200%2C700&ssl=1&resize=525%2C300 1.5x, https:\/\/i0.wp.com\/cfcontabil.com\/cf\/wp-content\/uploads\/2017\/04\/educa%C3%A7%C3%A3o-1.jpg?fit=1200%2C700&ssl=1&resize=700%2C400 2x, https:\/\/i0.wp.com\/cfcontabil.com\/cf\/wp-content\/uploads\/2017\/04\/educa%C3%A7%C3%A3o-1.jpg?fit=1200%2C700&ssl=1&resize=1050%2C600 3x"},"classes":[]},{"id":1285,"url":"https:\/\/cfcontabil.com\/cf\/adesao-ao-refis-podera-ser-feita-ate-29-de-setembro\/","url_meta":{"origin":868,"position":4},"title":"Ades\u00e3o ao Refis poder\u00e1 ser feita at\u00e9 29 de setembro","author":"Ab\u00edlio Gon\u00e7alves","date":"31 de agosto de 2017","format":false,"excerpt":"O presidente da Rep\u00fablica em exerc\u00edcio,\u00a0Rodrigo Maia, editou medida provis\u00f3ria (MP) prorrogando o prazo de ades\u00e3o ao novo refinanciamento de d\u00edvidas de empres\u00e1rios com a Receita Federal para o pr\u00f3ximo dia 29 de setembro. Os l\u00edderes da C\u00e2mara dos Deputados est\u00e3o em busca de acordo para votar a proposta at\u00e9\u2026","rel":"","context":"Em &quot;Departamento Fiscal&quot;","block_context":{"text":"Departamento Fiscal","link":"https:\/\/cfcontabil.com\/cf\/category\/df\/"},"img":{"alt_text":"","src":"","width":0,"height":0},"classes":[]},{"id":1154,"url":"https:\/\/cfcontabil.com\/cf\/governo-estuda-dobrar-isencao-de-irpf-e-tributar-os-dividendos\/","url_meta":{"origin":868,"position":5},"title":"Governo estuda dobrar isen\u00e7\u00e3o de IRPF e tributar os dividendos","author":"Ab\u00edlio Gon\u00e7alves","date":"15 de maio de 2017","format":false,"excerpt":"Com proposta, governo Temer faz novo aceno \u00e0s classes mais populares Depois da libera\u00e7\u00e3o dos saques das contas inativas do FGTS, o governo prepara um novo \"pacote de bondades\" para neutralizar o impacto negativo da aprova\u00e7\u00e3o das reformas da Previd\u00eancia Social e trabalhista. A principal medida em estudo \u00e9 a\u2026","rel":"","context":"Em &quot;Departamento Fiscal&quot;","block_context":{"text":"Departamento Fiscal","link":"https:\/\/cfcontabil.com\/cf\/category\/df\/"},"img":{"alt_text":"","src":"https:\/\/i0.wp.com\/cfcontabil.com\/cf\/wp-content\/uploads\/2017\/01\/leao-imposto-renda-original1-1.jpeg?fit=620%2C349&ssl=1&resize=350%2C200","width":350,"height":200,"srcset":"https:\/\/i0.wp.com\/cfcontabil.com\/cf\/wp-content\/uploads\/2017\/01\/leao-imposto-renda-original1-1.jpeg?fit=620%2C349&ssl=1&resize=350%2C200 1x, https:\/\/i0.wp.com\/cfcontabil.com\/cf\/wp-content\/uploads\/2017\/01\/leao-imposto-renda-original1-1.jpeg?fit=620%2C349&ssl=1&resize=525%2C300 1.5x"},"classes":[]}],"jetpack_likes_enabled":true,"_links":{"self":[{"href":"https:\/\/cfcontabil.com\/cf\/wp-json\/wp\/v2\/posts\/868","targetHints":{"allow":["GET"]}}],"collection":[{"href":"https:\/\/cfcontabil.com\/cf\/wp-json\/wp\/v2\/posts"}],"about":[{"href":"https:\/\/cfcontabil.com\/cf\/wp-json\/wp\/v2\/types\/post"}],"author":[{"embeddable":true,"href":"https:\/\/cfcontabil.com\/cf\/wp-json\/wp\/v2\/users\/3"}],"replies":[{"embeddable":true,"href":"https:\/\/cfcontabil.com\/cf\/wp-json\/wp\/v2\/comments?post=868"}],"version-history":[{"count":0,"href":"https:\/\/cfcontabil.com\/cf\/wp-json\/wp\/v2\/posts\/868\/revisions"}],"wp:attachment":[{"href":"https:\/\/cfcontabil.com\/cf\/wp-json\/wp\/v2\/media?parent=868"}],"wp:term":[{"taxonomy":"category","embeddable":true,"href":"https:\/\/cfcontabil.com\/cf\/wp-json\/wp\/v2\/categories?post=868"},{"taxonomy":"post_tag","embeddable":true,"href":"https:\/\/cfcontabil.com\/cf\/wp-json\/wp\/v2\/tags?post=868"}],"curies":[{"name":"wp","href":"https:\/\/api.w.org\/{rel}","templated":true}]}}