{"id":873,"date":"2017-01-25T12:00:11","date_gmt":"2017-01-25T14:00:11","guid":{"rendered":"http:\/\/cfcontabil.com\/cf\/?p=873"},"modified":"2017-01-25T12:00:11","modified_gmt":"2017-01-25T14:00:11","slug":"declaracao-negativa-referente-ao-exercicio-de-2016","status":"publish","type":"post","link":"https:\/\/cfcontabil.com\/cf\/declaracao-negativa-referente-ao-exercicio-de-2016\/","title":{"rendered":"&#8220;Declara\u00e7\u00e3o Negativa&#8221; referente ao exerc\u00edcio de 2016"},"content":{"rendered":"<h4 class=\"subtitulo\" style=\"text-align: center;\">O prazo para os profissionais e organiza\u00e7\u00f5es cont\u00e1beis \u00e9 at\u00e9 o dia 31.01.17<\/h4>\n<div class=\"fotodestaque\"><img data-recalc-dims=\"1\" decoding=\"async\" class=\"aligncenter\" src=\"https:\/\/i0.wp.com\/www.fenacon.org.br\/media\/uploads\/noticias\/2017\/01\/coaf.jpg.600x335_q85_box-8%2C0%2C489%2C269_crop_detail.jpg?w=1170\" alt=\"\" \/><\/div>\n<div class=\"articleTexto\">\n<p style=\"text-align: justify;\">Conforme estabelecido na Lei no 9.613\/98 e regulamentado atrav\u00e9s da Resolu\u00e7\u00e3o CFC n.\u00b0 1.445\/2013,\u00a0<u>profissionais e organiza\u00e7\u00f5es cont\u00e1beis<\/u>\u00a0que prestem, mesmo que eventualmente, servi\u00e7os de assessoria, consultoria, contadoria, auditoria, aconselhamento ou assist\u00eancia que qualquer natureza, que<u>\u00a0n\u00e3o efetuaram comunica\u00e7\u00e3o de ocorr\u00eancia em 2016<\/u>, devem comunicar ao\u00a0<strong>COAF<\/strong>\u00a0a \u201c<strong>n\u00e3o ocorr\u00eancia de eventos at\u00edpicos\u201d,\u00a0<\/strong>conhecida como<strong>\u00a0\u201cDECLARA\u00c7\u00c3O NEGATIVA\u201d.<\/strong><\/p>\n<p style=\"text-align: justify;\">A comunica\u00e7\u00e3o de n\u00e3o ocorr\u00eancia de propostas, transa\u00e7\u00f5es ou opera\u00e7\u00f5es pass\u00edveis de serem comunicadas tornou-se obrigat\u00f3ria desde 12 de julho de 2012, por for\u00e7a da altera\u00e7\u00e3o do artigo 11, inciso III, da citada Lei.<\/p>\n<p style=\"text-align: justify;\">O prazo para os profissionais e organiza\u00e7\u00f5es cont\u00e1beis \u00e9\u00a0<strong>at\u00e9 o dia 31 de janeiro<\/strong>.<\/p>\n<\/div>\n<p><!--more--><\/p>\n<div class=\"articleTexto\">\n<p style=\"text-align: justify;\">A novidade \u00e9 que para o setor cont\u00e1bil, por exemplo, a entrega poder\u00e1 ser feita diretamente no sistema do<strong>\u00a0Conselho Federal de Contabilidade<\/strong>\u00a0(CFC).<\/p>\n<p style=\"text-align: justify;\">Outros profissionais e atividades que tamb\u00e9m s\u00e3o alcan\u00e7ados pela exig\u00eancia legal e representados pelo sistema\u00a0<strong>FENACON \u2013 SESCAP\/SESCON<\/strong>, podem encontrar abaixo mais detalhes ou ainda na referida legisla\u00e7\u00e3o.<\/p>\n<p style=\"text-align: justify;\">Veja quando e onde realizar sua\u00a0<strong>Comunica\u00e7\u00e3o de n\u00e3o ocorr\u00eancia\/ \u201cDeclara\u00e7\u00e3o Negativa\u201d\u00a0<\/strong>referente ao exerc\u00edcio de 2016:<\/p>\n<table>\n<tbody>\n<tr>\n<th>Regulador<\/th>\n<th>Setor<\/th>\n<th>Regula\u00e7\u00e3o<\/th>\n<th>Per\u00edodo<\/th>\n<th>Prazo<\/th>\n<th>Onde Declarar<\/th>\n<\/tr>\n<tr>\n<td>BCB<\/td>\n<td>Institui\u00e7\u00f5es financeiras e demais institui\u00e7\u00f5es autorizadas a funcionar pelo Banco Central do Brasil<\/td>\n<td>Circular n\u00ba 3.461\/2009, art. 15-A<\/td>\n<td>01\/01\/2016 a 31\/12\/2016<\/td>\n<td>At\u00e9 10 dias \u00fateis ap\u00f3s o encerramento do ano civil<\/td>\n<td>SISCOAF<\/p>\n<p><em>(<a title=\"\" href=\"https:\/\/siscoaf.fazenda.gov.br\/siscoaf-internet\/pages\/siscoafInicial.jsf\" target=\"_self\" rel=\"noopener noreferrer\">siscoaf.fazenda.gov.br<\/a>)<\/em><\/td>\n<\/tr>\n<tr>\n<td>CFC<\/td>\n<td>Profissionais e Organiza\u00e7\u00f5es Cont\u00e1beis, quando no exerc\u00edcio de suas fun\u00e7\u00f5es<\/td>\n<td>Resolu\u00e7\u00e3o n\u00ba 1445\/2013, art. 14<\/td>\n<td>01\/01\/2016 a 31\/12\/2016<\/td>\n<td>At\u00e9 31\/01\/2017<\/td>\n<td>\u00a0 \u00a0 \u00a0 \u00a0 \u00a0 \u00a0 \u00a0 \u00a0 \u00a0 Portal CFC<\/p>\n<p><a href=\"http:\/\/sistemas.cfc.org.br\/Login\/\">http:\/\/sistemas.cfc.org.br\/Login\/<\/a><\/p>\n<p>Quest\u00f5es relativas ao acesso\/senha no Portal CFC devem ser encaminhadas ao e-mail<strong>\u00a0<a href=\"mailto:fiscaliza%C3%A7%C3%A3o@cfc.org.br\">fiscaliza\u00e7\u00e3o@cfc.org.br<\/a>\u00a0<\/strong>ou telefones (61) 3314- 9611 \/ (61) 3314- 9657<\/td>\n<\/tr>\n<tr>\n<td>COAF<\/td>\n<td>Fomento comercial (<em>factoring<\/em>), securitizadora (n\u00e3o regulada pela CVM)<\/td>\n<td>Resolu\u00e7\u00e3o COAF n\u00ba 21\/2012, art. 14<\/td>\n<td>01\/01\/2016 a 31\/12\/2016<\/td>\n<td>At\u00e9 31\/01\/2017<\/td>\n<td>SISCOAF<\/p>\n<p><em>(<a title=\"\" href=\"https:\/\/siscoaf.fazenda.gov.br\/siscoaf-internet\/pages\/siscoafInicial.jsf\" target=\"_self\" rel=\"noopener noreferrer\">siscoaf.fazenda.gov.br<\/a>)<\/em><\/p>\n<p>&nbsp;<\/td>\n<\/tr>\n<tr>\n<td>COAF<\/td>\n<td>Com\u00e9rcio de joias, pedras e metais preciosos<\/td>\n<td>Resolu\u00e7\u00e3o COAF n\u00ba 23\/2012, art. 11<\/td>\n<td>01\/01\/2016 a 31\/12\/2016<\/td>\n<td>At\u00e9 31\/01\/2017<\/td>\n<td>SISCOAF<\/p>\n<p><em>(<a title=\"\" href=\"https:\/\/siscoaf.fazenda.gov.br\/siscoaf-internet\/pages\/siscoafInicial.jsf\" target=\"_self\" rel=\"noopener noreferrer\">siscoaf.fazenda.gov.br<\/a>)<\/em><\/td>\n<\/tr>\n<tr>\n<td>COAF<\/td>\n<td>Servi\u00e7os de assessoria, consultoria, auditoria, aconselhamento ou assist\u00eancia, exceto contadores, economistas e corretores imobili\u00e1rios (n\u00e3o submetidas \u00e0 regula\u00e7\u00e3o de \u00f3rg\u00e3o pr\u00f3prio regulador)<\/td>\n<td>Resolu\u00e7\u00e3o COAF n\u00ba 24\/2013, art. 11<\/td>\n<td>01\/01\/2016 a 31\/12\/2016<\/td>\n<td>At\u00e9 31\/01\/2017<\/td>\n<td>SISCOAF<\/p>\n<p><em>(<a title=\"\" href=\"https:\/\/siscoaf.fazenda.gov.br\/siscoaf-internet\/pages\/siscoafInicial.jsf\" target=\"_self\" rel=\"noopener noreferrer\">siscoaf.fazenda.gov.br<\/a>)<\/em><\/td>\n<\/tr>\n<tr>\n<td>COFECI<\/td>\n<td>Pessoas f\u00edsicas e jur\u00eddicas que exer\u00e7am atividades de promo\u00e7\u00e3o imobili\u00e1ria ou compra e venda de im\u00f3veis, em car\u00e1ter permanente ou eventual, de forma principal ou acess\u00f3ria.<\/td>\n<td>Resolu\u00e7\u00e3o COFECI n\u00ba 1.336\/2014, Art. 12<\/td>\n<td>01\/01\/2016 a 31\/12\/2016<\/td>\n<td>At\u00e9 31\/01\/2017<\/td>\n<td>COFECI<\/p>\n<p>(<em><a href=\"https:\/\/intranet.cofeci.gov.br\/declaracao\/\">https:\/\/intranet.cofeci.gov.br\/declaracao\/<\/a><\/em>)<\/td>\n<\/tr>\n<tr>\n<td>COFECON<\/td>\n<td>Pessoas f\u00edsicas e jur\u00eddicas prestadoras de servi\u00e7os de economia e finan\u00e7as<\/td>\n<td>Resolu\u00e7\u00e3o n\u00ba 1902\/2013, art. 3\u00ba, \u00a7 3\u00ba<\/td>\n<td>01\/01\/2016 a 31\/12\/2016<\/td>\n<td>At\u00e9 31\/01\/2017<\/td>\n<td>Conselho Regional de Economia da jurisdi\u00e7\u00e3o do profissional ou da pessoa jur\u00eddica<\/td>\n<\/tr>\n<tr>\n<td>CVM<\/td>\n<td>Pessoas que tenham, em car\u00e1ter permanente ou eventual, como atividade principal ou acess\u00f3ria, cumulativamente ou n\u00e3o, a cust\u00f3dia, emiss\u00e3o, distribui\u00e7\u00e3o, liquida\u00e7\u00e3o, negocia\u00e7\u00e3o, intermedia\u00e7\u00e3o, consultoria ou administra\u00e7\u00e3o de t\u00edtulos ou valores mobili\u00e1rios e a auditoria independente no \u00e2mbito do mercado de valores mobili\u00e1rios<\/td>\n<td>Instru\u00e7\u00e3o CVM n\u00ba 301\/1999, art. 7\u00ba A<\/td>\n<td>01\/01\/2016 a 31\/12\/2016<\/td>\n<td>At\u00e9 31\/01\/2017<\/td>\n<td>SISCOAF<\/p>\n<p><em>(<a title=\"\" href=\"https:\/\/siscoaf.fazenda.gov.br\/siscoaf-internet\/pages\/siscoafInicial.jsf\" target=\"_self\" rel=\"noopener noreferrer\">siscoaf.fazenda.gov.br<\/a>)<\/em><\/td>\n<\/tr>\n<tr>\n<td>CVM<\/td>\n<td>Entidades administradoras de mercados organizados<\/td>\n<td>Instru\u00e7\u00e3o CVM n\u00ba 301\/1999, art. 7\u00ba A<\/td>\n<td>01\/01\/2016 a 31\/12\/2016<\/td>\n<td>At\u00e9 31\/01\/2017<\/td>\n<td>SISCOAF<\/p>\n<p><em>(<a title=\"\" href=\"https:\/\/siscoaf.fazenda.gov.br\/siscoaf-internet\/pages\/siscoafInicial.jsf\" target=\"_self\" rel=\"noopener noreferrer\">siscoaf.fazenda.gov.br<\/a>)<\/em><\/td>\n<\/tr>\n<tr>\n<td>CVM<\/td>\n<td>Demais pessoas sujeitas \u00e0 regula\u00e7\u00e3o da CVM<\/td>\n<td>Instru\u00e7\u00e3o CVM n\u00ba 301\/1999, art. 7\u00ba A<\/td>\n<td>01\/01\/2016 a 31\/12\/2016<\/td>\n<td>At\u00e9 31\/01\/2017<\/td>\n<td>SISCOAF<\/p>\n<p><em>(<a title=\"\" href=\"https:\/\/siscoaf.fazenda.gov.br\/siscoaf-internet\/pages\/siscoafInicial.jsf\" target=\"_self\" rel=\"noopener noreferrer\">siscoaf.fazenda.gov.br<\/a>)<\/em><\/td>\n<\/tr>\n<tr>\n<td>DREI<\/td>\n<td>Juntas Comerciais<\/td>\n<td>Instru\u00e7\u00e3o Normativa n\u00ba 24\/2014, art. 6\u00ba<\/td>\n<td>01\/01\/2016 a 31\/12\/2016<\/td>\n<td>At\u00e9 31\/01\/2017<\/td>\n<td>SISCOAF<\/p>\n<p><em>(<a title=\"\" href=\"https:\/\/siscoaf.fazenda.gov.br\/siscoaf-internet\/pages\/siscoafInicial.jsf\" target=\"_self\" rel=\"noopener noreferrer\">siscoaf.fazenda.gov.br<\/a>)<\/em><\/td>\n<\/tr>\n<tr>\n<td>IPHAN<\/td>\n<td>Pessoas f\u00edsicas ou jur\u00eddicas que comercializem Antiguidades e\/ou Obras de Arte de Qualquer Natureza.<\/td>\n<td>Portaria n\u00ba 396, de 15 de setembro de 2016, art. 9\u00ba.<\/td>\n<td>01\/01\/2017 a 31\/12\/2017<\/td>\n<td>At\u00e9\u00a031\/01\/2018<\/td>\n<td>Cadastro Nacional de Negociantes de Obras de Arte e Antiguidades \u2013 CNART, do IPHAN<\/p>\n<p><em>(<\/em><a href=\"http:\/\/www.iphan.gov.br\/\"><em>www.iphan.gov.br<\/em><\/a><em>)<\/em><\/td>\n<\/tr>\n<tr>\n<td>PREVIC<\/td>\n<td>Entidades fechadas de previd\u00eancia complementar<\/td>\n<td>Instru\u00e7\u00e3o n\u00ba 18\/2014, art. 11, \u00a7 2\u00ba<\/td>\n<td>01\/01\/2016 a 31\/12\/2016<\/td>\n<td>At\u00e9 31\/01\/2017<\/td>\n<td>PREVIC<\/p>\n<p>mediante envio de of\u00edcio<\/td>\n<\/tr>\n<tr>\n<td>SEAE<\/td>\n<td>Loterias<\/td>\n<td>Portaria MF n\u00ba 537\/2013, art. 8\u00ba E 9\u00ba<\/td>\n<td>01\/01\/2016 a 31\/12\/2016<\/td>\n<td>At\u00e9 31\/01\/2017<\/td>\n<td>SISCOAF<\/p>\n<p>(<em><a title=\"\" href=\"https:\/\/siscoaf.fazenda.gov.br\/siscoaf-internet\/pages\/siscoafInicial.jsf\" target=\"_self\" rel=\"noopener noreferrer\">siscoaf.fazenda.gov.br<\/a>)<\/em><\/td>\n<\/tr>\n<tr>\n<td>SUSEP<\/td>\n<td>Sociedades seguradoras e de\u00a0capitaliza\u00e7\u00e3o, resseguradores locais e admitidos, entidades abertas de previd\u00eancia complementar<\/td>\n<td>Circular n\u00ba 445\/2012, art. 15<\/td>\n<td>Mensal<\/td>\n<td>At\u00e9 o dia 20 do m\u00eas subsequente<\/td>\n<td>SUSEP<\/p>\n<p><em>(<a title=\"\" href=\"http:\/\/susep.gov.br\/\" target=\"_self\" rel=\"noopener noreferrer\">susep.gov.br<\/a>)<\/em><\/td>\n<\/tr>\n<\/tbody>\n<\/table>\n<p>&nbsp;<\/p>\n<p><strong><em>Com informa\u00e7\u00f5es, Portal do CFC e do COAF<\/em><\/strong><\/p>\n<\/div>\n","protected":false},"excerpt":{"rendered":"<p>O prazo para os profissionais e organiza\u00e7\u00f5es cont\u00e1beis \u00e9 at\u00e9 o dia 31.01.17 Conforme estabelecido na Lei no 9.613\/98 e regulamentado atrav\u00e9s da Resolu\u00e7\u00e3o CFC n.\u00b0 1.445\/2013,\u00a0profissionais e organiza\u00e7\u00f5es cont\u00e1beis\u00a0que prestem, mesmo que eventualmente, servi\u00e7os de assessoria, consultoria, contadoria, auditoria, aconselhamento ou assist\u00eancia que qualquer natureza, que\u00a0n\u00e3o efetuaram comunica\u00e7\u00e3o de ocorr\u00eancia em 2016, devem comunicar [&hellip;]<\/p>\n","protected":false},"author":3,"featured_media":0,"comment_status":"open","ping_status":"open","sticky":false,"template":"","format":"standard","meta":{"jetpack_post_was_ever_published":false,"_jetpack_newsletter_access":"","_jetpack_dont_email_post_to_subs":false,"_jetpack_newsletter_tier_id":0,"_jetpack_memberships_contains_paywalled_content":false,"_jetpack_memberships_contains_paid_content":false,"footnotes":"","jetpack_publicize_message":"#Declara\u00e7\u00e3oNegativa2016","jetpack_publicize_feature_enabled":true,"jetpack_social_post_already_shared":true,"jetpack_social_options":{"image_generator_settings":{"template":"highway","default_image_id":0,"font":"","enabled":false},"version":2}},"categories":[60],"tags":[331,61,21,106,303,169,332,333,334],"class_list":["post-873","post","type-post","status-publish","format-standard","hentry","category-consultoria","tag-coaf","tag-contabil","tag-contabilidade","tag-declaracao","tag-empresa","tag-empresario","tag-negativa","tag-organizacao","tag-profissional"],"jetpack_publicize_connections":[],"jetpack_featured_media_url":"","jetpack_sharing_enabled":true,"jetpack_shortlink":"https:\/\/wp.me\/p2wklX-e5","jetpack-related-posts":[{"id":923,"url":"https:\/\/cfcontabil.com\/cf\/em-2017-numero-de-declaracoes-de-nao-ocorrencia-de-operacoes-ao-coaf-supera-o-de-2016\/","url_meta":{"origin":873,"position":0},"title":"Em 2017, n\u00famero de Declara\u00e7\u00f5es de N\u00e3o Ocorr\u00eancia de Opera\u00e7\u00f5es ao Coaf supera o de 2016","author":"Ab\u00edlio Gon\u00e7alves","date":"7 de fevereiro de 2017","format":false,"excerpt":"A vice-presid\u00eancia de Fiscaliza\u00e7\u00e3o, \u00c9tica e Disciplina do Conselho Federal de Contabilidade (CFC) divulgou, nesta semana, o n\u00famero de Comunica\u00e7\u00e3o de N\u00e3o Ocorr\u00eancia de Opera\u00e7\u00f5es ao Conselho de Atividades Financeiras (Coaf), realizada durante todo o m\u00eas de janeiro. O total de Declara\u00e7\u00e3o foi de 150.184 mil, 20.97% maior que 2016.\u2026","rel":"","context":"Em &quot;Departamento Fiscal&quot;","block_context":{"text":"Departamento Fiscal","link":"https:\/\/cfcontabil.com\/cf\/category\/df\/"},"img":{"alt_text":"","src":"https:\/\/i0.wp.com\/cfcontabil.com\/cf\/wp-content\/uploads\/2016\/04\/notebook-1.jpg?fit=627%2C400&ssl=1&resize=350%2C200","width":350,"height":200,"srcset":"https:\/\/i0.wp.com\/cfcontabil.com\/cf\/wp-content\/uploads\/2016\/04\/notebook-1.jpg?fit=627%2C400&ssl=1&resize=350%2C200 1x, https:\/\/i0.wp.com\/cfcontabil.com\/cf\/wp-content\/uploads\/2016\/04\/notebook-1.jpg?fit=627%2C400&ssl=1&resize=525%2C300 1.5x"},"classes":[]},{"id":1238,"url":"https:\/\/cfcontabil.com\/cf\/resolucao-cfc-n-14452013-passara-por-mudancas\/","url_meta":{"origin":873,"position":1},"title":"Resolu\u00e7\u00e3o CFC n\u00b0 1445\/2013 passar\u00e1 por mudan\u00e7as","author":"Ab\u00edlio Gon\u00e7alves","date":"26 de junho de 2017","format":false,"excerpt":"Integrantes da comiss\u00e3o constitu\u00edda para capacita\u00e7\u00e3o e acompanhamento dos procedimentos a serem observados pelos profissionais e organiza\u00e7\u00f5es cont\u00e1beis, para cumprimento das obriga\u00e7\u00f5es previstas na Resolu\u00e7\u00e3o CFC n\u00b0 1445\/2013, est\u00e3o reunidos na sede do CFC, em Bras\u00edlia (DF). A pauta prev\u00ea a discuss\u00e3o das mudan\u00e7as sugeridas na Resolu\u00e7\u00e3o que esteve em\u2026","rel":"","context":"Em &quot;Geral&quot;","block_context":{"text":"Geral","link":"https:\/\/cfcontabil.com\/cf\/category\/geral\/"},"img":{"alt_text":"","src":"https:\/\/i0.wp.com\/cfcontabil.com\/cf\/wp-content\/uploads\/2013\/01\/contabilidade-online-2.png?fit=500%2C325&ssl=1&resize=350%2C200","width":350,"height":200},"classes":[]},{"id":1202,"url":"https:\/\/cfcontabil.com\/cf\/2013-ano-da-contabilidade-no-brasil\/","url_meta":{"origin":873,"position":2},"title":"2013: ano da Contabilidade no Brasil","author":"Vin\u00edcius Moizinho","date":"9 de janeiro de 2013","format":false,"excerpt":"\u00a0 O ano de 2013 ser\u00e1, sem d\u00favida, um dos mais importantes para a Contabilidade brasileira. Lideran\u00e7as e \u00f3rg\u00e3os ligados \u00e0 profiss\u00e3o est\u00e3o se unindo para que toda a sociedade saiba e reconhe\u00e7a o verdadeiro papel do profissional da contabilidade. \u00a0 \u00a0 \u00a0 Conhe\u00e7a, a seguir, um pouco do projeto.\u2026","rel":"","context":"Em &quot;Consultoria Empresarial&quot;","block_context":{"text":"Consultoria Empresarial","link":"https:\/\/cfcontabil.com\/cf\/category\/consultoria\/"},"img":{"alt_text":"Ano da Contabilidade no Brasil","src":"http:\/\/www.crcsc.org.br\/arquivosSGC\/BANNER_20121211103353Ano20da20Contabilidade.jpg&w=418&h=238&c=s","width":350,"height":200},"classes":[]},{"id":3045,"url":"https:\/\/cfcontabil.com\/cf\/a-importancia-da-contabilidade-no-terceiro-setor-sustentabilidade-e-transparencia-para-associacoes-e-ongs\/","url_meta":{"origin":873,"position":3},"title":"A Import\u00e2ncia da Contabilidade no Terceiro Setor: Sustentabilidade e Transpar\u00eancia para Associa\u00e7\u00f5es e ONGs","author":"Ab\u00edlio Gon\u00e7alves","date":"9 de dezembro de 2024","format":false,"excerpt":"A contabilidade no terceiro setor desempenha um papel crucial para garantir a integridade e a efici\u00eancia de organiza\u00e7\u00f5es sem fins lucrativos. Associa\u00e7\u00f5es e ONGs, que frequentemente dependem de doa\u00e7\u00f5es e parcerias, precisam de uma base cont\u00e1bil s\u00f3lida para gerenciar recursos, prestar contas e assegurar sua sustentabilidade. Vamos explorar os pilares\u2026","rel":"","context":"Em &quot;Geral&quot;","block_context":{"text":"Geral","link":"https:\/\/cfcontabil.com\/cf\/category\/geral\/"},"img":{"alt_text":"","src":"https:\/\/i0.wp.com\/cfcontabil.com\/cf\/wp-content\/uploads\/2024\/12\/DALL%C2%B7E-2024-12-09-11.02.42-3setor.webp?fit=1200%2C686&ssl=1&resize=350%2C200","width":350,"height":200,"srcset":"https:\/\/i0.wp.com\/cfcontabil.com\/cf\/wp-content\/uploads\/2024\/12\/DALL%C2%B7E-2024-12-09-11.02.42-3setor.webp?fit=1200%2C686&ssl=1&resize=350%2C200 1x, https:\/\/i0.wp.com\/cfcontabil.com\/cf\/wp-content\/uploads\/2024\/12\/DALL%C2%B7E-2024-12-09-11.02.42-3setor.webp?fit=1200%2C686&ssl=1&resize=525%2C300 1.5x, https:\/\/i0.wp.com\/cfcontabil.com\/cf\/wp-content\/uploads\/2024\/12\/DALL%C2%B7E-2024-12-09-11.02.42-3setor.webp?fit=1200%2C686&ssl=1&resize=700%2C400 2x, https:\/\/i0.wp.com\/cfcontabil.com\/cf\/wp-content\/uploads\/2024\/12\/DALL%C2%B7E-2024-12-09-11.02.42-3setor.webp?fit=1200%2C686&ssl=1&resize=1050%2C600 3x"},"classes":[]},{"id":2853,"url":"https:\/\/cfcontabil.com\/cf\/dirf-dasn-ecf-ecd-as-principais-declaracoes-anuais-para-empresas\/","url_meta":{"origin":873,"position":4},"title":"DIRF, DASN, ECF, ECD: as principais declara\u00e7\u00f5es anuais para empresas","author":"Ab\u00edlio Gon\u00e7alves","date":"23 de fevereiro de 2023","format":false,"excerpt":"As empresas s\u00e3o obrigadas a fornecer v\u00e1rias declara\u00e7\u00f5es anuais ao governo para cumprir suas obriga\u00e7\u00f5es fiscais e cont\u00e1beis.","rel":"","context":"Em &quot;Geral&quot;","block_context":{"text":"Geral","link":"https:\/\/cfcontabil.com\/cf\/category\/geral\/"},"img":{"alt_text":"Free business woman with laptop","src":"https:\/\/i0.wp.com\/cfcontabil.com\/cf\/wp-content\/uploads\/2023\/02\/czNmcy1wcml2YXRlL3Jhd3BpeGVsX2ltYWdlcy93ZWJzaXRlX2NvbnRlbnQvbHIvbnMxODExLWltYWdlLWt3dnljbzN4LmpwZw.jpg?fit=1200%2C900&ssl=1&resize=350%2C200","width":350,"height":200,"srcset":"https:\/\/i0.wp.com\/cfcontabil.com\/cf\/wp-content\/uploads\/2023\/02\/czNmcy1wcml2YXRlL3Jhd3BpeGVsX2ltYWdlcy93ZWJzaXRlX2NvbnRlbnQvbHIvbnMxODExLWltYWdlLWt3dnljbzN4LmpwZw.jpg?fit=1200%2C900&ssl=1&resize=350%2C200 1x, https:\/\/i0.wp.com\/cfcontabil.com\/cf\/wp-content\/uploads\/2023\/02\/czNmcy1wcml2YXRlL3Jhd3BpeGVsX2ltYWdlcy93ZWJzaXRlX2NvbnRlbnQvbHIvbnMxODExLWltYWdlLWt3dnljbzN4LmpwZw.jpg?fit=1200%2C900&ssl=1&resize=525%2C300 1.5x, https:\/\/i0.wp.com\/cfcontabil.com\/cf\/wp-content\/uploads\/2023\/02\/czNmcy1wcml2YXRlL3Jhd3BpeGVsX2ltYWdlcy93ZWJzaXRlX2NvbnRlbnQvbHIvbnMxODExLWltYWdlLWt3dnljbzN4LmpwZw.jpg?fit=1200%2C900&ssl=1&resize=700%2C400 2x, https:\/\/i0.wp.com\/cfcontabil.com\/cf\/wp-content\/uploads\/2023\/02\/czNmcy1wcml2YXRlL3Jhd3BpeGVsX2ltYWdlcy93ZWJzaXRlX2NvbnRlbnQvbHIvbnMxODExLWltYWdlLWt3dnljbzN4LmpwZw.jpg?fit=1200%2C900&ssl=1&resize=1050%2C600 3x"},"classes":[]},{"id":877,"url":"https:\/\/cfcontabil.com\/cf\/atraso-em-liberacao-de-programa-da-dirf-pode-comprometer-a-declaracao-de-imposto-de-renda\/","url_meta":{"origin":873,"position":5},"title":"Atraso em libera\u00e7\u00e3o de programa da Dirf pode comprometer a declara\u00e7\u00e3o de imposto de renda","author":"Ab\u00edlio Gon\u00e7alves","date":"26 de janeiro de 2017","format":false,"excerpt":"CFC encaminhou\u00a0of\u00edcio para Receita solicitando a imediata disponibiliza\u00e7\u00e3o de programa de transmiss\u00e3o da DIRF O Conselho Federal de Contabilidade (CFC) enviou, nesta ter\u00e7a-feira (24), of\u00edcio ao secret\u00e1rio da Receita Federal, Jorge Rachid, pedindo a prorroga\u00e7\u00e3o do prazo de entrega da Declara\u00e7\u00e3o do Imposto de Renda Retido na Fonte (Dirf), previsto\u2026","rel":"","context":"Em &quot;Departamento Pessoal&quot;","block_context":{"text":"Departamento Pessoal","link":"https:\/\/cfcontabil.com\/cf\/category\/dp\/"},"img":{"alt_text":"","src":"https:\/\/i0.wp.com\/cfcontabil.com\/cf\/wp-content\/uploads\/2017\/01\/DIRF_698x57613-1.jpg?fit=1000%2C826&ssl=1&resize=350%2C200","width":350,"height":200,"srcset":"https:\/\/i0.wp.com\/cfcontabil.com\/cf\/wp-content\/uploads\/2017\/01\/DIRF_698x57613-1.jpg?fit=1000%2C826&ssl=1&resize=350%2C200 1x, https:\/\/i0.wp.com\/cfcontabil.com\/cf\/wp-content\/uploads\/2017\/01\/DIRF_698x57613-1.jpg?fit=1000%2C826&ssl=1&resize=525%2C300 1.5x, https:\/\/i0.wp.com\/cfcontabil.com\/cf\/wp-content\/uploads\/2017\/01\/DIRF_698x57613-1.jpg?fit=1000%2C826&ssl=1&resize=700%2C400 2x"},"classes":[]}],"jetpack_likes_enabled":true,"_links":{"self":[{"href":"https:\/\/cfcontabil.com\/cf\/wp-json\/wp\/v2\/posts\/873","targetHints":{"allow":["GET"]}}],"collection":[{"href":"https:\/\/cfcontabil.com\/cf\/wp-json\/wp\/v2\/posts"}],"about":[{"href":"https:\/\/cfcontabil.com\/cf\/wp-json\/wp\/v2\/types\/post"}],"author":[{"embeddable":true,"href":"https:\/\/cfcontabil.com\/cf\/wp-json\/wp\/v2\/users\/3"}],"replies":[{"embeddable":true,"href":"https:\/\/cfcontabil.com\/cf\/wp-json\/wp\/v2\/comments?post=873"}],"version-history":[{"count":0,"href":"https:\/\/cfcontabil.com\/cf\/wp-json\/wp\/v2\/posts\/873\/revisions"}],"wp:attachment":[{"href":"https:\/\/cfcontabil.com\/cf\/wp-json\/wp\/v2\/media?parent=873"}],"wp:term":[{"taxonomy":"category","embeddable":true,"href":"https:\/\/cfcontabil.com\/cf\/wp-json\/wp\/v2\/categories?post=873"},{"taxonomy":"post_tag","embeddable":true,"href":"https:\/\/cfcontabil.com\/cf\/wp-json\/wp\/v2\/tags?post=873"}],"curies":[{"name":"wp","href":"https:\/\/api.w.org\/{rel}","templated":true}]}}