{"id":875,"date":"2017-01-27T06:15:02","date_gmt":"2017-01-27T08:15:02","guid":{"rendered":"http:\/\/cfcontabil.com\/cf\/?p=875"},"modified":"2017-01-27T06:15:02","modified_gmt":"2017-01-27T08:15:02","slug":"ministerio-publico-do-trabalho-condena-reforma-trabalhista","status":"publish","type":"post","link":"https:\/\/cfcontabil.com\/cf\/ministerio-publico-do-trabalho-condena-reforma-trabalhista\/","title":{"rendered":"Minist\u00e9rio P\u00fablico do Trabalho condena reforma trabalhista"},"content":{"rendered":"<p style=\"text-align: justify;\">O Minist\u00e9rio P\u00fablico do Trabalho (MPT) afirmou nesta ter\u00e7a-feira, 24, que s\u00e3o \u201cinconstitucionais\u201d as mudan\u00e7as na\u00a0<strong>legisla\u00e7\u00e3o trabalhista<\/strong>\u00a0propostas pelo governo federal, que tramitam no Congresso.<\/p>\n<p style=\"text-align: justify;\"><img data-recalc-dims=\"1\" fetchpriority=\"high\" decoding=\"async\" class=\"aligncenter size-full\" src=\"https:\/\/i0.wp.com\/www.contabeis.com.br\/Arquivar\/_resources\/newsimages\/eb36c33e6a867da7d9acb83d1a741b38.jpg?resize=300%2C183\" width=\"300\" height=\"183\" \/><\/p>\n<p style=\"text-align: justify;\">O estudo, elaborado por 12 procuradores do Trabalho, pede a rejei\u00e7\u00e3o por completo de dois projetos de lei e a altera\u00e7\u00e3o na reda\u00e7\u00e3o de outros dois.<\/p>\n<p style=\"text-align: justify;\"><!--more--><\/p>\n<p style=\"text-align: justify;\">Para os procuradores, as mudan\u00e7as contrariam a Constitui\u00e7\u00e3o Federal e as conven\u00e7\u00f5es internacionais firmadas pelo Brasil. Al\u00e9m de gerarem inseguran\u00e7a jur\u00eddica, t\u00eam impacto negativo na gera\u00e7\u00e3o de empregos e fragilizam o mercado interno.<\/p>\n<p style=\"text-align: justify;\">Ao final da reuni\u00e3o do MPT com centrais sindicais, associa\u00e7\u00f5es que atuam no \u00e2mbito da Justi\u00e7a do Trabalho e outras entidades, os integrantes assinaram um documento, intitulado \u201cCarta em defesa dos direitos sociais\u201d.<\/p>\n<p style=\"text-align: justify;\">O texto de duas p\u00e1ginas teve, segundo o MPT, a assinatura de 28 entidades, entre elas, a Central \u00danica dos Trabalhadores (CUT), a For\u00e7a Sindical e a Associa\u00e7\u00e3o Nacional dos Magistrados do Trabalho (Anamatra).<\/p>\n<p style=\"text-align: justify;\">O texto diz que \u201c\u00e9 da maior import\u00e2ncia que as propostas n\u00e3o tramitem sem que seja promovido um grande e profundo debate com toda a sociedade\u201d.<\/p>\n<p>Segundo o documento, todas as entidades concordaram que n\u00e3o pode haver discuss\u00e3o em regime de urg\u00eancia dessas propostas. \u201cFoi deliberado que haja uma pr\u00e9via discuss\u00e3o \u00e0 tramita\u00e7\u00e3o destas propostas\u201d, afirmou o procurador-geral do trabalho, Ronaldo Fleury.<\/p>\n<p style=\"text-align: justify;\">Outra resolu\u00e7\u00e3o da reuni\u00e3o foi a cria\u00e7\u00e3o do F\u00f3rum de Defesa do Direito do Trabalho. \u201cSe h\u00e1 necessidade ou n\u00e3o de altera\u00e7\u00e3o da CLT, que haja efetiva participa\u00e7\u00e3o da sociedade nessas discuss\u00f5es. O f\u00f3rum est\u00e1 sendo criado hoje e a partir da\u00ed a ideia \u00e9 que possamos discutir com o governo, o Legislativo e o Judici\u00e1rio sobre as reformas\u201d, afirmou.<\/p>\n<p style=\"text-align: justify;\">O procurador-geral do Trabalho disse tamb\u00e9m que \u201co intuito n\u00e3o \u00e9 qualquer atua\u00e7\u00e3o pol\u00edtico-partid\u00e1ria, mas, sim, a atua\u00e7\u00e3o na defesa dos direitos sociais e na defesa dos direitos dos trabalhadores\u201d.<\/p>\n<p style=\"text-align: justify;\">As quatro notas t\u00e9cnicas que comp\u00f5em o estudo do MPT abordam a preval\u00eancia do negociado sobre o legislado, a flexibiliza\u00e7\u00e3o da jornada, o regime de tempo parcial, a representa\u00e7\u00e3o de trabalhadores no local de trabalho, a terceiriza\u00e7\u00e3o da atividade-fim, o trabalho tempor\u00e1rio e a jornada intermitente. Segundo o texto dos procuradores, tudo isso est\u00e1 sendo \u201cimposto de forma a provocar um grande desequil\u00edbrio nas rela\u00e7\u00f5es entre empregados e empregadores no pa\u00eds\u201d.<\/p>\n<p style=\"text-align: justify;\">Os dois projetos que os 12 membros do MPT querem ver descartados s\u00e3o o PL 6787\/2016, que, segundo os procuradores, imp\u00f5e a preval\u00eancia do negociado sobre o legislado, e do PLS 218\/2016, que permite a terceiriza\u00e7\u00e3o da atividade-fim por meio do chamado \u201ccontrato de trabalho intermitente\u201d.<\/p>\n<p style=\"text-align: justify;\">Fonte: Estad\u00e3o Conte\u00fado<\/p>\n","protected":false},"excerpt":{"rendered":"<p>O Minist\u00e9rio P\u00fablico do Trabalho (MPT) afirmou nesta ter\u00e7a-feira, 24, que s\u00e3o \u201cinconstitucionais\u201d as mudan\u00e7as na\u00a0legisla\u00e7\u00e3o trabalhista\u00a0propostas pelo governo federal, que tramitam no Congresso. O estudo, elaborado por 12 procuradores do Trabalho, pede a rejei\u00e7\u00e3o por completo de dois projetos de lei e a altera\u00e7\u00e3o na reda\u00e7\u00e3o de outros dois.<\/p>\n","protected":false},"author":3,"featured_media":1486,"comment_status":"open","ping_status":"open","sticky":false,"template":"","format":"standard","meta":{"jetpack_post_was_ever_published":false,"_jetpack_newsletter_access":"","_jetpack_dont_email_post_to_subs":false,"_jetpack_newsletter_tier_id":0,"_jetpack_memberships_contains_paywalled_content":false,"_jetpack_memberships_contains_paid_content":false,"footnotes":"","jetpack_publicize_message":"#ReformaTrabalhista","jetpack_publicize_feature_enabled":true,"jetpack_social_post_already_shared":true,"jetpack_social_options":{"image_generator_settings":{"template":"highway","default_image_id":0,"font":"","enabled":false},"version":2}},"categories":[29],"tags":[335,336,337,338,41],"class_list":["post-875","post","type-post","status-publish","format-standard","has-post-thumbnail","hentry","category-dp","tag-legislacao","tag-ministerio","tag-publico","tag-reforma","tag-trabalhista"],"jetpack_publicize_connections":[],"jetpack_featured_media_url":"https:\/\/i0.wp.com\/cfcontabil.com\/cf\/wp-content\/uploads\/2016\/03\/ctps-1.jpeg?fit=635%2C423&ssl=1","jetpack_sharing_enabled":true,"jetpack_shortlink":"https:\/\/wp.me\/p2wklX-e7","jetpack-related-posts":[{"id":2352,"url":"https:\/\/cfcontabil.com\/cf\/governo-ainda-nao-definiu-como-sera-o-13o-de-quem-teve-corte-salarial\/","url_meta":{"origin":875,"position":0},"title":"Governo ainda n\u00e3o definiu como ser\u00e1 o 13\u00ba de quem teve corte salarial","author":"Ab\u00edlio Gon\u00e7alves","date":"30 de outubro de 2020","format":false,"excerpt":"Empres\u00e1rios acreditam que benef\u00edcio deve ser menor para os trabalhadores que fizeram acordos de redu\u00e7\u00e3o salarial, mas querem aval do governo. Apesar da data de pagamento do 13\u00ba sal\u00e1rio estar chegando, o governo federal ainda n\u00e3o definiu como deve ser feito o c\u00e1lculo do benef\u00edcio de quem teve o sal\u00e1rio\u2026","rel":"","context":"Em \"Benef\u00edcio\"","block_context":{"text":"Benef\u00edcio","link":"https:\/\/cfcontabil.com\/cf\/tag\/beneficio\/"},"img":{"alt_text":"","src":"https:\/\/i0.wp.com\/cfcontabil.com\/cf\/wp-content\/uploads\/2020\/03\/dinheiro-caneta.jpg?fit=600%2C310&ssl=1&resize=350%2C200","width":350,"height":200,"srcset":"https:\/\/i0.wp.com\/cfcontabil.com\/cf\/wp-content\/uploads\/2020\/03\/dinheiro-caneta.jpg?fit=600%2C310&ssl=1&resize=350%2C200 1x, https:\/\/i0.wp.com\/cfcontabil.com\/cf\/wp-content\/uploads\/2020\/03\/dinheiro-caneta.jpg?fit=600%2C310&ssl=1&resize=525%2C300 1.5x"},"classes":[]},{"id":1265,"url":"https:\/\/cfcontabil.com\/cf\/reforma-trabalhista-como-era-e-como-ficara\/","url_meta":{"origin":875,"position":1},"title":"Reforma trabalhista: como era e como ficar\u00e1?","author":"Ab\u00edlio Gon\u00e7alves","date":"27 de julho de 2017","format":false,"excerpt":"Reforma trabalhista, uma das principais mudan\u00e7as ansiosamente aguardada por empres\u00e1rios e industriais, \u00a0foi\u00a0publicada no Di\u00e1rio Oficial da Uni\u00e3o, no dia\u00a014 de julho de 2017, sob forma de\u00a0Lei n\u00ba 13.467. Segundo o Executivo Nacional, as 100 mudan\u00e7as na Consolida\u00e7\u00e3o das Leis do Trabalho \u2013 CLT, que entrar\u00e3o em vigor em novembro\u2026","rel":"","context":"Em &quot;Departamento Pessoal&quot;","block_context":{"text":"Departamento Pessoal","link":"https:\/\/cfcontabil.com\/cf\/category\/dp\/"},"img":{"alt_text":"","src":"https:\/\/i0.wp.com\/cfcontabil.com\/cf\/wp-content\/uploads\/2017\/05\/carteira-de-trabalho-1.jpg?fit=590%2C302&ssl=1&resize=350%2C200","width":350,"height":200,"srcset":"https:\/\/i0.wp.com\/cfcontabil.com\/cf\/wp-content\/uploads\/2017\/05\/carteira-de-trabalho-1.jpg?fit=590%2C302&ssl=1&resize=350%2C200 1x, https:\/\/i0.wp.com\/cfcontabil.com\/cf\/wp-content\/uploads\/2017\/05\/carteira-de-trabalho-1.jpg?fit=590%2C302&ssl=1&resize=525%2C300 1.5x"},"classes":[]},{"id":1140,"url":"https:\/\/cfcontabil.com\/cf\/comissao-aprova-relatorio-da-reforma-trabalhista\/","url_meta":{"origin":875,"position":2},"title":"Comiss\u00e3o aprova relat\u00f3rio da reforma trabalhista","author":"Ab\u00edlio Gon\u00e7alves","date":"27 de abril de 2017","format":false,"excerpt":"Projeto define as situa\u00e7\u00f5es nas quais acordos coletivos poder\u00e3o se sobrepor \u00e0 lei trabalhista. A comiss\u00e3o especial da C\u00e2mara destinada a analisar a reforma trabalhista aprovou nesta ter\u00e7a-feira (25) o parecer do relator Rog\u00e9rio Marinho (PSDB-RN) por 27 votos a favor e 10 contra. O projeto foi encaminhado ao Legislativo\u2026","rel":"","context":"Em &quot;Departamento Pessoal&quot;","block_context":{"text":"Departamento Pessoal","link":"https:\/\/cfcontabil.com\/cf\/category\/dp\/"},"img":{"alt_text":"","src":"https:\/\/i0.wp.com\/cfcontabil.com\/cf\/wp-content\/uploads\/2017\/01\/CTPStrabalho-1.jpg?fit=1200%2C781&ssl=1&resize=350%2C200","width":350,"height":200,"srcset":"https:\/\/i0.wp.com\/cfcontabil.com\/cf\/wp-content\/uploads\/2017\/01\/CTPStrabalho-1.jpg?fit=1200%2C781&ssl=1&resize=350%2C200 1x, https:\/\/i0.wp.com\/cfcontabil.com\/cf\/wp-content\/uploads\/2017\/01\/CTPStrabalho-1.jpg?fit=1200%2C781&ssl=1&resize=525%2C300 1.5x, https:\/\/i0.wp.com\/cfcontabil.com\/cf\/wp-content\/uploads\/2017\/01\/CTPStrabalho-1.jpg?fit=1200%2C781&ssl=1&resize=700%2C400 2x, https:\/\/i0.wp.com\/cfcontabil.com\/cf\/wp-content\/uploads\/2017\/01\/CTPStrabalho-1.jpg?fit=1200%2C781&ssl=1&resize=1050%2C600 3x"},"classes":[]},{"id":1156,"url":"https:\/\/cfcontabil.com\/cf\/governo-trabalha-para-reverter-mudancas-no-refis\/","url_meta":{"origin":875,"position":3},"title":"Governo trabalha para reverter mudan\u00e7as no Refis","author":"Ab\u00edlio Gon\u00e7alves","date":"16 de maio de 2017","format":false,"excerpt":"O governo est\u00e1 trabalhando para reverter mudan\u00e7as no Programa de Regulariza\u00e7\u00e3o Tribut\u00e1ria, esp\u00e9cie de Refis, para parcelamento de d\u00edvidas com a Secretaria da Receita Federal do Brasil e a Procuradoria-Geral da Fazenda Nacional. A afirma\u00e7\u00e3o \u00e9 o ministro da Fazenda, Henrique Meirelles, ap\u00f3s participar hoje (11) do programa Agora Brasil,\u2026","rel":"","context":"Em &quot;Departamento Fiscal&quot;","block_context":{"text":"Departamento Fiscal","link":"https:\/\/cfcontabil.com\/cf\/category\/df\/"},"img":{"alt_text":"","src":"https:\/\/i0.wp.com\/cfcontabil.com\/cf\/wp-content\/uploads\/2016\/03\/dinheiro-1.jpg?fit=661%2C351&ssl=1&resize=350%2C200","width":350,"height":200,"srcset":"https:\/\/i0.wp.com\/cfcontabil.com\/cf\/wp-content\/uploads\/2016\/03\/dinheiro-1.jpg?fit=661%2C351&ssl=1&resize=350%2C200 1x, https:\/\/i0.wp.com\/cfcontabil.com\/cf\/wp-content\/uploads\/2016\/03\/dinheiro-1.jpg?fit=661%2C351&ssl=1&resize=525%2C300 1.5x"},"classes":[]},{"id":902,"url":"https:\/\/cfcontabil.com\/cf\/ministerio-do-trabalho-lanca-plataforma-tecnologica-para-combate-a-fraudes\/","url_meta":{"origin":875,"position":4},"title":"Minist\u00e9rio do Trabalho lan\u00e7a plataforma tecnol\u00f3gica para combate a fraudes","author":"Ab\u00edlio Gon\u00e7alves","date":"1 de fevereiro de 2017","format":false,"excerpt":"Sistema vai proporcionar economia de aproximadamente R$ 1,3 bilh\u00e3o em 2017, evitando pagamentos indevidos. Al\u00e9m disso, a previs\u00e3o \u00e9 que em 2018 o trabalhador n\u00e3o precise mais ir \u00e0s ag\u00eancias para solicitar o benef\u00edcio O combate \u00e0s fraudes no seguro-desemprego ganha uma nova arma. O Minist\u00e9rio do Trabalho (MTb) est\u00e1\u2026","rel":"","context":"Em &quot;Departamento Pessoal&quot;","block_context":{"text":"Departamento Pessoal","link":"https:\/\/cfcontabil.com\/cf\/category\/dp\/"},"img":{"alt_text":"","src":"https:\/\/i0.wp.com\/cfcontabil.com\/cf\/wp-content\/uploads\/2017\/01\/CTPStrabalho-1.jpg?fit=1200%2C781&ssl=1&resize=350%2C200","width":350,"height":200,"srcset":"https:\/\/i0.wp.com\/cfcontabil.com\/cf\/wp-content\/uploads\/2017\/01\/CTPStrabalho-1.jpg?fit=1200%2C781&ssl=1&resize=350%2C200 1x, https:\/\/i0.wp.com\/cfcontabil.com\/cf\/wp-content\/uploads\/2017\/01\/CTPStrabalho-1.jpg?fit=1200%2C781&ssl=1&resize=525%2C300 1.5x, https:\/\/i0.wp.com\/cfcontabil.com\/cf\/wp-content\/uploads\/2017\/01\/CTPStrabalho-1.jpg?fit=1200%2C781&ssl=1&resize=700%2C400 2x, https:\/\/i0.wp.com\/cfcontabil.com\/cf\/wp-content\/uploads\/2017\/01\/CTPStrabalho-1.jpg?fit=1200%2C781&ssl=1&resize=1050%2C600 3x"},"classes":[]},{"id":1222,"url":"https:\/\/cfcontabil.com\/cf\/ministro-garante-que-modernizacao-da-clt-mantem-direitos-dos-trabalhadores\/","url_meta":{"origin":875,"position":5},"title":"Ministro garante que moderniza\u00e7\u00e3o da CLT mant\u00e9m direitos dos trabalhadores","author":"Ab\u00edlio Gon\u00e7alves","date":"24 de fevereiro de 2017","format":false,"excerpt":"O ministro do Trabalho, Ronaldo Nogueira, garantiu nesta quinta-feira (16) que a proposta de moderniza\u00e7\u00e3o das leis trabalhistas enviada pelo governo federal ao Congresso Nacional assegura os direitos dos trabalhadores. Durante audi\u00eancia da Comiss\u00e3o Especial da Reforma Trabalhista da C\u00e2mara dos Deputados, ele explicou aos parlamentares que o projeto n\u00e3o\u2026","rel":"","context":"Em &quot;Departamento Pessoal&quot;","block_context":{"text":"Departamento Pessoal","link":"https:\/\/cfcontabil.com\/cf\/category\/dp\/"},"img":{"alt_text":"","src":"https:\/\/i0.wp.com\/cfcontabil.com\/cf\/wp-content\/uploads\/2017\/02\/ctps-digital-1.jpg?fit=1200%2C627&ssl=1&resize=350%2C200","width":350,"height":200,"srcset":"https:\/\/i0.wp.com\/cfcontabil.com\/cf\/wp-content\/uploads\/2017\/02\/ctps-digital-1.jpg?fit=1200%2C627&ssl=1&resize=350%2C200 1x, https:\/\/i0.wp.com\/cfcontabil.com\/cf\/wp-content\/uploads\/2017\/02\/ctps-digital-1.jpg?fit=1200%2C627&ssl=1&resize=525%2C300 1.5x, https:\/\/i0.wp.com\/cfcontabil.com\/cf\/wp-content\/uploads\/2017\/02\/ctps-digital-1.jpg?fit=1200%2C627&ssl=1&resize=700%2C400 2x, https:\/\/i0.wp.com\/cfcontabil.com\/cf\/wp-content\/uploads\/2017\/02\/ctps-digital-1.jpg?fit=1200%2C627&ssl=1&resize=1050%2C600 3x"},"classes":[]}],"jetpack_likes_enabled":true,"_links":{"self":[{"href":"https:\/\/cfcontabil.com\/cf\/wp-json\/wp\/v2\/posts\/875","targetHints":{"allow":["GET"]}}],"collection":[{"href":"https:\/\/cfcontabil.com\/cf\/wp-json\/wp\/v2\/posts"}],"about":[{"href":"https:\/\/cfcontabil.com\/cf\/wp-json\/wp\/v2\/types\/post"}],"author":[{"embeddable":true,"href":"https:\/\/cfcontabil.com\/cf\/wp-json\/wp\/v2\/users\/3"}],"replies":[{"embeddable":true,"href":"https:\/\/cfcontabil.com\/cf\/wp-json\/wp\/v2\/comments?post=875"}],"version-history":[{"count":0,"href":"https:\/\/cfcontabil.com\/cf\/wp-json\/wp\/v2\/posts\/875\/revisions"}],"wp:featuredmedia":[{"embeddable":true,"href":"https:\/\/cfcontabil.com\/cf\/wp-json\/wp\/v2\/media\/1486"}],"wp:attachment":[{"href":"https:\/\/cfcontabil.com\/cf\/wp-json\/wp\/v2\/media?parent=875"}],"wp:term":[{"taxonomy":"category","embeddable":true,"href":"https:\/\/cfcontabil.com\/cf\/wp-json\/wp\/v2\/categories?post=875"},{"taxonomy":"post_tag","embeddable":true,"href":"https:\/\/cfcontabil.com\/cf\/wp-json\/wp\/v2\/tags?post=875"}],"curies":[{"name":"wp","href":"https:\/\/api.w.org\/{rel}","templated":true}]}}