{"id":880,"date":"2017-01-26T14:00:30","date_gmt":"2017-01-26T16:00:30","guid":{"rendered":"http:\/\/cfcontabil.com\/cf\/?p=880"},"modified":"2017-01-26T14:00:30","modified_gmt":"2017-01-26T16:00:30","slug":"projeto-autoriza-caixa-a-financiar-abertura-de-empresas-com-recursos-do-fgts","status":"publish","type":"post","link":"https:\/\/cfcontabil.com\/cf\/projeto-autoriza-caixa-a-financiar-abertura-de-empresas-com-recursos-do-fgts\/","title":{"rendered":"Projeto autoriza Caixa a financiar abertura de empresas com recursos do FGTS"},"content":{"rendered":"<p style=\"text-align: justify;\">Tramita na C\u00e2mara dos Deputados projeto de lei (PL 4923\/16) que autoriza a Caixa Econ\u00f4mica Federal a usar recursos do Fundo de Garantia do Tempo de Servi\u00e7o (FGTS) para financiar a abertura de novas empresas, desde que estas tenham plano de neg\u00f3cios validado pelo Sebrae e gerem no m\u00ednimo dois empregos diretos.<\/p>\n<p style=\"text-align: justify;\"><a href=\"https:\/\/i0.wp.com\/cfcontabil.com\/cf\/wp-content\/uploads\/2016\/03\/FGTS.jpg\"><img data-recalc-dims=\"1\" fetchpriority=\"high\" decoding=\"async\" data-attachment-id=\"715\" data-permalink=\"https:\/\/cfcontabil.com\/cf\/recebeu-uma-notificacao-de-debito-do-fgts-o-que-fazer\/fgts\/\" data-orig-file=\"https:\/\/i0.wp.com\/cfcontabil.com\/cf\/wp-content\/uploads\/2016\/03\/FGTS-1.jpg?fit=715%2C270&amp;ssl=1\" data-orig-size=\"715,270\" data-comments-opened=\"1\" data-image-meta=\"{&quot;aperture&quot;:&quot;0&quot;,&quot;credit&quot;:&quot;&quot;,&quot;camera&quot;:&quot;&quot;,&quot;caption&quot;:&quot;&quot;,&quot;created_timestamp&quot;:&quot;0&quot;,&quot;copyright&quot;:&quot;&quot;,&quot;focal_length&quot;:&quot;0&quot;,&quot;iso&quot;:&quot;0&quot;,&quot;shutter_speed&quot;:&quot;0&quot;,&quot;title&quot;:&quot;&quot;,&quot;orientation&quot;:&quot;1&quot;}\" data-image-title=\"FGTS\" data-image-description=\"\" data-image-caption=\"\" data-large-file=\"https:\/\/i0.wp.com\/cfcontabil.com\/cf\/wp-content\/uploads\/2016\/03\/FGTS-1.jpg?fit=715%2C270&amp;ssl=1\" class=\"aligncenter size-full wp-image-715\" src=\"https:\/\/i0.wp.com\/cfcontabil.com\/cf\/wp-content\/uploads\/2016\/03\/FGTS.jpg?resize=715%2C270\" alt=\"\" width=\"715\" height=\"270\" \/><\/a><\/p>\n<p>O projeto foi apresentado pelo deputado Diego Andrade (PSD-MG). Segundo ele, o objetivo \u00e9 criar uma nova fonte de recursos para auxiliar a retomada do crescimento econ\u00f4mico do Pa\u00eds.<\/p>\n<p>\u201cO Brasil est\u00e1 passando por uma crise econ\u00f4mico-financeira e necessita de novos incentivos para recuperar a economia\u201d, disse Andrade.<\/p>\n<p>A proposta altera a lei que regulamenta do FGTS (Lei 8.036\/90).<\/p>\n<p style=\"text-align: justify;\"><!--more--><\/p>\n<p style=\"text-align: justify;\">Tramita\u00e7\u00e3o<\/p>\n<p>O projeto tramita em car\u00e1ter conclusivo nas comiss\u00f5es de Trabalho, de Administra\u00e7\u00e3o e Servi\u00e7o P\u00fablico; Finan\u00e7as e Tributa\u00e7\u00e3o; e Constitui\u00e7\u00e3o e Justi\u00e7a e de Cidadania.<\/p>\n<p style=\"text-align: right;\">Fonte:\u00a0C\u00e2mara dos Deputados de 24.01.2017<\/p>\n","protected":false},"excerpt":{"rendered":"<p>Tramita na C\u00e2mara dos Deputados projeto de lei (PL 4923\/16) que autoriza a Caixa Econ\u00f4mica Federal a usar recursos do Fundo de Garantia do Tempo de Servi\u00e7o (FGTS) para financiar a abertura de novas empresas, desde que estas tenham plano de neg\u00f3cios validado pelo Sebrae e gerem no m\u00ednimo dois empregos diretos. O projeto foi [&hellip;]<\/p>\n","protected":false},"author":3,"featured_media":0,"comment_status":"open","ping_status":"open","sticky":false,"template":"","format":"standard","meta":{"jetpack_post_was_ever_published":false,"_jetpack_newsletter_access":"","_jetpack_dont_email_post_to_subs":false,"_jetpack_newsletter_tier_id":0,"_jetpack_memberships_contains_paywalled_content":false,"_jetpack_memberships_contains_paid_content":false,"footnotes":"","jetpack_publicize_message":"#Projeto #FGTS","jetpack_publicize_feature_enabled":true,"jetpack_social_post_already_shared":true,"jetpack_social_options":{"image_generator_settings":{"template":"highway","default_image_id":0,"font":"","enabled":false},"version":2}},"categories":[60],"tags":[77,341,303,79,342,45],"class_list":["post-880","post","type-post","status-publish","format-standard","hentry","category-consultoria","tag-caixa","tag-economia","tag-empresa","tag-fgts","tag-lei","tag-trabalho"],"jetpack_publicize_connections":[],"jetpack_featured_media_url":"","jetpack_sharing_enabled":true,"jetpack_shortlink":"https:\/\/wp.me\/p2wklX-ec","jetpack-related-posts":[{"id":1455,"url":"https:\/\/cfcontabil.com\/cf\/o-perigo-da-divida-do-fgts-no-esocial\/","url_meta":{"origin":880,"position":0},"title":"O perigo da d\u00edvida do FGTS no eSocial","author":"Ab\u00edlio Gon\u00e7alves","date":"22 de fevereiro de 2019","format":false,"excerpt":"Caso voc\u00ea ainda n\u00e3o tenha ci\u00eancia, o governo federal recentemente expediu uma lei proibindo o cr\u00e9dito a empresas devedoras do FGTS. E se voc\u00ea est\u00e1 em d\u00e9bito com o FGTS, todo o cuidado \u00e9 pouco: notifica\u00e7\u00e3o, multa e autua\u00e7\u00e3o podem bater na sua porta. A Lei n\u00ba 13.805\/19 prev\u00ea que\u2026","rel":"","context":"Em &quot;Departamento Pessoal&quot;","block_context":{"text":"Departamento Pessoal","link":"https:\/\/cfcontabil.com\/cf\/category\/dp\/"},"img":{"alt_text":"","src":"https:\/\/i0.wp.com\/cfcontabil.com\/cf\/wp-content\/uploads\/2019\/02\/fgtsCAIXA-1.jpg?fit=600%2C293&ssl=1&resize=350%2C200","width":350,"height":200,"srcset":"https:\/\/i0.wp.com\/cfcontabil.com\/cf\/wp-content\/uploads\/2019\/02\/fgtsCAIXA-1.jpg?fit=600%2C293&ssl=1&resize=350%2C200 1x, https:\/\/i0.wp.com\/cfcontabil.com\/cf\/wp-content\/uploads\/2019\/02\/fgtsCAIXA-1.jpg?fit=600%2C293&ssl=1&resize=525%2C300 1.5x"},"classes":[]},{"id":2015,"url":"https:\/\/cfcontabil.com\/cf\/governo-extingue-multa-de-10-sobre-fgts-paga-por-empresas\/","url_meta":{"origin":880,"position":1},"title":"Governo extingue multa de 10% sobre FGTS paga por empresas","author":"Ab\u00edlio Gon\u00e7alves","date":"13 de dezembro de 2019","format":false,"excerpt":"Lei publicada no Di\u00e1rio Oficial autoriza saque-anivers\u00e1rio e traz mudan\u00e7as no Fundo, entre elas, o fim da contribui\u00e7\u00e3o em caso de demiss\u00e3o sem justa causa As empresas passar\u00e3o a pagar menos encargos em casos de demiss\u00e3o sem justa causa. A\u00a0Lei n\u00ba 13.932, publicada no DOU (Di\u00e1rio Oficial da Uni\u00e3o) nesta\u2026","rel":"","context":"Em &quot;Departamento Pessoal&quot;","block_context":{"text":"Departamento Pessoal","link":"https:\/\/cfcontabil.com\/cf\/category\/dp\/"},"img":{"alt_text":"","src":"https:\/\/i0.wp.com\/cfcontabil.com\/cf\/wp-content\/uploads\/2019\/12\/FGTS-ctps.jpg?fit=600%2C335&ssl=1&resize=350%2C200","width":350,"height":200,"srcset":"https:\/\/i0.wp.com\/cfcontabil.com\/cf\/wp-content\/uploads\/2019\/12\/FGTS-ctps.jpg?fit=600%2C335&ssl=1&resize=350%2C200 1x, https:\/\/i0.wp.com\/cfcontabil.com\/cf\/wp-content\/uploads\/2019\/12\/FGTS-ctps.jpg?fit=600%2C335&ssl=1&resize=525%2C300 1.5x"},"classes":[]},{"id":713,"url":"https:\/\/cfcontabil.com\/cf\/multa-do-fgts-pode-ameacar-trabalhadores\/","url_meta":{"origin":880,"position":2},"title":"Multa do FGTS pode amea\u00e7ar trabalhadores","author":"Ab\u00edlio Gon\u00e7alves","date":"31 de mar\u00e7o de 2016","format":false,"excerpt":"Manter um colaborar por mais de 30 anos pode render um \u201cpr\u00eamio\u201d amargo para as empresas brasileiras. Tramita no Senado Federal um projeto de lei que visa aumentar a multa do Fundo de Garantia por Tempo de Servi\u00e7o (FGTS) em at\u00e9 15% para empresas que mantiverem funcion\u00e1rios em seus quadros\u2026","rel":"","context":"Em &quot;Consultoria Empresarial&quot;","block_context":{"text":"Consultoria Empresarial","link":"https:\/\/cfcontabil.com\/cf\/category\/consultoria\/"},"img":{"alt_text":"","src":"https:\/\/i0.wp.com\/cfcontabil.com\/cf\/wp-content\/uploads\/2016\/03\/FGTS-1.jpg?fit=715%2C270&ssl=1&resize=350%2C200","width":350,"height":200,"srcset":"https:\/\/i0.wp.com\/cfcontabil.com\/cf\/wp-content\/uploads\/2016\/03\/FGTS-1.jpg?fit=715%2C270&ssl=1&resize=350%2C200 1x, https:\/\/i0.wp.com\/cfcontabil.com\/cf\/wp-content\/uploads\/2016\/03\/FGTS-1.jpg?fit=715%2C270&ssl=1&resize=525%2C300 1.5x, https:\/\/i0.wp.com\/cfcontabil.com\/cf\/wp-content\/uploads\/2016\/03\/FGTS-1.jpg?fit=715%2C270&ssl=1&resize=700%2C400 2x"},"classes":[]},{"id":1802,"url":"https:\/\/cfcontabil.com\/cf\/cobrancas-do-fgts-so-poderao-ser-feitas-para-dividas-de-ate-5-anos\/","url_meta":{"origin":880,"position":3},"title":"Cobran\u00e7as do FGTS s\u00f3 poder\u00e3o ser feitas para d\u00edvidas de at\u00e9 5 anos","author":"Ab\u00edlio Gon\u00e7alves","date":"21 de outubro de 2019","format":false,"excerpt":"Uma medida aprovada em 2014 pelo STF reduziu o prazo de cobran\u00e7a de 30 anos para cinco anos. Atualmente, mais de 220 mil empresas est\u00e3o devendo. A partir de novembro, o trabalhador s\u00f3 poder\u00e1 entrar na Justi\u00e7a do Trabalho para cobrar pend\u00eancias do\u00a0Fundo de Garantia do Tempo de Servi\u00e7o (FGTS)\u00a0dos\u2026","rel":"","context":"Em &quot;Departamento Pessoal&quot;","block_context":{"text":"Departamento Pessoal","link":"https:\/\/cfcontabil.com\/cf\/category\/dp\/"},"img":{"alt_text":"","src":"https:\/\/i0.wp.com\/cfcontabil.com\/cf\/wp-content\/uploads\/2019\/10\/FGTS-TRABALHADOR-AGENCIA.jpg?fit=1200%2C1006&ssl=1&resize=350%2C200","width":350,"height":200,"srcset":"https:\/\/i0.wp.com\/cfcontabil.com\/cf\/wp-content\/uploads\/2019\/10\/FGTS-TRABALHADOR-AGENCIA.jpg?fit=1200%2C1006&ssl=1&resize=350%2C200 1x, https:\/\/i0.wp.com\/cfcontabil.com\/cf\/wp-content\/uploads\/2019\/10\/FGTS-TRABALHADOR-AGENCIA.jpg?fit=1200%2C1006&ssl=1&resize=525%2C300 1.5x, https:\/\/i0.wp.com\/cfcontabil.com\/cf\/wp-content\/uploads\/2019\/10\/FGTS-TRABALHADOR-AGENCIA.jpg?fit=1200%2C1006&ssl=1&resize=700%2C400 2x, https:\/\/i0.wp.com\/cfcontabil.com\/cf\/wp-content\/uploads\/2019\/10\/FGTS-TRABALHADOR-AGENCIA.jpg?fit=1200%2C1006&ssl=1&resize=1050%2C600 3x"},"classes":[]},{"id":1229,"url":"https:\/\/cfcontabil.com\/cf\/governo-regulamenta-saque-das-contas-inativas-do-fgts-previsto-na-mp-7632016\/","url_meta":{"origin":880,"position":4},"title":"Governo regulamenta saque das contas inativas do FGTS previsto na MP 763\/2016","author":"Ab\u00edlio Gon\u00e7alves","date":"3 de mar\u00e7o de 2017","format":false,"excerpt":"DECRETO 8.989, DE 14-2-2017 (DO-U DE 15-2-2017) \u00a0 MOVIMENTA\u00c7\u00c3O DA CONTA \u2013 Hip\u00f3teses \u00a0 Governo regulamenta saque das contas inativas do FGTS previsto na MP 763\/2016 O Ato em refer\u00eancia acrescenta os \u00a7\u00a7 9\u00ba e 10 ao artigo 35 do\u00a0Decreto 99.684, de 8-11-90, que consolida as normas relativas ao FGTS,\u2026","rel":"","context":"Em &quot;Departamento Pessoal&quot;","block_context":{"text":"Departamento Pessoal","link":"https:\/\/cfcontabil.com\/cf\/category\/dp\/"},"img":{"alt_text":"","src":"https:\/\/i0.wp.com\/cfcontabil.com\/cf\/wp-content\/uploads\/2017\/03\/FGTS1-1.jpg?fit=1200%2C702&ssl=1&resize=350%2C200","width":350,"height":200,"srcset":"https:\/\/i0.wp.com\/cfcontabil.com\/cf\/wp-content\/uploads\/2017\/03\/FGTS1-1.jpg?fit=1200%2C702&ssl=1&resize=350%2C200 1x, https:\/\/i0.wp.com\/cfcontabil.com\/cf\/wp-content\/uploads\/2017\/03\/FGTS1-1.jpg?fit=1200%2C702&ssl=1&resize=525%2C300 1.5x, https:\/\/i0.wp.com\/cfcontabil.com\/cf\/wp-content\/uploads\/2017\/03\/FGTS1-1.jpg?fit=1200%2C702&ssl=1&resize=700%2C400 2x, https:\/\/i0.wp.com\/cfcontabil.com\/cf\/wp-content\/uploads\/2017\/03\/FGTS1-1.jpg?fit=1200%2C702&ssl=1&resize=1050%2C600 3x"},"classes":[]},{"id":1800,"url":"https:\/\/cfcontabil.com\/cf\/fgts-divergencias-no-cadastro-do-trabalhador-podem-impedir-saque-imediato-de-ate-r-500\/","url_meta":{"origin":880,"position":5},"title":"FGTS: Diverg\u00eancias no cadastro do trabalhador podem impedir saque imediato de at\u00e9 R$ 500","author":"Ab\u00edlio Gon\u00e7alves","date":"22 de outubro de 2019","format":false,"excerpt":"Dentre as principais diverg\u00eancias est\u00e1 o cadastro do n\u00famero errado do PIS, abrevia\u00e7\u00e3o err\u00f4nea no nome e at\u00e9 mesmo o nome completo. Saiba como solucionar! O pr\u00f3ximo lote referente ao\u00a0saque imediato\u00a0de at\u00e9 R$ 500 de contas ativas e inativas do\u00a0FGTS\u00a0ser\u00e1 liberado amanh\u00e3, 18. Esse ser\u00e1 o primeiro lote destinado aos\u2026","rel":"","context":"Em &quot;Departamento Pessoal&quot;","block_context":{"text":"Departamento Pessoal","link":"https:\/\/cfcontabil.com\/cf\/category\/dp\/"},"img":{"alt_text":"","src":"https:\/\/i0.wp.com\/cfcontabil.com\/cf\/wp-content\/uploads\/2016\/03\/dinheiro-1.jpg?fit=661%2C351&ssl=1&resize=350%2C200","width":350,"height":200,"srcset":"https:\/\/i0.wp.com\/cfcontabil.com\/cf\/wp-content\/uploads\/2016\/03\/dinheiro-1.jpg?fit=661%2C351&ssl=1&resize=350%2C200 1x, https:\/\/i0.wp.com\/cfcontabil.com\/cf\/wp-content\/uploads\/2016\/03\/dinheiro-1.jpg?fit=661%2C351&ssl=1&resize=525%2C300 1.5x"},"classes":[]}],"jetpack_likes_enabled":true,"_links":{"self":[{"href":"https:\/\/cfcontabil.com\/cf\/wp-json\/wp\/v2\/posts\/880","targetHints":{"allow":["GET"]}}],"collection":[{"href":"https:\/\/cfcontabil.com\/cf\/wp-json\/wp\/v2\/posts"}],"about":[{"href":"https:\/\/cfcontabil.com\/cf\/wp-json\/wp\/v2\/types\/post"}],"author":[{"embeddable":true,"href":"https:\/\/cfcontabil.com\/cf\/wp-json\/wp\/v2\/users\/3"}],"replies":[{"embeddable":true,"href":"https:\/\/cfcontabil.com\/cf\/wp-json\/wp\/v2\/comments?post=880"}],"version-history":[{"count":0,"href":"https:\/\/cfcontabil.com\/cf\/wp-json\/wp\/v2\/posts\/880\/revisions"}],"wp:attachment":[{"href":"https:\/\/cfcontabil.com\/cf\/wp-json\/wp\/v2\/media?parent=880"}],"wp:term":[{"taxonomy":"category","embeddable":true,"href":"https:\/\/cfcontabil.com\/cf\/wp-json\/wp\/v2\/categories?post=880"},{"taxonomy":"post_tag","embeddable":true,"href":"https:\/\/cfcontabil.com\/cf\/wp-json\/wp\/v2\/tags?post=880"}],"curies":[{"name":"wp","href":"https:\/\/api.w.org\/{rel}","templated":true}]}}