{"id":883,"date":"2017-01-27T12:00:05","date_gmt":"2017-01-27T14:00:05","guid":{"rendered":"http:\/\/cfcontabil.com\/cf\/?p=883"},"modified":"2017-01-27T12:00:05","modified_gmt":"2017-01-27T14:00:05","slug":"oab-pede-a-temer-correcao-da-tabela-de-imposto-de-renda","status":"publish","type":"post","link":"https:\/\/cfcontabil.com\/cf\/oab-pede-a-temer-correcao-da-tabela-de-imposto-de-renda\/","title":{"rendered":"OAB pede a Temer corre\u00e7\u00e3o da tabela de imposto de renda"},"content":{"rendered":"<p style=\"text-align: justify;\">A Ordem dos Advogados do Brasil (OAB) enviou ao presidente Michel Temer of\u00edcio em que pede a corre\u00e7\u00e3o integral da tabela do Imposto de Renda da Pessoa F\u00edsica (IRPF) de acordo com a infla\u00e7\u00e3o. A entidade quer a revis\u00e3o dos valores do IR para evitar que contribuintes isentos passem a pagar o tributo, j\u00e1 que o reajuste salarial n\u00e3o acompanha a atualiza\u00e7\u00e3o da tabela.<\/p>\n<p style=\"text-align: justify;\"><img data-recalc-dims=\"1\" fetchpriority=\"high\" decoding=\"async\" class=\"aligncenter size-full\" src=\"https:\/\/i0.wp.com\/s2.glbimg.com\/N18qqXSH8-irSpA9gyCSvQD-7Fo%3D\/560x350\/e.glbimg.com\/og\/ed\/f\/original\/2016\/02\/11\/predio-da-oab.jpg?resize=560%2C350\" width=\"560\" height=\"350\" \/><\/p>\n<p>Segundo o \u00faltimo levantamento do Sindicato Nacional dos Auditores Fiscais da Receita Federal do Brasil (Sindifisco), a n\u00e3o corre\u00e7\u00e3o da tabela nos mesmos par\u00e2metros da infla\u00e7\u00e3o medida pelo \u00cdndice de Pre\u00e7os ao Consumidor Amplo (IPCA) resultou em uma defasagem m\u00e9dia acumulada de 83%, desde 1996. \u201cA inexist\u00eancia de corre\u00e7\u00e3o da referida tabela, de acordo com a infla\u00e7\u00e3o, culminou na redu\u00e7\u00e3o da faixa de imunidade\u201d, diz trecho do documento entregue ontem (24) no gabinete presidencial.<\/p>\n<p style=\"text-align: justify;\"><!--more--><br \/>\nPara o presidente da OAB, Carlos Lamachia, a revis\u00e3o do IR pode favorecer a quest\u00e3o fiscal e o desenvolvimento social no pa\u00eds. \u201c[O reajuste] traz ainda como benef\u00edcios a desonera\u00e7\u00e3o da folha de pagamento e o est\u00edmulo \u00e0 economia e ao mercado consumidor interno\u201d, argumenta.<\/p>\n<p>O of\u00edcio diz ainda que a corre\u00e7\u00e3o da tabela do imposto de renda em percentual inferior \u00e0 infla\u00e7\u00e3o fere princ\u00edpios constitucionais, o que levou a entidade a ingressar com uma A\u00e7\u00e3o Direta de Inconstitucionalidade no Supremo Tribunal Federal (STF) solicitando a corre\u00e7\u00e3o da tabela.<\/p>\n<p>Na semana passada, Temer recebeu de representantes das centrais sindicais pedido de redu\u00e7\u00e3o da defasagem na tabela do imposto de renda. Na ocasi\u00e3o, o presidente disse que debateria o assunto com o ministro da Fazenda, Henrique Meirelles.<\/p>\n<p>Fonte:\u00a0Ag\u00eancia Brasil<\/p>\n","protected":false},"excerpt":{"rendered":"<p>A Ordem dos Advogados do Brasil (OAB) enviou ao presidente Michel Temer of\u00edcio em que pede a corre\u00e7\u00e3o integral da tabela do Imposto de Renda da Pessoa F\u00edsica (IRPF) de acordo com a infla\u00e7\u00e3o. A entidade quer a revis\u00e3o dos valores do IR para evitar que contribuintes isentos passem a pagar o tributo, j\u00e1 que [&hellip;]<\/p>\n","protected":false},"author":3,"featured_media":0,"comment_status":"open","ping_status":"open","sticky":false,"template":"","format":"standard","meta":{"jetpack_post_was_ever_published":false,"_jetpack_newsletter_access":"","_jetpack_dont_email_post_to_subs":false,"_jetpack_newsletter_tier_id":0,"_jetpack_memberships_contains_paywalled_content":false,"_jetpack_memberships_contains_paid_content":false,"footnotes":"","jetpack_publicize_message":"#tabela de imposto de renda","jetpack_publicize_feature_enabled":true,"jetpack_social_post_already_shared":true,"jetpack_social_options":{"image_generator_settings":{"template":"highway","default_image_id":0,"font":"","enabled":false},"version":2}},"categories":[22],"tags":[],"class_list":["post-883","post","type-post","status-publish","format-standard","hentry","category-geral"],"jetpack_publicize_connections":[],"jetpack_featured_media_url":"","jetpack_sharing_enabled":true,"jetpack_shortlink":"https:\/\/wp.me\/p2wklX-ef","jetpack-related-posts":[{"id":2117,"url":"https:\/\/cfcontabil.com\/cf\/tabela-do-irpf-sem-correcao-aumenta-o-imposto\/","url_meta":{"origin":883,"position":0},"title":"Tabela do IRPF sem corre\u00e7\u00e3o aumenta o imposto?","author":"Ab\u00edlio Gon\u00e7alves","date":"21 de fevereiro de 2020","format":false,"excerpt":"O an\u00fancio da Receita Federal sobre o Imposto de Renda Pessoa F\u00edsica deste ano confirmou que a tabela continua sem nenhuma corre\u00e7\u00e3o, pois o \u00faltimo reajuste ocorreu no ano de 2015. https:\/\/www.youtube.com\/watch?v=M3-acy47EXQ Em quatro anos consecutivos, a tabela do Imposto de Renda das Pessoas F\u00edsicas n\u00e3o sofreu corre\u00e7\u00e3o sequer pelo\u2026","rel":"","context":"Em &quot;Departamento Fiscal&quot;","block_context":{"text":"Departamento Fiscal","link":"https:\/\/cfcontabil.com\/cf\/category\/df\/"},"img":{"alt_text":"","src":"https:\/\/i0.wp.com\/cfcontabil.com\/cf\/wp-content\/uploads\/2020\/02\/IRPF-antecipa%C3%A7%C3%A3o-restitui%C3%A7%C3%A3o-ajustado.jpeg?fit=1200%2C675&ssl=1&resize=350%2C200","width":350,"height":200,"srcset":"https:\/\/i0.wp.com\/cfcontabil.com\/cf\/wp-content\/uploads\/2020\/02\/IRPF-antecipa%C3%A7%C3%A3o-restitui%C3%A7%C3%A3o-ajustado.jpeg?fit=1200%2C675&ssl=1&resize=350%2C200 1x, https:\/\/i0.wp.com\/cfcontabil.com\/cf\/wp-content\/uploads\/2020\/02\/IRPF-antecipa%C3%A7%C3%A3o-restitui%C3%A7%C3%A3o-ajustado.jpeg?fit=1200%2C675&ssl=1&resize=525%2C300 1.5x, https:\/\/i0.wp.com\/cfcontabil.com\/cf\/wp-content\/uploads\/2020\/02\/IRPF-antecipa%C3%A7%C3%A3o-restitui%C3%A7%C3%A3o-ajustado.jpeg?fit=1200%2C675&ssl=1&resize=700%2C400 2x, https:\/\/i0.wp.com\/cfcontabil.com\/cf\/wp-content\/uploads\/2020\/02\/IRPF-antecipa%C3%A7%C3%A3o-restitui%C3%A7%C3%A3o-ajustado.jpeg?fit=1200%2C675&ssl=1&resize=1050%2C600 3x"},"classes":[]},{"id":1100,"url":"https:\/\/cfcontabil.com\/cf\/correcao-da-tabela-do-imposto-de-renda-a-partir-do-proximo-ano-ainda-nao-foi-decidida\/","url_meta":{"origin":883,"position":1},"title":"Corre\u00e7\u00e3o da tabela do Imposto de Renda a partir do pr\u00f3ximo ano ainda n\u00e3o foi decidida","author":"Ab\u00edlio Gon\u00e7alves","date":"31 de mar\u00e7o de 2017","format":false,"excerpt":"Inicialmente prevista para ser anunciada no fim deste m\u00eas, a corre\u00e7\u00e3o da tabela do Imposto de Renda a partir do pr\u00f3ximo ano ainda n\u00e3o foi decidida pela equipe econ\u00f4mica, disse nesta quinta-feira (29) o ministro da Fazenda, Henrique Meirelles. Segundo ele, o governo n\u00e3o tem mais previs\u00e3o para reajustar a\u2026","rel":"","context":"Em &quot;Departamento Fiscal&quot;","block_context":{"text":"Departamento Fiscal","link":"https:\/\/cfcontabil.com\/cf\/category\/df\/"},"img":{"alt_text":"","src":"https:\/\/i0.wp.com\/cfcontabil.com\/cf\/wp-content\/uploads\/2017\/02\/receita-federal-1-1.png?fit=702%2C325&ssl=1&resize=350%2C200","width":350,"height":200,"srcset":"https:\/\/i0.wp.com\/cfcontabil.com\/cf\/wp-content\/uploads\/2017\/02\/receita-federal-1-1.png?fit=702%2C325&ssl=1&resize=350%2C200 1x, https:\/\/i0.wp.com\/cfcontabil.com\/cf\/wp-content\/uploads\/2017\/02\/receita-federal-1-1.png?fit=702%2C325&ssl=1&resize=525%2C300 1.5x, https:\/\/i0.wp.com\/cfcontabil.com\/cf\/wp-content\/uploads\/2017\/02\/receita-federal-1-1.png?fit=702%2C325&ssl=1&resize=700%2C400 2x"},"classes":[]},{"id":802,"url":"https:\/\/cfcontabil.com\/cf\/divulgado-o-cronograma-do-irpf-2017-pela-receita-federal\/","url_meta":{"origin":883,"position":2},"title":"Divulgado o cronograma do IRPF 2017 pela Receita Federal","author":"Ab\u00edlio Gon\u00e7alves","date":"9 de janeiro de 2017","format":false,"excerpt":"\u00c9 importante saber que al\u00e9m da \u00a0Declara\u00e7\u00e3o de Ajuste Anual da Pessoa F\u00edsica, v\u00e1rios programas e aplicativos auxiliares que visam facilitar o cumprimento das obriga\u00e7\u00f5es tribut\u00e1rias por parte dos contribuintes. Fique atento as datas e n\u00e3o perca os prazos, na d\u00favida, busque um contador para ajudar: A Secretaria da Receita\u2026","rel":"","context":"Em &quot;Geral&quot;","block_context":{"text":"Geral","link":"https:\/\/cfcontabil.com\/cf\/category\/geral\/"},"img":{"alt_text":"","src":"https:\/\/i0.wp.com\/cfcontabil.com\/cf\/wp-content\/uploads\/2017\/01\/leao-imposto-renda-original1-1.jpeg?fit=620%2C349&ssl=1&resize=350%2C200","width":350,"height":200,"srcset":"https:\/\/i0.wp.com\/cfcontabil.com\/cf\/wp-content\/uploads\/2017\/01\/leao-imposto-renda-original1-1.jpeg?fit=620%2C349&ssl=1&resize=350%2C200 1x, https:\/\/i0.wp.com\/cfcontabil.com\/cf\/wp-content\/uploads\/2017\/01\/leao-imposto-renda-original1-1.jpeg?fit=620%2C349&ssl=1&resize=525%2C300 1.5x"},"classes":[]},{"id":1217,"url":"https:\/\/cfcontabil.com\/cf\/imposto-de-renda-da-pessoa-fisica-acertar-e-uma-tarefa-dificil\/","url_meta":{"origin":883,"position":3},"title":"Imposto de Renda da Pessoa F\u00edsica: acertar \u00e9 uma tarefa dif\u00edcil","author":"Ab\u00edlio Gon\u00e7alves","date":"22 de fevereiro de 2017","format":false,"excerpt":"\u201c...n\u00e3o existe nada que seja t\u00e3o satisfat\u00f3rio ao esp\u00edrito, que tanto defina nosso car\u00e1ter, quanto darmos tudo de n\u00f3s mesmos para levar adiante uma tarefa dif\u00edcil.\u201d \u2014 Barack Hussein Obama, presidente dos Estados Unidos, discurso de posse, 20\/1\/2009. Na pr\u00f3xima quinta-feira, 23, a Secretaria da Receita Federal do Brasil dever\u00e1\u2026","rel":"","context":"Em &quot;Departamento Fiscal&quot;","block_context":{"text":"Departamento Fiscal","link":"https:\/\/cfcontabil.com\/cf\/category\/df\/"},"img":{"alt_text":"","src":"https:\/\/i0.wp.com\/cfcontabil.com\/cf\/wp-content\/uploads\/2016\/04\/leao_do_imposto_de_renda-1.jpg?fit=620%2C345&ssl=1&resize=350%2C200","width":350,"height":200,"srcset":"https:\/\/i0.wp.com\/cfcontabil.com\/cf\/wp-content\/uploads\/2016\/04\/leao_do_imposto_de_renda-1.jpg?fit=620%2C345&ssl=1&resize=350%2C200 1x, https:\/\/i0.wp.com\/cfcontabil.com\/cf\/wp-content\/uploads\/2016\/04\/leao_do_imposto_de_renda-1.jpg?fit=620%2C345&ssl=1&resize=525%2C300 1.5x"},"classes":[]},{"id":1154,"url":"https:\/\/cfcontabil.com\/cf\/governo-estuda-dobrar-isencao-de-irpf-e-tributar-os-dividendos\/","url_meta":{"origin":883,"position":4},"title":"Governo estuda dobrar isen\u00e7\u00e3o de IRPF e tributar os dividendos","author":"Ab\u00edlio Gon\u00e7alves","date":"15 de maio de 2017","format":false,"excerpt":"Com proposta, governo Temer faz novo aceno \u00e0s classes mais populares Depois da libera\u00e7\u00e3o dos saques das contas inativas do FGTS, o governo prepara um novo \"pacote de bondades\" para neutralizar o impacto negativo da aprova\u00e7\u00e3o das reformas da Previd\u00eancia Social e trabalhista. A principal medida em estudo \u00e9 a\u2026","rel":"","context":"Em &quot;Departamento Fiscal&quot;","block_context":{"text":"Departamento Fiscal","link":"https:\/\/cfcontabil.com\/cf\/category\/df\/"},"img":{"alt_text":"","src":"https:\/\/i0.wp.com\/cfcontabil.com\/cf\/wp-content\/uploads\/2017\/01\/leao-imposto-renda-original1-1.jpeg?fit=620%2C349&ssl=1&resize=350%2C200","width":350,"height":200,"srcset":"https:\/\/i0.wp.com\/cfcontabil.com\/cf\/wp-content\/uploads\/2017\/01\/leao-imposto-renda-original1-1.jpeg?fit=620%2C349&ssl=1&resize=350%2C200 1x, https:\/\/i0.wp.com\/cfcontabil.com\/cf\/wp-content\/uploads\/2017\/01\/leao-imposto-renda-original1-1.jpeg?fit=620%2C349&ssl=1&resize=525%2C300 1.5x"},"classes":[]},{"id":3466,"url":"https:\/\/cfcontabil.com\/cf\/irpf-2026-isencao-de-r-5mil-nova-tabela\/","url_meta":{"origin":883,"position":5},"title":"IR 2026: Isen\u00e7\u00e3o de R$ 5mil &#8211; Nova Tabela!","author":"Ab\u00edlio Gon\u00e7alves","date":"16 de janeiro de 2026","format":false,"excerpt":"Guia Completo da CF Cont\u00e1bil 1.0 Introdu\u00e7\u00e3o: Voc\u00ea Est\u00e1 Deixando Dinheiro na Mesa?Voc\u00ea sabe se tem direito \u00e0 isen\u00e7\u00e3o total do Imposto de Renda ou se est\u00e1 pagando um imposto que poderia economizar? A resposta pode definir se voc\u00ea receber\u00e1 uma restitui\u00e7\u00e3o maior ou se deixar\u00e1 um dinheiro valioso para\u2026","rel":"","context":"Em &quot;Imposto de Renda&quot;","block_context":{"text":"Imposto de Renda","link":"https:\/\/cfcontabil.com\/cf\/category\/imposto-de-renda\/"},"img":{"alt_text":"","src":"https:\/\/i0.wp.com\/cfcontabil.com\/cf\/wp-content\/uploads\/2026\/01\/IRPF26-NOVA-TABELA-scaled.png?fit=1200%2C670&ssl=1&resize=350%2C200","width":350,"height":200,"srcset":"https:\/\/i0.wp.com\/cfcontabil.com\/cf\/wp-content\/uploads\/2026\/01\/IRPF26-NOVA-TABELA-scaled.png?fit=1200%2C670&ssl=1&resize=350%2C200 1x, https:\/\/i0.wp.com\/cfcontabil.com\/cf\/wp-content\/uploads\/2026\/01\/IRPF26-NOVA-TABELA-scaled.png?fit=1200%2C670&ssl=1&resize=525%2C300 1.5x, https:\/\/i0.wp.com\/cfcontabil.com\/cf\/wp-content\/uploads\/2026\/01\/IRPF26-NOVA-TABELA-scaled.png?fit=1200%2C670&ssl=1&resize=700%2C400 2x, https:\/\/i0.wp.com\/cfcontabil.com\/cf\/wp-content\/uploads\/2026\/01\/IRPF26-NOVA-TABELA-scaled.png?fit=1200%2C670&ssl=1&resize=1050%2C600 3x"},"classes":[]}],"jetpack_likes_enabled":true,"_links":{"self":[{"href":"https:\/\/cfcontabil.com\/cf\/wp-json\/wp\/v2\/posts\/883","targetHints":{"allow":["GET"]}}],"collection":[{"href":"https:\/\/cfcontabil.com\/cf\/wp-json\/wp\/v2\/posts"}],"about":[{"href":"https:\/\/cfcontabil.com\/cf\/wp-json\/wp\/v2\/types\/post"}],"author":[{"embeddable":true,"href":"https:\/\/cfcontabil.com\/cf\/wp-json\/wp\/v2\/users\/3"}],"replies":[{"embeddable":true,"href":"https:\/\/cfcontabil.com\/cf\/wp-json\/wp\/v2\/comments?post=883"}],"version-history":[{"count":0,"href":"https:\/\/cfcontabil.com\/cf\/wp-json\/wp\/v2\/posts\/883\/revisions"}],"wp:attachment":[{"href":"https:\/\/cfcontabil.com\/cf\/wp-json\/wp\/v2\/media?parent=883"}],"wp:term":[{"taxonomy":"category","embeddable":true,"href":"https:\/\/cfcontabil.com\/cf\/wp-json\/wp\/v2\/categories?post=883"},{"taxonomy":"post_tag","embeddable":true,"href":"https:\/\/cfcontabil.com\/cf\/wp-json\/wp\/v2\/tags?post=883"}],"curies":[{"name":"wp","href":"https:\/\/api.w.org\/{rel}","templated":true}]}}