{"id":886,"date":"2017-01-28T06:15:11","date_gmt":"2017-01-28T08:15:11","guid":{"rendered":"http:\/\/cfcontabil.com\/cf\/?p=886"},"modified":"2017-01-28T06:15:11","modified_gmt":"2017-01-28T08:15:11","slug":"receita-federal-esclarece-regra-de-contribuicao-previdenciaria-devida-por-contribuinte-individual","status":"publish","type":"post","link":"https:\/\/cfcontabil.com\/cf\/receita-federal-esclarece-regra-de-contribuicao-previdenciaria-devida-por-contribuinte-individual\/","title":{"rendered":"Receita Federal esclarece regra de contribui\u00e7\u00e3o previdenci\u00e1ria devida por contribuinte individual"},"content":{"rendered":"<p style=\"text-align: justify;\">Ato Declarat\u00f3rio Interpretativo (ADI) RFB n\u00b0 1\/2017 explica base de c\u00e1lculo da contribui\u00e7\u00e3o devida por transportador aut\u00f4nomo<\/p>\n<p style=\"text-align: justify;\"><img data-recalc-dims=\"1\" fetchpriority=\"high\" decoding=\"async\" class=\"aligncenter size-full\" src=\"https:\/\/i0.wp.com\/www.inssextrato.org\/wp-content\/uploads\/2016\/06\/inss-contribuinte-individual.gif?resize=400%2C210\" width=\"400\" height=\"210\" \/><br \/>\nFoi publicado hoje no Di\u00e1rio Oficial da Uni\u00e3o o ADI n\u00b0 1\/2017 que disp\u00f5e sobre a contribui\u00e7\u00e3o previdenci\u00e1ria devida pelo contribuinte individual que presta servi\u00e7o a empresa por interm\u00e9dio de cooperativa de trabalho.<\/p>\n<p>O ato esclarece que a base de c\u00e1lculo da contribui\u00e7\u00e3o previdenci\u00e1ria para o contribuinte individual que trabalha como transportador aut\u00f4nomo, diferentemente dos demais, n\u00e3o \u00e9 a remunera\u00e7\u00e3o recebida e sim o correspondente a 20% (vinte por cento) do valor bruto do frete, carreto, transporte de passageiros ou do servi\u00e7o prestado.<\/p>\n<p>O ADI tem efeito vinculante em rela\u00e7\u00e3o \u00e0s unidades da RFB e torna ineficaz a consulta sobre o mesmo assunto, e sem efeito a solu\u00e7\u00e3o j\u00e1 produzida.<\/p>\n<p>Fonte: www.receita.gov.br<\/p>\n","protected":false},"excerpt":{"rendered":"<p>Ato Declarat\u00f3rio Interpretativo (ADI) RFB n\u00b0 1\/2017 explica base de c\u00e1lculo da contribui\u00e7\u00e3o devida por transportador aut\u00f4nomo Foi publicado hoje no Di\u00e1rio Oficial da Uni\u00e3o o ADI n\u00b0 1\/2017 que disp\u00f5e sobre a contribui\u00e7\u00e3o previdenci\u00e1ria devida pelo contribuinte individual que presta servi\u00e7o a empresa por interm\u00e9dio de cooperativa de trabalho. O ato esclarece que a [&hellip;]<\/p>\n","protected":false},"author":3,"featured_media":0,"comment_status":"open","ping_status":"open","sticky":false,"template":"","format":"standard","meta":{"jetpack_post_was_ever_published":false,"_jetpack_newsletter_access":"","_jetpack_dont_email_post_to_subs":false,"_jetpack_newsletter_tier_id":0,"_jetpack_memberships_contains_paywalled_content":false,"_jetpack_memberships_contains_paid_content":false,"footnotes":"","jetpack_publicize_message":"#contribui\u00e7\u00e3o #previdenci\u00e1ria devida por contribuinte individual","jetpack_publicize_feature_enabled":true,"jetpack_social_post_already_shared":true,"jetpack_social_options":{"image_generator_settings":{"template":"highway","default_image_id":0,"font":"","enabled":false},"version":2}},"categories":[29],"tags":[343,289,256,234,295],"class_list":["post-886","post","type-post","status-publish","format-standard","hentry","category-dp","tag-adi","tag-contribuicao","tag-individual","tag-inss","tag-previdencia"],"jetpack_publicize_connections":[],"jetpack_featured_media_url":"","jetpack_sharing_enabled":true,"jetpack_shortlink":"https:\/\/wp.me\/p2wklX-ei","jetpack-related-posts":[{"id":1072,"url":"https:\/\/cfcontabil.com\/cf\/receita-federal-estabelece-a-obrigatoriedade-a-escrituracao-digital-de-retencoes-e-outras-informacoes-fiscais-efd-reinf\/","url_meta":{"origin":886,"position":0},"title":"Receita Federal estabelece a obrigatoriedade \u00e0 Escritura\u00e7\u00e3o Digital de Reten\u00e7\u00f5es e Outras Informa\u00e7\u00f5es Fiscais (EFD-Reinf)","author":"Ab\u00edlio Gon\u00e7alves","date":"17 de mar\u00e7o de 2017","format":false,"excerpt":"EFD-Reinf tem informa\u00e7\u00f5es prestadas na Dirf e na GFIP. Foi publicada hoje no Di\u00e1rio Ofical da Uni\u00e3o a IN RFB n\u00b0 1701 que estabelece a obrigatoriedade \u00e0 Escritura\u00e7\u00e3o Digital de Reten\u00e7\u00f5es e Outras Informa\u00e7\u00f5es Fiscais (EFD-Reinf). Com a institui\u00e7\u00e3o da EFD-Reinf, cuja obriga\u00e7\u00e3o de entrega dever\u00e1 ser cumprida a partir\u2026","rel":"","context":"Em &quot;Departamento Fiscal&quot;","block_context":{"text":"Departamento Fiscal","link":"https:\/\/cfcontabil.com\/cf\/category\/df\/"},"img":{"alt_text":"","src":"https:\/\/i0.wp.com\/cfcontabil.com\/cf\/wp-content\/uploads\/2017\/02\/receita-federal-1-1.png?fit=702%2C325&ssl=1&resize=350%2C200","width":350,"height":200,"srcset":"https:\/\/i0.wp.com\/cfcontabil.com\/cf\/wp-content\/uploads\/2017\/02\/receita-federal-1-1.png?fit=702%2C325&ssl=1&resize=350%2C200 1x, https:\/\/i0.wp.com\/cfcontabil.com\/cf\/wp-content\/uploads\/2017\/02\/receita-federal-1-1.png?fit=702%2C325&ssl=1&resize=525%2C300 1.5x, https:\/\/i0.wp.com\/cfcontabil.com\/cf\/wp-content\/uploads\/2017\/02\/receita-federal-1-1.png?fit=702%2C325&ssl=1&resize=700%2C400 2x"},"classes":[]},{"id":1215,"url":"https:\/\/cfcontabil.com\/cf\/receita-federal-vai-notificar-14-mil-empresas-suspeitas-de-sonegacao\/","url_meta":{"origin":886,"position":1},"title":"Receita Federal vai notificar 14 mil empresas suspeitas de sonega\u00e7\u00e3o","author":"Ab\u00edlio Gon\u00e7alves","date":"17 de fevereiro de 2017","format":false,"excerpt":"Contribuintes prestaram informa\u00e7\u00f5es incorretas para n\u00e3o pagar al\u00edquota de 20% da contribui\u00e7\u00e3o patronal BRAS\u00cdLIA - A Receita Federal come\u00e7ou, nesta quarta-feira, a notificar 14 mil empresas que foram inclu\u00eddas na malha fina das pessoas jur\u00eddicas por suspeita de sonega\u00e7\u00e3o. De acordo com o Fisco, essa \u00e9 a primeira etapa de\u2026","rel":"","context":"Em &quot;Departamento Fiscal&quot;","block_context":{"text":"Departamento Fiscal","link":"https:\/\/cfcontabil.com\/cf\/category\/df\/"},"img":{"alt_text":"","src":"https:\/\/i0.wp.com\/ogimg.infoglobo.com.br\/economia\/19926885-a76-0ae\/FT1086A\/420\/dinheiro5.jpg?resize=350%2C200&ssl=1","width":350,"height":200,"srcset":"https:\/\/i0.wp.com\/ogimg.infoglobo.com.br\/economia\/19926885-a76-0ae\/FT1086A\/420\/dinheiro5.jpg?resize=350%2C200&ssl=1 1x, https:\/\/i0.wp.com\/ogimg.infoglobo.com.br\/economia\/19926885-a76-0ae\/FT1086A\/420\/dinheiro5.jpg?resize=525%2C300&ssl=1 1.5x"},"classes":[]},{"id":1256,"url":"https:\/\/cfcontabil.com\/cf\/receita-federal-alerta-sobre-o-prazo-de-adesao-ao-parcelamento-de-debitos-dos-estados-do-distrito-federal-e-dos-municipios\/","url_meta":{"origin":886,"position":2},"title":"Receita Federal alerta sobre o prazo de ades\u00e3o ao parcelamento de d\u00e9bitos dos Estados, do Distrito Federal e dos Munic\u00edpios","author":"Ab\u00edlio Gon\u00e7alves","date":"24 de julho de 2017","format":false,"excerpt":"O prazo para op\u00e7\u00e3o vai at\u00e9 31 de julho de 2017 O prazo de ades\u00e3o ao parcelamento das contribui\u00e7\u00f5es previdenci\u00e1rias de responsabilidade dos estados, do Distrito Federal e dos munic\u00edpios, de que trata a Medida Provis\u00f3ria n\u00ba 778, de 16 de maio de 2017 (PREM), termina em 31 de julho\u2026","rel":"","context":"Em &quot;Departamento Fiscal&quot;","block_context":{"text":"Departamento Fiscal","link":"https:\/\/cfcontabil.com\/cf\/category\/df\/"},"img":{"alt_text":"","src":"https:\/\/i0.wp.com\/cfcontabil.com\/cf\/wp-content\/uploads\/2017\/07\/PREM-1.png?fit=506%2C310&ssl=1&resize=350%2C200","width":350,"height":200},"classes":[]},{"id":1209,"url":"https:\/\/cfcontabil.com\/cf\/dctf-dspj-inativa-alteracoes-de-regras-de-entrega-2017\/","url_meta":{"origin":886,"position":3},"title":"DCTF &#8211; DSPJ-INATIVA: Altera\u00e7\u00f5es de Regras de Entrega 2017","author":"Ab\u00edlio Gon\u00e7alves","date":"17 de janeiro de 2017","format":false,"excerpt":"A partir do ano-calend\u00e1rio de 2017, compet\u00eancia de janeiro de 2017 entregue em mar\u00e7o de 2017, todas as informa\u00e7\u00f5es relativas \u00e0 inatividade dever\u00e3o ser informadas apenas na DCTF. A Instru\u00e7\u00e3o Normativa RFB n\u00b0 1.646\/2016, publicada no DOU de 31.05.2016 altera a IN RFB n\u00b0 1.599\/2015, que disp\u00f5e sobre a Declara\u00e7\u00e3o\u2026","rel":"","context":"Em &quot;Departamento Fiscal&quot;","block_context":{"text":"Departamento Fiscal","link":"https:\/\/cfcontabil.com\/cf\/category\/df\/"},"img":{"alt_text":"","src":"https:\/\/i0.wp.com\/cfcontabil.com\/cf\/wp-content\/uploads\/2017\/01\/dspj-1.jpg?fit=825%2C367&ssl=1&resize=350%2C200","width":350,"height":200,"srcset":"https:\/\/i0.wp.com\/cfcontabil.com\/cf\/wp-content\/uploads\/2017\/01\/dspj-1.jpg?fit=825%2C367&ssl=1&resize=350%2C200 1x, https:\/\/i0.wp.com\/cfcontabil.com\/cf\/wp-content\/uploads\/2017\/01\/dspj-1.jpg?fit=825%2C367&ssl=1&resize=525%2C300 1.5x, https:\/\/i0.wp.com\/cfcontabil.com\/cf\/wp-content\/uploads\/2017\/01\/dspj-1.jpg?fit=825%2C367&ssl=1&resize=700%2C400 2x"},"classes":[]},{"id":1185,"url":"https:\/\/cfcontabil.com\/cf\/urgente-dctf-nova-versao-3-4-inativa\/","url_meta":{"origin":886,"position":4},"title":"URGENTE: DCTF: NOVA VERS\u00c3O 3.4 (INATIVA)","author":"Ab\u00edlio Gon\u00e7alves","date":"16 de junho de 2017","format":false,"excerpt":"Inativas dever\u00e3o apresentar a DCTF Com as altera\u00e7\u00f5es trazidas pela IN RFB 1.646, publicada hoje no Di\u00e1rio Oficial da Uni\u00e3o, as pessoas jur\u00eddicas inativas dever\u00e3o apresentar Declara\u00e7\u00e3o de D\u00e9bitos e Cr\u00e9ditos Tribut\u00e1rios Federais - DCTF relativa a janeiro de cada ano-calend\u00e1rio, obriga\u00e7\u00e3o que j\u00e1 era exigida para as pessoas jur\u00eddicas\u2026","rel":"","context":"Em &quot;Departamento Fiscal&quot;","block_context":{"text":"Departamento Fiscal","link":"https:\/\/cfcontabil.com\/cf\/category\/df\/"},"img":{"alt_text":"","src":"https:\/\/i0.wp.com\/cfcontabil.com\/cf\/wp-content\/uploads\/2017\/02\/dctf-1.png?fit=800%2C500&ssl=1&resize=350%2C200","width":350,"height":200,"srcset":"https:\/\/i0.wp.com\/cfcontabil.com\/cf\/wp-content\/uploads\/2017\/02\/dctf-1.png?fit=800%2C500&ssl=1&resize=350%2C200 1x, https:\/\/i0.wp.com\/cfcontabil.com\/cf\/wp-content\/uploads\/2017\/02\/dctf-1.png?fit=800%2C500&ssl=1&resize=525%2C300 1.5x, https:\/\/i0.wp.com\/cfcontabil.com\/cf\/wp-content\/uploads\/2017\/02\/dctf-1.png?fit=800%2C500&ssl=1&resize=700%2C400 2x"},"classes":[]},{"id":1377,"url":"https:\/\/cfcontabil.com\/cf\/termina-sexta-feira-o-prazo-para-prestacao-de-informacoes-relacionadas-ao-pert\/","url_meta":{"origin":886,"position":5},"title":"Termina sexta-feira o prazo para presta\u00e7\u00e3o de informa\u00e7\u00f5es relacionadas ao Pert","author":"Ab\u00edlio Gon\u00e7alves","date":"30 de agosto de 2018","format":false,"excerpt":"O n\u00e3o cumprimento dessa exig\u00eancia implica exclus\u00e3o do Pert Dia 31\/8\/2018 termina o prazo para a presta\u00e7\u00e3o das informa\u00e7\u00f5es necess\u00e1rias \u00e0 consolida\u00e7\u00e3o do Pert. Devem prestar as informa\u00e7\u00f5es os contribuintes que fizeram ades\u00e3o ao Pert na modalidade d\u00e9bitos previdenci\u00e1rios para parcelamento ou para pagamento a vista com utiliza\u00e7\u00e3o de cr\u00e9ditos\u2026","rel":"","context":"Em &quot;Geral&quot;","block_context":{"text":"Geral","link":"https:\/\/cfcontabil.com\/cf\/category\/geral\/"},"img":{"alt_text":"","src":"https:\/\/i0.wp.com\/cfcontabil.com\/cf\/wp-content\/uploads\/2018\/08\/pert-1.png?fit=735%2C250&ssl=1&resize=350%2C200","width":350,"height":200,"srcset":"https:\/\/i0.wp.com\/cfcontabil.com\/cf\/wp-content\/uploads\/2018\/08\/pert-1.png?fit=735%2C250&ssl=1&resize=350%2C200 1x, https:\/\/i0.wp.com\/cfcontabil.com\/cf\/wp-content\/uploads\/2018\/08\/pert-1.png?fit=735%2C250&ssl=1&resize=525%2C300 1.5x, https:\/\/i0.wp.com\/cfcontabil.com\/cf\/wp-content\/uploads\/2018\/08\/pert-1.png?fit=735%2C250&ssl=1&resize=700%2C400 2x"},"classes":[]}],"jetpack_likes_enabled":true,"_links":{"self":[{"href":"https:\/\/cfcontabil.com\/cf\/wp-json\/wp\/v2\/posts\/886","targetHints":{"allow":["GET"]}}],"collection":[{"href":"https:\/\/cfcontabil.com\/cf\/wp-json\/wp\/v2\/posts"}],"about":[{"href":"https:\/\/cfcontabil.com\/cf\/wp-json\/wp\/v2\/types\/post"}],"author":[{"embeddable":true,"href":"https:\/\/cfcontabil.com\/cf\/wp-json\/wp\/v2\/users\/3"}],"replies":[{"embeddable":true,"href":"https:\/\/cfcontabil.com\/cf\/wp-json\/wp\/v2\/comments?post=886"}],"version-history":[{"count":0,"href":"https:\/\/cfcontabil.com\/cf\/wp-json\/wp\/v2\/posts\/886\/revisions"}],"wp:attachment":[{"href":"https:\/\/cfcontabil.com\/cf\/wp-json\/wp\/v2\/media?parent=886"}],"wp:term":[{"taxonomy":"category","embeddable":true,"href":"https:\/\/cfcontabil.com\/cf\/wp-json\/wp\/v2\/categories?post=886"},{"taxonomy":"post_tag","embeddable":true,"href":"https:\/\/cfcontabil.com\/cf\/wp-json\/wp\/v2\/tags?post=886"}],"curies":[{"name":"wp","href":"https:\/\/api.w.org\/{rel}","templated":true}]}}