{"id":888,"date":"2017-01-30T06:15:18","date_gmt":"2017-01-30T08:15:18","guid":{"rendered":"http:\/\/cfcontabil.com\/cf\/?p=888"},"modified":"2017-01-30T06:15:18","modified_gmt":"2017-01-30T08:15:18","slug":"ministerio-do-trabalho-se-posiciona-sobre-empresas-autuadas-em-trabalho-analogo-a-escravidao","status":"publish","type":"post","link":"https:\/\/cfcontabil.com\/cf\/ministerio-do-trabalho-se-posiciona-sobre-empresas-autuadas-em-trabalho-analogo-a-escravidao\/","title":{"rendered":"Minist\u00e9rio do Trabalho se posiciona sobre empresas autuadas em trabalho an\u00e1logo \u00e0 escravid\u00e3o"},"content":{"rendered":"<p style=\"text-align: justify;\">Grupo de Trabalho tem prazo at\u00e9 29 de julho para definir diretrizes sobre o tema<\/p>\n<p style=\"text-align: justify;\"><img data-recalc-dims=\"1\" fetchpriority=\"high\" decoding=\"async\" class=\"aligncenter size-full\" src=\"https:\/\/i0.wp.com\/cdn.blogdobg.com.br\/media\/f3b36044ae962bb11fb3b8427ee3e529.jpg?resize=500%2C333\" width=\"500\" height=\"333\" \/><\/p>\n<p style=\"text-align: justify;\">O Minist\u00e9rio do Trabalho considera a divulga\u00e7\u00e3o do Cadastro de Empregadores que tenham submetido trabalhadores a condi\u00e7\u00f5es an\u00e1logas \u00e0 de escravo um dos relevantes instrumentos de combate a essa pr\u00e1tica que atenta contra o princ\u00edpio da dignidade da pessoa humana, um dos fundamentos do Estado Democr\u00e1tico de Direito brasileiro.<\/p>\n<p>Contudo, diante da longa hist\u00f3ria de judicializa\u00e7\u00e3o que envolve tal quest\u00e3o, fruto de instrumentos normativos redigidos \u00e0 toque de caixa e sem a devida profundidade t\u00e9cnica requerida por tema t\u00e3o controverso, que inclusive acarretou na proibi\u00e7\u00e3o da divulga\u00e7\u00e3o da chamada \u201cLista Suja\u201d por v\u00e1rios anos por determina\u00e7\u00e3o expressa do Supremo Tribunal Federal, o Minist\u00e9rio do Trabalho optou por temporariamente n\u00e3o divulgar o Cadastro, por considerar que a Portaria que hoje regula a forma\u00e7\u00e3o da lista, assinada \u00e0s pressas no \u00faltimo dia do governo anterior, n\u00e3o garante aos cidad\u00e3os instrumentos de efetivo exerc\u00edcio dos direitos constitucionalmente assegurados ao contradit\u00f3rio e \u00e0 ampla defesa, bases sob as quais se firma qualquer na\u00e7\u00e3o civilizada.<\/p>\n<p style=\"text-align: justify;\"><!--more--><\/p>\n<p style=\"text-align: justify;\">Nesse sentido, o Minist\u00e9rio do Trabalho (MTb) editou a portaria 1.429, de 16 de dezembro de 2016, criando um amplo Grupo de Trabalho que visa aprimorar t\u00e9cnica e juridicamente o modelo de produ\u00e7\u00e3o e divulga\u00e7\u00e3o do Cadastro, pretendendo assim dar a seguran\u00e7a jur\u00eddica necess\u00e1ria a um ato administrativo com efeitos t\u00e3o contundentes.<\/p>\n<p>Como exemplo dessa contund\u00eancia, no Estado de S\u00e3o Paulo empresas que estiverem inclusas na lista s\u00e3o obrigadas e fechar as portas, para citarmos apenas uma de suas severas e necess\u00e1rias consequ\u00eancias.<\/p>\n<p>Na forma da referida portaria foram convidados a participar do GT o Minist\u00e9rio P\u00fablico do Trabalho, a OAB, representantes do governo, dos trabalhadores e dos empregadores, respeitando o modelo de representa\u00e7\u00e3o tripartite da OIT. O GT tem prazo final de conclus\u00e3o dos trabalhos previsto para o dia 29 de julho, data na qual deve ser proposta uma nova diretriz normativa para o tema, que prime pela seguran\u00e7a jur\u00eddica \u00e0 cidadania.<\/p>\n<p>Afinal, eventuais inclus\u00f5es indevidas n\u00e3o apenas redundariam em injusti\u00e7as com graves consequ\u00eancias a cidad\u00e3os e empresas, gerando desemprego, como acarretaria nova judicializa\u00e7\u00e3o do tema, comprometendo a credibilidade do Cadastro, fator essencial para que o mesmo alcance os objetivos almejados.<\/p>\n<p>Por outro lado, o Minist\u00e9rio informa que as opera\u00e7\u00f5es de fiscaliza\u00e7\u00e3o de combate ao trabalho an\u00e1logo ao de escravo continuam sendo feitas pelos agentes da pasta, independentemente da publica\u00e7\u00e3o do cadastro, assim como demais a\u00e7\u00f5es repressivas.<\/p>\n<p>Como exemplo, ressalte-se que h\u00e1 poucos dias o ministro Ronaldo Nogueira assinou o Protocolo \u00e0 Conven\u00e7\u00e3o 29 da Organiza\u00e7\u00e3o Internacional do Trabalho (OIT), de combate ao trabalho for\u00e7ado. O documento foi enviado ao Congresso Nacional, para ratifica\u00e7\u00e3o.<\/p>\n<p>O texto elenca uma s\u00e9rie de medidas preventivas, reparat\u00f3rias ou de prote\u00e7\u00e3o para a erradica\u00e7\u00e3o do trabalho for\u00e7ado, em especial contra mulheres e crian\u00e7as. Antes mesmo da assinatura do protocolo, o Brasil j\u00e1 cumpria as normas de combate a trabalhos for\u00e7ados previstas no documento. Nos \u00faltimos 15 anos, os auditores fiscais do trabalho resgataram mais de 15 mil trabalhadores em situa\u00e7\u00e3o de trabalhos for\u00e7ados.<\/p>\n<p>Por fim, refira-se que a postura serena e cautelosa da Administra\u00e7\u00e3o P\u00fablica est\u00e1 amparada em decis\u00e3o judicial que reconsiderou a decis\u00e3o liminar que determinava a divulga\u00e7\u00e3o da lista.<\/p>\n<p>Nem sempre a postura respons\u00e1vel \u00e9 a mais f\u00e1cil de ser tomada, mas ao gestor p\u00fablico incumbe a tarefa primeira de respeitar e fazer respeitar as leis do pa\u00eds, em especial a Constitui\u00e7\u00e3o da Rep\u00fablica.<\/p>\n<p>Nenhum direito \u00e9 absoluto, e os direitos de cada cidad\u00e3o s\u00e3o limitados pelos direitos dos outros. Dessa harmonia, dessa conviv\u00eancia pac\u00edfica e plural, nasce a democracia em que vivemos.<\/p>\n<p>Fonte: www.trabalho.gov.br<\/p>\n","protected":false},"excerpt":{"rendered":"<p>Grupo de Trabalho tem prazo at\u00e9 29 de julho para definir diretrizes sobre o tema O Minist\u00e9rio do Trabalho considera a divulga\u00e7\u00e3o do Cadastro de Empregadores que tenham submetido trabalhadores a condi\u00e7\u00f5es an\u00e1logas \u00e0 de escravo um dos relevantes instrumentos de combate a essa pr\u00e1tica que atenta contra o princ\u00edpio da dignidade da pessoa humana, [&hellip;]<\/p>\n","protected":false},"author":3,"featured_media":1486,"comment_status":"open","ping_status":"open","sticky":false,"template":"","format":"standard","meta":{"jetpack_post_was_ever_published":false,"_jetpack_newsletter_access":"","_jetpack_dont_email_post_to_subs":false,"_jetpack_newsletter_tier_id":0,"_jetpack_memberships_contains_paywalled_content":false,"_jetpack_memberships_contains_paid_content":false,"footnotes":"","jetpack_publicize_message":"Minist\u00e9rio do Trabalho se posiciona sobre empresas autuadas em trabalho an\u00e1logo \u00e0 escravid\u00e3o","jetpack_publicize_feature_enabled":true,"jetpack_social_post_already_shared":true,"jetpack_social_options":{"image_generator_settings":{"template":"highway","default_image_id":0,"font":"","enabled":false},"version":2}},"categories":[29],"tags":[303,336,45],"class_list":["post-888","post","type-post","status-publish","format-standard","has-post-thumbnail","hentry","category-dp","tag-empresa","tag-ministerio","tag-trabalho"],"jetpack_publicize_connections":[],"jetpack_featured_media_url":"https:\/\/i0.wp.com\/cfcontabil.com\/cf\/wp-content\/uploads\/2016\/03\/ctps-1.jpeg?fit=635%2C423&ssl=1","jetpack_sharing_enabled":true,"jetpack_shortlink":"https:\/\/wp.me\/p2wklX-ek","jetpack-related-posts":[{"id":859,"url":"https:\/\/cfcontabil.com\/cf\/ministerio-do-trabalho-lanca-cartilha-para-esclarecer-duvidas-da-rais\/","url_meta":{"origin":888,"position":0},"title":"Minist\u00e9rio do Trabalho lan\u00e7a cartilha para esclarecer d\u00favidas da RAIS","author":"Ab\u00edlio Gon\u00e7alves","date":"26 de janeiro de 2017","format":false,"excerpt":"Publica\u00e7\u00e3o serve para esclarecer d\u00favidas sobre como fazer a declara\u00e7\u00e3o de forma correta O Minist\u00e9rio do Trabalho acaba de lan\u00e7ar a Cartilha da Rais, para esclarecer d\u00favidas sobre como fazer a declara\u00e7\u00e3o anual de forma correta. Desde o dia 17 de janeiro est\u00e1 aberto o prazo para declarar as informa\u00e7\u00f5es\u2026","rel":"","context":"Em &quot;Departamento Pessoal&quot;","block_context":{"text":"Departamento Pessoal","link":"https:\/\/cfcontabil.com\/cf\/category\/dp\/"},"img":{"alt_text":"","src":"https:\/\/i0.wp.com\/cfcontabil.com\/cf\/wp-content\/uploads\/2017\/01\/rais-1280x720-1.jpg?fit=1200%2C675&ssl=1&resize=350%2C200","width":350,"height":200,"srcset":"https:\/\/i0.wp.com\/cfcontabil.com\/cf\/wp-content\/uploads\/2017\/01\/rais-1280x720-1.jpg?fit=1200%2C675&ssl=1&resize=350%2C200 1x, https:\/\/i0.wp.com\/cfcontabil.com\/cf\/wp-content\/uploads\/2017\/01\/rais-1280x720-1.jpg?fit=1200%2C675&ssl=1&resize=525%2C300 1.5x, https:\/\/i0.wp.com\/cfcontabil.com\/cf\/wp-content\/uploads\/2017\/01\/rais-1280x720-1.jpg?fit=1200%2C675&ssl=1&resize=700%2C400 2x, https:\/\/i0.wp.com\/cfcontabil.com\/cf\/wp-content\/uploads\/2017\/01\/rais-1280x720-1.jpg?fit=1200%2C675&ssl=1&resize=1050%2C600 3x"},"classes":[]},{"id":1223,"url":"https:\/\/cfcontabil.com\/cf\/fiscalizacao-sera-reforcada-no-carnaval-contra-o-trabalho-infantil\/","url_meta":{"origin":888,"position":1},"title":"Fiscaliza\u00e7\u00e3o ser\u00e1 refor\u00e7ada no Carnaval contra o Trabalho Infantil","author":"Ab\u00edlio Gon\u00e7alves","date":"25 de fevereiro de 2017","format":false,"excerpt":"Auditores fiscais do Minist\u00e9rio do Trabalho estar\u00e3o de plant\u00e3o nas principais cidades do pa\u00eds O combate ao trabalho infantil vai ganhar refor\u00e7o no Carnaval. As equipes de fiscaliza\u00e7\u00e3o do Minist\u00e9rio do Trabalho far\u00e3o plant\u00e3o nos principais centros do pa\u00eds, sobretudo onde estiverem ocorrendo grandes eventos. O diretor do Departamento de\u2026","rel":"","context":"Em &quot;Geral&quot;","block_context":{"text":"Geral","link":"https:\/\/cfcontabil.com\/cf\/category\/geral\/"},"img":{"alt_text":"","src":"https:\/\/i0.wp.com\/cfcontabil.com\/cf\/wp-content\/uploads\/2017\/02\/carnavalcrianca-1.jpg?fit=700%2C448&ssl=1&resize=350%2C200","width":350,"height":200,"srcset":"https:\/\/i0.wp.com\/cfcontabil.com\/cf\/wp-content\/uploads\/2017\/02\/carnavalcrianca-1.jpg?fit=700%2C448&ssl=1&resize=350%2C200 1x, https:\/\/i0.wp.com\/cfcontabil.com\/cf\/wp-content\/uploads\/2017\/02\/carnavalcrianca-1.jpg?fit=700%2C448&ssl=1&resize=525%2C300 1.5x, https:\/\/i0.wp.com\/cfcontabil.com\/cf\/wp-content\/uploads\/2017\/02\/carnavalcrianca-1.jpg?fit=700%2C448&ssl=1&resize=700%2C400 2x"},"classes":[]},{"id":1084,"url":"https:\/\/cfcontabil.com\/cf\/ministro-reafirma-compromisso-com-trabalhadores-na-modernizacao-da-clt\/","url_meta":{"origin":888,"position":2},"title":"Ministro reafirma compromisso com trabalhadores na moderniza\u00e7\u00e3o da CLT","author":"Ab\u00edlio Gon\u00e7alves","date":"24 de mar\u00e7o de 2017","format":false,"excerpt":"Durante reuni\u00e3o de grupo de estudo formado com centrais sindicais, Ronaldo Nogueira garantiu que proposta do governo mant\u00e9m direitos e defendeu o fortalecimento dos sindicatos O ministro do Trabalho, Ronaldo Nogueira, assegurou aos l\u00edderes das principais centrais sindicais que a proposta de moderniza\u00e7\u00e3o da Consolida\u00e7\u00e3o das Leis Trabalhistas (CLT) n\u00e3o\u2026","rel":"","context":"Em &quot;Departamento Pessoal&quot;","block_context":{"text":"Departamento Pessoal","link":"https:\/\/cfcontabil.com\/cf\/category\/dp\/"},"img":{"alt_text":"","src":"https:\/\/i0.wp.com\/cfcontabil.com\/cf\/wp-content\/uploads\/2017\/02\/ctps-digital-1.jpg?fit=1200%2C627&ssl=1&resize=350%2C200","width":350,"height":200,"srcset":"https:\/\/i0.wp.com\/cfcontabil.com\/cf\/wp-content\/uploads\/2017\/02\/ctps-digital-1.jpg?fit=1200%2C627&ssl=1&resize=350%2C200 1x, https:\/\/i0.wp.com\/cfcontabil.com\/cf\/wp-content\/uploads\/2017\/02\/ctps-digital-1.jpg?fit=1200%2C627&ssl=1&resize=525%2C300 1.5x, https:\/\/i0.wp.com\/cfcontabil.com\/cf\/wp-content\/uploads\/2017\/02\/ctps-digital-1.jpg?fit=1200%2C627&ssl=1&resize=700%2C400 2x, https:\/\/i0.wp.com\/cfcontabil.com\/cf\/wp-content\/uploads\/2017\/02\/ctps-digital-1.jpg?fit=1200%2C627&ssl=1&resize=1050%2C600 3x"},"classes":[]},{"id":1228,"url":"https:\/\/cfcontabil.com\/cf\/quase-200-mil-empresas-devem-fgts-de-empregados-e-ex-funcionarios\/","url_meta":{"origin":888,"position":3},"title":"Quase 200 mil empresas devem FGTS de empregados e ex-funcion\u00e1rios","author":"Ab\u00edlio Gon\u00e7alves","date":"2 de mar\u00e7o de 2017","format":false,"excerpt":"Cerca de 7 milh\u00f5es de trabalhadores n\u00e3o tiveram dep\u00f3sitos do Fundo de Garantia do Tempo de Servi\u00e7o (FGTS), incluindo contas ativas e inativas, feitos corretamente pelos seus empregadores. S\u00e3o 198,7 mil empresas devedoras de dep\u00f3sitos de FGTS, segundo informa\u00e7\u00f5es da Procuradoria-Geral da Fazenda Nacional (PGFN), \u00f3rg\u00e3o vinculado ao Minist\u00e9rio da\u2026","rel":"","context":"Em &quot;Departamento Pessoal&quot;","block_context":{"text":"Departamento Pessoal","link":"https:\/\/cfcontabil.com\/cf\/category\/dp\/"},"img":{"alt_text":"","src":"https:\/\/i0.wp.com\/cfcontabil.com\/cf\/wp-content\/uploads\/2016\/03\/FGTS-1.jpg?fit=715%2C270&ssl=1&resize=350%2C200","width":350,"height":200,"srcset":"https:\/\/i0.wp.com\/cfcontabil.com\/cf\/wp-content\/uploads\/2016\/03\/FGTS-1.jpg?fit=715%2C270&ssl=1&resize=350%2C200 1x, https:\/\/i0.wp.com\/cfcontabil.com\/cf\/wp-content\/uploads\/2016\/03\/FGTS-1.jpg?fit=715%2C270&ssl=1&resize=525%2C300 1.5x, https:\/\/i0.wp.com\/cfcontabil.com\/cf\/wp-content\/uploads\/2016\/03\/FGTS-1.jpg?fit=715%2C270&ssl=1&resize=700%2C400 2x"},"classes":[]},{"id":1047,"url":"https:\/\/cfcontabil.com\/cf\/rais-2016-declaracao-garante-pagamento-de-beneficios\/","url_meta":{"origin":888,"position":4},"title":"RAIS 2016 &#8211; Declara\u00e7\u00e3o garante pagamento de benef\u00edcios","author":"Ab\u00edlio Gon\u00e7alves","date":"10 de mar\u00e7o de 2017","format":false,"excerpt":"Abono Salarial, FGTS e INSS s\u00e3o algumas das informa\u00e7\u00f5es que podem ser checadas pela RAIS. O prazo para entregar a Rela\u00e7\u00e3o Anual de Informa\u00e7\u00f5es Sociais (RAIS) de 2016 termina no pr\u00f3ximo dia 17 de mar\u00e7o.\u00a0 Os contribuintes com CNPJ ativo na Receita Federal em 2016, incluindo os Microempreendedores Individuais (MEI)\u2026","rel":"","context":"Em &quot;Departamento Pessoal&quot;","block_context":{"text":"Departamento Pessoal","link":"https:\/\/cfcontabil.com\/cf\/category\/dp\/"},"img":{"alt_text":"","src":"https:\/\/i0.wp.com\/cfcontabil.com\/cf\/wp-content\/uploads\/2017\/01\/rais-1280x720-1.jpg?fit=1200%2C675&ssl=1&resize=350%2C200","width":350,"height":200,"srcset":"https:\/\/i0.wp.com\/cfcontabil.com\/cf\/wp-content\/uploads\/2017\/01\/rais-1280x720-1.jpg?fit=1200%2C675&ssl=1&resize=350%2C200 1x, https:\/\/i0.wp.com\/cfcontabil.com\/cf\/wp-content\/uploads\/2017\/01\/rais-1280x720-1.jpg?fit=1200%2C675&ssl=1&resize=525%2C300 1.5x, https:\/\/i0.wp.com\/cfcontabil.com\/cf\/wp-content\/uploads\/2017\/01\/rais-1280x720-1.jpg?fit=1200%2C675&ssl=1&resize=700%2C400 2x, https:\/\/i0.wp.com\/cfcontabil.com\/cf\/wp-content\/uploads\/2017\/01\/rais-1280x720-1.jpg?fit=1200%2C675&ssl=1&resize=1050%2C600 3x"},"classes":[]},{"id":856,"url":"https:\/\/cfcontabil.com\/cf\/tire-suas-duvidas-sobre-o-reajuste-do-seguro-desemprego\/","url_meta":{"origin":888,"position":5},"title":"Tire suas d\u00favidas sobre o reajuste do seguro-desemprego","author":"Ab\u00edlio Gon\u00e7alves","date":"25 de janeiro de 2017","format":false,"excerpt":"Benef\u00edcio do seguro-desemprego come\u00e7ou a ser pago com reajuste a partir de\u00a0ter\u00e7a-feira (17) O Minist\u00e9rio do Trabalho liberou o lote de pagamento do Seguro-Desemprego com o reajuste das parcelas. Os novos valores levam em conta o sal\u00e1rio m\u00ednimo a partir de 1\u00b0 de janeiro de 2017 e a varia\u00e7\u00e3o do\u2026","rel":"","context":"Em &quot;Departamento Pessoal&quot;","block_context":{"text":"Departamento Pessoal","link":"https:\/\/cfcontabil.com\/cf\/category\/dp\/"},"img":{"alt_text":"","src":"https:\/\/i0.wp.com\/cfcontabil.com\/cf\/wp-content\/uploads\/2017\/01\/CTPStrabalho-1.jpg?fit=1200%2C781&ssl=1&resize=350%2C200","width":350,"height":200,"srcset":"https:\/\/i0.wp.com\/cfcontabil.com\/cf\/wp-content\/uploads\/2017\/01\/CTPStrabalho-1.jpg?fit=1200%2C781&ssl=1&resize=350%2C200 1x, https:\/\/i0.wp.com\/cfcontabil.com\/cf\/wp-content\/uploads\/2017\/01\/CTPStrabalho-1.jpg?fit=1200%2C781&ssl=1&resize=525%2C300 1.5x, https:\/\/i0.wp.com\/cfcontabil.com\/cf\/wp-content\/uploads\/2017\/01\/CTPStrabalho-1.jpg?fit=1200%2C781&ssl=1&resize=700%2C400 2x, https:\/\/i0.wp.com\/cfcontabil.com\/cf\/wp-content\/uploads\/2017\/01\/CTPStrabalho-1.jpg?fit=1200%2C781&ssl=1&resize=1050%2C600 3x"},"classes":[]}],"jetpack_likes_enabled":true,"_links":{"self":[{"href":"https:\/\/cfcontabil.com\/cf\/wp-json\/wp\/v2\/posts\/888","targetHints":{"allow":["GET"]}}],"collection":[{"href":"https:\/\/cfcontabil.com\/cf\/wp-json\/wp\/v2\/posts"}],"about":[{"href":"https:\/\/cfcontabil.com\/cf\/wp-json\/wp\/v2\/types\/post"}],"author":[{"embeddable":true,"href":"https:\/\/cfcontabil.com\/cf\/wp-json\/wp\/v2\/users\/3"}],"replies":[{"embeddable":true,"href":"https:\/\/cfcontabil.com\/cf\/wp-json\/wp\/v2\/comments?post=888"}],"version-history":[{"count":0,"href":"https:\/\/cfcontabil.com\/cf\/wp-json\/wp\/v2\/posts\/888\/revisions"}],"wp:featuredmedia":[{"embeddable":true,"href":"https:\/\/cfcontabil.com\/cf\/wp-json\/wp\/v2\/media\/1486"}],"wp:attachment":[{"href":"https:\/\/cfcontabil.com\/cf\/wp-json\/wp\/v2\/media?parent=888"}],"wp:term":[{"taxonomy":"category","embeddable":true,"href":"https:\/\/cfcontabil.com\/cf\/wp-json\/wp\/v2\/categories?post=888"},{"taxonomy":"post_tag","embeddable":true,"href":"https:\/\/cfcontabil.com\/cf\/wp-json\/wp\/v2\/tags?post=888"}],"curies":[{"name":"wp","href":"https:\/\/api.w.org\/{rel}","templated":true}]}}